{"id":37773,"date":"2023-01-08T18:06:32","date_gmt":"2023-01-08T18:06:32","guid":{"rendered":"https:\/\/www.africa-press.net\/senegal\/politique\/40-personnes-perdent-la-vie-dans-un-accident-de-la-route"},"modified":"2023-01-08T18:59:53","modified_gmt":"2023-01-08T18:59:53","slug":"40-personnes-perdent-la-vie-dans-un-accident-de-la-route","status":"publish","type":"post","link":"https:\/\/www.africa-press.net\/senegal\/toutes-les-actualites\/40-personnes-perdent-la-vie-dans-un-accident-de-la-route","title":{"rendered":"40 personnes perdent la vie dans un accident de la route"},"content":{"rendered":"<p><span style=\"color: #ff6600\"><strong>Africa-Press &#8211; Senegal. <\/strong><\/span>Un accident de la route impliquant deux bus de transport en commun a cause\u0301, dans la nuit du samedi au dimanche, a\u0300 Kaffrine (centre), la mort de 40 personnes, a annonce\u0301 le pre\u0301sident Macky Sall.<\/p>\n<p>\u00ab\u00a0Suite au grave accident de ce jour a\u0300 Gniby ayant cause\u0301 40 morts, j\u2019ai de\u0301cide\u0301 d\u2019un deuil national de trois jours a\u0300 compter du 9 janvier\u00a0\u00bb, a e\u0301crit le chef de l&rsquo;Etat sur son compte twitter.<\/p>\n<p>\u00ab\u00a0Un conseil interministe\u0301riel se tiendra a\u0300 la me\u0302me date pour la prise de mesures fermes sur la se\u0301curite\u0301 routie\u0300re et le transport public des voyageurs\u00a0\u00bb, a aussi annonce\u0301 Sall.<\/p>\n<p>Revenant sur la cause de l&rsquo;accident, Cheikh Dieng, procureur de la re\u0301gion ( Kaolack) a fait e\u0301tat d&rsquo;un bus affecte\u0301 au transport public de voyageurs qui, a\u0300 la suite de l&rsquo;e\u0301clatement d&rsquo;un pneu, a de\u0301rape\u0301 de sa trajectoire avant de heurter frontalement un autre bus venant en sens inverse<\/p>\n<p>\u00ab\u00a0Le tragique choc a occasionne\u0301 un bilan provisoire de 38 morts et 78 blesse\u0301s \u00ab\u00a0, relevait-il.<\/p>\n<p><strong>Pour plus d&rsquo;informations et d&rsquo;analyses sur la <a href=\"https:\/\/www.africa-press.net\/senegal\">Senegal<\/a>, suivez <a href=\"https:\/\/www.africa-press.net\/\">Africa-Press<\/a><\/strong><\/p>\n","protected":false},"excerpt":{"rendered":"<p>Africa-Press &#8211; Senegal. Un accident de la route impliquant deux bus de transport en commun a cause\u0301, dans la nuit du samedi au dimanche, a\u0300 Kaffrine (centre), la mort de 40 personnes, a annonce\u0301 le pre\u0301sident Macky Sall. \u00ab\u00a0Suite au grave accident de ce jour a\u0300 Gniby ayant cause\u0301 40 morts, j\u2019ai de\u0301cide\u0301 d\u2019un deuil [&hellip;]<\/p>\n","protected":false},"author":82,"featured_media":37772,"comment_status":"open","ping_status":"closed","sticky":false,"template":"","format":"standard","meta":{"footnotes":""},"categories":[21,49,20,10],"tags":[43,47,44],"class_list":["post-37773","post","type-post","status-publish","format-standard","has-post-thumbnail","hentry","category-communaute","category-to-homepage","category-top-nouvelles","category-toutes-les-actualites","tag-africa-press-2","tag-africa-press-senegal","tag-senegal-2"],"yoast_head":"<!-- This site is optimized with the Yoast SEO Premium plugin v26.1 (Yoast SEO v27.0) - https:\/\/yoast.com\/product\/yoast-seo-premium-wordpress\/ -->\n<title>40 personnes perdent la vie dans un accident de la route - Senegal<\/title>\n<meta name=\"description\" content=\"Un accident de la route impliquant deux bus de transport en commun a cause\u0301, dans la nuit du samedi au dimanche, a\u0300 Kaff ...\" \/>\n<meta name=\"robots\" content=\"index, follow, max-snippet:-1, max-image-preview:large, max-video-preview:-1\" \/>\n<link rel=\"canonical\" href=\"https:\/\/www.africa-press.net\/senegal\/toutes-les-actualites\/40-personnes-perdent-la-vie-dans-un-accident-de-la-route\" \/>\n<meta property=\"og:locale\" content=\"fr_FR\" \/>\n<meta property=\"og:type\" content=\"article\" \/>\n<meta property=\"og:title\" content=\"40 personnes perdent la vie dans un accident de la route\" \/>\n<meta property=\"og:description\" content=\"Un accident de la route impliquant deux bus de transport en commun a cause\u0301, dans la nuit du samedi au dimanche, a\u0300 Kaff ...\" \/>\n<meta property=\"og:url\" content=\"https:\/\/www.africa-press.net\/senegal\/toutes-les-actualites\/40-personnes-perdent-la-vie-dans-un-accident-de-la-route\" \/>\n<meta property=\"og:site_name\" content=\"Senegal\" \/>\n<meta property=\"article:published_time\" content=\"2023-01-08T18:06:32+00:00\" \/>\n<meta property=\"article:modified_time\" content=\"2023-01-08T18:59:53+00:00\" \/>\n<meta property=\"og:image\" content=\"https:\/\/static.africa-press.net\/senegal\/sites\/13\/2023\/01\/postQueueImg_1673189535.65.jpg\" \/>\n\t<meta property=\"og:image:width\" content=\"863\" \/>\n\t<meta property=\"og:image:height\" content=\"486\" \/>\n\t<meta property=\"og:image:type\" content=\"image\/jpeg\" \/>\n<meta name=\"author\" content=\"cfeditorfr\" \/>\n<meta name=\"twitter:card\" content=\"summary_large_image\" \/>\n<meta name=\"twitter:label1\" content=\"\u00c9crit par\" \/>\n\t<meta name=\"twitter:data1\" content=\"cfeditorfr\" \/>\n\t<meta name=\"twitter:label2\" content=\"Dur\u00e9e de lecture estim\u00e9e\" \/>\n\t<meta name=\"twitter:data2\" content=\"1 minute\" \/>\n<script type=\"application\/ld+json\" class=\"yoast-schema-graph\">{\"@context\":\"https:\/\/schema.org\",\"@graph\":[{\"@type\":\"Article\",\"@id\":\"https:\/\/www.africa-press.net\/senegal\/toutes-les-actualites\/40-personnes-perdent-la-vie-dans-un-accident-de-la-route#article\",\"isPartOf\":{\"@id\":\"https:\/\/www.africa-press.net\/senegal\/toutes-les-actualites\/40-personnes-perdent-la-vie-dans-un-accident-de-la-route\"},\"author\":{\"name\":\"cfeditorfr\",\"@id\":\"https:\/\/www.africa-press.net\/senegal\/#\/schema\/person\/2b1cf3cd81a31e3cd26889ca66d677f1\"},\"headline\":\"40 personnes perdent la vie dans un accident de la route\",\"datePublished\":\"2023-01-08T18:06:32+00:00\",\"dateModified\":\"2023-01-08T18:59:53+00:00\",\"mainEntityOfPage\":{\"@id\":\"https:\/\/www.africa-press.net\/senegal\/toutes-les-actualites\/40-personnes-perdent-la-vie-dans-un-accident-de-la-route\"},\"wordCount\":202,\"commentCount\":0,\"image\":{\"@id\":\"https:\/\/www.africa-press.net\/senegal\/toutes-les-actualites\/40-personnes-perdent-la-vie-dans-un-accident-de-la-route#primaryimage\"},\"thumbnailUrl\":\"https:\/\/static.africa-press.net\/senegal\/sites\/13\/2023\/01\/postQueueImg_1673189535.65.jpg\",\"keywords\":[\"Africa Press\",\"Africa Press-Senegal\",\"Senegal\"],\"articleSection\":[\"Communaut\u00e9\",\"to-homepage\",\"Top Nouvelles\",\"Toutes les actualit\u00e9s\"],\"inLanguage\":\"fr-FR\",\"potentialAction\":[{\"@type\":\"CommentAction\",\"name\":\"Comment\",\"target\":[\"https:\/\/www.africa-press.net\/senegal\/toutes-les-actualites\/40-personnes-perdent-la-vie-dans-un-accident-de-la-route#respond\"]}]},{\"@type\":\"WebPage\",\"@id\":\"https:\/\/www.africa-press.net\/senegal\/toutes-les-actualites\/40-personnes-perdent-la-vie-dans-un-accident-de-la-route\",\"url\":\"https:\/\/www.africa-press.net\/senegal\/toutes-les-actualites\/40-personnes-perdent-la-vie-dans-un-accident-de-la-route\",\"name\":\"40 personnes perdent la vie dans un accident de la route - Senegal\",\"isPartOf\":{\"@id\":\"https:\/\/www.africa-press.net\/senegal\/#website\"},\"primaryImageOfPage\":{\"@id\":\"https:\/\/www.africa-press.net\/senegal\/toutes-les-actualites\/40-personnes-perdent-la-vie-dans-un-accident-de-la-route#primaryimage\"},\"image\":{\"@id\":\"https:\/\/www.africa-press.net\/senegal\/toutes-les-actualites\/40-personnes-perdent-la-vie-dans-un-accident-de-la-route#primaryimage\"},\"thumbnailUrl\":\"https:\/\/static.africa-press.net\/senegal\/sites\/13\/2023\/01\/postQueueImg_1673189535.65.jpg\",\"datePublished\":\"2023-01-08T18:06:32+00:00\",\"dateModified\":\"2023-01-08T18:59:53+00:00\",\"author\":{\"@id\":\"https:\/\/www.africa-press.net\/senegal\/#\/schema\/person\/2b1cf3cd81a31e3cd26889ca66d677f1\"},\"description\":\"Un accident de la route impliquant deux bus de transport en commun a cause\u0301, dans la nuit du samedi au dimanche, a\u0300 Kaff ...\",\"breadcrumb\":{\"@id\":\"https:\/\/www.africa-press.net\/senegal\/toutes-les-actualites\/40-personnes-perdent-la-vie-dans-un-accident-de-la-route#breadcrumb\"},\"inLanguage\":\"fr-FR\",\"potentialAction\":[{\"@type\":\"ReadAction\",\"target\":[\"https:\/\/www.africa-press.net\/senegal\/toutes-les-actualites\/40-personnes-perdent-la-vie-dans-un-accident-de-la-route\"]}]},{\"@type\":\"ImageObject\",\"inLanguage\":\"fr-FR\",\"@id\":\"https:\/\/www.africa-press.net\/senegal\/toutes-les-actualites\/40-personnes-perdent-la-vie-dans-un-accident-de-la-route#primaryimage\",\"url\":\"https:\/\/static.africa-press.net\/senegal\/sites\/13\/2023\/01\/postQueueImg_1673189535.65.jpg\",\"contentUrl\":\"https:\/\/static.africa-press.net\/senegal\/sites\/13\/2023\/01\/postQueueImg_1673189535.65.jpg\",\"width\":863,\"height\":486,\"caption\":\"40 personnes perdent la vie dans un accident de la route\"},{\"@type\":\"BreadcrumbList\",\"@id\":\"https:\/\/www.africa-press.net\/senegal\/toutes-les-actualites\/40-personnes-perdent-la-vie-dans-un-accident-de-la-route#breadcrumb\",\"itemListElement\":[{\"@type\":\"ListItem\",\"position\":1,\"name\":\"Accueil\",\"item\":\"https:\/\/www.africa-press.net\/senegal\/\"},{\"@type\":\"ListItem\",\"position\":2,\"name\":\"40 personnes perdent la vie dans un accident de la route\"}]},{\"@type\":\"WebSite\",\"@id\":\"https:\/\/www.africa-press.net\/senegal\/#website\",\"url\":\"https:\/\/www.africa-press.net\/senegal\/\",\"name\":\"Africa Press | Senegal | Homepage\",\"description\":\"Just another Africa News Agency Sites site\",\"potentialAction\":[{\"@type\":\"SearchAction\",\"target\":{\"@type\":\"EntryPoint\",\"urlTemplate\":\"https:\/\/www.africa-press.net\/senegal\/?s={search_term_string}\"},\"query-input\":{\"@type\":\"PropertyValueSpecification\",\"valueRequired\":true,\"valueName\":\"search_term_string\"}}],\"inLanguage\":\"fr-FR\"},{\"@type\":\"Person\",\"@id\":\"https:\/\/www.africa-press.net\/senegal\/#\/schema\/person\/2b1cf3cd81a31e3cd26889ca66d677f1\",\"name\":\"cfeditorfr\",\"url\":\"https:\/\/www.africa-press.net\/senegal\/author\/cfeditorfr\"}]}<\/script>\n<!-- \/ Yoast SEO Premium plugin. -->","yoast_head_json":{"title":"40 personnes perdent la vie dans un accident de la route - Senegal","description":"Un accident de la route impliquant deux bus de transport en commun a cause\u0301, dans la nuit du samedi au dimanche, a\u0300 Kaff ...","robots":{"index":"index","follow":"follow","max-snippet":"max-snippet:-1","max-image-preview":"max-image-preview:large","max-video-preview":"max-video-preview:-1"},"canonical":"https:\/\/www.africa-press.net\/senegal\/toutes-les-actualites\/40-personnes-perdent-la-vie-dans-un-accident-de-la-route","og_locale":"fr_FR","og_type":"article","og_title":"40 personnes perdent la vie dans un accident de la route","og_description":"Un accident de la route impliquant deux bus de transport en commun a cause\u0301, dans la nuit du samedi au dimanche, a\u0300 Kaff ...","og_url":"https:\/\/www.africa-press.net\/senegal\/toutes-les-actualites\/40-personnes-perdent-la-vie-dans-un-accident-de-la-route","og_site_name":"Senegal","article_published_time":"2023-01-08T18:06:32+00:00","article_modified_time":"2023-01-08T18:59:53+00:00","og_image":[{"width":863,"height":486,"url":"https:\/\/static.africa-press.net\/senegal\/sites\/13\/2023\/01\/postQueueImg_1673189535.65.jpg","type":"image\/jpeg"}],"author":"cfeditorfr","twitter_card":"summary_large_image","twitter_misc":{"\u00c9crit par":"cfeditorfr","Dur\u00e9e de lecture estim\u00e9e":"1 minute"},"schema":{"@context":"https:\/\/schema.org","@graph":[{"@type":"Article","@id":"https:\/\/www.africa-press.net\/senegal\/toutes-les-actualites\/40-personnes-perdent-la-vie-dans-un-accident-de-la-route#article","isPartOf":{"@id":"https:\/\/www.africa-press.net\/senegal\/toutes-les-actualites\/40-personnes-perdent-la-vie-dans-un-accident-de-la-route"},"author":{"name":"cfeditorfr","@id":"https:\/\/www.africa-press.net\/senegal\/#\/schema\/person\/2b1cf3cd81a31e3cd26889ca66d677f1"},"headline":"40 personnes perdent la vie dans un accident de la route","datePublished":"2023-01-08T18:06:32+00:00","dateModified":"2023-01-08T18:59:53+00:00","mainEntityOfPage":{"@id":"https:\/\/www.africa-press.net\/senegal\/toutes-les-actualites\/40-personnes-perdent-la-vie-dans-un-accident-de-la-route"},"wordCount":202,"commentCount":0,"image":{"@id":"https:\/\/www.africa-press.net\/senegal\/toutes-les-actualites\/40-personnes-perdent-la-vie-dans-un-accident-de-la-route#primaryimage"},"thumbnailUrl":"https:\/\/static.africa-press.net\/senegal\/sites\/13\/2023\/01\/postQueueImg_1673189535.65.jpg","keywords":["Africa Press","Africa Press-Senegal","Senegal"],"articleSection":["Communaut\u00e9","to-homepage","Top Nouvelles","Toutes les actualit\u00e9s"],"inLanguage":"fr-FR","potentialAction":[{"@type":"CommentAction","name":"Comment","target":["https:\/\/www.africa-press.net\/senegal\/toutes-les-actualites\/40-personnes-perdent-la-vie-dans-un-accident-de-la-route#respond"]}]},{"@type":"WebPage","@id":"https:\/\/www.africa-press.net\/senegal\/toutes-les-actualites\/40-personnes-perdent-la-vie-dans-un-accident-de-la-route","url":"https:\/\/www.africa-press.net\/senegal\/toutes-les-actualites\/40-personnes-perdent-la-vie-dans-un-accident-de-la-route","name":"40 personnes perdent la vie dans un accident de la route - Senegal","isPartOf":{"@id":"https:\/\/www.africa-press.net\/senegal\/#website"},"primaryImageOfPage":{"@id":"https:\/\/www.africa-press.net\/senegal\/toutes-les-actualites\/40-personnes-perdent-la-vie-dans-un-accident-de-la-route#primaryimage"},"image":{"@id":"https:\/\/www.africa-press.net\/senegal\/toutes-les-actualites\/40-personnes-perdent-la-vie-dans-un-accident-de-la-route#primaryimage"},"thumbnailUrl":"https:\/\/static.africa-press.net\/senegal\/sites\/13\/2023\/01\/postQueueImg_1673189535.65.jpg","datePublished":"2023-01-08T18:06:32+00:00","dateModified":"2023-01-08T18:59:53+00:00","author":{"@id":"https:\/\/www.africa-press.net\/senegal\/#\/schema\/person\/2b1cf3cd81a31e3cd26889ca66d677f1"},"description":"Un accident de la route impliquant deux bus de transport en commun a cause\u0301, dans la nuit du samedi au dimanche, a\u0300 Kaff ...","breadcrumb":{"@id":"https:\/\/www.africa-press.net\/senegal\/toutes-les-actualites\/40-personnes-perdent-la-vie-dans-un-accident-de-la-route#breadcrumb"},"inLanguage":"fr-FR","potentialAction":[{"@type":"ReadAction","target":["https:\/\/www.africa-press.net\/senegal\/toutes-les-actualites\/40-personnes-perdent-la-vie-dans-un-accident-de-la-route"]}]},{"@type":"ImageObject","inLanguage":"fr-FR","@id":"https:\/\/www.africa-press.net\/senegal\/toutes-les-actualites\/40-personnes-perdent-la-vie-dans-un-accident-de-la-route#primaryimage","url":"https:\/\/static.africa-press.net\/senegal\/sites\/13\/2023\/01\/postQueueImg_1673189535.65.jpg","contentUrl":"https:\/\/static.africa-press.net\/senegal\/sites\/13\/2023\/01\/postQueueImg_1673189535.65.jpg","width":863,"height":486,"caption":"40 personnes perdent la vie dans un accident de la route"},{"@type":"BreadcrumbList","@id":"https:\/\/www.africa-press.net\/senegal\/toutes-les-actualites\/40-personnes-perdent-la-vie-dans-un-accident-de-la-route#breadcrumb","itemListElement":[{"@type":"ListItem","position":1,"name":"Accueil","item":"https:\/\/www.africa-press.net\/senegal\/"},{"@type":"ListItem","position":2,"name":"40 personnes perdent la vie dans un accident de la route"}]},{"@type":"WebSite","@id":"https:\/\/www.africa-press.net\/senegal\/#website","url":"https:\/\/www.africa-press.net\/senegal\/","name":"Africa Press | Senegal | Homepage","description":"Just another Africa News Agency Sites site","potentialAction":[{"@type":"SearchAction","target":{"@type":"EntryPoint","urlTemplate":"https:\/\/www.africa-press.net\/senegal\/?s={search_term_string}"},"query-input":{"@type":"PropertyValueSpecification","valueRequired":true,"valueName":"search_term_string"}}],"inLanguage":"fr-FR"},{"@type":"Person","@id":"https:\/\/www.africa-press.net\/senegal\/#\/schema\/person\/2b1cf3cd81a31e3cd26889ca66d677f1","name":"cfeditorfr","url":"https:\/\/www.africa-press.net\/senegal\/author\/cfeditorfr"}]}},"_links":{"self":[{"href":"https:\/\/www.africa-press.net\/senegal\/wp-json\/wp\/v2\/posts\/37773","targetHints":{"allow":["GET"]}}],"collection":[{"href":"https:\/\/www.africa-press.net\/senegal\/wp-json\/wp\/v2\/posts"}],"about":[{"href":"https:\/\/www.africa-press.net\/senegal\/wp-json\/wp\/v2\/types\/post"}],"author":[{"embeddable":true,"href":"https:\/\/www.africa-press.net\/senegal\/wp-json\/wp\/v2\/users\/82"}],"replies":[{"embeddable":true,"href":"https:\/\/www.africa-press.net\/senegal\/wp-json\/wp\/v2\/comments?post=37773"}],"version-history":[{"count":0,"href":"https:\/\/www.africa-press.net\/senegal\/wp-json\/wp\/v2\/posts\/37773\/revisions"}],"wp:featuredmedia":[{"embeddable":true,"href":"https:\/\/www.africa-press.net\/senegal\/wp-json\/wp\/v2\/media\/37772"}],"wp:attachment":[{"href":"https:\/\/www.africa-press.net\/senegal\/wp-json\/wp\/v2\/media?parent=37773"}],"wp:term":[{"taxonomy":"category","embeddable":true,"href":"https:\/\/www.africa-press.net\/senegal\/wp-json\/wp\/v2\/categories?post=37773"},{"taxonomy":"post_tag","embeddable":true,"href":"https:\/\/www.africa-press.net\/senegal\/wp-json\/wp\/v2\/tags?post=37773"}],"curies":[{"name":"wp","href":"https:\/\/api.w.org\/{rel}","templated":true}]}}