{"id":37779,"date":"2023-01-08T18:14:23","date_gmt":"2023-01-08T18:14:23","guid":{"rendered":"https:\/\/www.africa-press.net\/senegal\/politique\/accident-de-kaffrine-lapr-encourage-letat-a-intensifier-la-prise-en-charge-rapide-des-questions-liees-a-la-securite-routiere"},"modified":"2023-01-08T19:02:11","modified_gmt":"2023-01-08T19:02:11","slug":"accident-de-kaffrine-lapr-encourage-letat-a-intensifier-la-prise-en-charge-rapide-des-questions-liees-a-la-securite-routiere","status":"publish","type":"post","link":"https:\/\/www.africa-press.net\/senegal\/politique\/accident-de-kaffrine-lapr-encourage-letat-a-intensifier-la-prise-en-charge-rapide-des-questions-liees-a-la-securite-routiere","title":{"rendered":"Accident de Kaffrine : L&rsquo;APR encourage l&rsquo;\u00c9tat \u00e0 intensifier la prise en charge rapide des questions li\u00e9es \u00e0 la s\u00e9curit\u00e9 routi\u00e8re"},"content":{"rendered":"<p><span style=\"color: #ff6600\"><strong>Africa-Press &#8211; Senegal. <\/strong><\/span>L&rsquo;Alliance pour la Re\u0301publique (APR, pouvoir) suspend toutes ses activite\u0301s politiques au Se\u0301ne\u0301gal et dans la diaspora, pendant la dure\u0301e du deuil national (3 jours), suite au terrible accident survenu sur la route de Kaffrine.<\/p>\n<p>Dans un communique\u0301 signe\u0301 par le porte-parole national adjoint Abdou Mbow, l&rsquo;APR \u00ab\u00a0encourage le gouvernement a\u0300 intensifier la prise en charge rapide des questions lie\u0301es a\u0300 la se\u0301curite\u0301 routie\u0300re et a\u0300 mettre en \u0153uvre avec ce\u0301le\u0301rite\u0301 les me\u0301canismes de solidarite\u0301 requis pour atte\u0301nuer la douleur des familles des victimes\u00a0\u00bb.<\/p>\n<p>En outre, le parti pre\u0301sidentiel rappelle aux acteurs politiques, a\u0300 la socie\u0301te\u0301 civile, a\u0300 la presse nationale et internationale et au corps social tout entier que \u00ab\u00a0ces moments doivent constituer, dans un e\u0301lan collectif national, un temps de recueillement, d&rsquo;introspection et de concorde autour de l&rsquo;essentiel\u00a0\u00bb.<\/p>\n<p><strong>Pour plus d&rsquo;informations et d&rsquo;analyses sur la <a href=\"https:\/\/www.africa-press.net\/senegal\">Senegal<\/a>, suivez <a href=\"https:\/\/www.africa-press.net\/\">Africa-Press<\/a><\/strong><\/p>\n","protected":false},"excerpt":{"rendered":"<p>Africa-Press &#8211; Senegal. L&rsquo;Alliance pour la Re\u0301publique (APR, pouvoir) suspend toutes ses activite\u0301s politiques au Se\u0301ne\u0301gal et dans la diaspora, pendant la dure\u0301e du deuil national (3 jours), suite au terrible accident survenu sur la route de Kaffrine. Dans un communique\u0301 signe\u0301 par le porte-parole national adjoint Abdou Mbow, l&rsquo;APR \u00ab\u00a0encourage le gouvernement a\u0300 intensifier [&hellip;]<\/p>\n","protected":false},"author":82,"featured_media":37778,"comment_status":"open","ping_status":"closed","sticky":false,"template":"","format":"standard","meta":{"footnotes":""},"categories":[2,10],"tags":[43,47,44],"class_list":["post-37779","post","type-post","status-publish","format-standard","has-post-thumbnail","hentry","category-politique","category-toutes-les-actualites","tag-africa-press-2","tag-africa-press-senegal","tag-senegal-2"],"yoast_head":"<!-- This site is optimized with the Yoast SEO Premium plugin v26.1 (Yoast SEO v27.0) - https:\/\/yoast.com\/product\/yoast-seo-premium-wordpress\/ -->\n<title>Accident de Kaffrine : L&#039;APR encourage l&#039;\u00c9tat \u00e0 intensifier la prise en charge rapide des questions li\u00e9es \u00e0 la s\u00e9curit\u00e9 routi\u00e8re - Senegal<\/title>\n<meta name=\"description\" content=\"L&#039;Alliance pour la Re\u0301publique (APR, pouvoir) suspend toutes ses activite\u0301s politiques au Se\u0301ne\u0301gal et dans la diaspora, ...\" \/>\n<meta name=\"robots\" content=\"index, follow, max-snippet:-1, max-image-preview:large, max-video-preview:-1\" \/>\n<link rel=\"canonical\" href=\"https:\/\/www.africa-press.net\/senegal\/politique\/accident-de-kaffrine-lapr-encourage-letat-a-intensifier-la-prise-en-charge-rapide-des-questions-liees-a-la-securite-routiere\" \/>\n<meta property=\"og:locale\" content=\"fr_FR\" \/>\n<meta property=\"og:type\" content=\"article\" \/>\n<meta property=\"og:title\" content=\"Accident de Kaffrine : L&#039;APR encourage l&#039;\u00c9tat \u00e0 intensifier la prise en charge rapide des questions li\u00e9es \u00e0 la s\u00e9curit\u00e9 routi\u00e8re\" \/>\n<meta property=\"og:description\" content=\"L&#039;Alliance pour la Re\u0301publique (APR, pouvoir) suspend toutes ses activite\u0301s politiques au Se\u0301ne\u0301gal et dans la diaspora, ...\" \/>\n<meta property=\"og:url\" content=\"https:\/\/www.africa-press.net\/senegal\/politique\/accident-de-kaffrine-lapr-encourage-letat-a-intensifier-la-prise-en-charge-rapide-des-questions-liees-a-la-securite-routiere\" \/>\n<meta property=\"og:site_name\" content=\"Senegal\" \/>\n<meta property=\"article:published_time\" content=\"2023-01-08T18:14:23+00:00\" \/>\n<meta property=\"article:modified_time\" content=\"2023-01-08T19:02:11+00:00\" \/>\n<meta property=\"og:image\" content=\"https:\/\/static.africa-press.net\/senegal\/sites\/13\/2023\/01\/postQueueImg_1673189895.38.jpg\" \/>\n\t<meta property=\"og:image:width\" content=\"894\" \/>\n\t<meta property=\"og:image:height\" content=\"502\" \/>\n\t<meta property=\"og:image:type\" content=\"image\/jpeg\" \/>\n<meta name=\"author\" content=\"cfeditorfr\" \/>\n<meta name=\"twitter:card\" content=\"summary_large_image\" \/>\n<meta name=\"twitter:label1\" content=\"\u00c9crit par\" \/>\n\t<meta name=\"twitter:data1\" content=\"cfeditorfr\" \/>\n\t<meta name=\"twitter:label2\" content=\"Dur\u00e9e de lecture estim\u00e9e\" \/>\n\t<meta name=\"twitter:data2\" content=\"1 minute\" \/>\n<script type=\"application\/ld+json\" class=\"yoast-schema-graph\">{\"@context\":\"https:\/\/schema.org\",\"@graph\":[{\"@type\":\"Article\",\"@id\":\"https:\/\/www.africa-press.net\/senegal\/politique\/accident-de-kaffrine-lapr-encourage-letat-a-intensifier-la-prise-en-charge-rapide-des-questions-liees-a-la-securite-routiere#article\",\"isPartOf\":{\"@id\":\"https:\/\/www.africa-press.net\/senegal\/politique\/accident-de-kaffrine-lapr-encourage-letat-a-intensifier-la-prise-en-charge-rapide-des-questions-liees-a-la-securite-routiere\"},\"author\":{\"name\":\"cfeditorfr\",\"@id\":\"https:\/\/www.africa-press.net\/senegal\/#\/schema\/person\/2b1cf3cd81a31e3cd26889ca66d677f1\"},\"headline\":\"Accident de Kaffrine : L&rsquo;APR encourage l&rsquo;\u00c9tat \u00e0 intensifier la prise en charge rapide des questions li\u00e9es \u00e0 la s\u00e9curit\u00e9 routi\u00e8re\",\"datePublished\":\"2023-01-08T18:14:23+00:00\",\"dateModified\":\"2023-01-08T19:02:11+00:00\",\"mainEntityOfPage\":{\"@id\":\"https:\/\/www.africa-press.net\/senegal\/politique\/accident-de-kaffrine-lapr-encourage-letat-a-intensifier-la-prise-en-charge-rapide-des-questions-liees-a-la-securite-routiere\"},\"wordCount\":186,\"commentCount\":0,\"image\":{\"@id\":\"https:\/\/www.africa-press.net\/senegal\/politique\/accident-de-kaffrine-lapr-encourage-letat-a-intensifier-la-prise-en-charge-rapide-des-questions-liees-a-la-securite-routiere#primaryimage\"},\"thumbnailUrl\":\"https:\/\/static.africa-press.net\/senegal\/sites\/13\/2023\/01\/postQueueImg_1673189895.38.jpg\",\"keywords\":[\"Africa Press\",\"Africa Press-Senegal\",\"Senegal\"],\"articleSection\":[\"Politique\",\"Toutes les actualit\u00e9s\"],\"inLanguage\":\"fr-FR\",\"potentialAction\":[{\"@type\":\"CommentAction\",\"name\":\"Comment\",\"target\":[\"https:\/\/www.africa-press.net\/senegal\/politique\/accident-de-kaffrine-lapr-encourage-letat-a-intensifier-la-prise-en-charge-rapide-des-questions-liees-a-la-securite-routiere#respond\"]}]},{\"@type\":\"WebPage\",\"@id\":\"https:\/\/www.africa-press.net\/senegal\/politique\/accident-de-kaffrine-lapr-encourage-letat-a-intensifier-la-prise-en-charge-rapide-des-questions-liees-a-la-securite-routiere\",\"url\":\"https:\/\/www.africa-press.net\/senegal\/politique\/accident-de-kaffrine-lapr-encourage-letat-a-intensifier-la-prise-en-charge-rapide-des-questions-liees-a-la-securite-routiere\",\"name\":\"Accident de Kaffrine : L'APR encourage l'\u00c9tat \u00e0 intensifier la prise en charge rapide des questions li\u00e9es \u00e0 la s\u00e9curit\u00e9 routi\u00e8re - Senegal\",\"isPartOf\":{\"@id\":\"https:\/\/www.africa-press.net\/senegal\/#website\"},\"primaryImageOfPage\":{\"@id\":\"https:\/\/www.africa-press.net\/senegal\/politique\/accident-de-kaffrine-lapr-encourage-letat-a-intensifier-la-prise-en-charge-rapide-des-questions-liees-a-la-securite-routiere#primaryimage\"},\"image\":{\"@id\":\"https:\/\/www.africa-press.net\/senegal\/politique\/accident-de-kaffrine-lapr-encourage-letat-a-intensifier-la-prise-en-charge-rapide-des-questions-liees-a-la-securite-routiere#primaryimage\"},\"thumbnailUrl\":\"https:\/\/static.africa-press.net\/senegal\/sites\/13\/2023\/01\/postQueueImg_1673189895.38.jpg\",\"datePublished\":\"2023-01-08T18:14:23+00:00\",\"dateModified\":\"2023-01-08T19:02:11+00:00\",\"author\":{\"@id\":\"https:\/\/www.africa-press.net\/senegal\/#\/schema\/person\/2b1cf3cd81a31e3cd26889ca66d677f1\"},\"description\":\"L'Alliance pour la Re\u0301publique (APR, pouvoir) suspend toutes ses activite\u0301s politiques au Se\u0301ne\u0301gal et dans la diaspora, ...\",\"breadcrumb\":{\"@id\":\"https:\/\/www.africa-press.net\/senegal\/politique\/accident-de-kaffrine-lapr-encourage-letat-a-intensifier-la-prise-en-charge-rapide-des-questions-liees-a-la-securite-routiere#breadcrumb\"},\"inLanguage\":\"fr-FR\",\"potentialAction\":[{\"@type\":\"ReadAction\",\"target\":[\"https:\/\/www.africa-press.net\/senegal\/politique\/accident-de-kaffrine-lapr-encourage-letat-a-intensifier-la-prise-en-charge-rapide-des-questions-liees-a-la-securite-routiere\"]}]},{\"@type\":\"ImageObject\",\"inLanguage\":\"fr-FR\",\"@id\":\"https:\/\/www.africa-press.net\/senegal\/politique\/accident-de-kaffrine-lapr-encourage-letat-a-intensifier-la-prise-en-charge-rapide-des-questions-liees-a-la-securite-routiere#primaryimage\",\"url\":\"https:\/\/static.africa-press.net\/senegal\/sites\/13\/2023\/01\/postQueueImg_1673189895.38.jpg\",\"contentUrl\":\"https:\/\/static.africa-press.net\/senegal\/sites\/13\/2023\/01\/postQueueImg_1673189895.38.jpg\",\"width\":894,\"height\":502,\"caption\":\"Accident de Kaffrine : L'APR encourage l'\u00c9tat \u00e0 intensifier la prise en charge rapide des questions li\u00e9es \u00e0 la s\u00e9curit\u00e9 routi\u00e8re\"},{\"@type\":\"BreadcrumbList\",\"@id\":\"https:\/\/www.africa-press.net\/senegal\/politique\/accident-de-kaffrine-lapr-encourage-letat-a-intensifier-la-prise-en-charge-rapide-des-questions-liees-a-la-securite-routiere#breadcrumb\",\"itemListElement\":[{\"@type\":\"ListItem\",\"position\":1,\"name\":\"Accueil\",\"item\":\"https:\/\/www.africa-press.net\/senegal\/\"},{\"@type\":\"ListItem\",\"position\":2,\"name\":\"Accident de Kaffrine : L&rsquo;APR encourage l&rsquo;\u00c9tat \u00e0 intensifier la prise en charge rapide des questions li\u00e9es \u00e0 la s\u00e9curit\u00e9 routi\u00e8re\"}]},{\"@type\":\"WebSite\",\"@id\":\"https:\/\/www.africa-press.net\/senegal\/#website\",\"url\":\"https:\/\/www.africa-press.net\/senegal\/\",\"name\":\"Africa Press | Senegal | Homepage\",\"description\":\"Just another Africa News Agency Sites site\",\"potentialAction\":[{\"@type\":\"SearchAction\",\"target\":{\"@type\":\"EntryPoint\",\"urlTemplate\":\"https:\/\/www.africa-press.net\/senegal\/?s={search_term_string}\"},\"query-input\":{\"@type\":\"PropertyValueSpecification\",\"valueRequired\":true,\"valueName\":\"search_term_string\"}}],\"inLanguage\":\"fr-FR\"},{\"@type\":\"Person\",\"@id\":\"https:\/\/www.africa-press.net\/senegal\/#\/schema\/person\/2b1cf3cd81a31e3cd26889ca66d677f1\",\"name\":\"cfeditorfr\",\"url\":\"https:\/\/www.africa-press.net\/senegal\/author\/cfeditorfr\"}]}<\/script>\n<!-- \/ Yoast SEO Premium plugin. -->","yoast_head_json":{"title":"Accident de Kaffrine : L'APR encourage l'\u00c9tat \u00e0 intensifier la prise en charge rapide des questions li\u00e9es \u00e0 la s\u00e9curit\u00e9 routi\u00e8re - Senegal","description":"L'Alliance pour la Re\u0301publique (APR, pouvoir) suspend toutes ses activite\u0301s politiques au Se\u0301ne\u0301gal et dans la diaspora, ...","robots":{"index":"index","follow":"follow","max-snippet":"max-snippet:-1","max-image-preview":"max-image-preview:large","max-video-preview":"max-video-preview:-1"},"canonical":"https:\/\/www.africa-press.net\/senegal\/politique\/accident-de-kaffrine-lapr-encourage-letat-a-intensifier-la-prise-en-charge-rapide-des-questions-liees-a-la-securite-routiere","og_locale":"fr_FR","og_type":"article","og_title":"Accident de Kaffrine : L'APR encourage l'\u00c9tat \u00e0 intensifier la prise en charge rapide des questions li\u00e9es \u00e0 la s\u00e9curit\u00e9 routi\u00e8re","og_description":"L'Alliance pour la Re\u0301publique (APR, pouvoir) suspend toutes ses activite\u0301s politiques au Se\u0301ne\u0301gal et dans la diaspora, ...","og_url":"https:\/\/www.africa-press.net\/senegal\/politique\/accident-de-kaffrine-lapr-encourage-letat-a-intensifier-la-prise-en-charge-rapide-des-questions-liees-a-la-securite-routiere","og_site_name":"Senegal","article_published_time":"2023-01-08T18:14:23+00:00","article_modified_time":"2023-01-08T19:02:11+00:00","og_image":[{"width":894,"height":502,"url":"https:\/\/static.africa-press.net\/senegal\/sites\/13\/2023\/01\/postQueueImg_1673189895.38.jpg","type":"image\/jpeg"}],"author":"cfeditorfr","twitter_card":"summary_large_image","twitter_misc":{"\u00c9crit par":"cfeditorfr","Dur\u00e9e de lecture estim\u00e9e":"1 minute"},"schema":{"@context":"https:\/\/schema.org","@graph":[{"@type":"Article","@id":"https:\/\/www.africa-press.net\/senegal\/politique\/accident-de-kaffrine-lapr-encourage-letat-a-intensifier-la-prise-en-charge-rapide-des-questions-liees-a-la-securite-routiere#article","isPartOf":{"@id":"https:\/\/www.africa-press.net\/senegal\/politique\/accident-de-kaffrine-lapr-encourage-letat-a-intensifier-la-prise-en-charge-rapide-des-questions-liees-a-la-securite-routiere"},"author":{"name":"cfeditorfr","@id":"https:\/\/www.africa-press.net\/senegal\/#\/schema\/person\/2b1cf3cd81a31e3cd26889ca66d677f1"},"headline":"Accident de Kaffrine : L&rsquo;APR encourage l&rsquo;\u00c9tat \u00e0 intensifier la prise en charge rapide des questions li\u00e9es \u00e0 la s\u00e9curit\u00e9 routi\u00e8re","datePublished":"2023-01-08T18:14:23+00:00","dateModified":"2023-01-08T19:02:11+00:00","mainEntityOfPage":{"@id":"https:\/\/www.africa-press.net\/senegal\/politique\/accident-de-kaffrine-lapr-encourage-letat-a-intensifier-la-prise-en-charge-rapide-des-questions-liees-a-la-securite-routiere"},"wordCount":186,"commentCount":0,"image":{"@id":"https:\/\/www.africa-press.net\/senegal\/politique\/accident-de-kaffrine-lapr-encourage-letat-a-intensifier-la-prise-en-charge-rapide-des-questions-liees-a-la-securite-routiere#primaryimage"},"thumbnailUrl":"https:\/\/static.africa-press.net\/senegal\/sites\/13\/2023\/01\/postQueueImg_1673189895.38.jpg","keywords":["Africa Press","Africa Press-Senegal","Senegal"],"articleSection":["Politique","Toutes les actualit\u00e9s"],"inLanguage":"fr-FR","potentialAction":[{"@type":"CommentAction","name":"Comment","target":["https:\/\/www.africa-press.net\/senegal\/politique\/accident-de-kaffrine-lapr-encourage-letat-a-intensifier-la-prise-en-charge-rapide-des-questions-liees-a-la-securite-routiere#respond"]}]},{"@type":"WebPage","@id":"https:\/\/www.africa-press.net\/senegal\/politique\/accident-de-kaffrine-lapr-encourage-letat-a-intensifier-la-prise-en-charge-rapide-des-questions-liees-a-la-securite-routiere","url":"https:\/\/www.africa-press.net\/senegal\/politique\/accident-de-kaffrine-lapr-encourage-letat-a-intensifier-la-prise-en-charge-rapide-des-questions-liees-a-la-securite-routiere","name":"Accident de Kaffrine : L'APR encourage l'\u00c9tat \u00e0 intensifier la prise en charge rapide des questions li\u00e9es \u00e0 la s\u00e9curit\u00e9 routi\u00e8re - Senegal","isPartOf":{"@id":"https:\/\/www.africa-press.net\/senegal\/#website"},"primaryImageOfPage":{"@id":"https:\/\/www.africa-press.net\/senegal\/politique\/accident-de-kaffrine-lapr-encourage-letat-a-intensifier-la-prise-en-charge-rapide-des-questions-liees-a-la-securite-routiere#primaryimage"},"image":{"@id":"https:\/\/www.africa-press.net\/senegal\/politique\/accident-de-kaffrine-lapr-encourage-letat-a-intensifier-la-prise-en-charge-rapide-des-questions-liees-a-la-securite-routiere#primaryimage"},"thumbnailUrl":"https:\/\/static.africa-press.net\/senegal\/sites\/13\/2023\/01\/postQueueImg_1673189895.38.jpg","datePublished":"2023-01-08T18:14:23+00:00","dateModified":"2023-01-08T19:02:11+00:00","author":{"@id":"https:\/\/www.africa-press.net\/senegal\/#\/schema\/person\/2b1cf3cd81a31e3cd26889ca66d677f1"},"description":"L'Alliance pour la Re\u0301publique (APR, pouvoir) suspend toutes ses activite\u0301s politiques au Se\u0301ne\u0301gal et dans la diaspora, ...","breadcrumb":{"@id":"https:\/\/www.africa-press.net\/senegal\/politique\/accident-de-kaffrine-lapr-encourage-letat-a-intensifier-la-prise-en-charge-rapide-des-questions-liees-a-la-securite-routiere#breadcrumb"},"inLanguage":"fr-FR","potentialAction":[{"@type":"ReadAction","target":["https:\/\/www.africa-press.net\/senegal\/politique\/accident-de-kaffrine-lapr-encourage-letat-a-intensifier-la-prise-en-charge-rapide-des-questions-liees-a-la-securite-routiere"]}]},{"@type":"ImageObject","inLanguage":"fr-FR","@id":"https:\/\/www.africa-press.net\/senegal\/politique\/accident-de-kaffrine-lapr-encourage-letat-a-intensifier-la-prise-en-charge-rapide-des-questions-liees-a-la-securite-routiere#primaryimage","url":"https:\/\/static.africa-press.net\/senegal\/sites\/13\/2023\/01\/postQueueImg_1673189895.38.jpg","contentUrl":"https:\/\/static.africa-press.net\/senegal\/sites\/13\/2023\/01\/postQueueImg_1673189895.38.jpg","width":894,"height":502,"caption":"Accident de Kaffrine : L'APR encourage l'\u00c9tat \u00e0 intensifier la prise en charge rapide des questions li\u00e9es \u00e0 la s\u00e9curit\u00e9 routi\u00e8re"},{"@type":"BreadcrumbList","@id":"https:\/\/www.africa-press.net\/senegal\/politique\/accident-de-kaffrine-lapr-encourage-letat-a-intensifier-la-prise-en-charge-rapide-des-questions-liees-a-la-securite-routiere#breadcrumb","itemListElement":[{"@type":"ListItem","position":1,"name":"Accueil","item":"https:\/\/www.africa-press.net\/senegal\/"},{"@type":"ListItem","position":2,"name":"Accident de Kaffrine : L&rsquo;APR encourage l&rsquo;\u00c9tat \u00e0 intensifier la prise en charge rapide des questions li\u00e9es \u00e0 la s\u00e9curit\u00e9 routi\u00e8re"}]},{"@type":"WebSite","@id":"https:\/\/www.africa-press.net\/senegal\/#website","url":"https:\/\/www.africa-press.net\/senegal\/","name":"Africa Press | Senegal | Homepage","description":"Just another Africa News Agency Sites site","potentialAction":[{"@type":"SearchAction","target":{"@type":"EntryPoint","urlTemplate":"https:\/\/www.africa-press.net\/senegal\/?s={search_term_string}"},"query-input":{"@type":"PropertyValueSpecification","valueRequired":true,"valueName":"search_term_string"}}],"inLanguage":"fr-FR"},{"@type":"Person","@id":"https:\/\/www.africa-press.net\/senegal\/#\/schema\/person\/2b1cf3cd81a31e3cd26889ca66d677f1","name":"cfeditorfr","url":"https:\/\/www.africa-press.net\/senegal\/author\/cfeditorfr"}]}},"_links":{"self":[{"href":"https:\/\/www.africa-press.net\/senegal\/wp-json\/wp\/v2\/posts\/37779","targetHints":{"allow":["GET"]}}],"collection":[{"href":"https:\/\/www.africa-press.net\/senegal\/wp-json\/wp\/v2\/posts"}],"about":[{"href":"https:\/\/www.africa-press.net\/senegal\/wp-json\/wp\/v2\/types\/post"}],"author":[{"embeddable":true,"href":"https:\/\/www.africa-press.net\/senegal\/wp-json\/wp\/v2\/users\/82"}],"replies":[{"embeddable":true,"href":"https:\/\/www.africa-press.net\/senegal\/wp-json\/wp\/v2\/comments?post=37779"}],"version-history":[{"count":0,"href":"https:\/\/www.africa-press.net\/senegal\/wp-json\/wp\/v2\/posts\/37779\/revisions"}],"wp:featuredmedia":[{"embeddable":true,"href":"https:\/\/www.africa-press.net\/senegal\/wp-json\/wp\/v2\/media\/37778"}],"wp:attachment":[{"href":"https:\/\/www.africa-press.net\/senegal\/wp-json\/wp\/v2\/media?parent=37779"}],"wp:term":[{"taxonomy":"category","embeddable":true,"href":"https:\/\/www.africa-press.net\/senegal\/wp-json\/wp\/v2\/categories?post=37779"},{"taxonomy":"post_tag","embeddable":true,"href":"https:\/\/www.africa-press.net\/senegal\/wp-json\/wp\/v2\/tags?post=37779"}],"curies":[{"name":"wp","href":"https:\/\/api.w.org\/{rel}","templated":true}]}}