{"id":37782,"date":"2023-01-08T18:18:36","date_gmt":"2023-01-08T18:18:36","guid":{"rendered":"https:\/\/www.africa-press.net\/senegal\/politique\/procedure-actions-evenements-ce-quil-faut-savoir-sur-le-deuil-national"},"modified":"2023-01-08T19:03:15","modified_gmt":"2023-01-08T19:03:15","slug":"procedure-actions-evenements-ce-quil-faut-savoir-sur-le-deuil-national","status":"publish","type":"post","link":"https:\/\/www.africa-press.net\/senegal\/politique\/procedure-actions-evenements-ce-quil-faut-savoir-sur-le-deuil-national","title":{"rendered":"Proc\u00e9dure, actions, \u00e9v\u00e8nements\u00a0: Ce qu&rsquo;il faut savoir sur le deuil national"},"content":{"rendered":"<p><span style=\"color: #ff6600\"><strong>Africa-Press &#8211; Senegal. <\/strong><\/span>Suite au tragique accident de ce dimanche 8 janvier 2023 a\u0300 Kaffrine ayant fait 40 morts et 87 blesse\u0301s, le pre\u0301sident de la Re\u0301publique, Macky Sall a de\u0301cre\u0301te\u0301 trois jours de deuil national a\u0300 compter de ce lundi 9 janvier. Une occasion saisie par Seneweb pour balayer certaines ide\u0301es rec\u0327ues sur la proce\u0301dure de deuil national. En effet, on parle de deuil national lorsque le Pre\u0301sident de la Re\u0301publique de\u0301cre\u0300te exceptionnellement la ne\u0301cessite\u0301 pour la Nation de rendre hommage aux de\u0301funts d\u2019un e\u0301ve\u0301nement marquant ou a\u0300 une sommite\u0301 de l\u2019Etat ayant quitte\u0301 ce bas-monde.<\/p>\n<p>Le Pre\u0301sident de la Re\u0301publique est la seule autorite\u0301 e\u0301tatique qui jouit du pouvoir de de\u0301cre\u0301ter une journe\u0301e de deuil national dans le pays. La proce\u0301dure ne se limite pas a\u0300 une simple annonce. La de\u0301cision est, en effet, indique\u0301e par de\u0301cret et signe\u0301e par le chef de l\u2019E\u0301tat. Elle est ensuite publie\u0301e au Journal officiel. A l\u2019inverse de certains jours fe\u0301rie\u0301s, cette journe\u0301e (ces journe\u0301es) n\u2019est pas cho\u0302me\u0301e, contrairement a\u0300 certaines ide\u0301es rec\u0327ues. Par conse\u0301quent, les entreprises ne sont pas tenues de fermer pendant cette journe\u0301e de deuil national de\u0301cre\u0301te\u0301e.<\/p>\n<p>Les actions qui seront mene\u0301es par la Re\u0301publique durant cette journe\u0301e (ou ces journe\u0301es) sont : l\u2019instauration d\u2019une minute de silence et la mise en berne (drapeau hisse\u0301 a\u0300 mi-ma\u0302t) des drapeaux dans les e\u0301difices publics.<\/p>\n<p>Le deuil national a e\u0301te\u0301 de\u0301cre\u0301te\u0301 plusieurs fois au Se\u0301ne\u0301gal pour des e\u0301ve\u0300nements ayant lieu dans territoire national ou hors du territoire. Parmi les e\u0301ve\u0300nements ayant conduit a\u0300 un deuil national on peut citer :<\/p>\n<p>la mort des 11 be\u0301be\u0301s a\u0300 l\u2019ho\u0302pital de Tivaouane le 26 mai 2022 (3 jours de deuil) ; la tuerie de Boffa-Bayotte le 7 janvier 2018 (deux jours de deuil); naufrage du bateau le Joola le 26 septembre 2002 (3 jours de deuil) ; De\u0301ce\u0300s de Lamine Gue\u0300ye, en 1968 (une journe\u0301e de deuil national) ; de\u0301ce\u0300s de Le\u0301opold Se\u0301dar Senghor le 20 de\u0301cembre 2001 (une journe\u0301e de deuil) ; de\u0301ce\u0300s de Sa Majeste\u0301 le Roi Fahd Ben Abdel Aziz Al-Saoud en 2005 (3 jours de deuil du 1er au 3 aou\u0302t 2005) ; de\u0301ce\u0300s de Serigne Saliou Mbacke\u0301 le 28 de\u0301cembre 2007 (3 jours de deuil national) ; de\u0301ce\u0300s de Jules Franc\u0327ois Bocande\u0301 en 2012 (une journe\u0301e de deuil national) ; De\u0301ce\u0300s de Mandela en 2013 (3 jours de deuil national) ; Bousculade de Mouna lors du pe\u0300lerinage a\u0300 la Mecque en 2015 (3 jours de deuil national) ; Attentat de Bamako novembre 2015 (3 jours de deuil national) ; incendie au Daaka de Me\u0301dina Gounass en avril 2018 (3 jours de deuil national).<\/p>\n<p><strong>Pour plus d&rsquo;informations et d&rsquo;analyses sur la <a href=\"https:\/\/www.africa-press.net\/senegal\">Senegal<\/a>, suivez <a href=\"https:\/\/www.africa-press.net\/\">Africa-Press<\/a><\/strong><\/p>\n","protected":false},"excerpt":{"rendered":"<p>Africa-Press &#8211; Senegal. Suite au tragique accident de ce dimanche 8 janvier 2023 a\u0300 Kaffrine ayant fait 40 morts et 87 blesse\u0301s, le pre\u0301sident de la Re\u0301publique, Macky Sall a de\u0301cre\u0301te\u0301 trois jours de deuil national a\u0300 compter de ce lundi 9 janvier. Une occasion saisie par Seneweb pour balayer certaines ide\u0301es rec\u0327ues sur la [&hellip;]<\/p>\n","protected":false},"author":82,"featured_media":37780,"comment_status":"open","ping_status":"closed","sticky":false,"template":"","format":"standard","meta":{"footnotes":""},"categories":[2,20,10],"tags":[43,47,44],"class_list":["post-37782","post","type-post","status-publish","format-standard","has-post-thumbnail","hentry","category-politique","category-top-nouvelles","category-toutes-les-actualites","tag-africa-press-2","tag-africa-press-senegal","tag-senegal-2"],"yoast_head":"<!-- This site is optimized with the Yoast SEO Premium plugin v26.1 (Yoast SEO v27.0) - https:\/\/yoast.com\/product\/yoast-seo-premium-wordpress\/ -->\n<title>Proc\u00e9dure, actions, \u00e9v\u00e8nements\u00a0: Ce qu&#039;il faut savoir sur le deuil national - Senegal<\/title>\n<meta name=\"description\" content=\"Suite au tragique accident de ce dimanche 8 janvier 2023 a\u0300 Kaffrine ayant fait 40 morts et 87 blesse\u0301s, le pre\u0301sident d ...\" \/>\n<meta name=\"robots\" content=\"index, follow, max-snippet:-1, max-image-preview:large, max-video-preview:-1\" \/>\n<link rel=\"canonical\" href=\"https:\/\/www.africa-press.net\/senegal\/politique\/procedure-actions-evenements-ce-quil-faut-savoir-sur-le-deuil-national\" \/>\n<meta property=\"og:locale\" content=\"fr_FR\" \/>\n<meta property=\"og:type\" content=\"article\" \/>\n<meta property=\"og:title\" content=\"Proc\u00e9dure, actions, \u00e9v\u00e8nements\u00a0: Ce qu&#039;il faut savoir sur le deuil national\" \/>\n<meta property=\"og:description\" content=\"Suite au tragique accident de ce dimanche 8 janvier 2023 a\u0300 Kaffrine ayant fait 40 morts et 87 blesse\u0301s, le pre\u0301sident d ...\" \/>\n<meta property=\"og:url\" content=\"https:\/\/www.africa-press.net\/senegal\/politique\/procedure-actions-evenements-ce-quil-faut-savoir-sur-le-deuil-national\" \/>\n<meta property=\"og:site_name\" content=\"Senegal\" \/>\n<meta property=\"article:published_time\" content=\"2023-01-08T18:18:36+00:00\" \/>\n<meta property=\"article:modified_time\" content=\"2023-01-08T19:03:15+00:00\" \/>\n<meta property=\"og:image\" content=\"https:\/\/static.africa-press.net\/senegal\/sites\/13\/2023\/01\/postQueueImg_1673189541.73.jpg\" \/>\n\t<meta property=\"og:image:width\" content=\"720\" \/>\n\t<meta property=\"og:image:height\" content=\"350\" \/>\n\t<meta property=\"og:image:type\" content=\"image\/jpeg\" \/>\n<meta name=\"author\" content=\"cfeditorfr\" \/>\n<meta name=\"twitter:card\" content=\"summary_large_image\" \/>\n<meta name=\"twitter:label1\" content=\"\u00c9crit par\" \/>\n\t<meta name=\"twitter:data1\" content=\"cfeditorfr\" \/>\n\t<meta name=\"twitter:label2\" content=\"Dur\u00e9e de lecture estim\u00e9e\" \/>\n\t<meta name=\"twitter:data2\" content=\"3 minutes\" \/>\n<script type=\"application\/ld+json\" class=\"yoast-schema-graph\">{\"@context\":\"https:\/\/schema.org\",\"@graph\":[{\"@type\":\"Article\",\"@id\":\"https:\/\/www.africa-press.net\/senegal\/politique\/procedure-actions-evenements-ce-quil-faut-savoir-sur-le-deuil-national#article\",\"isPartOf\":{\"@id\":\"https:\/\/www.africa-press.net\/senegal\/politique\/procedure-actions-evenements-ce-quil-faut-savoir-sur-le-deuil-national\"},\"author\":{\"name\":\"cfeditorfr\",\"@id\":\"https:\/\/www.africa-press.net\/senegal\/#\/schema\/person\/2b1cf3cd81a31e3cd26889ca66d677f1\"},\"headline\":\"Proc\u00e9dure, actions, \u00e9v\u00e8nements\u00a0: Ce qu&rsquo;il faut savoir sur le deuil national\",\"datePublished\":\"2023-01-08T18:18:36+00:00\",\"dateModified\":\"2023-01-08T19:03:15+00:00\",\"mainEntityOfPage\":{\"@id\":\"https:\/\/www.africa-press.net\/senegal\/politique\/procedure-actions-evenements-ce-quil-faut-savoir-sur-le-deuil-national\"},\"wordCount\":507,\"commentCount\":0,\"image\":{\"@id\":\"https:\/\/www.africa-press.net\/senegal\/politique\/procedure-actions-evenements-ce-quil-faut-savoir-sur-le-deuil-national#primaryimage\"},\"thumbnailUrl\":\"https:\/\/static.africa-press.net\/senegal\/sites\/13\/2023\/01\/postQueueImg_1673189541.73.jpg\",\"keywords\":[\"Africa Press\",\"Africa Press-Senegal\",\"Senegal\"],\"articleSection\":[\"Politique\",\"Top Nouvelles\",\"Toutes les actualit\u00e9s\"],\"inLanguage\":\"fr-FR\",\"potentialAction\":[{\"@type\":\"CommentAction\",\"name\":\"Comment\",\"target\":[\"https:\/\/www.africa-press.net\/senegal\/politique\/procedure-actions-evenements-ce-quil-faut-savoir-sur-le-deuil-national#respond\"]}]},{\"@type\":\"WebPage\",\"@id\":\"https:\/\/www.africa-press.net\/senegal\/politique\/procedure-actions-evenements-ce-quil-faut-savoir-sur-le-deuil-national\",\"url\":\"https:\/\/www.africa-press.net\/senegal\/politique\/procedure-actions-evenements-ce-quil-faut-savoir-sur-le-deuil-national\",\"name\":\"Proc\u00e9dure, actions, \u00e9v\u00e8nements\u00a0: Ce qu'il faut savoir sur le deuil national - Senegal\",\"isPartOf\":{\"@id\":\"https:\/\/www.africa-press.net\/senegal\/#website\"},\"primaryImageOfPage\":{\"@id\":\"https:\/\/www.africa-press.net\/senegal\/politique\/procedure-actions-evenements-ce-quil-faut-savoir-sur-le-deuil-national#primaryimage\"},\"image\":{\"@id\":\"https:\/\/www.africa-press.net\/senegal\/politique\/procedure-actions-evenements-ce-quil-faut-savoir-sur-le-deuil-national#primaryimage\"},\"thumbnailUrl\":\"https:\/\/static.africa-press.net\/senegal\/sites\/13\/2023\/01\/postQueueImg_1673189541.73.jpg\",\"datePublished\":\"2023-01-08T18:18:36+00:00\",\"dateModified\":\"2023-01-08T19:03:15+00:00\",\"author\":{\"@id\":\"https:\/\/www.africa-press.net\/senegal\/#\/schema\/person\/2b1cf3cd81a31e3cd26889ca66d677f1\"},\"description\":\"Suite au tragique accident de ce dimanche 8 janvier 2023 a\u0300 Kaffrine ayant fait 40 morts et 87 blesse\u0301s, le pre\u0301sident d ...\",\"breadcrumb\":{\"@id\":\"https:\/\/www.africa-press.net\/senegal\/politique\/procedure-actions-evenements-ce-quil-faut-savoir-sur-le-deuil-national#breadcrumb\"},\"inLanguage\":\"fr-FR\",\"potentialAction\":[{\"@type\":\"ReadAction\",\"target\":[\"https:\/\/www.africa-press.net\/senegal\/politique\/procedure-actions-evenements-ce-quil-faut-savoir-sur-le-deuil-national\"]}]},{\"@type\":\"ImageObject\",\"inLanguage\":\"fr-FR\",\"@id\":\"https:\/\/www.africa-press.net\/senegal\/politique\/procedure-actions-evenements-ce-quil-faut-savoir-sur-le-deuil-national#primaryimage\",\"url\":\"https:\/\/static.africa-press.net\/senegal\/sites\/13\/2023\/01\/postQueueImg_1673189541.73.jpg\",\"contentUrl\":\"https:\/\/static.africa-press.net\/senegal\/sites\/13\/2023\/01\/postQueueImg_1673189541.73.jpg\",\"width\":720,\"height\":350,\"caption\":\"Proc\u00e9dure, actions, \u00e9v\u00e8nements\u00a0: Ce qu'il faut savoir sur le deuil national\"},{\"@type\":\"BreadcrumbList\",\"@id\":\"https:\/\/www.africa-press.net\/senegal\/politique\/procedure-actions-evenements-ce-quil-faut-savoir-sur-le-deuil-national#breadcrumb\",\"itemListElement\":[{\"@type\":\"ListItem\",\"position\":1,\"name\":\"Accueil\",\"item\":\"https:\/\/www.africa-press.net\/senegal\/\"},{\"@type\":\"ListItem\",\"position\":2,\"name\":\"Proc\u00e9dure, actions, \u00e9v\u00e8nements\u00a0: Ce qu&rsquo;il faut savoir sur le deuil national\"}]},{\"@type\":\"WebSite\",\"@id\":\"https:\/\/www.africa-press.net\/senegal\/#website\",\"url\":\"https:\/\/www.africa-press.net\/senegal\/\",\"name\":\"Africa Press | Senegal | Homepage\",\"description\":\"Just another Africa News Agency Sites site\",\"potentialAction\":[{\"@type\":\"SearchAction\",\"target\":{\"@type\":\"EntryPoint\",\"urlTemplate\":\"https:\/\/www.africa-press.net\/senegal\/?s={search_term_string}\"},\"query-input\":{\"@type\":\"PropertyValueSpecification\",\"valueRequired\":true,\"valueName\":\"search_term_string\"}}],\"inLanguage\":\"fr-FR\"},{\"@type\":\"Person\",\"@id\":\"https:\/\/www.africa-press.net\/senegal\/#\/schema\/person\/2b1cf3cd81a31e3cd26889ca66d677f1\",\"name\":\"cfeditorfr\",\"url\":\"https:\/\/www.africa-press.net\/senegal\/author\/cfeditorfr\"}]}<\/script>\n<!-- \/ Yoast SEO Premium plugin. -->","yoast_head_json":{"title":"Proc\u00e9dure, actions, \u00e9v\u00e8nements\u00a0: Ce qu'il faut savoir sur le deuil national - Senegal","description":"Suite au tragique accident de ce dimanche 8 janvier 2023 a\u0300 Kaffrine ayant fait 40 morts et 87 blesse\u0301s, le pre\u0301sident d ...","robots":{"index":"index","follow":"follow","max-snippet":"max-snippet:-1","max-image-preview":"max-image-preview:large","max-video-preview":"max-video-preview:-1"},"canonical":"https:\/\/www.africa-press.net\/senegal\/politique\/procedure-actions-evenements-ce-quil-faut-savoir-sur-le-deuil-national","og_locale":"fr_FR","og_type":"article","og_title":"Proc\u00e9dure, actions, \u00e9v\u00e8nements\u00a0: Ce qu'il faut savoir sur le deuil national","og_description":"Suite au tragique accident de ce dimanche 8 janvier 2023 a\u0300 Kaffrine ayant fait 40 morts et 87 blesse\u0301s, le pre\u0301sident d ...","og_url":"https:\/\/www.africa-press.net\/senegal\/politique\/procedure-actions-evenements-ce-quil-faut-savoir-sur-le-deuil-national","og_site_name":"Senegal","article_published_time":"2023-01-08T18:18:36+00:00","article_modified_time":"2023-01-08T19:03:15+00:00","og_image":[{"width":720,"height":350,"url":"https:\/\/static.africa-press.net\/senegal\/sites\/13\/2023\/01\/postQueueImg_1673189541.73.jpg","type":"image\/jpeg"}],"author":"cfeditorfr","twitter_card":"summary_large_image","twitter_misc":{"\u00c9crit par":"cfeditorfr","Dur\u00e9e de lecture estim\u00e9e":"3 minutes"},"schema":{"@context":"https:\/\/schema.org","@graph":[{"@type":"Article","@id":"https:\/\/www.africa-press.net\/senegal\/politique\/procedure-actions-evenements-ce-quil-faut-savoir-sur-le-deuil-national#article","isPartOf":{"@id":"https:\/\/www.africa-press.net\/senegal\/politique\/procedure-actions-evenements-ce-quil-faut-savoir-sur-le-deuil-national"},"author":{"name":"cfeditorfr","@id":"https:\/\/www.africa-press.net\/senegal\/#\/schema\/person\/2b1cf3cd81a31e3cd26889ca66d677f1"},"headline":"Proc\u00e9dure, actions, \u00e9v\u00e8nements\u00a0: Ce qu&rsquo;il faut savoir sur le deuil national","datePublished":"2023-01-08T18:18:36+00:00","dateModified":"2023-01-08T19:03:15+00:00","mainEntityOfPage":{"@id":"https:\/\/www.africa-press.net\/senegal\/politique\/procedure-actions-evenements-ce-quil-faut-savoir-sur-le-deuil-national"},"wordCount":507,"commentCount":0,"image":{"@id":"https:\/\/www.africa-press.net\/senegal\/politique\/procedure-actions-evenements-ce-quil-faut-savoir-sur-le-deuil-national#primaryimage"},"thumbnailUrl":"https:\/\/static.africa-press.net\/senegal\/sites\/13\/2023\/01\/postQueueImg_1673189541.73.jpg","keywords":["Africa Press","Africa Press-Senegal","Senegal"],"articleSection":["Politique","Top Nouvelles","Toutes les actualit\u00e9s"],"inLanguage":"fr-FR","potentialAction":[{"@type":"CommentAction","name":"Comment","target":["https:\/\/www.africa-press.net\/senegal\/politique\/procedure-actions-evenements-ce-quil-faut-savoir-sur-le-deuil-national#respond"]}]},{"@type":"WebPage","@id":"https:\/\/www.africa-press.net\/senegal\/politique\/procedure-actions-evenements-ce-quil-faut-savoir-sur-le-deuil-national","url":"https:\/\/www.africa-press.net\/senegal\/politique\/procedure-actions-evenements-ce-quil-faut-savoir-sur-le-deuil-national","name":"Proc\u00e9dure, actions, \u00e9v\u00e8nements\u00a0: Ce qu'il faut savoir sur le deuil national - Senegal","isPartOf":{"@id":"https:\/\/www.africa-press.net\/senegal\/#website"},"primaryImageOfPage":{"@id":"https:\/\/www.africa-press.net\/senegal\/politique\/procedure-actions-evenements-ce-quil-faut-savoir-sur-le-deuil-national#primaryimage"},"image":{"@id":"https:\/\/www.africa-press.net\/senegal\/politique\/procedure-actions-evenements-ce-quil-faut-savoir-sur-le-deuil-national#primaryimage"},"thumbnailUrl":"https:\/\/static.africa-press.net\/senegal\/sites\/13\/2023\/01\/postQueueImg_1673189541.73.jpg","datePublished":"2023-01-08T18:18:36+00:00","dateModified":"2023-01-08T19:03:15+00:00","author":{"@id":"https:\/\/www.africa-press.net\/senegal\/#\/schema\/person\/2b1cf3cd81a31e3cd26889ca66d677f1"},"description":"Suite au tragique accident de ce dimanche 8 janvier 2023 a\u0300 Kaffrine ayant fait 40 morts et 87 blesse\u0301s, le pre\u0301sident d ...","breadcrumb":{"@id":"https:\/\/www.africa-press.net\/senegal\/politique\/procedure-actions-evenements-ce-quil-faut-savoir-sur-le-deuil-national#breadcrumb"},"inLanguage":"fr-FR","potentialAction":[{"@type":"ReadAction","target":["https:\/\/www.africa-press.net\/senegal\/politique\/procedure-actions-evenements-ce-quil-faut-savoir-sur-le-deuil-national"]}]},{"@type":"ImageObject","inLanguage":"fr-FR","@id":"https:\/\/www.africa-press.net\/senegal\/politique\/procedure-actions-evenements-ce-quil-faut-savoir-sur-le-deuil-national#primaryimage","url":"https:\/\/static.africa-press.net\/senegal\/sites\/13\/2023\/01\/postQueueImg_1673189541.73.jpg","contentUrl":"https:\/\/static.africa-press.net\/senegal\/sites\/13\/2023\/01\/postQueueImg_1673189541.73.jpg","width":720,"height":350,"caption":"Proc\u00e9dure, actions, \u00e9v\u00e8nements\u00a0: Ce qu'il faut savoir sur le deuil national"},{"@type":"BreadcrumbList","@id":"https:\/\/www.africa-press.net\/senegal\/politique\/procedure-actions-evenements-ce-quil-faut-savoir-sur-le-deuil-national#breadcrumb","itemListElement":[{"@type":"ListItem","position":1,"name":"Accueil","item":"https:\/\/www.africa-press.net\/senegal\/"},{"@type":"ListItem","position":2,"name":"Proc\u00e9dure, actions, \u00e9v\u00e8nements\u00a0: Ce qu&rsquo;il faut savoir sur le deuil national"}]},{"@type":"WebSite","@id":"https:\/\/www.africa-press.net\/senegal\/#website","url":"https:\/\/www.africa-press.net\/senegal\/","name":"Africa Press | Senegal | Homepage","description":"Just another Africa News Agency Sites site","potentialAction":[{"@type":"SearchAction","target":{"@type":"EntryPoint","urlTemplate":"https:\/\/www.africa-press.net\/senegal\/?s={search_term_string}"},"query-input":{"@type":"PropertyValueSpecification","valueRequired":true,"valueName":"search_term_string"}}],"inLanguage":"fr-FR"},{"@type":"Person","@id":"https:\/\/www.africa-press.net\/senegal\/#\/schema\/person\/2b1cf3cd81a31e3cd26889ca66d677f1","name":"cfeditorfr","url":"https:\/\/www.africa-press.net\/senegal\/author\/cfeditorfr"}]}},"_links":{"self":[{"href":"https:\/\/www.africa-press.net\/senegal\/wp-json\/wp\/v2\/posts\/37782","targetHints":{"allow":["GET"]}}],"collection":[{"href":"https:\/\/www.africa-press.net\/senegal\/wp-json\/wp\/v2\/posts"}],"about":[{"href":"https:\/\/www.africa-press.net\/senegal\/wp-json\/wp\/v2\/types\/post"}],"author":[{"embeddable":true,"href":"https:\/\/www.africa-press.net\/senegal\/wp-json\/wp\/v2\/users\/82"}],"replies":[{"embeddable":true,"href":"https:\/\/www.africa-press.net\/senegal\/wp-json\/wp\/v2\/comments?post=37782"}],"version-history":[{"count":0,"href":"https:\/\/www.africa-press.net\/senegal\/wp-json\/wp\/v2\/posts\/37782\/revisions"}],"wp:featuredmedia":[{"embeddable":true,"href":"https:\/\/www.africa-press.net\/senegal\/wp-json\/wp\/v2\/media\/37780"}],"wp:attachment":[{"href":"https:\/\/www.africa-press.net\/senegal\/wp-json\/wp\/v2\/media?parent=37782"}],"wp:term":[{"taxonomy":"category","embeddable":true,"href":"https:\/\/www.africa-press.net\/senegal\/wp-json\/wp\/v2\/categories?post=37782"},{"taxonomy":"post_tag","embeddable":true,"href":"https:\/\/www.africa-press.net\/senegal\/wp-json\/wp\/v2\/tags?post=37782"}],"curies":[{"name":"wp","href":"https:\/\/api.w.org\/{rel}","templated":true}]}}