{"id":37785,"date":"2023-01-08T18:21:58","date_gmt":"2023-01-08T18:21:58","guid":{"rendered":"https:\/\/www.africa-press.net\/senegal\/politique\/grave-accident-a-hauteur-de-sikilo-mary-teuw-niane-et-khalifa-sall-interpellent-letat"},"modified":"2023-01-08T19:04:16","modified_gmt":"2023-01-08T19:04:16","slug":"grave-accident-a-hauteur-de-sikilo-mary-teuw-niane-et-khalifa-sall-interpellent-letat","status":"publish","type":"post","link":"https:\/\/www.africa-press.net\/senegal\/politique\/grave-accident-a-hauteur-de-sikilo-mary-teuw-niane-et-khalifa-sall-interpellent-letat","title":{"rendered":"Grave accident \u00e0 hauteur de Sikilo : Mary Teuw Niane et Khalifa Sall interpellent l&rsquo;Etat"},"content":{"rendered":"<p><span style=\"color: #ff6600\"><strong>Africa-Press &#8211; Senegal. <\/strong><\/span>Suite au grave accident qui a eu lieu dans la re\u0301gion de Kaffrine a\u0300 hauteur de la localite\u0301 de Sikilo ou\u0300 deux bus sont entre\u0301s en collision, les re\u0301actions politiques se multiplient.<\/p>\n<p>En cette douloureuse circonstance, le Pr Mary Mary Teuw Niane exprime ses since\u0300res condole\u0301ances aux familles des victimes et compatit a\u0300 leur douleur.<\/p>\n<p>Toutefois, il interpelle et rappelle avec tristesse aux autorite\u0301s publiques \u00ab\u00a0l\u2019extre\u0302me urgence de prendre enfin des mesures pour assurer la se\u0301curite\u0301 des personnes sur nos routes\u00a0\u00bb.<\/p>\n<p>A sa suite, l&rsquo;ancien maire de Dakar, Khalifa Sall, de\u0301plore avec beaucoup d&rsquo;e\u0301motion\u00a0\u00bble lourd bilan humain de l\u2019accident survenu, cette nuit, sur la route de Kaffrine\u00a0\u00bb.<\/p>\n<p>Tout en compatissant a\u0300 la douleur des familles des victimes de ce tragique accident, Khalifa Sall assure : \u00ab\u00a0en attendant les conclusions de l\u2019enque\u0302te, j\u2019exhorte les autorite\u0301s a\u0300 renforcer davantage les mesures de se\u0301curite\u0301 routie\u0300re afin prote\u0301ger la vie de nos concitoyens\u00a0\u00bb.<\/p>\n<p><strong>Pour plus d&rsquo;informations et d&rsquo;analyses sur la <a href=\"https:\/\/www.africa-press.net\/senegal\">Senegal<\/a>, suivez <a href=\"https:\/\/www.africa-press.net\/\">Africa-Press<\/a><\/strong><\/p>\n","protected":false},"excerpt":{"rendered":"<p>Africa-Press &#8211; Senegal. Suite au grave accident qui a eu lieu dans la re\u0301gion de Kaffrine a\u0300 hauteur de la localite\u0301 de Sikilo ou\u0300 deux bus sont entre\u0301s en collision, les re\u0301actions politiques se multiplient. En cette douloureuse circonstance, le Pr Mary Mary Teuw Niane exprime ses since\u0300res condole\u0301ances aux familles des victimes et compatit [&hellip;]<\/p>\n","protected":false},"author":82,"featured_media":37784,"comment_status":"open","ping_status":"closed","sticky":false,"template":"","format":"standard","meta":{"footnotes":""},"categories":[2,10],"tags":[43,47,44],"class_list":["post-37785","post","type-post","status-publish","format-standard","has-post-thumbnail","hentry","category-politique","category-toutes-les-actualites","tag-africa-press-2","tag-africa-press-senegal","tag-senegal-2"],"yoast_head":"<!-- This site is optimized with the Yoast SEO Premium plugin v26.1 (Yoast SEO v27.0) - https:\/\/yoast.com\/product\/yoast-seo-premium-wordpress\/ -->\n<title>Grave accident \u00e0 hauteur de Sikilo : Mary Teuw Niane et Khalifa Sall interpellent l&#039;Etat - Senegal<\/title>\n<meta name=\"description\" content=\"Suite au grave accident qui a eu lieu dans la re\u0301gion de Kaffrine a\u0300 hauteur de la localite\u0301 de Sikilo ou\u0300 deux bus sont ...\" \/>\n<meta name=\"robots\" content=\"index, follow, max-snippet:-1, max-image-preview:large, max-video-preview:-1\" \/>\n<link rel=\"canonical\" href=\"https:\/\/www.africa-press.net\/senegal\/politique\/grave-accident-a-hauteur-de-sikilo-mary-teuw-niane-et-khalifa-sall-interpellent-letat\" \/>\n<meta property=\"og:locale\" content=\"fr_FR\" \/>\n<meta property=\"og:type\" content=\"article\" \/>\n<meta property=\"og:title\" content=\"Grave accident \u00e0 hauteur de Sikilo : Mary Teuw Niane et Khalifa Sall interpellent l&#039;Etat\" \/>\n<meta property=\"og:description\" content=\"Suite au grave accident qui a eu lieu dans la re\u0301gion de Kaffrine a\u0300 hauteur de la localite\u0301 de Sikilo ou\u0300 deux bus sont ...\" \/>\n<meta property=\"og:url\" content=\"https:\/\/www.africa-press.net\/senegal\/politique\/grave-accident-a-hauteur-de-sikilo-mary-teuw-niane-et-khalifa-sall-interpellent-letat\" \/>\n<meta property=\"og:site_name\" content=\"Senegal\" \/>\n<meta property=\"article:published_time\" content=\"2023-01-08T18:21:58+00:00\" \/>\n<meta property=\"article:modified_time\" content=\"2023-01-08T19:04:16+00:00\" \/>\n<meta property=\"og:image\" content=\"https:\/\/static.africa-press.net\/senegal\/sites\/13\/2023\/01\/postQueueImg_1673189532.45.jpg\" \/>\n\t<meta property=\"og:image:width\" content=\"720\" \/>\n\t<meta property=\"og:image:height\" content=\"350\" \/>\n\t<meta property=\"og:image:type\" content=\"image\/jpeg\" \/>\n<meta name=\"author\" content=\"cfeditorfr\" \/>\n<meta name=\"twitter:card\" content=\"summary_large_image\" \/>\n<meta name=\"twitter:label1\" content=\"\u00c9crit par\" \/>\n\t<meta name=\"twitter:data1\" content=\"cfeditorfr\" \/>\n\t<meta name=\"twitter:label2\" content=\"Dur\u00e9e de lecture estim\u00e9e\" \/>\n\t<meta name=\"twitter:data2\" content=\"1 minute\" \/>\n<script type=\"application\/ld+json\" class=\"yoast-schema-graph\">{\"@context\":\"https:\/\/schema.org\",\"@graph\":[{\"@type\":\"Article\",\"@id\":\"https:\/\/www.africa-press.net\/senegal\/politique\/grave-accident-a-hauteur-de-sikilo-mary-teuw-niane-et-khalifa-sall-interpellent-letat#article\",\"isPartOf\":{\"@id\":\"https:\/\/www.africa-press.net\/senegal\/politique\/grave-accident-a-hauteur-de-sikilo-mary-teuw-niane-et-khalifa-sall-interpellent-letat\"},\"author\":{\"name\":\"cfeditorfr\",\"@id\":\"https:\/\/www.africa-press.net\/senegal\/#\/schema\/person\/2b1cf3cd81a31e3cd26889ca66d677f1\"},\"headline\":\"Grave accident \u00e0 hauteur de Sikilo : Mary Teuw Niane et Khalifa Sall interpellent l&rsquo;Etat\",\"datePublished\":\"2023-01-08T18:21:58+00:00\",\"dateModified\":\"2023-01-08T19:04:16+00:00\",\"mainEntityOfPage\":{\"@id\":\"https:\/\/www.africa-press.net\/senegal\/politique\/grave-accident-a-hauteur-de-sikilo-mary-teuw-niane-et-khalifa-sall-interpellent-letat\"},\"wordCount\":199,\"commentCount\":0,\"image\":{\"@id\":\"https:\/\/www.africa-press.net\/senegal\/politique\/grave-accident-a-hauteur-de-sikilo-mary-teuw-niane-et-khalifa-sall-interpellent-letat#primaryimage\"},\"thumbnailUrl\":\"https:\/\/static.africa-press.net\/senegal\/sites\/13\/2023\/01\/postQueueImg_1673189532.45.jpg\",\"keywords\":[\"Africa Press\",\"Africa Press-Senegal\",\"Senegal\"],\"articleSection\":[\"Politique\",\"Toutes les actualit\u00e9s\"],\"inLanguage\":\"fr-FR\",\"potentialAction\":[{\"@type\":\"CommentAction\",\"name\":\"Comment\",\"target\":[\"https:\/\/www.africa-press.net\/senegal\/politique\/grave-accident-a-hauteur-de-sikilo-mary-teuw-niane-et-khalifa-sall-interpellent-letat#respond\"]}]},{\"@type\":\"WebPage\",\"@id\":\"https:\/\/www.africa-press.net\/senegal\/politique\/grave-accident-a-hauteur-de-sikilo-mary-teuw-niane-et-khalifa-sall-interpellent-letat\",\"url\":\"https:\/\/www.africa-press.net\/senegal\/politique\/grave-accident-a-hauteur-de-sikilo-mary-teuw-niane-et-khalifa-sall-interpellent-letat\",\"name\":\"Grave accident \u00e0 hauteur de Sikilo : Mary Teuw Niane et Khalifa Sall interpellent l'Etat - Senegal\",\"isPartOf\":{\"@id\":\"https:\/\/www.africa-press.net\/senegal\/#website\"},\"primaryImageOfPage\":{\"@id\":\"https:\/\/www.africa-press.net\/senegal\/politique\/grave-accident-a-hauteur-de-sikilo-mary-teuw-niane-et-khalifa-sall-interpellent-letat#primaryimage\"},\"image\":{\"@id\":\"https:\/\/www.africa-press.net\/senegal\/politique\/grave-accident-a-hauteur-de-sikilo-mary-teuw-niane-et-khalifa-sall-interpellent-letat#primaryimage\"},\"thumbnailUrl\":\"https:\/\/static.africa-press.net\/senegal\/sites\/13\/2023\/01\/postQueueImg_1673189532.45.jpg\",\"datePublished\":\"2023-01-08T18:21:58+00:00\",\"dateModified\":\"2023-01-08T19:04:16+00:00\",\"author\":{\"@id\":\"https:\/\/www.africa-press.net\/senegal\/#\/schema\/person\/2b1cf3cd81a31e3cd26889ca66d677f1\"},\"description\":\"Suite au grave accident qui a eu lieu dans la re\u0301gion de Kaffrine a\u0300 hauteur de la localite\u0301 de Sikilo ou\u0300 deux bus sont ...\",\"breadcrumb\":{\"@id\":\"https:\/\/www.africa-press.net\/senegal\/politique\/grave-accident-a-hauteur-de-sikilo-mary-teuw-niane-et-khalifa-sall-interpellent-letat#breadcrumb\"},\"inLanguage\":\"fr-FR\",\"potentialAction\":[{\"@type\":\"ReadAction\",\"target\":[\"https:\/\/www.africa-press.net\/senegal\/politique\/grave-accident-a-hauteur-de-sikilo-mary-teuw-niane-et-khalifa-sall-interpellent-letat\"]}]},{\"@type\":\"ImageObject\",\"inLanguage\":\"fr-FR\",\"@id\":\"https:\/\/www.africa-press.net\/senegal\/politique\/grave-accident-a-hauteur-de-sikilo-mary-teuw-niane-et-khalifa-sall-interpellent-letat#primaryimage\",\"url\":\"https:\/\/static.africa-press.net\/senegal\/sites\/13\/2023\/01\/postQueueImg_1673189532.45.jpg\",\"contentUrl\":\"https:\/\/static.africa-press.net\/senegal\/sites\/13\/2023\/01\/postQueueImg_1673189532.45.jpg\",\"width\":720,\"height\":350,\"caption\":\"Grave accident \u00e0 hauteur de Sikilo : Mary Teuw Niane et Khalifa Sall interpellent l'Etat\"},{\"@type\":\"BreadcrumbList\",\"@id\":\"https:\/\/www.africa-press.net\/senegal\/politique\/grave-accident-a-hauteur-de-sikilo-mary-teuw-niane-et-khalifa-sall-interpellent-letat#breadcrumb\",\"itemListElement\":[{\"@type\":\"ListItem\",\"position\":1,\"name\":\"Accueil\",\"item\":\"https:\/\/www.africa-press.net\/senegal\/\"},{\"@type\":\"ListItem\",\"position\":2,\"name\":\"Grave accident \u00e0 hauteur de Sikilo : Mary Teuw Niane et Khalifa Sall interpellent l&rsquo;Etat\"}]},{\"@type\":\"WebSite\",\"@id\":\"https:\/\/www.africa-press.net\/senegal\/#website\",\"url\":\"https:\/\/www.africa-press.net\/senegal\/\",\"name\":\"Africa Press | Senegal | Homepage\",\"description\":\"Just another Africa News Agency Sites site\",\"potentialAction\":[{\"@type\":\"SearchAction\",\"target\":{\"@type\":\"EntryPoint\",\"urlTemplate\":\"https:\/\/www.africa-press.net\/senegal\/?s={search_term_string}\"},\"query-input\":{\"@type\":\"PropertyValueSpecification\",\"valueRequired\":true,\"valueName\":\"search_term_string\"}}],\"inLanguage\":\"fr-FR\"},{\"@type\":\"Person\",\"@id\":\"https:\/\/www.africa-press.net\/senegal\/#\/schema\/person\/2b1cf3cd81a31e3cd26889ca66d677f1\",\"name\":\"cfeditorfr\",\"url\":\"https:\/\/www.africa-press.net\/senegal\/author\/cfeditorfr\"}]}<\/script>\n<!-- \/ Yoast SEO Premium plugin. -->","yoast_head_json":{"title":"Grave accident \u00e0 hauteur de Sikilo : Mary Teuw Niane et Khalifa Sall interpellent l'Etat - Senegal","description":"Suite au grave accident qui a eu lieu dans la re\u0301gion de Kaffrine a\u0300 hauteur de la localite\u0301 de Sikilo ou\u0300 deux bus sont ...","robots":{"index":"index","follow":"follow","max-snippet":"max-snippet:-1","max-image-preview":"max-image-preview:large","max-video-preview":"max-video-preview:-1"},"canonical":"https:\/\/www.africa-press.net\/senegal\/politique\/grave-accident-a-hauteur-de-sikilo-mary-teuw-niane-et-khalifa-sall-interpellent-letat","og_locale":"fr_FR","og_type":"article","og_title":"Grave accident \u00e0 hauteur de Sikilo : Mary Teuw Niane et Khalifa Sall interpellent l'Etat","og_description":"Suite au grave accident qui a eu lieu dans la re\u0301gion de Kaffrine a\u0300 hauteur de la localite\u0301 de Sikilo ou\u0300 deux bus sont ...","og_url":"https:\/\/www.africa-press.net\/senegal\/politique\/grave-accident-a-hauteur-de-sikilo-mary-teuw-niane-et-khalifa-sall-interpellent-letat","og_site_name":"Senegal","article_published_time":"2023-01-08T18:21:58+00:00","article_modified_time":"2023-01-08T19:04:16+00:00","og_image":[{"width":720,"height":350,"url":"https:\/\/static.africa-press.net\/senegal\/sites\/13\/2023\/01\/postQueueImg_1673189532.45.jpg","type":"image\/jpeg"}],"author":"cfeditorfr","twitter_card":"summary_large_image","twitter_misc":{"\u00c9crit par":"cfeditorfr","Dur\u00e9e de lecture estim\u00e9e":"1 minute"},"schema":{"@context":"https:\/\/schema.org","@graph":[{"@type":"Article","@id":"https:\/\/www.africa-press.net\/senegal\/politique\/grave-accident-a-hauteur-de-sikilo-mary-teuw-niane-et-khalifa-sall-interpellent-letat#article","isPartOf":{"@id":"https:\/\/www.africa-press.net\/senegal\/politique\/grave-accident-a-hauteur-de-sikilo-mary-teuw-niane-et-khalifa-sall-interpellent-letat"},"author":{"name":"cfeditorfr","@id":"https:\/\/www.africa-press.net\/senegal\/#\/schema\/person\/2b1cf3cd81a31e3cd26889ca66d677f1"},"headline":"Grave accident \u00e0 hauteur de Sikilo : Mary Teuw Niane et Khalifa Sall interpellent l&rsquo;Etat","datePublished":"2023-01-08T18:21:58+00:00","dateModified":"2023-01-08T19:04:16+00:00","mainEntityOfPage":{"@id":"https:\/\/www.africa-press.net\/senegal\/politique\/grave-accident-a-hauteur-de-sikilo-mary-teuw-niane-et-khalifa-sall-interpellent-letat"},"wordCount":199,"commentCount":0,"image":{"@id":"https:\/\/www.africa-press.net\/senegal\/politique\/grave-accident-a-hauteur-de-sikilo-mary-teuw-niane-et-khalifa-sall-interpellent-letat#primaryimage"},"thumbnailUrl":"https:\/\/static.africa-press.net\/senegal\/sites\/13\/2023\/01\/postQueueImg_1673189532.45.jpg","keywords":["Africa Press","Africa Press-Senegal","Senegal"],"articleSection":["Politique","Toutes les actualit\u00e9s"],"inLanguage":"fr-FR","potentialAction":[{"@type":"CommentAction","name":"Comment","target":["https:\/\/www.africa-press.net\/senegal\/politique\/grave-accident-a-hauteur-de-sikilo-mary-teuw-niane-et-khalifa-sall-interpellent-letat#respond"]}]},{"@type":"WebPage","@id":"https:\/\/www.africa-press.net\/senegal\/politique\/grave-accident-a-hauteur-de-sikilo-mary-teuw-niane-et-khalifa-sall-interpellent-letat","url":"https:\/\/www.africa-press.net\/senegal\/politique\/grave-accident-a-hauteur-de-sikilo-mary-teuw-niane-et-khalifa-sall-interpellent-letat","name":"Grave accident \u00e0 hauteur de Sikilo : Mary Teuw Niane et Khalifa Sall interpellent l'Etat - Senegal","isPartOf":{"@id":"https:\/\/www.africa-press.net\/senegal\/#website"},"primaryImageOfPage":{"@id":"https:\/\/www.africa-press.net\/senegal\/politique\/grave-accident-a-hauteur-de-sikilo-mary-teuw-niane-et-khalifa-sall-interpellent-letat#primaryimage"},"image":{"@id":"https:\/\/www.africa-press.net\/senegal\/politique\/grave-accident-a-hauteur-de-sikilo-mary-teuw-niane-et-khalifa-sall-interpellent-letat#primaryimage"},"thumbnailUrl":"https:\/\/static.africa-press.net\/senegal\/sites\/13\/2023\/01\/postQueueImg_1673189532.45.jpg","datePublished":"2023-01-08T18:21:58+00:00","dateModified":"2023-01-08T19:04:16+00:00","author":{"@id":"https:\/\/www.africa-press.net\/senegal\/#\/schema\/person\/2b1cf3cd81a31e3cd26889ca66d677f1"},"description":"Suite au grave accident qui a eu lieu dans la re\u0301gion de Kaffrine a\u0300 hauteur de la localite\u0301 de Sikilo ou\u0300 deux bus sont ...","breadcrumb":{"@id":"https:\/\/www.africa-press.net\/senegal\/politique\/grave-accident-a-hauteur-de-sikilo-mary-teuw-niane-et-khalifa-sall-interpellent-letat#breadcrumb"},"inLanguage":"fr-FR","potentialAction":[{"@type":"ReadAction","target":["https:\/\/www.africa-press.net\/senegal\/politique\/grave-accident-a-hauteur-de-sikilo-mary-teuw-niane-et-khalifa-sall-interpellent-letat"]}]},{"@type":"ImageObject","inLanguage":"fr-FR","@id":"https:\/\/www.africa-press.net\/senegal\/politique\/grave-accident-a-hauteur-de-sikilo-mary-teuw-niane-et-khalifa-sall-interpellent-letat#primaryimage","url":"https:\/\/static.africa-press.net\/senegal\/sites\/13\/2023\/01\/postQueueImg_1673189532.45.jpg","contentUrl":"https:\/\/static.africa-press.net\/senegal\/sites\/13\/2023\/01\/postQueueImg_1673189532.45.jpg","width":720,"height":350,"caption":"Grave accident \u00e0 hauteur de Sikilo : Mary Teuw Niane et Khalifa Sall interpellent l'Etat"},{"@type":"BreadcrumbList","@id":"https:\/\/www.africa-press.net\/senegal\/politique\/grave-accident-a-hauteur-de-sikilo-mary-teuw-niane-et-khalifa-sall-interpellent-letat#breadcrumb","itemListElement":[{"@type":"ListItem","position":1,"name":"Accueil","item":"https:\/\/www.africa-press.net\/senegal\/"},{"@type":"ListItem","position":2,"name":"Grave accident \u00e0 hauteur de Sikilo : Mary Teuw Niane et Khalifa Sall interpellent l&rsquo;Etat"}]},{"@type":"WebSite","@id":"https:\/\/www.africa-press.net\/senegal\/#website","url":"https:\/\/www.africa-press.net\/senegal\/","name":"Africa Press | Senegal | Homepage","description":"Just another Africa News Agency Sites site","potentialAction":[{"@type":"SearchAction","target":{"@type":"EntryPoint","urlTemplate":"https:\/\/www.africa-press.net\/senegal\/?s={search_term_string}"},"query-input":{"@type":"PropertyValueSpecification","valueRequired":true,"valueName":"search_term_string"}}],"inLanguage":"fr-FR"},{"@type":"Person","@id":"https:\/\/www.africa-press.net\/senegal\/#\/schema\/person\/2b1cf3cd81a31e3cd26889ca66d677f1","name":"cfeditorfr","url":"https:\/\/www.africa-press.net\/senegal\/author\/cfeditorfr"}]}},"_links":{"self":[{"href":"https:\/\/www.africa-press.net\/senegal\/wp-json\/wp\/v2\/posts\/37785","targetHints":{"allow":["GET"]}}],"collection":[{"href":"https:\/\/www.africa-press.net\/senegal\/wp-json\/wp\/v2\/posts"}],"about":[{"href":"https:\/\/www.africa-press.net\/senegal\/wp-json\/wp\/v2\/types\/post"}],"author":[{"embeddable":true,"href":"https:\/\/www.africa-press.net\/senegal\/wp-json\/wp\/v2\/users\/82"}],"replies":[{"embeddable":true,"href":"https:\/\/www.africa-press.net\/senegal\/wp-json\/wp\/v2\/comments?post=37785"}],"version-history":[{"count":0,"href":"https:\/\/www.africa-press.net\/senegal\/wp-json\/wp\/v2\/posts\/37785\/revisions"}],"wp:featuredmedia":[{"embeddable":true,"href":"https:\/\/www.africa-press.net\/senegal\/wp-json\/wp\/v2\/media\/37784"}],"wp:attachment":[{"href":"https:\/\/www.africa-press.net\/senegal\/wp-json\/wp\/v2\/media?parent=37785"}],"wp:term":[{"taxonomy":"category","embeddable":true,"href":"https:\/\/www.africa-press.net\/senegal\/wp-json\/wp\/v2\/categories?post=37785"},{"taxonomy":"post_tag","embeddable":true,"href":"https:\/\/www.africa-press.net\/senegal\/wp-json\/wp\/v2\/tags?post=37785"}],"curies":[{"name":"wp","href":"https:\/\/api.w.org\/{rel}","templated":true}]}}