{"id":37788,"date":"2023-01-08T18:23:06","date_gmt":"2023-01-08T18:23:06","guid":{"rendered":"https:\/\/www.africa-press.net\/senegal\/politique\/accident-de-kaffrine-macky-sall-annonce-trois-jours-de-deuil-national-et-un-conseil-interministeriel"},"modified":"2023-01-08T19:05:19","modified_gmt":"2023-01-08T19:05:19","slug":"accident-de-kaffrine-macky-sall-annonce-trois-jours-de-deuil-national-et-un-conseil-interministeriel","status":"publish","type":"post","link":"https:\/\/www.africa-press.net\/senegal\/politique\/accident-de-kaffrine-macky-sall-annonce-trois-jours-de-deuil-national-et-un-conseil-interministeriel","title":{"rendered":"Accident de Kaffrine : Macky Sall annonce trois jours de deuil national et un Conseil interminist\u00e9riel"},"content":{"rendered":"<p><span style=\"color: #ff6600\"><strong>Africa-Press &#8211; Senegal. <\/strong><\/span>Dans la nuit de samedi a\u0300 dimanche a\u0300 Sikilo (Kaffrine), un bus venant de Dakar est entre\u0301 en collision avec un autre parti de Ke\u0301dougou. Le bilan de l\u2019accident s\u2019est alourdi. Il est passe\u0301 de 38 a\u0300 54 morts et pourrait encore grimper avec les nombreux blesse\u0301s graves de\u0301nombre\u0301s.<\/p>\n<p>Quelques heures apre\u0300s le drame, le Pre\u0301sident Macky Sall a de\u0301cre\u0301te\u0301 un deuil national de trois jours a\u0300 partir de demain, lundi 9 janvier. Le chef de l\u2019E\u0301tat a annonce\u0301 la mesure sur Twitter en ajoutant qu\u2019un Conseil interministe\u0301riel se tiendra le me\u0302me jour pour l\u2019adoption \u00abde mesures fermes sur la se\u0301curite\u0301 routie\u0300re et le transport public des voyageurs\u00bb.<\/p>\n<p>En ce moment, une de\u0301le\u0301gation gouvernementale est a\u0300 Kaffrine. Elle est compose\u0301e des ministres des Transports terrestres, Mansour Faye, de la Sante\u0301, Marie Kermesse Ngom, de l\u2019E\u0301quite\u0301 territoriale et de la Solidarite\u0301 nationale, Samba Ndiobe\u0300ne Ka, et de l\u2019Urbanisme, Abdoulaye Seydou Sow, qui est en me\u0302me temps maire de Kaffrine.<\/p>\n<p><strong>Pour plus d&rsquo;informations et d&rsquo;analyses sur la <a href=\"https:\/\/www.africa-press.net\/senegal\">Senegal<\/a>, suivez <a href=\"https:\/\/www.africa-press.net\/\">Africa-Press<\/a><\/strong><\/p>\n","protected":false},"excerpt":{"rendered":"<p>Africa-Press &#8211; Senegal. Dans la nuit de samedi a\u0300 dimanche a\u0300 Sikilo (Kaffrine), un bus venant de Dakar est entre\u0301 en collision avec un autre parti de Ke\u0301dougou. Le bilan de l\u2019accident s\u2019est alourdi. Il est passe\u0301 de 38 a\u0300 54 morts et pourrait encore grimper avec les nombreux blesse\u0301s graves de\u0301nombre\u0301s. Quelques heures apre\u0300s [&hellip;]<\/p>\n","protected":false},"author":82,"featured_media":37786,"comment_status":"open","ping_status":"closed","sticky":false,"template":"","format":"standard","meta":{"footnotes":""},"categories":[2,20,10],"tags":[43,47,44],"class_list":["post-37788","post","type-post","status-publish","format-standard","has-post-thumbnail","hentry","category-politique","category-top-nouvelles","category-toutes-les-actualites","tag-africa-press-2","tag-africa-press-senegal","tag-senegal-2"],"yoast_head":"<!-- This site is optimized with the Yoast SEO Premium plugin v26.1 (Yoast SEO v27.0) - https:\/\/yoast.com\/product\/yoast-seo-premium-wordpress\/ -->\n<title>Accident de Kaffrine : Macky Sall annonce trois jours de deuil national et un Conseil interminist\u00e9riel - Senegal<\/title>\n<meta name=\"description\" content=\"Dans la nuit de samedi a\u0300 dimanche a\u0300 Sikilo (Kaffrine), un bus venant de Dakar est entre\u0301 en collision avec un autre pa ...\" \/>\n<meta name=\"robots\" content=\"index, follow, max-snippet:-1, max-image-preview:large, max-video-preview:-1\" \/>\n<link rel=\"canonical\" href=\"https:\/\/www.africa-press.net\/senegal\/politique\/accident-de-kaffrine-macky-sall-annonce-trois-jours-de-deuil-national-et-un-conseil-interministeriel\" \/>\n<meta property=\"og:locale\" content=\"fr_FR\" \/>\n<meta property=\"og:type\" content=\"article\" \/>\n<meta property=\"og:title\" content=\"Accident de Kaffrine : Macky Sall annonce trois jours de deuil national et un Conseil interminist\u00e9riel\" \/>\n<meta property=\"og:description\" content=\"Dans la nuit de samedi a\u0300 dimanche a\u0300 Sikilo (Kaffrine), un bus venant de Dakar est entre\u0301 en collision avec un autre pa ...\" \/>\n<meta property=\"og:url\" content=\"https:\/\/www.africa-press.net\/senegal\/politique\/accident-de-kaffrine-macky-sall-annonce-trois-jours-de-deuil-national-et-un-conseil-interministeriel\" \/>\n<meta property=\"og:site_name\" content=\"Senegal\" \/>\n<meta property=\"article:published_time\" content=\"2023-01-08T18:23:06+00:00\" \/>\n<meta property=\"article:modified_time\" content=\"2023-01-08T19:05:19+00:00\" \/>\n<meta property=\"og:image\" content=\"https:\/\/static.africa-press.net\/senegal\/sites\/13\/2023\/01\/postQueueImg_1673189958.54.jpg\" \/>\n\t<meta property=\"og:image:width\" content=\"720\" \/>\n\t<meta property=\"og:image:height\" content=\"350\" \/>\n\t<meta property=\"og:image:type\" content=\"image\/jpeg\" \/>\n<meta name=\"author\" content=\"cfeditorfr\" \/>\n<meta name=\"twitter:card\" content=\"summary_large_image\" \/>\n<meta name=\"twitter:label1\" content=\"\u00c9crit par\" \/>\n\t<meta name=\"twitter:data1\" content=\"cfeditorfr\" \/>\n\t<meta name=\"twitter:label2\" content=\"Dur\u00e9e de lecture estim\u00e9e\" \/>\n\t<meta name=\"twitter:data2\" content=\"1 minute\" \/>\n<script type=\"application\/ld+json\" class=\"yoast-schema-graph\">{\"@context\":\"https:\/\/schema.org\",\"@graph\":[{\"@type\":\"Article\",\"@id\":\"https:\/\/www.africa-press.net\/senegal\/politique\/accident-de-kaffrine-macky-sall-annonce-trois-jours-de-deuil-national-et-un-conseil-interministeriel#article\",\"isPartOf\":{\"@id\":\"https:\/\/www.africa-press.net\/senegal\/politique\/accident-de-kaffrine-macky-sall-annonce-trois-jours-de-deuil-national-et-un-conseil-interministeriel\"},\"author\":{\"name\":\"cfeditorfr\",\"@id\":\"https:\/\/www.africa-press.net\/senegal\/#\/schema\/person\/2b1cf3cd81a31e3cd26889ca66d677f1\"},\"headline\":\"Accident de Kaffrine : Macky Sall annonce trois jours de deuil national et un Conseil interminist\u00e9riel\",\"datePublished\":\"2023-01-08T18:23:06+00:00\",\"dateModified\":\"2023-01-08T19:05:19+00:00\",\"mainEntityOfPage\":{\"@id\":\"https:\/\/www.africa-press.net\/senegal\/politique\/accident-de-kaffrine-macky-sall-annonce-trois-jours-de-deuil-national-et-un-conseil-interministeriel\"},\"wordCount\":212,\"commentCount\":0,\"image\":{\"@id\":\"https:\/\/www.africa-press.net\/senegal\/politique\/accident-de-kaffrine-macky-sall-annonce-trois-jours-de-deuil-national-et-un-conseil-interministeriel#primaryimage\"},\"thumbnailUrl\":\"https:\/\/static.africa-press.net\/senegal\/sites\/13\/2023\/01\/postQueueImg_1673189958.54.jpg\",\"keywords\":[\"Africa Press\",\"Africa Press-Senegal\",\"Senegal\"],\"articleSection\":[\"Politique\",\"Top Nouvelles\",\"Toutes les actualit\u00e9s\"],\"inLanguage\":\"fr-FR\",\"potentialAction\":[{\"@type\":\"CommentAction\",\"name\":\"Comment\",\"target\":[\"https:\/\/www.africa-press.net\/senegal\/politique\/accident-de-kaffrine-macky-sall-annonce-trois-jours-de-deuil-national-et-un-conseil-interministeriel#respond\"]}]},{\"@type\":\"WebPage\",\"@id\":\"https:\/\/www.africa-press.net\/senegal\/politique\/accident-de-kaffrine-macky-sall-annonce-trois-jours-de-deuil-national-et-un-conseil-interministeriel\",\"url\":\"https:\/\/www.africa-press.net\/senegal\/politique\/accident-de-kaffrine-macky-sall-annonce-trois-jours-de-deuil-national-et-un-conseil-interministeriel\",\"name\":\"Accident de Kaffrine : Macky Sall annonce trois jours de deuil national et un Conseil interminist\u00e9riel - Senegal\",\"isPartOf\":{\"@id\":\"https:\/\/www.africa-press.net\/senegal\/#website\"},\"primaryImageOfPage\":{\"@id\":\"https:\/\/www.africa-press.net\/senegal\/politique\/accident-de-kaffrine-macky-sall-annonce-trois-jours-de-deuil-national-et-un-conseil-interministeriel#primaryimage\"},\"image\":{\"@id\":\"https:\/\/www.africa-press.net\/senegal\/politique\/accident-de-kaffrine-macky-sall-annonce-trois-jours-de-deuil-national-et-un-conseil-interministeriel#primaryimage\"},\"thumbnailUrl\":\"https:\/\/static.africa-press.net\/senegal\/sites\/13\/2023\/01\/postQueueImg_1673189958.54.jpg\",\"datePublished\":\"2023-01-08T18:23:06+00:00\",\"dateModified\":\"2023-01-08T19:05:19+00:00\",\"author\":{\"@id\":\"https:\/\/www.africa-press.net\/senegal\/#\/schema\/person\/2b1cf3cd81a31e3cd26889ca66d677f1\"},\"description\":\"Dans la nuit de samedi a\u0300 dimanche a\u0300 Sikilo (Kaffrine), un bus venant de Dakar est entre\u0301 en collision avec un autre pa ...\",\"breadcrumb\":{\"@id\":\"https:\/\/www.africa-press.net\/senegal\/politique\/accident-de-kaffrine-macky-sall-annonce-trois-jours-de-deuil-national-et-un-conseil-interministeriel#breadcrumb\"},\"inLanguage\":\"fr-FR\",\"potentialAction\":[{\"@type\":\"ReadAction\",\"target\":[\"https:\/\/www.africa-press.net\/senegal\/politique\/accident-de-kaffrine-macky-sall-annonce-trois-jours-de-deuil-national-et-un-conseil-interministeriel\"]}]},{\"@type\":\"ImageObject\",\"inLanguage\":\"fr-FR\",\"@id\":\"https:\/\/www.africa-press.net\/senegal\/politique\/accident-de-kaffrine-macky-sall-annonce-trois-jours-de-deuil-national-et-un-conseil-interministeriel#primaryimage\",\"url\":\"https:\/\/static.africa-press.net\/senegal\/sites\/13\/2023\/01\/postQueueImg_1673189958.54.jpg\",\"contentUrl\":\"https:\/\/static.africa-press.net\/senegal\/sites\/13\/2023\/01\/postQueueImg_1673189958.54.jpg\",\"width\":720,\"height\":350,\"caption\":\"Accident de Kaffrine : Macky Sall annonce trois jours de deuil national et un Conseil interminist\u00e9riel\"},{\"@type\":\"BreadcrumbList\",\"@id\":\"https:\/\/www.africa-press.net\/senegal\/politique\/accident-de-kaffrine-macky-sall-annonce-trois-jours-de-deuil-national-et-un-conseil-interministeriel#breadcrumb\",\"itemListElement\":[{\"@type\":\"ListItem\",\"position\":1,\"name\":\"Accueil\",\"item\":\"https:\/\/www.africa-press.net\/senegal\/\"},{\"@type\":\"ListItem\",\"position\":2,\"name\":\"Accident de Kaffrine : Macky Sall annonce trois jours de deuil national et un Conseil interminist\u00e9riel\"}]},{\"@type\":\"WebSite\",\"@id\":\"https:\/\/www.africa-press.net\/senegal\/#website\",\"url\":\"https:\/\/www.africa-press.net\/senegal\/\",\"name\":\"Africa Press | Senegal | Homepage\",\"description\":\"Just another Africa News Agency Sites site\",\"potentialAction\":[{\"@type\":\"SearchAction\",\"target\":{\"@type\":\"EntryPoint\",\"urlTemplate\":\"https:\/\/www.africa-press.net\/senegal\/?s={search_term_string}\"},\"query-input\":{\"@type\":\"PropertyValueSpecification\",\"valueRequired\":true,\"valueName\":\"search_term_string\"}}],\"inLanguage\":\"fr-FR\"},{\"@type\":\"Person\",\"@id\":\"https:\/\/www.africa-press.net\/senegal\/#\/schema\/person\/2b1cf3cd81a31e3cd26889ca66d677f1\",\"name\":\"cfeditorfr\",\"url\":\"https:\/\/www.africa-press.net\/senegal\/author\/cfeditorfr\"}]}<\/script>\n<!-- \/ Yoast SEO Premium plugin. -->","yoast_head_json":{"title":"Accident de Kaffrine : Macky Sall annonce trois jours de deuil national et un Conseil interminist\u00e9riel - Senegal","description":"Dans la nuit de samedi a\u0300 dimanche a\u0300 Sikilo (Kaffrine), un bus venant de Dakar est entre\u0301 en collision avec un autre pa ...","robots":{"index":"index","follow":"follow","max-snippet":"max-snippet:-1","max-image-preview":"max-image-preview:large","max-video-preview":"max-video-preview:-1"},"canonical":"https:\/\/www.africa-press.net\/senegal\/politique\/accident-de-kaffrine-macky-sall-annonce-trois-jours-de-deuil-national-et-un-conseil-interministeriel","og_locale":"fr_FR","og_type":"article","og_title":"Accident de Kaffrine : Macky Sall annonce trois jours de deuil national et un Conseil interminist\u00e9riel","og_description":"Dans la nuit de samedi a\u0300 dimanche a\u0300 Sikilo (Kaffrine), un bus venant de Dakar est entre\u0301 en collision avec un autre pa ...","og_url":"https:\/\/www.africa-press.net\/senegal\/politique\/accident-de-kaffrine-macky-sall-annonce-trois-jours-de-deuil-national-et-un-conseil-interministeriel","og_site_name":"Senegal","article_published_time":"2023-01-08T18:23:06+00:00","article_modified_time":"2023-01-08T19:05:19+00:00","og_image":[{"width":720,"height":350,"url":"https:\/\/static.africa-press.net\/senegal\/sites\/13\/2023\/01\/postQueueImg_1673189958.54.jpg","type":"image\/jpeg"}],"author":"cfeditorfr","twitter_card":"summary_large_image","twitter_misc":{"\u00c9crit par":"cfeditorfr","Dur\u00e9e de lecture estim\u00e9e":"1 minute"},"schema":{"@context":"https:\/\/schema.org","@graph":[{"@type":"Article","@id":"https:\/\/www.africa-press.net\/senegal\/politique\/accident-de-kaffrine-macky-sall-annonce-trois-jours-de-deuil-national-et-un-conseil-interministeriel#article","isPartOf":{"@id":"https:\/\/www.africa-press.net\/senegal\/politique\/accident-de-kaffrine-macky-sall-annonce-trois-jours-de-deuil-national-et-un-conseil-interministeriel"},"author":{"name":"cfeditorfr","@id":"https:\/\/www.africa-press.net\/senegal\/#\/schema\/person\/2b1cf3cd81a31e3cd26889ca66d677f1"},"headline":"Accident de Kaffrine : Macky Sall annonce trois jours de deuil national et un Conseil interminist\u00e9riel","datePublished":"2023-01-08T18:23:06+00:00","dateModified":"2023-01-08T19:05:19+00:00","mainEntityOfPage":{"@id":"https:\/\/www.africa-press.net\/senegal\/politique\/accident-de-kaffrine-macky-sall-annonce-trois-jours-de-deuil-national-et-un-conseil-interministeriel"},"wordCount":212,"commentCount":0,"image":{"@id":"https:\/\/www.africa-press.net\/senegal\/politique\/accident-de-kaffrine-macky-sall-annonce-trois-jours-de-deuil-national-et-un-conseil-interministeriel#primaryimage"},"thumbnailUrl":"https:\/\/static.africa-press.net\/senegal\/sites\/13\/2023\/01\/postQueueImg_1673189958.54.jpg","keywords":["Africa Press","Africa Press-Senegal","Senegal"],"articleSection":["Politique","Top Nouvelles","Toutes les actualit\u00e9s"],"inLanguage":"fr-FR","potentialAction":[{"@type":"CommentAction","name":"Comment","target":["https:\/\/www.africa-press.net\/senegal\/politique\/accident-de-kaffrine-macky-sall-annonce-trois-jours-de-deuil-national-et-un-conseil-interministeriel#respond"]}]},{"@type":"WebPage","@id":"https:\/\/www.africa-press.net\/senegal\/politique\/accident-de-kaffrine-macky-sall-annonce-trois-jours-de-deuil-national-et-un-conseil-interministeriel","url":"https:\/\/www.africa-press.net\/senegal\/politique\/accident-de-kaffrine-macky-sall-annonce-trois-jours-de-deuil-national-et-un-conseil-interministeriel","name":"Accident de Kaffrine : Macky Sall annonce trois jours de deuil national et un Conseil interminist\u00e9riel - Senegal","isPartOf":{"@id":"https:\/\/www.africa-press.net\/senegal\/#website"},"primaryImageOfPage":{"@id":"https:\/\/www.africa-press.net\/senegal\/politique\/accident-de-kaffrine-macky-sall-annonce-trois-jours-de-deuil-national-et-un-conseil-interministeriel#primaryimage"},"image":{"@id":"https:\/\/www.africa-press.net\/senegal\/politique\/accident-de-kaffrine-macky-sall-annonce-trois-jours-de-deuil-national-et-un-conseil-interministeriel#primaryimage"},"thumbnailUrl":"https:\/\/static.africa-press.net\/senegal\/sites\/13\/2023\/01\/postQueueImg_1673189958.54.jpg","datePublished":"2023-01-08T18:23:06+00:00","dateModified":"2023-01-08T19:05:19+00:00","author":{"@id":"https:\/\/www.africa-press.net\/senegal\/#\/schema\/person\/2b1cf3cd81a31e3cd26889ca66d677f1"},"description":"Dans la nuit de samedi a\u0300 dimanche a\u0300 Sikilo (Kaffrine), un bus venant de Dakar est entre\u0301 en collision avec un autre pa ...","breadcrumb":{"@id":"https:\/\/www.africa-press.net\/senegal\/politique\/accident-de-kaffrine-macky-sall-annonce-trois-jours-de-deuil-national-et-un-conseil-interministeriel#breadcrumb"},"inLanguage":"fr-FR","potentialAction":[{"@type":"ReadAction","target":["https:\/\/www.africa-press.net\/senegal\/politique\/accident-de-kaffrine-macky-sall-annonce-trois-jours-de-deuil-national-et-un-conseil-interministeriel"]}]},{"@type":"ImageObject","inLanguage":"fr-FR","@id":"https:\/\/www.africa-press.net\/senegal\/politique\/accident-de-kaffrine-macky-sall-annonce-trois-jours-de-deuil-national-et-un-conseil-interministeriel#primaryimage","url":"https:\/\/static.africa-press.net\/senegal\/sites\/13\/2023\/01\/postQueueImg_1673189958.54.jpg","contentUrl":"https:\/\/static.africa-press.net\/senegal\/sites\/13\/2023\/01\/postQueueImg_1673189958.54.jpg","width":720,"height":350,"caption":"Accident de Kaffrine : Macky Sall annonce trois jours de deuil national et un Conseil interminist\u00e9riel"},{"@type":"BreadcrumbList","@id":"https:\/\/www.africa-press.net\/senegal\/politique\/accident-de-kaffrine-macky-sall-annonce-trois-jours-de-deuil-national-et-un-conseil-interministeriel#breadcrumb","itemListElement":[{"@type":"ListItem","position":1,"name":"Accueil","item":"https:\/\/www.africa-press.net\/senegal\/"},{"@type":"ListItem","position":2,"name":"Accident de Kaffrine : Macky Sall annonce trois jours de deuil national et un Conseil interminist\u00e9riel"}]},{"@type":"WebSite","@id":"https:\/\/www.africa-press.net\/senegal\/#website","url":"https:\/\/www.africa-press.net\/senegal\/","name":"Africa Press | Senegal | Homepage","description":"Just another Africa News Agency Sites site","potentialAction":[{"@type":"SearchAction","target":{"@type":"EntryPoint","urlTemplate":"https:\/\/www.africa-press.net\/senegal\/?s={search_term_string}"},"query-input":{"@type":"PropertyValueSpecification","valueRequired":true,"valueName":"search_term_string"}}],"inLanguage":"fr-FR"},{"@type":"Person","@id":"https:\/\/www.africa-press.net\/senegal\/#\/schema\/person\/2b1cf3cd81a31e3cd26889ca66d677f1","name":"cfeditorfr","url":"https:\/\/www.africa-press.net\/senegal\/author\/cfeditorfr"}]}},"_links":{"self":[{"href":"https:\/\/www.africa-press.net\/senegal\/wp-json\/wp\/v2\/posts\/37788","targetHints":{"allow":["GET"]}}],"collection":[{"href":"https:\/\/www.africa-press.net\/senegal\/wp-json\/wp\/v2\/posts"}],"about":[{"href":"https:\/\/www.africa-press.net\/senegal\/wp-json\/wp\/v2\/types\/post"}],"author":[{"embeddable":true,"href":"https:\/\/www.africa-press.net\/senegal\/wp-json\/wp\/v2\/users\/82"}],"replies":[{"embeddable":true,"href":"https:\/\/www.africa-press.net\/senegal\/wp-json\/wp\/v2\/comments?post=37788"}],"version-history":[{"count":0,"href":"https:\/\/www.africa-press.net\/senegal\/wp-json\/wp\/v2\/posts\/37788\/revisions"}],"wp:featuredmedia":[{"embeddable":true,"href":"https:\/\/www.africa-press.net\/senegal\/wp-json\/wp\/v2\/media\/37786"}],"wp:attachment":[{"href":"https:\/\/www.africa-press.net\/senegal\/wp-json\/wp\/v2\/media?parent=37788"}],"wp:term":[{"taxonomy":"category","embeddable":true,"href":"https:\/\/www.africa-press.net\/senegal\/wp-json\/wp\/v2\/categories?post=37788"},{"taxonomy":"post_tag","embeddable":true,"href":"https:\/\/www.africa-press.net\/senegal\/wp-json\/wp\/v2\/tags?post=37788"}],"curies":[{"name":"wp","href":"https:\/\/api.w.org\/{rel}","templated":true}]}}