{"id":37794,"date":"2023-01-08T18:31:35","date_gmt":"2023-01-08T18:31:35","guid":{"rendered":"https:\/\/www.africa-press.net\/senegal\/politique\/accident-de-kaffrine-aliou-cisse-exprime-sa-compassion-aux-familles-des-victimes"},"modified":"2023-01-08T19:07:16","modified_gmt":"2023-01-08T19:07:16","slug":"accident-de-kaffrine-aliou-cisse-exprime-sa-compassion-aux-familles-des-victimes","status":"publish","type":"post","link":"https:\/\/www.africa-press.net\/senegal\/politique\/accident-de-kaffrine-aliou-cisse-exprime-sa-compassion-aux-familles-des-victimes","title":{"rendered":"Accident de Kaffrine : Aliou Ciss\u00e9 exprime sa \u00ab\u00a0compassion\u00a0\u00bb aux familles des victimes"},"content":{"rendered":"<p><span style=\"color: #ff6600\"><strong>Africa-Press &#8211; Senegal. <\/strong><\/span>Le se\u0301lectionneur de l\u2019e\u0301quipe nationale de football du Se\u0301ne\u0301gal s\u2019est joint aux hommages a\u0300 l\u2019endroit des victimes du tragique accident ayant eu lieu dans la nuit du samedi au dimanche a\u0300 Kaffrine.<\/p>\n<p><b>\u00ab Rien ne saurait remplacer une vie humaine, dit Aliou Cisse\u0301.<\/b><\/p>\n<p>Je suis triste et en deuil pour toutes ces vies perdues dans l\u2019accident tragique de Gniby ! J\u2019aimerais exprimer ma compassion et mes since\u0300res condole\u0301ances ainsi que celles de l\u2019encadrement technique des lions et des joueurs qui sont tre\u0300s affecte\u0301s par le drame, aux familles des victimes, au peuple se\u0301ne\u0301galais, au Pre\u0301sident de la Re\u0301publique et a\u0300 toutes les autorite\u0301s religieuses, coutumie\u0300res et politiques du pays ! Prie\u0300res pour le repos de l\u2019a\u0302me des disparus ! Pense\u0301es pour les proches ! \u00bb.<\/p>\n<p><strong>Pour plus d&rsquo;informations et d&rsquo;analyses sur la <a href=\"https:\/\/www.africa-press.net\/senegal\">Senegal<\/a>, suivez <a href=\"https:\/\/www.africa-press.net\/\">Africa-Press<\/a><\/strong><\/p>\n","protected":false},"excerpt":{"rendered":"<p>Africa-Press &#8211; Senegal. Le se\u0301lectionneur de l\u2019e\u0301quipe nationale de football du Se\u0301ne\u0301gal s\u2019est joint aux hommages a\u0300 l\u2019endroit des victimes du tragique accident ayant eu lieu dans la nuit du samedi au dimanche a\u0300 Kaffrine. \u00ab Rien ne saurait remplacer une vie humaine, dit Aliou Cisse\u0301. Je suis triste et en deuil pour toutes ces [&hellip;]<\/p>\n","protected":false},"author":82,"featured_media":37793,"comment_status":"open","ping_status":"closed","sticky":false,"template":"","format":"standard","meta":{"footnotes":""},"categories":[2,6,10],"tags":[43,47,44],"class_list":["post-37794","post","type-post","status-publish","format-standard","has-post-thumbnail","hentry","category-politique","category-sports","category-toutes-les-actualites","tag-africa-press-2","tag-africa-press-senegal","tag-senegal-2"],"yoast_head":"<!-- This site is optimized with the Yoast SEO Premium plugin v26.1 (Yoast SEO v27.0) - https:\/\/yoast.com\/product\/yoast-seo-premium-wordpress\/ -->\n<title>Accident de Kaffrine : Aliou Ciss\u00e9 exprime sa &quot;compassion&quot; aux familles des victimes - Senegal<\/title>\n<meta name=\"description\" content=\"Le se\u0301lectionneur de l\u2019e\u0301quipe nationale de football du Se\u0301ne\u0301gal s\u2019est joint aux hommages a\u0300 l\u2019endroit des victimes du ...\" \/>\n<meta name=\"robots\" content=\"index, follow, max-snippet:-1, max-image-preview:large, max-video-preview:-1\" \/>\n<link rel=\"canonical\" href=\"https:\/\/www.africa-press.net\/senegal\/politique\/accident-de-kaffrine-aliou-cisse-exprime-sa-compassion-aux-familles-des-victimes\" \/>\n<meta property=\"og:locale\" content=\"fr_FR\" \/>\n<meta property=\"og:type\" content=\"article\" \/>\n<meta property=\"og:title\" content=\"Accident de Kaffrine : Aliou Ciss\u00e9 exprime sa &quot;compassion&quot; aux familles des victimes\" \/>\n<meta property=\"og:description\" content=\"Le se\u0301lectionneur de l\u2019e\u0301quipe nationale de football du Se\u0301ne\u0301gal s\u2019est joint aux hommages a\u0300 l\u2019endroit des victimes du ...\" \/>\n<meta property=\"og:url\" content=\"https:\/\/www.africa-press.net\/senegal\/politique\/accident-de-kaffrine-aliou-cisse-exprime-sa-compassion-aux-familles-des-victimes\" \/>\n<meta property=\"og:site_name\" content=\"Senegal\" \/>\n<meta property=\"article:published_time\" content=\"2023-01-08T18:31:35+00:00\" \/>\n<meta property=\"article:modified_time\" content=\"2023-01-08T19:07:16+00:00\" \/>\n<meta property=\"og:image\" content=\"https:\/\/static.africa-press.net\/senegal\/sites\/13\/2023\/01\/postQueueImg_1673190213.34.jpg\" \/>\n\t<meta property=\"og:image:width\" content=\"720\" \/>\n\t<meta property=\"og:image:height\" content=\"350\" \/>\n\t<meta property=\"og:image:type\" content=\"image\/jpeg\" \/>\n<meta name=\"author\" content=\"cfeditorfr\" \/>\n<meta name=\"twitter:card\" content=\"summary_large_image\" \/>\n<meta name=\"twitter:label1\" content=\"\u00c9crit par\" \/>\n\t<meta name=\"twitter:data1\" content=\"cfeditorfr\" \/>\n\t<meta name=\"twitter:label2\" content=\"Dur\u00e9e de lecture estim\u00e9e\" \/>\n\t<meta name=\"twitter:data2\" content=\"1 minute\" \/>\n<script type=\"application\/ld+json\" class=\"yoast-schema-graph\">{\"@context\":\"https:\/\/schema.org\",\"@graph\":[{\"@type\":\"Article\",\"@id\":\"https:\/\/www.africa-press.net\/senegal\/politique\/accident-de-kaffrine-aliou-cisse-exprime-sa-compassion-aux-familles-des-victimes#article\",\"isPartOf\":{\"@id\":\"https:\/\/www.africa-press.net\/senegal\/politique\/accident-de-kaffrine-aliou-cisse-exprime-sa-compassion-aux-familles-des-victimes\"},\"author\":{\"name\":\"cfeditorfr\",\"@id\":\"https:\/\/www.africa-press.net\/senegal\/#\/schema\/person\/2b1cf3cd81a31e3cd26889ca66d677f1\"},\"headline\":\"Accident de Kaffrine : Aliou Ciss\u00e9 exprime sa \u00ab\u00a0compassion\u00a0\u00bb aux familles des victimes\",\"datePublished\":\"2023-01-08T18:31:35+00:00\",\"dateModified\":\"2023-01-08T19:07:16+00:00\",\"mainEntityOfPage\":{\"@id\":\"https:\/\/www.africa-press.net\/senegal\/politique\/accident-de-kaffrine-aliou-cisse-exprime-sa-compassion-aux-familles-des-victimes\"},\"wordCount\":170,\"commentCount\":0,\"image\":{\"@id\":\"https:\/\/www.africa-press.net\/senegal\/politique\/accident-de-kaffrine-aliou-cisse-exprime-sa-compassion-aux-familles-des-victimes#primaryimage\"},\"thumbnailUrl\":\"https:\/\/static.africa-press.net\/senegal\/sites\/13\/2023\/01\/postQueueImg_1673190213.34.jpg\",\"keywords\":[\"Africa Press\",\"Africa Press-Senegal\",\"Senegal\"],\"articleSection\":[\"Politique\",\"Sports\",\"Toutes les actualit\u00e9s\"],\"inLanguage\":\"fr-FR\",\"potentialAction\":[{\"@type\":\"CommentAction\",\"name\":\"Comment\",\"target\":[\"https:\/\/www.africa-press.net\/senegal\/politique\/accident-de-kaffrine-aliou-cisse-exprime-sa-compassion-aux-familles-des-victimes#respond\"]}]},{\"@type\":\"WebPage\",\"@id\":\"https:\/\/www.africa-press.net\/senegal\/politique\/accident-de-kaffrine-aliou-cisse-exprime-sa-compassion-aux-familles-des-victimes\",\"url\":\"https:\/\/www.africa-press.net\/senegal\/politique\/accident-de-kaffrine-aliou-cisse-exprime-sa-compassion-aux-familles-des-victimes\",\"name\":\"Accident de Kaffrine : Aliou Ciss\u00e9 exprime sa \\\"compassion\\\" aux familles des victimes - Senegal\",\"isPartOf\":{\"@id\":\"https:\/\/www.africa-press.net\/senegal\/#website\"},\"primaryImageOfPage\":{\"@id\":\"https:\/\/www.africa-press.net\/senegal\/politique\/accident-de-kaffrine-aliou-cisse-exprime-sa-compassion-aux-familles-des-victimes#primaryimage\"},\"image\":{\"@id\":\"https:\/\/www.africa-press.net\/senegal\/politique\/accident-de-kaffrine-aliou-cisse-exprime-sa-compassion-aux-familles-des-victimes#primaryimage\"},\"thumbnailUrl\":\"https:\/\/static.africa-press.net\/senegal\/sites\/13\/2023\/01\/postQueueImg_1673190213.34.jpg\",\"datePublished\":\"2023-01-08T18:31:35+00:00\",\"dateModified\":\"2023-01-08T19:07:16+00:00\",\"author\":{\"@id\":\"https:\/\/www.africa-press.net\/senegal\/#\/schema\/person\/2b1cf3cd81a31e3cd26889ca66d677f1\"},\"description\":\"Le se\u0301lectionneur de l\u2019e\u0301quipe nationale de football du Se\u0301ne\u0301gal s\u2019est joint aux hommages a\u0300 l\u2019endroit des victimes du ...\",\"breadcrumb\":{\"@id\":\"https:\/\/www.africa-press.net\/senegal\/politique\/accident-de-kaffrine-aliou-cisse-exprime-sa-compassion-aux-familles-des-victimes#breadcrumb\"},\"inLanguage\":\"fr-FR\",\"potentialAction\":[{\"@type\":\"ReadAction\",\"target\":[\"https:\/\/www.africa-press.net\/senegal\/politique\/accident-de-kaffrine-aliou-cisse-exprime-sa-compassion-aux-familles-des-victimes\"]}]},{\"@type\":\"ImageObject\",\"inLanguage\":\"fr-FR\",\"@id\":\"https:\/\/www.africa-press.net\/senegal\/politique\/accident-de-kaffrine-aliou-cisse-exprime-sa-compassion-aux-familles-des-victimes#primaryimage\",\"url\":\"https:\/\/static.africa-press.net\/senegal\/sites\/13\/2023\/01\/postQueueImg_1673190213.34.jpg\",\"contentUrl\":\"https:\/\/static.africa-press.net\/senegal\/sites\/13\/2023\/01\/postQueueImg_1673190213.34.jpg\",\"width\":720,\"height\":350,\"caption\":\"Accident de Kaffrine : Aliou Ciss\u00e9 exprime sa \\\"compassion\\\" aux familles des victimes\"},{\"@type\":\"BreadcrumbList\",\"@id\":\"https:\/\/www.africa-press.net\/senegal\/politique\/accident-de-kaffrine-aliou-cisse-exprime-sa-compassion-aux-familles-des-victimes#breadcrumb\",\"itemListElement\":[{\"@type\":\"ListItem\",\"position\":1,\"name\":\"Accueil\",\"item\":\"https:\/\/www.africa-press.net\/senegal\/\"},{\"@type\":\"ListItem\",\"position\":2,\"name\":\"Accident de Kaffrine : Aliou Ciss\u00e9 exprime sa \u00ab\u00a0compassion\u00a0\u00bb aux familles des victimes\"}]},{\"@type\":\"WebSite\",\"@id\":\"https:\/\/www.africa-press.net\/senegal\/#website\",\"url\":\"https:\/\/www.africa-press.net\/senegal\/\",\"name\":\"Africa Press | Senegal | Homepage\",\"description\":\"Just another Africa News Agency Sites site\",\"potentialAction\":[{\"@type\":\"SearchAction\",\"target\":{\"@type\":\"EntryPoint\",\"urlTemplate\":\"https:\/\/www.africa-press.net\/senegal\/?s={search_term_string}\"},\"query-input\":{\"@type\":\"PropertyValueSpecification\",\"valueRequired\":true,\"valueName\":\"search_term_string\"}}],\"inLanguage\":\"fr-FR\"},{\"@type\":\"Person\",\"@id\":\"https:\/\/www.africa-press.net\/senegal\/#\/schema\/person\/2b1cf3cd81a31e3cd26889ca66d677f1\",\"name\":\"cfeditorfr\",\"url\":\"https:\/\/www.africa-press.net\/senegal\/author\/cfeditorfr\"}]}<\/script>\n<!-- \/ Yoast SEO Premium plugin. -->","yoast_head_json":{"title":"Accident de Kaffrine : Aliou Ciss\u00e9 exprime sa \"compassion\" aux familles des victimes - Senegal","description":"Le se\u0301lectionneur de l\u2019e\u0301quipe nationale de football du Se\u0301ne\u0301gal s\u2019est joint aux hommages a\u0300 l\u2019endroit des victimes du ...","robots":{"index":"index","follow":"follow","max-snippet":"max-snippet:-1","max-image-preview":"max-image-preview:large","max-video-preview":"max-video-preview:-1"},"canonical":"https:\/\/www.africa-press.net\/senegal\/politique\/accident-de-kaffrine-aliou-cisse-exprime-sa-compassion-aux-familles-des-victimes","og_locale":"fr_FR","og_type":"article","og_title":"Accident de Kaffrine : Aliou Ciss\u00e9 exprime sa \"compassion\" aux familles des victimes","og_description":"Le se\u0301lectionneur de l\u2019e\u0301quipe nationale de football du Se\u0301ne\u0301gal s\u2019est joint aux hommages a\u0300 l\u2019endroit des victimes du ...","og_url":"https:\/\/www.africa-press.net\/senegal\/politique\/accident-de-kaffrine-aliou-cisse-exprime-sa-compassion-aux-familles-des-victimes","og_site_name":"Senegal","article_published_time":"2023-01-08T18:31:35+00:00","article_modified_time":"2023-01-08T19:07:16+00:00","og_image":[{"width":720,"height":350,"url":"https:\/\/static.africa-press.net\/senegal\/sites\/13\/2023\/01\/postQueueImg_1673190213.34.jpg","type":"image\/jpeg"}],"author":"cfeditorfr","twitter_card":"summary_large_image","twitter_misc":{"\u00c9crit par":"cfeditorfr","Dur\u00e9e de lecture estim\u00e9e":"1 minute"},"schema":{"@context":"https:\/\/schema.org","@graph":[{"@type":"Article","@id":"https:\/\/www.africa-press.net\/senegal\/politique\/accident-de-kaffrine-aliou-cisse-exprime-sa-compassion-aux-familles-des-victimes#article","isPartOf":{"@id":"https:\/\/www.africa-press.net\/senegal\/politique\/accident-de-kaffrine-aliou-cisse-exprime-sa-compassion-aux-familles-des-victimes"},"author":{"name":"cfeditorfr","@id":"https:\/\/www.africa-press.net\/senegal\/#\/schema\/person\/2b1cf3cd81a31e3cd26889ca66d677f1"},"headline":"Accident de Kaffrine : Aliou Ciss\u00e9 exprime sa \u00ab\u00a0compassion\u00a0\u00bb aux familles des victimes","datePublished":"2023-01-08T18:31:35+00:00","dateModified":"2023-01-08T19:07:16+00:00","mainEntityOfPage":{"@id":"https:\/\/www.africa-press.net\/senegal\/politique\/accident-de-kaffrine-aliou-cisse-exprime-sa-compassion-aux-familles-des-victimes"},"wordCount":170,"commentCount":0,"image":{"@id":"https:\/\/www.africa-press.net\/senegal\/politique\/accident-de-kaffrine-aliou-cisse-exprime-sa-compassion-aux-familles-des-victimes#primaryimage"},"thumbnailUrl":"https:\/\/static.africa-press.net\/senegal\/sites\/13\/2023\/01\/postQueueImg_1673190213.34.jpg","keywords":["Africa Press","Africa Press-Senegal","Senegal"],"articleSection":["Politique","Sports","Toutes les actualit\u00e9s"],"inLanguage":"fr-FR","potentialAction":[{"@type":"CommentAction","name":"Comment","target":["https:\/\/www.africa-press.net\/senegal\/politique\/accident-de-kaffrine-aliou-cisse-exprime-sa-compassion-aux-familles-des-victimes#respond"]}]},{"@type":"WebPage","@id":"https:\/\/www.africa-press.net\/senegal\/politique\/accident-de-kaffrine-aliou-cisse-exprime-sa-compassion-aux-familles-des-victimes","url":"https:\/\/www.africa-press.net\/senegal\/politique\/accident-de-kaffrine-aliou-cisse-exprime-sa-compassion-aux-familles-des-victimes","name":"Accident de Kaffrine : Aliou Ciss\u00e9 exprime sa \"compassion\" aux familles des victimes - Senegal","isPartOf":{"@id":"https:\/\/www.africa-press.net\/senegal\/#website"},"primaryImageOfPage":{"@id":"https:\/\/www.africa-press.net\/senegal\/politique\/accident-de-kaffrine-aliou-cisse-exprime-sa-compassion-aux-familles-des-victimes#primaryimage"},"image":{"@id":"https:\/\/www.africa-press.net\/senegal\/politique\/accident-de-kaffrine-aliou-cisse-exprime-sa-compassion-aux-familles-des-victimes#primaryimage"},"thumbnailUrl":"https:\/\/static.africa-press.net\/senegal\/sites\/13\/2023\/01\/postQueueImg_1673190213.34.jpg","datePublished":"2023-01-08T18:31:35+00:00","dateModified":"2023-01-08T19:07:16+00:00","author":{"@id":"https:\/\/www.africa-press.net\/senegal\/#\/schema\/person\/2b1cf3cd81a31e3cd26889ca66d677f1"},"description":"Le se\u0301lectionneur de l\u2019e\u0301quipe nationale de football du Se\u0301ne\u0301gal s\u2019est joint aux hommages a\u0300 l\u2019endroit des victimes du ...","breadcrumb":{"@id":"https:\/\/www.africa-press.net\/senegal\/politique\/accident-de-kaffrine-aliou-cisse-exprime-sa-compassion-aux-familles-des-victimes#breadcrumb"},"inLanguage":"fr-FR","potentialAction":[{"@type":"ReadAction","target":["https:\/\/www.africa-press.net\/senegal\/politique\/accident-de-kaffrine-aliou-cisse-exprime-sa-compassion-aux-familles-des-victimes"]}]},{"@type":"ImageObject","inLanguage":"fr-FR","@id":"https:\/\/www.africa-press.net\/senegal\/politique\/accident-de-kaffrine-aliou-cisse-exprime-sa-compassion-aux-familles-des-victimes#primaryimage","url":"https:\/\/static.africa-press.net\/senegal\/sites\/13\/2023\/01\/postQueueImg_1673190213.34.jpg","contentUrl":"https:\/\/static.africa-press.net\/senegal\/sites\/13\/2023\/01\/postQueueImg_1673190213.34.jpg","width":720,"height":350,"caption":"Accident de Kaffrine : Aliou Ciss\u00e9 exprime sa \"compassion\" aux familles des victimes"},{"@type":"BreadcrumbList","@id":"https:\/\/www.africa-press.net\/senegal\/politique\/accident-de-kaffrine-aliou-cisse-exprime-sa-compassion-aux-familles-des-victimes#breadcrumb","itemListElement":[{"@type":"ListItem","position":1,"name":"Accueil","item":"https:\/\/www.africa-press.net\/senegal\/"},{"@type":"ListItem","position":2,"name":"Accident de Kaffrine : Aliou Ciss\u00e9 exprime sa \u00ab\u00a0compassion\u00a0\u00bb aux familles des victimes"}]},{"@type":"WebSite","@id":"https:\/\/www.africa-press.net\/senegal\/#website","url":"https:\/\/www.africa-press.net\/senegal\/","name":"Africa Press | Senegal | Homepage","description":"Just another Africa News Agency Sites site","potentialAction":[{"@type":"SearchAction","target":{"@type":"EntryPoint","urlTemplate":"https:\/\/www.africa-press.net\/senegal\/?s={search_term_string}"},"query-input":{"@type":"PropertyValueSpecification","valueRequired":true,"valueName":"search_term_string"}}],"inLanguage":"fr-FR"},{"@type":"Person","@id":"https:\/\/www.africa-press.net\/senegal\/#\/schema\/person\/2b1cf3cd81a31e3cd26889ca66d677f1","name":"cfeditorfr","url":"https:\/\/www.africa-press.net\/senegal\/author\/cfeditorfr"}]}},"_links":{"self":[{"href":"https:\/\/www.africa-press.net\/senegal\/wp-json\/wp\/v2\/posts\/37794","targetHints":{"allow":["GET"]}}],"collection":[{"href":"https:\/\/www.africa-press.net\/senegal\/wp-json\/wp\/v2\/posts"}],"about":[{"href":"https:\/\/www.africa-press.net\/senegal\/wp-json\/wp\/v2\/types\/post"}],"author":[{"embeddable":true,"href":"https:\/\/www.africa-press.net\/senegal\/wp-json\/wp\/v2\/users\/82"}],"replies":[{"embeddable":true,"href":"https:\/\/www.africa-press.net\/senegal\/wp-json\/wp\/v2\/comments?post=37794"}],"version-history":[{"count":0,"href":"https:\/\/www.africa-press.net\/senegal\/wp-json\/wp\/v2\/posts\/37794\/revisions"}],"wp:featuredmedia":[{"embeddable":true,"href":"https:\/\/www.africa-press.net\/senegal\/wp-json\/wp\/v2\/media\/37793"}],"wp:attachment":[{"href":"https:\/\/www.africa-press.net\/senegal\/wp-json\/wp\/v2\/media?parent=37794"}],"wp:term":[{"taxonomy":"category","embeddable":true,"href":"https:\/\/www.africa-press.net\/senegal\/wp-json\/wp\/v2\/categories?post=37794"},{"taxonomy":"post_tag","embeddable":true,"href":"https:\/\/www.africa-press.net\/senegal\/wp-json\/wp\/v2\/tags?post=37794"}],"curies":[{"name":"wp","href":"https:\/\/api.w.org\/{rel}","templated":true}]}}