{"id":37797,"date":"2023-01-08T18:39:06","date_gmt":"2023-01-08T18:39:06","guid":{"rendered":"https:\/\/www.africa-press.net\/senegal\/politique\/hausse-des-prix-quelle-machiavelique-illustration-du-debut-dune-annee-presentee-comme-une-annee-sociale"},"modified":"2023-01-08T19:10:28","modified_gmt":"2023-01-08T19:10:28","slug":"hausse-des-prix-quelle-machiavelique-illustration-du-debut-dune-annee-presentee-comme-une-annee-sociale","status":"publish","type":"post","link":"https:\/\/www.africa-press.net\/senegal\/toutes-les-actualites\/hausse-des-prix-quelle-machiavelique-illustration-du-debut-dune-annee-presentee-comme-une-annee-sociale","title":{"rendered":"Hausse des prix : \u00ab\u00a0Quelle machiav\u00e9lique illustration du d\u00e9but d\u2019une ann\u00e9e pr\u00e9sent\u00e9e comme une ann\u00e9e sociale!\u00a0\u00bb"},"content":{"rendered":"<p><span style=\"color: #ff6600\"><strong>Africa-Press &#8211; Senegal. <\/strong><\/span><b>\u00ab Le peuple e\u0301trangle\u0301&#8230;\u00ab , selon Mary Teuw Niane. L\u2019ancien ministre de l\u2019Enseignement supe\u0301rieur, sur sa page Facebook, est revenu sur la hausse des prix annonce\u0301e par les autorite\u0301s.<\/b><br \/>\n<b>Les prix ont augmente\u0301&#8230;<\/b><\/p>\n<p>\u00ab La spirale de la hausse infernale des prix est de\u0301sormais de\u0301ploye\u0301e par le Pre\u0301sident Macky Sall. Apre\u0300s la grande palabre sur la baisse des prix, apre\u0300s les annonces fortement me\u0301diatise\u0301es, nous avons tous constate\u0301 que loin d\u2019avoir baisse\u0301 les prix ont augmente\u0301\u00ab , regrette Mary Teuw Niane.<\/p>\n<p><b>Contrairement aux conclusions des concertations&#8230;<\/b><\/p>\n<p>Qui poursuit : \u00ab Les consommateurs ont vu les prix des aliments comme les cou\u0302ts des loyers augmenter contrairement aux conclusions des concertations. Aujourd\u2019hui les prix des hydrocarbures sont la\u0302che\u0301s. L\u2019essentiel des marchandises et des services vont connai\u0302tre une hausse : transport, pain, couture, etc. \u00bb<\/p>\n<p><b>Ajustement structurel?<\/b><\/p>\n<p>\u00ab Quelle machiave\u0301lique illustration du de\u0301but d\u2019une anne\u0301e pre\u0301sente\u0301e comme une anne\u0301e sociale! Les populations se\u0301ne\u0301galaises ont ainsi encore le malheur de ve\u0301rifier l\u2019absence de fiabilite\u0301 des engagements du pouvoir. Est-ce le de\u0301but d\u2019un ajustement structurel\u00ab , s\u2019est-il interroge\u0301.<\/p>\n<p><strong>Pour plus d&rsquo;informations et d&rsquo;analyses sur la <a href=\"https:\/\/www.africa-press.net\/senegal\">Senegal<\/a>, suivez <a href=\"https:\/\/www.africa-press.net\/\">Africa-Press<\/a><\/strong><\/p>\n","protected":false},"excerpt":{"rendered":"<p>Africa-Press &#8211; Senegal. \u00ab Le peuple e\u0301trangle\u0301&#8230;\u00ab , selon Mary Teuw Niane. L\u2019ancien ministre de l\u2019Enseignement supe\u0301rieur, sur sa page Facebook, est revenu sur la hausse des prix annonce\u0301e par les autorite\u0301s. Les prix ont augmente\u0301&#8230; \u00ab La spirale de la hausse infernale des prix est de\u0301sormais de\u0301ploye\u0301e par le Pre\u0301sident Macky Sall. Apre\u0300s la [&hellip;]<\/p>\n","protected":false},"author":82,"featured_media":37796,"comment_status":"open","ping_status":"closed","sticky":false,"template":"","format":"standard","meta":{"footnotes":""},"categories":[21,10],"tags":[43,47,44],"class_list":["post-37797","post","type-post","status-publish","format-standard","has-post-thumbnail","hentry","category-communaute","category-toutes-les-actualites","tag-africa-press-2","tag-africa-press-senegal","tag-senegal-2"],"yoast_head":"<!-- This site is optimized with the Yoast SEO Premium plugin v26.1 (Yoast SEO v27.0) - https:\/\/yoast.com\/product\/yoast-seo-premium-wordpress\/ -->\n<title>Hausse des prix : \u00ab\u00a0Quelle machiav\u00e9lique illustration du d\u00e9but d\u2019une ann\u00e9e pr\u00e9sent\u00e9e comme une ann\u00e9e sociale!\u00a0\u00bb - Senegal<\/title>\n<meta name=\"description\" content=\"\u00ab Le peuple e\u0301trangle\u0301...\u00ab , selon Mary Teuw Niane. L\u2019ancien ministre de l\u2019Enseignement supe\u0301rieur, sur sa page Faceb ...\" \/>\n<meta name=\"robots\" content=\"index, follow, max-snippet:-1, max-image-preview:large, max-video-preview:-1\" \/>\n<link rel=\"canonical\" href=\"https:\/\/www.africa-press.net\/senegal\/toutes-les-actualites\/hausse-des-prix-quelle-machiavelique-illustration-du-debut-dune-annee-presentee-comme-une-annee-sociale\" \/>\n<meta property=\"og:locale\" content=\"fr_FR\" \/>\n<meta property=\"og:type\" content=\"article\" \/>\n<meta property=\"og:title\" content=\"Hausse des prix : \u00ab\u00a0Quelle machiav\u00e9lique illustration du d\u00e9but d\u2019une ann\u00e9e pr\u00e9sent\u00e9e comme une ann\u00e9e sociale!\u00a0\u00bb\" \/>\n<meta property=\"og:description\" content=\"\u00ab Le peuple e\u0301trangle\u0301...\u00ab , selon Mary Teuw Niane. L\u2019ancien ministre de l\u2019Enseignement supe\u0301rieur, sur sa page Faceb ...\" \/>\n<meta property=\"og:url\" content=\"https:\/\/www.africa-press.net\/senegal\/toutes-les-actualites\/hausse-des-prix-quelle-machiavelique-illustration-du-debut-dune-annee-presentee-comme-une-annee-sociale\" \/>\n<meta property=\"og:site_name\" content=\"Senegal\" \/>\n<meta property=\"article:published_time\" content=\"2023-01-08T18:39:06+00:00\" \/>\n<meta property=\"article:modified_time\" content=\"2023-01-08T19:10:28+00:00\" \/>\n<meta property=\"og:image\" content=\"https:\/\/static.africa-press.net\/senegal\/sites\/13\/2023\/01\/postQueueImg_1673190573.19.jpg\" \/>\n\t<meta property=\"og:image:width\" content=\"720\" \/>\n\t<meta property=\"og:image:height\" content=\"462\" \/>\n\t<meta property=\"og:image:type\" content=\"image\/jpeg\" \/>\n<meta name=\"author\" content=\"cfeditorfr\" \/>\n<meta name=\"twitter:card\" content=\"summary_large_image\" \/>\n<meta name=\"twitter:label1\" content=\"\u00c9crit par\" \/>\n\t<meta name=\"twitter:data1\" content=\"cfeditorfr\" \/>\n\t<meta name=\"twitter:label2\" content=\"Dur\u00e9e de lecture estim\u00e9e\" \/>\n\t<meta name=\"twitter:data2\" content=\"1 minute\" \/>\n<script type=\"application\/ld+json\" class=\"yoast-schema-graph\">{\"@context\":\"https:\/\/schema.org\",\"@graph\":[{\"@type\":\"Article\",\"@id\":\"https:\/\/www.africa-press.net\/senegal\/toutes-les-actualites\/hausse-des-prix-quelle-machiavelique-illustration-du-debut-dune-annee-presentee-comme-une-annee-sociale#article\",\"isPartOf\":{\"@id\":\"https:\/\/www.africa-press.net\/senegal\/toutes-les-actualites\/hausse-des-prix-quelle-machiavelique-illustration-du-debut-dune-annee-presentee-comme-une-annee-sociale\"},\"author\":{\"name\":\"cfeditorfr\",\"@id\":\"https:\/\/www.africa-press.net\/senegal\/#\/schema\/person\/2b1cf3cd81a31e3cd26889ca66d677f1\"},\"headline\":\"Hausse des prix : \u00ab\u00a0Quelle machiav\u00e9lique illustration du d\u00e9but d\u2019une ann\u00e9e pr\u00e9sent\u00e9e comme une ann\u00e9e sociale!\u00a0\u00bb\",\"datePublished\":\"2023-01-08T18:39:06+00:00\",\"dateModified\":\"2023-01-08T19:10:28+00:00\",\"mainEntityOfPage\":{\"@id\":\"https:\/\/www.africa-press.net\/senegal\/toutes-les-actualites\/hausse-des-prix-quelle-machiavelique-illustration-du-debut-dune-annee-presentee-comme-une-annee-sociale\"},\"wordCount\":235,\"commentCount\":0,\"image\":{\"@id\":\"https:\/\/www.africa-press.net\/senegal\/toutes-les-actualites\/hausse-des-prix-quelle-machiavelique-illustration-du-debut-dune-annee-presentee-comme-une-annee-sociale#primaryimage\"},\"thumbnailUrl\":\"https:\/\/static.africa-press.net\/senegal\/sites\/13\/2023\/01\/postQueueImg_1673190573.19.jpg\",\"keywords\":[\"Africa Press\",\"Africa Press-Senegal\",\"Senegal\"],\"articleSection\":[\"Communaut\u00e9\",\"Toutes les actualit\u00e9s\"],\"inLanguage\":\"fr-FR\",\"potentialAction\":[{\"@type\":\"CommentAction\",\"name\":\"Comment\",\"target\":[\"https:\/\/www.africa-press.net\/senegal\/toutes-les-actualites\/hausse-des-prix-quelle-machiavelique-illustration-du-debut-dune-annee-presentee-comme-une-annee-sociale#respond\"]}]},{\"@type\":\"WebPage\",\"@id\":\"https:\/\/www.africa-press.net\/senegal\/toutes-les-actualites\/hausse-des-prix-quelle-machiavelique-illustration-du-debut-dune-annee-presentee-comme-une-annee-sociale\",\"url\":\"https:\/\/www.africa-press.net\/senegal\/toutes-les-actualites\/hausse-des-prix-quelle-machiavelique-illustration-du-debut-dune-annee-presentee-comme-une-annee-sociale\",\"name\":\"Hausse des prix : \u00ab\u00a0Quelle machiav\u00e9lique illustration du d\u00e9but d\u2019une ann\u00e9e pr\u00e9sent\u00e9e comme une ann\u00e9e sociale!\u00a0\u00bb - Senegal\",\"isPartOf\":{\"@id\":\"https:\/\/www.africa-press.net\/senegal\/#website\"},\"primaryImageOfPage\":{\"@id\":\"https:\/\/www.africa-press.net\/senegal\/toutes-les-actualites\/hausse-des-prix-quelle-machiavelique-illustration-du-debut-dune-annee-presentee-comme-une-annee-sociale#primaryimage\"},\"image\":{\"@id\":\"https:\/\/www.africa-press.net\/senegal\/toutes-les-actualites\/hausse-des-prix-quelle-machiavelique-illustration-du-debut-dune-annee-presentee-comme-une-annee-sociale#primaryimage\"},\"thumbnailUrl\":\"https:\/\/static.africa-press.net\/senegal\/sites\/13\/2023\/01\/postQueueImg_1673190573.19.jpg\",\"datePublished\":\"2023-01-08T18:39:06+00:00\",\"dateModified\":\"2023-01-08T19:10:28+00:00\",\"author\":{\"@id\":\"https:\/\/www.africa-press.net\/senegal\/#\/schema\/person\/2b1cf3cd81a31e3cd26889ca66d677f1\"},\"description\":\"\u00ab Le peuple e\u0301trangle\u0301...\u00ab , selon Mary Teuw Niane. L\u2019ancien ministre de l\u2019Enseignement supe\u0301rieur, sur sa page Faceb ...\",\"breadcrumb\":{\"@id\":\"https:\/\/www.africa-press.net\/senegal\/toutes-les-actualites\/hausse-des-prix-quelle-machiavelique-illustration-du-debut-dune-annee-presentee-comme-une-annee-sociale#breadcrumb\"},\"inLanguage\":\"fr-FR\",\"potentialAction\":[{\"@type\":\"ReadAction\",\"target\":[\"https:\/\/www.africa-press.net\/senegal\/toutes-les-actualites\/hausse-des-prix-quelle-machiavelique-illustration-du-debut-dune-annee-presentee-comme-une-annee-sociale\"]}]},{\"@type\":\"ImageObject\",\"inLanguage\":\"fr-FR\",\"@id\":\"https:\/\/www.africa-press.net\/senegal\/toutes-les-actualites\/hausse-des-prix-quelle-machiavelique-illustration-du-debut-dune-annee-presentee-comme-une-annee-sociale#primaryimage\",\"url\":\"https:\/\/static.africa-press.net\/senegal\/sites\/13\/2023\/01\/postQueueImg_1673190573.19.jpg\",\"contentUrl\":\"https:\/\/static.africa-press.net\/senegal\/sites\/13\/2023\/01\/postQueueImg_1673190573.19.jpg\",\"width\":720,\"height\":462,\"caption\":\"Hausse des prix : \u00ab\u00a0Quelle machiav\u00e9lique illustration du d\u00e9but d\u2019une ann\u00e9e pr\u00e9sent\u00e9e comme une ann\u00e9e sociale!\u00a0\u00bb\"},{\"@type\":\"BreadcrumbList\",\"@id\":\"https:\/\/www.africa-press.net\/senegal\/toutes-les-actualites\/hausse-des-prix-quelle-machiavelique-illustration-du-debut-dune-annee-presentee-comme-une-annee-sociale#breadcrumb\",\"itemListElement\":[{\"@type\":\"ListItem\",\"position\":1,\"name\":\"Accueil\",\"item\":\"https:\/\/www.africa-press.net\/senegal\/\"},{\"@type\":\"ListItem\",\"position\":2,\"name\":\"Hausse des prix : \u00ab\u00a0Quelle machiav\u00e9lique illustration du d\u00e9but d\u2019une ann\u00e9e pr\u00e9sent\u00e9e comme une ann\u00e9e sociale!\u00a0\u00bb\"}]},{\"@type\":\"WebSite\",\"@id\":\"https:\/\/www.africa-press.net\/senegal\/#website\",\"url\":\"https:\/\/www.africa-press.net\/senegal\/\",\"name\":\"Africa Press | Senegal | Homepage\",\"description\":\"Just another Africa News Agency Sites site\",\"potentialAction\":[{\"@type\":\"SearchAction\",\"target\":{\"@type\":\"EntryPoint\",\"urlTemplate\":\"https:\/\/www.africa-press.net\/senegal\/?s={search_term_string}\"},\"query-input\":{\"@type\":\"PropertyValueSpecification\",\"valueRequired\":true,\"valueName\":\"search_term_string\"}}],\"inLanguage\":\"fr-FR\"},{\"@type\":\"Person\",\"@id\":\"https:\/\/www.africa-press.net\/senegal\/#\/schema\/person\/2b1cf3cd81a31e3cd26889ca66d677f1\",\"name\":\"cfeditorfr\",\"url\":\"https:\/\/www.africa-press.net\/senegal\/author\/cfeditorfr\"}]}<\/script>\n<!-- \/ Yoast SEO Premium plugin. -->","yoast_head_json":{"title":"Hausse des prix : \u00ab\u00a0Quelle machiav\u00e9lique illustration du d\u00e9but d\u2019une ann\u00e9e pr\u00e9sent\u00e9e comme une ann\u00e9e sociale!\u00a0\u00bb - Senegal","description":"\u00ab Le peuple e\u0301trangle\u0301...\u00ab , selon Mary Teuw Niane. L\u2019ancien ministre de l\u2019Enseignement supe\u0301rieur, sur sa page Faceb ...","robots":{"index":"index","follow":"follow","max-snippet":"max-snippet:-1","max-image-preview":"max-image-preview:large","max-video-preview":"max-video-preview:-1"},"canonical":"https:\/\/www.africa-press.net\/senegal\/toutes-les-actualites\/hausse-des-prix-quelle-machiavelique-illustration-du-debut-dune-annee-presentee-comme-une-annee-sociale","og_locale":"fr_FR","og_type":"article","og_title":"Hausse des prix : \u00ab\u00a0Quelle machiav\u00e9lique illustration du d\u00e9but d\u2019une ann\u00e9e pr\u00e9sent\u00e9e comme une ann\u00e9e sociale!\u00a0\u00bb","og_description":"\u00ab Le peuple e\u0301trangle\u0301...\u00ab , selon Mary Teuw Niane. L\u2019ancien ministre de l\u2019Enseignement supe\u0301rieur, sur sa page Faceb ...","og_url":"https:\/\/www.africa-press.net\/senegal\/toutes-les-actualites\/hausse-des-prix-quelle-machiavelique-illustration-du-debut-dune-annee-presentee-comme-une-annee-sociale","og_site_name":"Senegal","article_published_time":"2023-01-08T18:39:06+00:00","article_modified_time":"2023-01-08T19:10:28+00:00","og_image":[{"width":720,"height":462,"url":"https:\/\/static.africa-press.net\/senegal\/sites\/13\/2023\/01\/postQueueImg_1673190573.19.jpg","type":"image\/jpeg"}],"author":"cfeditorfr","twitter_card":"summary_large_image","twitter_misc":{"\u00c9crit par":"cfeditorfr","Dur\u00e9e de lecture estim\u00e9e":"1 minute"},"schema":{"@context":"https:\/\/schema.org","@graph":[{"@type":"Article","@id":"https:\/\/www.africa-press.net\/senegal\/toutes-les-actualites\/hausse-des-prix-quelle-machiavelique-illustration-du-debut-dune-annee-presentee-comme-une-annee-sociale#article","isPartOf":{"@id":"https:\/\/www.africa-press.net\/senegal\/toutes-les-actualites\/hausse-des-prix-quelle-machiavelique-illustration-du-debut-dune-annee-presentee-comme-une-annee-sociale"},"author":{"name":"cfeditorfr","@id":"https:\/\/www.africa-press.net\/senegal\/#\/schema\/person\/2b1cf3cd81a31e3cd26889ca66d677f1"},"headline":"Hausse des prix : \u00ab\u00a0Quelle machiav\u00e9lique illustration du d\u00e9but d\u2019une ann\u00e9e pr\u00e9sent\u00e9e comme une ann\u00e9e sociale!\u00a0\u00bb","datePublished":"2023-01-08T18:39:06+00:00","dateModified":"2023-01-08T19:10:28+00:00","mainEntityOfPage":{"@id":"https:\/\/www.africa-press.net\/senegal\/toutes-les-actualites\/hausse-des-prix-quelle-machiavelique-illustration-du-debut-dune-annee-presentee-comme-une-annee-sociale"},"wordCount":235,"commentCount":0,"image":{"@id":"https:\/\/www.africa-press.net\/senegal\/toutes-les-actualites\/hausse-des-prix-quelle-machiavelique-illustration-du-debut-dune-annee-presentee-comme-une-annee-sociale#primaryimage"},"thumbnailUrl":"https:\/\/static.africa-press.net\/senegal\/sites\/13\/2023\/01\/postQueueImg_1673190573.19.jpg","keywords":["Africa Press","Africa Press-Senegal","Senegal"],"articleSection":["Communaut\u00e9","Toutes les actualit\u00e9s"],"inLanguage":"fr-FR","potentialAction":[{"@type":"CommentAction","name":"Comment","target":["https:\/\/www.africa-press.net\/senegal\/toutes-les-actualites\/hausse-des-prix-quelle-machiavelique-illustration-du-debut-dune-annee-presentee-comme-une-annee-sociale#respond"]}]},{"@type":"WebPage","@id":"https:\/\/www.africa-press.net\/senegal\/toutes-les-actualites\/hausse-des-prix-quelle-machiavelique-illustration-du-debut-dune-annee-presentee-comme-une-annee-sociale","url":"https:\/\/www.africa-press.net\/senegal\/toutes-les-actualites\/hausse-des-prix-quelle-machiavelique-illustration-du-debut-dune-annee-presentee-comme-une-annee-sociale","name":"Hausse des prix : \u00ab\u00a0Quelle machiav\u00e9lique illustration du d\u00e9but d\u2019une ann\u00e9e pr\u00e9sent\u00e9e comme une ann\u00e9e sociale!\u00a0\u00bb - Senegal","isPartOf":{"@id":"https:\/\/www.africa-press.net\/senegal\/#website"},"primaryImageOfPage":{"@id":"https:\/\/www.africa-press.net\/senegal\/toutes-les-actualites\/hausse-des-prix-quelle-machiavelique-illustration-du-debut-dune-annee-presentee-comme-une-annee-sociale#primaryimage"},"image":{"@id":"https:\/\/www.africa-press.net\/senegal\/toutes-les-actualites\/hausse-des-prix-quelle-machiavelique-illustration-du-debut-dune-annee-presentee-comme-une-annee-sociale#primaryimage"},"thumbnailUrl":"https:\/\/static.africa-press.net\/senegal\/sites\/13\/2023\/01\/postQueueImg_1673190573.19.jpg","datePublished":"2023-01-08T18:39:06+00:00","dateModified":"2023-01-08T19:10:28+00:00","author":{"@id":"https:\/\/www.africa-press.net\/senegal\/#\/schema\/person\/2b1cf3cd81a31e3cd26889ca66d677f1"},"description":"\u00ab Le peuple e\u0301trangle\u0301...\u00ab , selon Mary Teuw Niane. L\u2019ancien ministre de l\u2019Enseignement supe\u0301rieur, sur sa page Faceb ...","breadcrumb":{"@id":"https:\/\/www.africa-press.net\/senegal\/toutes-les-actualites\/hausse-des-prix-quelle-machiavelique-illustration-du-debut-dune-annee-presentee-comme-une-annee-sociale#breadcrumb"},"inLanguage":"fr-FR","potentialAction":[{"@type":"ReadAction","target":["https:\/\/www.africa-press.net\/senegal\/toutes-les-actualites\/hausse-des-prix-quelle-machiavelique-illustration-du-debut-dune-annee-presentee-comme-une-annee-sociale"]}]},{"@type":"ImageObject","inLanguage":"fr-FR","@id":"https:\/\/www.africa-press.net\/senegal\/toutes-les-actualites\/hausse-des-prix-quelle-machiavelique-illustration-du-debut-dune-annee-presentee-comme-une-annee-sociale#primaryimage","url":"https:\/\/static.africa-press.net\/senegal\/sites\/13\/2023\/01\/postQueueImg_1673190573.19.jpg","contentUrl":"https:\/\/static.africa-press.net\/senegal\/sites\/13\/2023\/01\/postQueueImg_1673190573.19.jpg","width":720,"height":462,"caption":"Hausse des prix : \u00ab\u00a0Quelle machiav\u00e9lique illustration du d\u00e9but d\u2019une ann\u00e9e pr\u00e9sent\u00e9e comme une ann\u00e9e sociale!\u00a0\u00bb"},{"@type":"BreadcrumbList","@id":"https:\/\/www.africa-press.net\/senegal\/toutes-les-actualites\/hausse-des-prix-quelle-machiavelique-illustration-du-debut-dune-annee-presentee-comme-une-annee-sociale#breadcrumb","itemListElement":[{"@type":"ListItem","position":1,"name":"Accueil","item":"https:\/\/www.africa-press.net\/senegal\/"},{"@type":"ListItem","position":2,"name":"Hausse des prix : \u00ab\u00a0Quelle machiav\u00e9lique illustration du d\u00e9but d\u2019une ann\u00e9e pr\u00e9sent\u00e9e comme une ann\u00e9e sociale!\u00a0\u00bb"}]},{"@type":"WebSite","@id":"https:\/\/www.africa-press.net\/senegal\/#website","url":"https:\/\/www.africa-press.net\/senegal\/","name":"Africa Press | Senegal | Homepage","description":"Just another Africa News Agency Sites site","potentialAction":[{"@type":"SearchAction","target":{"@type":"EntryPoint","urlTemplate":"https:\/\/www.africa-press.net\/senegal\/?s={search_term_string}"},"query-input":{"@type":"PropertyValueSpecification","valueRequired":true,"valueName":"search_term_string"}}],"inLanguage":"fr-FR"},{"@type":"Person","@id":"https:\/\/www.africa-press.net\/senegal\/#\/schema\/person\/2b1cf3cd81a31e3cd26889ca66d677f1","name":"cfeditorfr","url":"https:\/\/www.africa-press.net\/senegal\/author\/cfeditorfr"}]}},"_links":{"self":[{"href":"https:\/\/www.africa-press.net\/senegal\/wp-json\/wp\/v2\/posts\/37797","targetHints":{"allow":["GET"]}}],"collection":[{"href":"https:\/\/www.africa-press.net\/senegal\/wp-json\/wp\/v2\/posts"}],"about":[{"href":"https:\/\/www.africa-press.net\/senegal\/wp-json\/wp\/v2\/types\/post"}],"author":[{"embeddable":true,"href":"https:\/\/www.africa-press.net\/senegal\/wp-json\/wp\/v2\/users\/82"}],"replies":[{"embeddable":true,"href":"https:\/\/www.africa-press.net\/senegal\/wp-json\/wp\/v2\/comments?post=37797"}],"version-history":[{"count":0,"href":"https:\/\/www.africa-press.net\/senegal\/wp-json\/wp\/v2\/posts\/37797\/revisions"}],"wp:featuredmedia":[{"embeddable":true,"href":"https:\/\/www.africa-press.net\/senegal\/wp-json\/wp\/v2\/media\/37796"}],"wp:attachment":[{"href":"https:\/\/www.africa-press.net\/senegal\/wp-json\/wp\/v2\/media?parent=37797"}],"wp:term":[{"taxonomy":"category","embeddable":true,"href":"https:\/\/www.africa-press.net\/senegal\/wp-json\/wp\/v2\/categories?post=37797"},{"taxonomy":"post_tag","embeddable":true,"href":"https:\/\/www.africa-press.net\/senegal\/wp-json\/wp\/v2\/tags?post=37797"}],"curies":[{"name":"wp","href":"https:\/\/api.w.org\/{rel}","templated":true}]}}