{"id":37800,"date":"2023-01-08T18:40:04","date_gmt":"2023-01-08T18:40:04","guid":{"rendered":"https:\/\/www.africa-press.net\/senegal\/politique\/installation-hcct-macky-a-aminata-mbengue-ndiaye-vous-avez-ma-confiance-et-mon-soutien"},"modified":"2023-01-08T19:11:35","modified_gmt":"2023-01-08T19:11:35","slug":"installation-hcct-macky-a-aminata-mbengue-ndiaye-vous-avez-ma-confiance-et-mon-soutien","status":"publish","type":"post","link":"https:\/\/www.africa-press.net\/senegal\/politique\/installation-hcct-macky-a-aminata-mbengue-ndiaye-vous-avez-ma-confiance-et-mon-soutien","title":{"rendered":"Installation HCCT \u2013 Macky \u00e0 Aminata Mbengue Ndiaye : \u00ab\u00a0Vous avez ma confiance et mon soutien\u2026\u00a0\u00bb"},"content":{"rendered":"<p><span style=\"color: #ff6600\"><strong>Africa-Press &#8211; Senegal. <\/strong><\/span><b>Le Pre\u0301sident de la Re\u0301publique, Monsieur Macky Sall a proce\u0301de\u0301, ce samedi 07 janvier, a\u0300 l\u2019installation du Haut Conseil des collectivite\u0301s territoriales. La ce\u0301re\u0301monie s\u2019est tenue au centre international de confe\u0301rence Abdou Diouf de Diamniadio. Occasion saisie par la pre\u0301sidente Aminata Mbengue Ndiaye pour tirer son bilan de son premier mandat, avant de tracer les grandes lignes strate\u0301giques de sa nouvelle e\u0301quipe.<\/b><br \/>\n<b>Pour une meilleure e\u0301valuation de l\u2019impact des travaux du HCCT&#8230;<\/b><\/p>\n<p>\u00ab Lors de la premie\u0300re mandature, au-dela\u0300 des rapports d\u2019e\u0301tudes, le HCCT a re\u0301alise\u0301 plus de 26 avis de\u0301cline\u0301s en 548 recommandations, notamment sur l\u2019ame\u0301lioration de l\u2019acte 3 de la de\u0301centralisation, la fonction publique locale, la fonction du chef de village, du chef de quartier&#8230; Le dialogue entre les territoires, l\u2019intercommunalite\u0301 ont e\u0301te\u0301 au cours de ces recommandations&#8230; D\u2019ores et de\u0301ja\u0300 pour une meilleure e\u0301valuation de l\u2019impact des travaux du HCCT sur la marche du pays et l\u2019e\u0301tat de la Nation, des mesures d\u2019accompagnement sont envisage\u0301es, notamment la mise en place du plan quinquennal, l\u2019e\u0301laboration d\u2019un nouveau plan strate\u0301gique assorti d\u2019un nouveau plan annuel pour les commissions\u00ab , a fait savoir la pre\u0301sidente du Hcct.<\/p>\n<p>Non sans rappeler \u00ab la production d\u2019une e\u0301tude sur la perception de l\u2019institution par les acteurs concerne\u0301s et par l\u2019opinion publique. Il y a aussi la production d\u2019un document de suivi et de l\u2019application des recommandations formule\u0301es par le HCCT&#8230; \u00bb<\/p>\n<p><b>Macky, a\u0300 la nouvelle e\u0301quipe&#8230;<\/b><\/p>\n<p>\u00ab Les de\u0301fis sont certes nombreux. La mandature sortante a re\u0301ussi le pari de l\u2019action avec une foison d\u2019activite\u0301s et de recommandations qui sont la preuve que l\u2019Institution est un cadre d\u2019e\u0301closion d\u2019ide\u0301es et d\u2019actions pertinentes en faveur du de\u0301veloppement durable de nos terroirs. Elle a ainsi donne\u0301 corps a\u0300 la vision qui a sous-tendu la cre\u0301ation du HCCT\u00ab , a, pour sa part fait savoir le Pre\u0301sident Macky Sall aux nouveaux hauts conseillers fraichement installe\u0301s.<\/p>\n<p>Selon le chef de l\u2019Etat, \u00ab il s\u2019agit, a\u0300 pre\u0301sent, de garder le rythme, voire le renforcer, parce que ce qui est attendu de vous ne rele\u0300ve gue\u0300re d\u2019une sine\u0301cure, mais d\u2019une mission exigeante\u00ab . Il les exhorte, ainsi a\u0300 s\u2019investir \u00ab au plus pre\u0300s des populations pour rester a\u0300 leur e\u0301coute, afin de jouer pleinement votre ro\u0302le de relais institutionnel et social&#8230; C\u2019est dans ce cadre que j\u2019ai institue\u0301 le 10 octobre comme \u2018Journe\u0301e nationale de la de\u0301centralisation\u2019, pour remettre chaque anne\u0301e au c\u0153ur de l\u2019agenda national les pre\u0301occupations des e\u0301lus locaux, et a\u0300 travers eux, celles des populations. Dans le me\u0302me esprit, nous avons tenu le 28 de\u0301cembre dernier un Conseil pre\u0301sidentiel de de\u0301veloppement territorialise\u0301 a\u0300 Tambacounda qui a permis de recueillir les avis des acteurs locaux sur le sens qu\u2019ils voudraient que l\u2019on donne a\u0300 l\u2019ame\u0301nagement de leur terroir. Avec une politique de de\u0301centralisation bien articule\u0301e, nous visons a\u0300 ame\u0301liorer les performances des instruments de justice sociale et d\u2019e\u0301quite\u0301 territoriale que sont le PUDC, le PUMA, la DER, la CSU, les Bourses de Se\u0301curite\u0301 familiale et la Carte d\u2019e\u0301galite\u0301 des Chances en faveur des personnes vivant avec un handicap&#8230; \u00bb<\/p>\n<p><b>\u00ab Vous avez ma confiance et mon soutien&#8230;<\/b><\/p>\n<p>Le Pre\u0301sident Macky Sall a, par ailleurs salue\u0301 le travail abattu par Aminata Mbengue Ndiaye, installe\u0301e pour un deuxie\u0300me mandat de cinq ans a\u0300 la te\u0302te du HCCT.<\/p>\n<p>\u00ab En vous nommant pour diriger le Haut Conseil des Collectivite\u0301s Territoriale, j\u2019ai voulu faire le choix de la confiance inhe\u0301rente a\u0300 toute haute fonction, mais e\u0301galement le choix de la compe\u0301tence et de la maturite\u0301 politiques. Par votre parcours et votre action publics de longue date, vous incarnez ces qualite\u0301s qui s\u2019attachent a\u0300 la conduite des Institutions publiques re\u0301publicaines. L\u2019Etat et la Re\u0301publique dont de\u0301rive le HCCT restent, en effet, les piliers irremplac\u0327ables de la Nation. Quand ces piliers vacillent, ce sont les fondements de la Nation qui tremblent. C\u2019est pourquoi les hommes et les femmes qui incarnent et animent les Institutions doivent toujours garder une posture digne des charges qui leur sont de\u0301volues (&#8230;) Je compte sur votre sagacite\u0301, Madame la Pre\u0301sidente, et avec l\u2019engagement des membres du HCCT, pour relever ensemble ces de\u0301fis de notre temps et dessiner, avec votre contribution, les contours du Se\u0301ne\u0301gal de demain. Vous avez ma confiance et mon soutien\u00ab , assure le Pre\u0301sident Sall.<\/p>\n<p><strong>Pour plus d&rsquo;informations et d&rsquo;analyses sur la <a href=\"https:\/\/www.africa-press.net\/senegal\">Senegal<\/a>, suivez <a href=\"https:\/\/www.africa-press.net\/\">Africa-Press<\/a><\/strong><\/p>\n","protected":false},"excerpt":{"rendered":"<p>Africa-Press &#8211; Senegal. Le Pre\u0301sident de la Re\u0301publique, Monsieur Macky Sall a proce\u0301de\u0301, ce samedi 07 janvier, a\u0300 l\u2019installation du Haut Conseil des collectivite\u0301s territoriales. La ce\u0301re\u0301monie s\u2019est tenue au centre international de confe\u0301rence Abdou Diouf de Diamniadio. Occasion saisie par la pre\u0301sidente Aminata Mbengue Ndiaye pour tirer son bilan de son premier mandat, avant [&hellip;]<\/p>\n","protected":false},"author":82,"featured_media":37798,"comment_status":"open","ping_status":"closed","sticky":false,"template":"","format":"standard","meta":{"footnotes":""},"categories":[2,10],"tags":[43,47,44],"class_list":["post-37800","post","type-post","status-publish","format-standard","has-post-thumbnail","hentry","category-politique","category-toutes-les-actualites","tag-africa-press-2","tag-africa-press-senegal","tag-senegal-2"],"yoast_head":"<!-- This site is optimized with the Yoast SEO Premium plugin v26.1 (Yoast SEO v27.0) - https:\/\/yoast.com\/product\/yoast-seo-premium-wordpress\/ -->\n<title>Installation HCCT \u2013 Macky \u00e0 Aminata Mbengue Ndiaye : \u00ab\u00a0Vous avez ma confiance et mon soutien\u2026\u00a0\u00bb - Senegal<\/title>\n<meta name=\"description\" content=\"Le Pre\u0301sident de la Re\u0301publique, Monsieur Macky Sall a proce\u0301de\u0301, ce samedi 07 janvier, a\u0300 l\u2019installation du Haut Con ...\" \/>\n<meta name=\"robots\" content=\"index, follow, max-snippet:-1, max-image-preview:large, max-video-preview:-1\" \/>\n<link rel=\"canonical\" href=\"https:\/\/www.africa-press.net\/senegal\/politique\/installation-hcct-macky-a-aminata-mbengue-ndiaye-vous-avez-ma-confiance-et-mon-soutien\" \/>\n<meta property=\"og:locale\" content=\"fr_FR\" \/>\n<meta property=\"og:type\" content=\"article\" \/>\n<meta property=\"og:title\" content=\"Installation HCCT \u2013 Macky \u00e0 Aminata Mbengue Ndiaye : \u00ab\u00a0Vous avez ma confiance et mon soutien\u2026\u00a0\u00bb\" \/>\n<meta property=\"og:description\" content=\"Le Pre\u0301sident de la Re\u0301publique, Monsieur Macky Sall a proce\u0301de\u0301, ce samedi 07 janvier, a\u0300 l\u2019installation du Haut Con ...\" \/>\n<meta property=\"og:url\" content=\"https:\/\/www.africa-press.net\/senegal\/politique\/installation-hcct-macky-a-aminata-mbengue-ndiaye-vous-avez-ma-confiance-et-mon-soutien\" \/>\n<meta property=\"og:site_name\" content=\"Senegal\" \/>\n<meta property=\"article:published_time\" content=\"2023-01-08T18:40:04+00:00\" \/>\n<meta property=\"article:modified_time\" content=\"2023-01-08T19:11:35+00:00\" \/>\n<meta property=\"og:image\" content=\"https:\/\/static.africa-press.net\/senegal\/sites\/13\/2023\/01\/postQueueImg_1673190635.90.jpg\" \/>\n\t<meta property=\"og:image:width\" content=\"900\" \/>\n\t<meta property=\"og:image:height\" content=\"599\" \/>\n\t<meta property=\"og:image:type\" content=\"image\/jpeg\" \/>\n<meta name=\"author\" content=\"cfeditorfr\" \/>\n<meta name=\"twitter:card\" content=\"summary_large_image\" \/>\n<meta name=\"twitter:label1\" content=\"\u00c9crit par\" \/>\n\t<meta name=\"twitter:data1\" content=\"cfeditorfr\" \/>\n\t<meta name=\"twitter:label2\" content=\"Dur\u00e9e de lecture estim\u00e9e\" \/>\n\t<meta name=\"twitter:data2\" content=\"4 minutes\" \/>\n<script type=\"application\/ld+json\" class=\"yoast-schema-graph\">{\"@context\":\"https:\/\/schema.org\",\"@graph\":[{\"@type\":\"Article\",\"@id\":\"https:\/\/www.africa-press.net\/senegal\/politique\/installation-hcct-macky-a-aminata-mbengue-ndiaye-vous-avez-ma-confiance-et-mon-soutien#article\",\"isPartOf\":{\"@id\":\"https:\/\/www.africa-press.net\/senegal\/politique\/installation-hcct-macky-a-aminata-mbengue-ndiaye-vous-avez-ma-confiance-et-mon-soutien\"},\"author\":{\"name\":\"cfeditorfr\",\"@id\":\"https:\/\/www.africa-press.net\/senegal\/#\/schema\/person\/2b1cf3cd81a31e3cd26889ca66d677f1\"},\"headline\":\"Installation HCCT \u2013 Macky \u00e0 Aminata Mbengue Ndiaye : \u00ab\u00a0Vous avez ma confiance et mon soutien\u2026\u00a0\u00bb\",\"datePublished\":\"2023-01-08T18:40:04+00:00\",\"dateModified\":\"2023-01-08T19:11:35+00:00\",\"mainEntityOfPage\":{\"@id\":\"https:\/\/www.africa-press.net\/senegal\/politique\/installation-hcct-macky-a-aminata-mbengue-ndiaye-vous-avez-ma-confiance-et-mon-soutien\"},\"wordCount\":833,\"commentCount\":0,\"image\":{\"@id\":\"https:\/\/www.africa-press.net\/senegal\/politique\/installation-hcct-macky-a-aminata-mbengue-ndiaye-vous-avez-ma-confiance-et-mon-soutien#primaryimage\"},\"thumbnailUrl\":\"https:\/\/static.africa-press.net\/senegal\/sites\/13\/2023\/01\/postQueueImg_1673190635.90.jpg\",\"keywords\":[\"Africa Press\",\"Africa Press-Senegal\",\"Senegal\"],\"articleSection\":[\"Politique\",\"Toutes les actualit\u00e9s\"],\"inLanguage\":\"fr-FR\",\"potentialAction\":[{\"@type\":\"CommentAction\",\"name\":\"Comment\",\"target\":[\"https:\/\/www.africa-press.net\/senegal\/politique\/installation-hcct-macky-a-aminata-mbengue-ndiaye-vous-avez-ma-confiance-et-mon-soutien#respond\"]}]},{\"@type\":\"WebPage\",\"@id\":\"https:\/\/www.africa-press.net\/senegal\/politique\/installation-hcct-macky-a-aminata-mbengue-ndiaye-vous-avez-ma-confiance-et-mon-soutien\",\"url\":\"https:\/\/www.africa-press.net\/senegal\/politique\/installation-hcct-macky-a-aminata-mbengue-ndiaye-vous-avez-ma-confiance-et-mon-soutien\",\"name\":\"Installation HCCT \u2013 Macky \u00e0 Aminata Mbengue Ndiaye : \u00ab\u00a0Vous avez ma confiance et mon soutien\u2026\u00a0\u00bb - Senegal\",\"isPartOf\":{\"@id\":\"https:\/\/www.africa-press.net\/senegal\/#website\"},\"primaryImageOfPage\":{\"@id\":\"https:\/\/www.africa-press.net\/senegal\/politique\/installation-hcct-macky-a-aminata-mbengue-ndiaye-vous-avez-ma-confiance-et-mon-soutien#primaryimage\"},\"image\":{\"@id\":\"https:\/\/www.africa-press.net\/senegal\/politique\/installation-hcct-macky-a-aminata-mbengue-ndiaye-vous-avez-ma-confiance-et-mon-soutien#primaryimage\"},\"thumbnailUrl\":\"https:\/\/static.africa-press.net\/senegal\/sites\/13\/2023\/01\/postQueueImg_1673190635.90.jpg\",\"datePublished\":\"2023-01-08T18:40:04+00:00\",\"dateModified\":\"2023-01-08T19:11:35+00:00\",\"author\":{\"@id\":\"https:\/\/www.africa-press.net\/senegal\/#\/schema\/person\/2b1cf3cd81a31e3cd26889ca66d677f1\"},\"description\":\"Le Pre\u0301sident de la Re\u0301publique, Monsieur Macky Sall a proce\u0301de\u0301, ce samedi 07 janvier, a\u0300 l\u2019installation du Haut Con ...\",\"breadcrumb\":{\"@id\":\"https:\/\/www.africa-press.net\/senegal\/politique\/installation-hcct-macky-a-aminata-mbengue-ndiaye-vous-avez-ma-confiance-et-mon-soutien#breadcrumb\"},\"inLanguage\":\"fr-FR\",\"potentialAction\":[{\"@type\":\"ReadAction\",\"target\":[\"https:\/\/www.africa-press.net\/senegal\/politique\/installation-hcct-macky-a-aminata-mbengue-ndiaye-vous-avez-ma-confiance-et-mon-soutien\"]}]},{\"@type\":\"ImageObject\",\"inLanguage\":\"fr-FR\",\"@id\":\"https:\/\/www.africa-press.net\/senegal\/politique\/installation-hcct-macky-a-aminata-mbengue-ndiaye-vous-avez-ma-confiance-et-mon-soutien#primaryimage\",\"url\":\"https:\/\/static.africa-press.net\/senegal\/sites\/13\/2023\/01\/postQueueImg_1673190635.90.jpg\",\"contentUrl\":\"https:\/\/static.africa-press.net\/senegal\/sites\/13\/2023\/01\/postQueueImg_1673190635.90.jpg\",\"width\":900,\"height\":599,\"caption\":\"Installation HCCT \u2013 Macky \u00e0 Aminata Mbengue Ndiaye : \u00ab\u00a0Vous avez ma confiance et mon soutien\u2026\u00a0\u00bb\"},{\"@type\":\"BreadcrumbList\",\"@id\":\"https:\/\/www.africa-press.net\/senegal\/politique\/installation-hcct-macky-a-aminata-mbengue-ndiaye-vous-avez-ma-confiance-et-mon-soutien#breadcrumb\",\"itemListElement\":[{\"@type\":\"ListItem\",\"position\":1,\"name\":\"Accueil\",\"item\":\"https:\/\/www.africa-press.net\/senegal\/\"},{\"@type\":\"ListItem\",\"position\":2,\"name\":\"Installation HCCT \u2013 Macky \u00e0 Aminata Mbengue Ndiaye : \u00ab\u00a0Vous avez ma confiance et mon soutien\u2026\u00a0\u00bb\"}]},{\"@type\":\"WebSite\",\"@id\":\"https:\/\/www.africa-press.net\/senegal\/#website\",\"url\":\"https:\/\/www.africa-press.net\/senegal\/\",\"name\":\"Africa Press | Senegal | Homepage\",\"description\":\"Just another Africa News Agency Sites site\",\"potentialAction\":[{\"@type\":\"SearchAction\",\"target\":{\"@type\":\"EntryPoint\",\"urlTemplate\":\"https:\/\/www.africa-press.net\/senegal\/?s={search_term_string}\"},\"query-input\":{\"@type\":\"PropertyValueSpecification\",\"valueRequired\":true,\"valueName\":\"search_term_string\"}}],\"inLanguage\":\"fr-FR\"},{\"@type\":\"Person\",\"@id\":\"https:\/\/www.africa-press.net\/senegal\/#\/schema\/person\/2b1cf3cd81a31e3cd26889ca66d677f1\",\"name\":\"cfeditorfr\",\"url\":\"https:\/\/www.africa-press.net\/senegal\/author\/cfeditorfr\"}]}<\/script>\n<!-- \/ Yoast SEO Premium plugin. -->","yoast_head_json":{"title":"Installation HCCT \u2013 Macky \u00e0 Aminata Mbengue Ndiaye : \u00ab\u00a0Vous avez ma confiance et mon soutien\u2026\u00a0\u00bb - Senegal","description":"Le Pre\u0301sident de la Re\u0301publique, Monsieur Macky Sall a proce\u0301de\u0301, ce samedi 07 janvier, a\u0300 l\u2019installation du Haut Con ...","robots":{"index":"index","follow":"follow","max-snippet":"max-snippet:-1","max-image-preview":"max-image-preview:large","max-video-preview":"max-video-preview:-1"},"canonical":"https:\/\/www.africa-press.net\/senegal\/politique\/installation-hcct-macky-a-aminata-mbengue-ndiaye-vous-avez-ma-confiance-et-mon-soutien","og_locale":"fr_FR","og_type":"article","og_title":"Installation HCCT \u2013 Macky \u00e0 Aminata Mbengue Ndiaye : \u00ab\u00a0Vous avez ma confiance et mon soutien\u2026\u00a0\u00bb","og_description":"Le Pre\u0301sident de la Re\u0301publique, Monsieur Macky Sall a proce\u0301de\u0301, ce samedi 07 janvier, a\u0300 l\u2019installation du Haut Con ...","og_url":"https:\/\/www.africa-press.net\/senegal\/politique\/installation-hcct-macky-a-aminata-mbengue-ndiaye-vous-avez-ma-confiance-et-mon-soutien","og_site_name":"Senegal","article_published_time":"2023-01-08T18:40:04+00:00","article_modified_time":"2023-01-08T19:11:35+00:00","og_image":[{"width":900,"height":599,"url":"https:\/\/static.africa-press.net\/senegal\/sites\/13\/2023\/01\/postQueueImg_1673190635.90.jpg","type":"image\/jpeg"}],"author":"cfeditorfr","twitter_card":"summary_large_image","twitter_misc":{"\u00c9crit par":"cfeditorfr","Dur\u00e9e de lecture estim\u00e9e":"4 minutes"},"schema":{"@context":"https:\/\/schema.org","@graph":[{"@type":"Article","@id":"https:\/\/www.africa-press.net\/senegal\/politique\/installation-hcct-macky-a-aminata-mbengue-ndiaye-vous-avez-ma-confiance-et-mon-soutien#article","isPartOf":{"@id":"https:\/\/www.africa-press.net\/senegal\/politique\/installation-hcct-macky-a-aminata-mbengue-ndiaye-vous-avez-ma-confiance-et-mon-soutien"},"author":{"name":"cfeditorfr","@id":"https:\/\/www.africa-press.net\/senegal\/#\/schema\/person\/2b1cf3cd81a31e3cd26889ca66d677f1"},"headline":"Installation HCCT \u2013 Macky \u00e0 Aminata Mbengue Ndiaye : \u00ab\u00a0Vous avez ma confiance et mon soutien\u2026\u00a0\u00bb","datePublished":"2023-01-08T18:40:04+00:00","dateModified":"2023-01-08T19:11:35+00:00","mainEntityOfPage":{"@id":"https:\/\/www.africa-press.net\/senegal\/politique\/installation-hcct-macky-a-aminata-mbengue-ndiaye-vous-avez-ma-confiance-et-mon-soutien"},"wordCount":833,"commentCount":0,"image":{"@id":"https:\/\/www.africa-press.net\/senegal\/politique\/installation-hcct-macky-a-aminata-mbengue-ndiaye-vous-avez-ma-confiance-et-mon-soutien#primaryimage"},"thumbnailUrl":"https:\/\/static.africa-press.net\/senegal\/sites\/13\/2023\/01\/postQueueImg_1673190635.90.jpg","keywords":["Africa Press","Africa Press-Senegal","Senegal"],"articleSection":["Politique","Toutes les actualit\u00e9s"],"inLanguage":"fr-FR","potentialAction":[{"@type":"CommentAction","name":"Comment","target":["https:\/\/www.africa-press.net\/senegal\/politique\/installation-hcct-macky-a-aminata-mbengue-ndiaye-vous-avez-ma-confiance-et-mon-soutien#respond"]}]},{"@type":"WebPage","@id":"https:\/\/www.africa-press.net\/senegal\/politique\/installation-hcct-macky-a-aminata-mbengue-ndiaye-vous-avez-ma-confiance-et-mon-soutien","url":"https:\/\/www.africa-press.net\/senegal\/politique\/installation-hcct-macky-a-aminata-mbengue-ndiaye-vous-avez-ma-confiance-et-mon-soutien","name":"Installation HCCT \u2013 Macky \u00e0 Aminata Mbengue Ndiaye : \u00ab\u00a0Vous avez ma confiance et mon soutien\u2026\u00a0\u00bb - Senegal","isPartOf":{"@id":"https:\/\/www.africa-press.net\/senegal\/#website"},"primaryImageOfPage":{"@id":"https:\/\/www.africa-press.net\/senegal\/politique\/installation-hcct-macky-a-aminata-mbengue-ndiaye-vous-avez-ma-confiance-et-mon-soutien#primaryimage"},"image":{"@id":"https:\/\/www.africa-press.net\/senegal\/politique\/installation-hcct-macky-a-aminata-mbengue-ndiaye-vous-avez-ma-confiance-et-mon-soutien#primaryimage"},"thumbnailUrl":"https:\/\/static.africa-press.net\/senegal\/sites\/13\/2023\/01\/postQueueImg_1673190635.90.jpg","datePublished":"2023-01-08T18:40:04+00:00","dateModified":"2023-01-08T19:11:35+00:00","author":{"@id":"https:\/\/www.africa-press.net\/senegal\/#\/schema\/person\/2b1cf3cd81a31e3cd26889ca66d677f1"},"description":"Le Pre\u0301sident de la Re\u0301publique, Monsieur Macky Sall a proce\u0301de\u0301, ce samedi 07 janvier, a\u0300 l\u2019installation du Haut Con ...","breadcrumb":{"@id":"https:\/\/www.africa-press.net\/senegal\/politique\/installation-hcct-macky-a-aminata-mbengue-ndiaye-vous-avez-ma-confiance-et-mon-soutien#breadcrumb"},"inLanguage":"fr-FR","potentialAction":[{"@type":"ReadAction","target":["https:\/\/www.africa-press.net\/senegal\/politique\/installation-hcct-macky-a-aminata-mbengue-ndiaye-vous-avez-ma-confiance-et-mon-soutien"]}]},{"@type":"ImageObject","inLanguage":"fr-FR","@id":"https:\/\/www.africa-press.net\/senegal\/politique\/installation-hcct-macky-a-aminata-mbengue-ndiaye-vous-avez-ma-confiance-et-mon-soutien#primaryimage","url":"https:\/\/static.africa-press.net\/senegal\/sites\/13\/2023\/01\/postQueueImg_1673190635.90.jpg","contentUrl":"https:\/\/static.africa-press.net\/senegal\/sites\/13\/2023\/01\/postQueueImg_1673190635.90.jpg","width":900,"height":599,"caption":"Installation HCCT \u2013 Macky \u00e0 Aminata Mbengue Ndiaye : \u00ab\u00a0Vous avez ma confiance et mon soutien\u2026\u00a0\u00bb"},{"@type":"BreadcrumbList","@id":"https:\/\/www.africa-press.net\/senegal\/politique\/installation-hcct-macky-a-aminata-mbengue-ndiaye-vous-avez-ma-confiance-et-mon-soutien#breadcrumb","itemListElement":[{"@type":"ListItem","position":1,"name":"Accueil","item":"https:\/\/www.africa-press.net\/senegal\/"},{"@type":"ListItem","position":2,"name":"Installation HCCT \u2013 Macky \u00e0 Aminata Mbengue Ndiaye : \u00ab\u00a0Vous avez ma confiance et mon soutien\u2026\u00a0\u00bb"}]},{"@type":"WebSite","@id":"https:\/\/www.africa-press.net\/senegal\/#website","url":"https:\/\/www.africa-press.net\/senegal\/","name":"Africa Press | Senegal | Homepage","description":"Just another Africa News Agency Sites site","potentialAction":[{"@type":"SearchAction","target":{"@type":"EntryPoint","urlTemplate":"https:\/\/www.africa-press.net\/senegal\/?s={search_term_string}"},"query-input":{"@type":"PropertyValueSpecification","valueRequired":true,"valueName":"search_term_string"}}],"inLanguage":"fr-FR"},{"@type":"Person","@id":"https:\/\/www.africa-press.net\/senegal\/#\/schema\/person\/2b1cf3cd81a31e3cd26889ca66d677f1","name":"cfeditorfr","url":"https:\/\/www.africa-press.net\/senegal\/author\/cfeditorfr"}]}},"_links":{"self":[{"href":"https:\/\/www.africa-press.net\/senegal\/wp-json\/wp\/v2\/posts\/37800","targetHints":{"allow":["GET"]}}],"collection":[{"href":"https:\/\/www.africa-press.net\/senegal\/wp-json\/wp\/v2\/posts"}],"about":[{"href":"https:\/\/www.africa-press.net\/senegal\/wp-json\/wp\/v2\/types\/post"}],"author":[{"embeddable":true,"href":"https:\/\/www.africa-press.net\/senegal\/wp-json\/wp\/v2\/users\/82"}],"replies":[{"embeddable":true,"href":"https:\/\/www.africa-press.net\/senegal\/wp-json\/wp\/v2\/comments?post=37800"}],"version-history":[{"count":0,"href":"https:\/\/www.africa-press.net\/senegal\/wp-json\/wp\/v2\/posts\/37800\/revisions"}],"wp:featuredmedia":[{"embeddable":true,"href":"https:\/\/www.africa-press.net\/senegal\/wp-json\/wp\/v2\/media\/37798"}],"wp:attachment":[{"href":"https:\/\/www.africa-press.net\/senegal\/wp-json\/wp\/v2\/media?parent=37800"}],"wp:term":[{"taxonomy":"category","embeddable":true,"href":"https:\/\/www.africa-press.net\/senegal\/wp-json\/wp\/v2\/categories?post=37800"},{"taxonomy":"post_tag","embeddable":true,"href":"https:\/\/www.africa-press.net\/senegal\/wp-json\/wp\/v2\/tags?post=37800"}],"curies":[{"name":"wp","href":"https:\/\/api.w.org\/{rel}","templated":true}]}}