{"id":37803,"date":"2023-01-08T18:41:03","date_gmt":"2023-01-08T18:41:03","guid":{"rendered":"https:\/\/www.africa-press.net\/senegal\/politique\/levee-de-fonds-du-nemmeeku-tour-2023-le-message-de-sonko-aux-patriotes"},"modified":"2023-01-08T19:12:33","modified_gmt":"2023-01-08T19:12:33","slug":"levee-de-fonds-du-nemmeeku-tour-2023-le-message-de-sonko-aux-patriotes","status":"publish","type":"post","link":"https:\/\/www.africa-press.net\/senegal\/parties\/levee-de-fonds-du-nemmeeku-tour-2023-le-message-de-sonko-aux-patriotes","title":{"rendered":"Lev\u00e9e de fonds du Nemmeeku Tour 2023 : Le message de Sonko aux patriotes\u2026"},"content":{"rendered":"<p><span style=\"color: #ff6600\"><strong>Africa-Press &#8211; Senegal. <\/strong><\/span><b>Le parti les Patriotes africains du Se\u0301ne\u0301gal pour le travail, l\u2019e\u0301thique et la fraternite\u0301 (PASTEF) entame, ce dimanche 08 janvier, une ope\u0301ration internationale de leve\u0301e de fonds. L\u2019objectif pour les patriotes, c\u2019est de re\u0301colter et de mettre a\u0300 la disposition du parti et de son pre\u0301sident, Ousmane Sonko, les moyens d\u2019aller a\u0300 la rencontre des se\u0301ne\u0301galais.<\/b><\/p>\n<p>Le leader de Pastef, Ousmane Sonko et les patriotes de la diaspora et du Se\u0301ne\u0301gal tout entier s\u2019activent pour participer massivement a\u0300 la campagne de leve\u0301e de fonds qui se tiendra ce dimanche 8 janvier.<\/p>\n<p>Pour la re\u0301ussite de cette journe\u0301e, le leader de Pastef, Ousmane Sonko a adresse\u0301 un message aux patriotes de la diaspora et du Se\u0301ne\u0301gal.<\/p>\n<p><strong>Pour plus d&rsquo;informations et d&rsquo;analyses sur la <a href=\"https:\/\/www.africa-press.net\/senegal\">Senegal<\/a>, suivez <a href=\"https:\/\/www.africa-press.net\/\">Africa-Press<\/a><\/strong><\/p>\n","protected":false},"excerpt":{"rendered":"<p>Africa-Press &#8211; Senegal. Le parti les Patriotes africains du Se\u0301ne\u0301gal pour le travail, l\u2019e\u0301thique et la fraternite\u0301 (PASTEF) entame, ce dimanche 08 janvier, une ope\u0301ration internationale de leve\u0301e de fonds. L\u2019objectif pour les patriotes, c\u2019est de re\u0301colter et de mettre a\u0300 la disposition du parti et de son pre\u0301sident, Ousmane Sonko, les moyens d\u2019aller a\u0300 [&hellip;]<\/p>\n","protected":false},"author":82,"featured_media":37802,"comment_status":"open","ping_status":"closed","sticky":false,"template":"","format":"standard","meta":{"footnotes":""},"categories":[4,10],"tags":[43,47,44],"class_list":["post-37803","post","type-post","status-publish","format-standard","has-post-thumbnail","hentry","category-parties","category-toutes-les-actualites","tag-africa-press-2","tag-africa-press-senegal","tag-senegal-2"],"yoast_head":"<!-- This site is optimized with the Yoast SEO Premium plugin v26.1 (Yoast SEO v27.0) - https:\/\/yoast.com\/product\/yoast-seo-premium-wordpress\/ -->\n<title>Lev\u00e9e de fonds du Nemmeeku Tour 2023 : Le message de Sonko aux patriotes\u2026 - Senegal<\/title>\n<meta name=\"description\" content=\"Le parti les Patriotes africains du Se\u0301ne\u0301gal pour le travail, l\u2019e\u0301thique et la fraternite\u0301 (PASTEF) entame, ce diman ...\" \/>\n<meta name=\"robots\" content=\"index, follow, max-snippet:-1, max-image-preview:large, max-video-preview:-1\" \/>\n<link rel=\"canonical\" href=\"https:\/\/www.africa-press.net\/senegal\/parties\/levee-de-fonds-du-nemmeeku-tour-2023-le-message-de-sonko-aux-patriotes\" \/>\n<meta property=\"og:locale\" content=\"fr_FR\" \/>\n<meta property=\"og:type\" content=\"article\" \/>\n<meta property=\"og:title\" content=\"Lev\u00e9e de fonds du Nemmeeku Tour 2023 : Le message de Sonko aux patriotes\u2026\" \/>\n<meta property=\"og:description\" content=\"Le parti les Patriotes africains du Se\u0301ne\u0301gal pour le travail, l\u2019e\u0301thique et la fraternite\u0301 (PASTEF) entame, ce diman ...\" \/>\n<meta property=\"og:url\" content=\"https:\/\/www.africa-press.net\/senegal\/parties\/levee-de-fonds-du-nemmeeku-tour-2023-le-message-de-sonko-aux-patriotes\" \/>\n<meta property=\"og:site_name\" content=\"Senegal\" \/>\n<meta property=\"article:published_time\" content=\"2023-01-08T18:41:03+00:00\" \/>\n<meta property=\"article:modified_time\" content=\"2023-01-08T19:12:33+00:00\" \/>\n<meta property=\"og:image\" content=\"https:\/\/static.africa-press.net\/senegal\/sites\/13\/2023\/01\/postQueueImg_1673190692.66.jpg\" \/>\n\t<meta property=\"og:image:width\" content=\"720\" \/>\n\t<meta property=\"og:image:height\" content=\"375\" \/>\n\t<meta property=\"og:image:type\" content=\"image\/jpeg\" \/>\n<meta name=\"author\" content=\"cfeditorfr\" \/>\n<meta name=\"twitter:card\" content=\"summary_large_image\" \/>\n<meta name=\"twitter:label1\" content=\"\u00c9crit par\" \/>\n\t<meta name=\"twitter:data1\" content=\"cfeditorfr\" \/>\n\t<meta name=\"twitter:label2\" content=\"Dur\u00e9e de lecture estim\u00e9e\" \/>\n\t<meta name=\"twitter:data2\" content=\"1 minute\" \/>\n<script type=\"application\/ld+json\" class=\"yoast-schema-graph\">{\"@context\":\"https:\/\/schema.org\",\"@graph\":[{\"@type\":\"Article\",\"@id\":\"https:\/\/www.africa-press.net\/senegal\/parties\/levee-de-fonds-du-nemmeeku-tour-2023-le-message-de-sonko-aux-patriotes#article\",\"isPartOf\":{\"@id\":\"https:\/\/www.africa-press.net\/senegal\/parties\/levee-de-fonds-du-nemmeeku-tour-2023-le-message-de-sonko-aux-patriotes\"},\"author\":{\"name\":\"cfeditorfr\",\"@id\":\"https:\/\/www.africa-press.net\/senegal\/#\/schema\/person\/2b1cf3cd81a31e3cd26889ca66d677f1\"},\"headline\":\"Lev\u00e9e de fonds du Nemmeeku Tour 2023 : Le message de Sonko aux patriotes\u2026\",\"datePublished\":\"2023-01-08T18:41:03+00:00\",\"dateModified\":\"2023-01-08T19:12:33+00:00\",\"mainEntityOfPage\":{\"@id\":\"https:\/\/www.africa-press.net\/senegal\/parties\/levee-de-fonds-du-nemmeeku-tour-2023-le-message-de-sonko-aux-patriotes\"},\"wordCount\":162,\"commentCount\":0,\"image\":{\"@id\":\"https:\/\/www.africa-press.net\/senegal\/parties\/levee-de-fonds-du-nemmeeku-tour-2023-le-message-de-sonko-aux-patriotes#primaryimage\"},\"thumbnailUrl\":\"https:\/\/static.africa-press.net\/senegal\/sites\/13\/2023\/01\/postQueueImg_1673190692.66.jpg\",\"keywords\":[\"Africa Press\",\"Africa Press-Senegal\",\"Senegal\"],\"articleSection\":[\"Parties\",\"Toutes les actualit\u00e9s\"],\"inLanguage\":\"fr-FR\",\"potentialAction\":[{\"@type\":\"CommentAction\",\"name\":\"Comment\",\"target\":[\"https:\/\/www.africa-press.net\/senegal\/parties\/levee-de-fonds-du-nemmeeku-tour-2023-le-message-de-sonko-aux-patriotes#respond\"]}]},{\"@type\":\"WebPage\",\"@id\":\"https:\/\/www.africa-press.net\/senegal\/parties\/levee-de-fonds-du-nemmeeku-tour-2023-le-message-de-sonko-aux-patriotes\",\"url\":\"https:\/\/www.africa-press.net\/senegal\/parties\/levee-de-fonds-du-nemmeeku-tour-2023-le-message-de-sonko-aux-patriotes\",\"name\":\"Lev\u00e9e de fonds du Nemmeeku Tour 2023 : Le message de Sonko aux patriotes\u2026 - Senegal\",\"isPartOf\":{\"@id\":\"https:\/\/www.africa-press.net\/senegal\/#website\"},\"primaryImageOfPage\":{\"@id\":\"https:\/\/www.africa-press.net\/senegal\/parties\/levee-de-fonds-du-nemmeeku-tour-2023-le-message-de-sonko-aux-patriotes#primaryimage\"},\"image\":{\"@id\":\"https:\/\/www.africa-press.net\/senegal\/parties\/levee-de-fonds-du-nemmeeku-tour-2023-le-message-de-sonko-aux-patriotes#primaryimage\"},\"thumbnailUrl\":\"https:\/\/static.africa-press.net\/senegal\/sites\/13\/2023\/01\/postQueueImg_1673190692.66.jpg\",\"datePublished\":\"2023-01-08T18:41:03+00:00\",\"dateModified\":\"2023-01-08T19:12:33+00:00\",\"author\":{\"@id\":\"https:\/\/www.africa-press.net\/senegal\/#\/schema\/person\/2b1cf3cd81a31e3cd26889ca66d677f1\"},\"description\":\"Le parti les Patriotes africains du Se\u0301ne\u0301gal pour le travail, l\u2019e\u0301thique et la fraternite\u0301 (PASTEF) entame, ce diman ...\",\"breadcrumb\":{\"@id\":\"https:\/\/www.africa-press.net\/senegal\/parties\/levee-de-fonds-du-nemmeeku-tour-2023-le-message-de-sonko-aux-patriotes#breadcrumb\"},\"inLanguage\":\"fr-FR\",\"potentialAction\":[{\"@type\":\"ReadAction\",\"target\":[\"https:\/\/www.africa-press.net\/senegal\/parties\/levee-de-fonds-du-nemmeeku-tour-2023-le-message-de-sonko-aux-patriotes\"]}]},{\"@type\":\"ImageObject\",\"inLanguage\":\"fr-FR\",\"@id\":\"https:\/\/www.africa-press.net\/senegal\/parties\/levee-de-fonds-du-nemmeeku-tour-2023-le-message-de-sonko-aux-patriotes#primaryimage\",\"url\":\"https:\/\/static.africa-press.net\/senegal\/sites\/13\/2023\/01\/postQueueImg_1673190692.66.jpg\",\"contentUrl\":\"https:\/\/static.africa-press.net\/senegal\/sites\/13\/2023\/01\/postQueueImg_1673190692.66.jpg\",\"width\":720,\"height\":375,\"caption\":\"Lev\u00e9e de fonds du Nemmeeku Tour 2023 : Le message de Sonko aux patriotes\u2026\"},{\"@type\":\"BreadcrumbList\",\"@id\":\"https:\/\/www.africa-press.net\/senegal\/parties\/levee-de-fonds-du-nemmeeku-tour-2023-le-message-de-sonko-aux-patriotes#breadcrumb\",\"itemListElement\":[{\"@type\":\"ListItem\",\"position\":1,\"name\":\"Accueil\",\"item\":\"https:\/\/www.africa-press.net\/senegal\/\"},{\"@type\":\"ListItem\",\"position\":2,\"name\":\"Lev\u00e9e de fonds du Nemmeeku Tour 2023 : Le message de Sonko aux patriotes\u2026\"}]},{\"@type\":\"WebSite\",\"@id\":\"https:\/\/www.africa-press.net\/senegal\/#website\",\"url\":\"https:\/\/www.africa-press.net\/senegal\/\",\"name\":\"Africa Press | Senegal | Homepage\",\"description\":\"Just another Africa News Agency Sites site\",\"potentialAction\":[{\"@type\":\"SearchAction\",\"target\":{\"@type\":\"EntryPoint\",\"urlTemplate\":\"https:\/\/www.africa-press.net\/senegal\/?s={search_term_string}\"},\"query-input\":{\"@type\":\"PropertyValueSpecification\",\"valueRequired\":true,\"valueName\":\"search_term_string\"}}],\"inLanguage\":\"fr-FR\"},{\"@type\":\"Person\",\"@id\":\"https:\/\/www.africa-press.net\/senegal\/#\/schema\/person\/2b1cf3cd81a31e3cd26889ca66d677f1\",\"name\":\"cfeditorfr\",\"url\":\"https:\/\/www.africa-press.net\/senegal\/author\/cfeditorfr\"}]}<\/script>\n<!-- \/ Yoast SEO Premium plugin. -->","yoast_head_json":{"title":"Lev\u00e9e de fonds du Nemmeeku Tour 2023 : Le message de Sonko aux patriotes\u2026 - Senegal","description":"Le parti les Patriotes africains du Se\u0301ne\u0301gal pour le travail, l\u2019e\u0301thique et la fraternite\u0301 (PASTEF) entame, ce diman ...","robots":{"index":"index","follow":"follow","max-snippet":"max-snippet:-1","max-image-preview":"max-image-preview:large","max-video-preview":"max-video-preview:-1"},"canonical":"https:\/\/www.africa-press.net\/senegal\/parties\/levee-de-fonds-du-nemmeeku-tour-2023-le-message-de-sonko-aux-patriotes","og_locale":"fr_FR","og_type":"article","og_title":"Lev\u00e9e de fonds du Nemmeeku Tour 2023 : Le message de Sonko aux patriotes\u2026","og_description":"Le parti les Patriotes africains du Se\u0301ne\u0301gal pour le travail, l\u2019e\u0301thique et la fraternite\u0301 (PASTEF) entame, ce diman ...","og_url":"https:\/\/www.africa-press.net\/senegal\/parties\/levee-de-fonds-du-nemmeeku-tour-2023-le-message-de-sonko-aux-patriotes","og_site_name":"Senegal","article_published_time":"2023-01-08T18:41:03+00:00","article_modified_time":"2023-01-08T19:12:33+00:00","og_image":[{"width":720,"height":375,"url":"https:\/\/static.africa-press.net\/senegal\/sites\/13\/2023\/01\/postQueueImg_1673190692.66.jpg","type":"image\/jpeg"}],"author":"cfeditorfr","twitter_card":"summary_large_image","twitter_misc":{"\u00c9crit par":"cfeditorfr","Dur\u00e9e de lecture estim\u00e9e":"1 minute"},"schema":{"@context":"https:\/\/schema.org","@graph":[{"@type":"Article","@id":"https:\/\/www.africa-press.net\/senegal\/parties\/levee-de-fonds-du-nemmeeku-tour-2023-le-message-de-sonko-aux-patriotes#article","isPartOf":{"@id":"https:\/\/www.africa-press.net\/senegal\/parties\/levee-de-fonds-du-nemmeeku-tour-2023-le-message-de-sonko-aux-patriotes"},"author":{"name":"cfeditorfr","@id":"https:\/\/www.africa-press.net\/senegal\/#\/schema\/person\/2b1cf3cd81a31e3cd26889ca66d677f1"},"headline":"Lev\u00e9e de fonds du Nemmeeku Tour 2023 : Le message de Sonko aux patriotes\u2026","datePublished":"2023-01-08T18:41:03+00:00","dateModified":"2023-01-08T19:12:33+00:00","mainEntityOfPage":{"@id":"https:\/\/www.africa-press.net\/senegal\/parties\/levee-de-fonds-du-nemmeeku-tour-2023-le-message-de-sonko-aux-patriotes"},"wordCount":162,"commentCount":0,"image":{"@id":"https:\/\/www.africa-press.net\/senegal\/parties\/levee-de-fonds-du-nemmeeku-tour-2023-le-message-de-sonko-aux-patriotes#primaryimage"},"thumbnailUrl":"https:\/\/static.africa-press.net\/senegal\/sites\/13\/2023\/01\/postQueueImg_1673190692.66.jpg","keywords":["Africa Press","Africa Press-Senegal","Senegal"],"articleSection":["Parties","Toutes les actualit\u00e9s"],"inLanguage":"fr-FR","potentialAction":[{"@type":"CommentAction","name":"Comment","target":["https:\/\/www.africa-press.net\/senegal\/parties\/levee-de-fonds-du-nemmeeku-tour-2023-le-message-de-sonko-aux-patriotes#respond"]}]},{"@type":"WebPage","@id":"https:\/\/www.africa-press.net\/senegal\/parties\/levee-de-fonds-du-nemmeeku-tour-2023-le-message-de-sonko-aux-patriotes","url":"https:\/\/www.africa-press.net\/senegal\/parties\/levee-de-fonds-du-nemmeeku-tour-2023-le-message-de-sonko-aux-patriotes","name":"Lev\u00e9e de fonds du Nemmeeku Tour 2023 : Le message de Sonko aux patriotes\u2026 - Senegal","isPartOf":{"@id":"https:\/\/www.africa-press.net\/senegal\/#website"},"primaryImageOfPage":{"@id":"https:\/\/www.africa-press.net\/senegal\/parties\/levee-de-fonds-du-nemmeeku-tour-2023-le-message-de-sonko-aux-patriotes#primaryimage"},"image":{"@id":"https:\/\/www.africa-press.net\/senegal\/parties\/levee-de-fonds-du-nemmeeku-tour-2023-le-message-de-sonko-aux-patriotes#primaryimage"},"thumbnailUrl":"https:\/\/static.africa-press.net\/senegal\/sites\/13\/2023\/01\/postQueueImg_1673190692.66.jpg","datePublished":"2023-01-08T18:41:03+00:00","dateModified":"2023-01-08T19:12:33+00:00","author":{"@id":"https:\/\/www.africa-press.net\/senegal\/#\/schema\/person\/2b1cf3cd81a31e3cd26889ca66d677f1"},"description":"Le parti les Patriotes africains du Se\u0301ne\u0301gal pour le travail, l\u2019e\u0301thique et la fraternite\u0301 (PASTEF) entame, ce diman ...","breadcrumb":{"@id":"https:\/\/www.africa-press.net\/senegal\/parties\/levee-de-fonds-du-nemmeeku-tour-2023-le-message-de-sonko-aux-patriotes#breadcrumb"},"inLanguage":"fr-FR","potentialAction":[{"@type":"ReadAction","target":["https:\/\/www.africa-press.net\/senegal\/parties\/levee-de-fonds-du-nemmeeku-tour-2023-le-message-de-sonko-aux-patriotes"]}]},{"@type":"ImageObject","inLanguage":"fr-FR","@id":"https:\/\/www.africa-press.net\/senegal\/parties\/levee-de-fonds-du-nemmeeku-tour-2023-le-message-de-sonko-aux-patriotes#primaryimage","url":"https:\/\/static.africa-press.net\/senegal\/sites\/13\/2023\/01\/postQueueImg_1673190692.66.jpg","contentUrl":"https:\/\/static.africa-press.net\/senegal\/sites\/13\/2023\/01\/postQueueImg_1673190692.66.jpg","width":720,"height":375,"caption":"Lev\u00e9e de fonds du Nemmeeku Tour 2023 : Le message de Sonko aux patriotes\u2026"},{"@type":"BreadcrumbList","@id":"https:\/\/www.africa-press.net\/senegal\/parties\/levee-de-fonds-du-nemmeeku-tour-2023-le-message-de-sonko-aux-patriotes#breadcrumb","itemListElement":[{"@type":"ListItem","position":1,"name":"Accueil","item":"https:\/\/www.africa-press.net\/senegal\/"},{"@type":"ListItem","position":2,"name":"Lev\u00e9e de fonds du Nemmeeku Tour 2023 : Le message de Sonko aux patriotes\u2026"}]},{"@type":"WebSite","@id":"https:\/\/www.africa-press.net\/senegal\/#website","url":"https:\/\/www.africa-press.net\/senegal\/","name":"Africa Press | Senegal | Homepage","description":"Just another Africa News Agency Sites site","potentialAction":[{"@type":"SearchAction","target":{"@type":"EntryPoint","urlTemplate":"https:\/\/www.africa-press.net\/senegal\/?s={search_term_string}"},"query-input":{"@type":"PropertyValueSpecification","valueRequired":true,"valueName":"search_term_string"}}],"inLanguage":"fr-FR"},{"@type":"Person","@id":"https:\/\/www.africa-press.net\/senegal\/#\/schema\/person\/2b1cf3cd81a31e3cd26889ca66d677f1","name":"cfeditorfr","url":"https:\/\/www.africa-press.net\/senegal\/author\/cfeditorfr"}]}},"_links":{"self":[{"href":"https:\/\/www.africa-press.net\/senegal\/wp-json\/wp\/v2\/posts\/37803","targetHints":{"allow":["GET"]}}],"collection":[{"href":"https:\/\/www.africa-press.net\/senegal\/wp-json\/wp\/v2\/posts"}],"about":[{"href":"https:\/\/www.africa-press.net\/senegal\/wp-json\/wp\/v2\/types\/post"}],"author":[{"embeddable":true,"href":"https:\/\/www.africa-press.net\/senegal\/wp-json\/wp\/v2\/users\/82"}],"replies":[{"embeddable":true,"href":"https:\/\/www.africa-press.net\/senegal\/wp-json\/wp\/v2\/comments?post=37803"}],"version-history":[{"count":0,"href":"https:\/\/www.africa-press.net\/senegal\/wp-json\/wp\/v2\/posts\/37803\/revisions"}],"wp:featuredmedia":[{"embeddable":true,"href":"https:\/\/www.africa-press.net\/senegal\/wp-json\/wp\/v2\/media\/37802"}],"wp:attachment":[{"href":"https:\/\/www.africa-press.net\/senegal\/wp-json\/wp\/v2\/media?parent=37803"}],"wp:term":[{"taxonomy":"category","embeddable":true,"href":"https:\/\/www.africa-press.net\/senegal\/wp-json\/wp\/v2\/categories?post=37803"},{"taxonomy":"post_tag","embeddable":true,"href":"https:\/\/www.africa-press.net\/senegal\/wp-json\/wp\/v2\/tags?post=37803"}],"curies":[{"name":"wp","href":"https:\/\/api.w.org\/{rel}","templated":true}]}}