{"id":37809,"date":"2023-01-08T18:45:16","date_gmt":"2023-01-08T18:45:16","guid":{"rendered":"https:\/\/www.africa-press.net\/senegal\/politique\/accident-a-kaffrine-ousmane-sonko-sincline-devant-la-memoire-des-disparus"},"modified":"2023-01-08T19:14:38","modified_gmt":"2023-01-08T19:14:38","slug":"accident-a-kaffrine-ousmane-sonko-sincline-devant-la-memoire-des-disparus","status":"publish","type":"post","link":"https:\/\/www.africa-press.net\/senegal\/politique\/accident-a-kaffrine-ousmane-sonko-sincline-devant-la-memoire-des-disparus","title":{"rendered":"Accident \u00e0 Kaffrine : Ousmane Sonko s\u2019incline devant la m\u00e9moire des disparus \u2026"},"content":{"rendered":"<p><span style=\"color: #ff6600\"><strong>Africa-Press &#8211; Senegal. <\/strong><\/span><b>Le leader du parti les Patriotes africains du Se\u0301ne\u0301gal pour le travail, l\u2019e\u0301thique et la fraternite\u0301 (PASTEF), Ousmane Sonko compatit a\u0300 la douleur des familles des 40 personnes de\u0301ce\u0301de\u0301es, suite a\u0300 l\u2019accident grave qui s\u2019est produit dans la nuit de samedi a\u0300 dimanche a\u0300 Kaffrine (centre).<\/b><\/p>\n<p>\u00ab Nous nous sommes re\u0301veille\u0301s meurtris par la triste nouvelle d\u2019un accident de la circulation, impliquant deux bus de transport public a\u0300 hauteur de Kaffrine, ayant occasionne\u0301 un bilan provisoire de 40 pertes en vies humaines et des dizaines de blesse\u0301s graves \u00bb, de\u0301clare Ousmane Sonko.<\/p>\n<p>\u00ab Nous nous inclinons devant la me\u0301moire des disparus, pre\u0301sentons nos tre\u0300s since\u0300res condole\u0301ances a\u0300 leurs proches e\u0301plore\u0301s et a\u0300 tous les Se\u0301ne\u0301galais et prions pour le repos mise\u0301ricordieux de leur a\u0302me ainsi qu\u2019un un prompt re\u0301tablissement des blesse\u0301s \u00bb, ajoute M. Sonko.<\/p>\n<p>\u00ab Selon des sources officielles datant de 2020, il est enregistre\u0301 chaque anne\u0301e au Se\u0301ne\u0301gal plus de 4 000 accidents de la circulation qui occasionnent plus de 600 morts et des de\u0301ga\u0302ts mate\u0301riels estime\u0301s a\u0300 74 milliards de FCFA. Ces statistiques ne tiennent pas compte des accidents de motocycles et autres moyens informels de transport \u00bb, rappelle Ousmane Sonko.<\/p>\n<p>Les principales causes de ce drame sans fin sont : des chauffards ne disposant pas de permis de conduire ou en e\u0301tat d\u2019e\u0301brie\u0301te\u0301, le de\u0301faut de contro\u0302le technique, les de\u0301passements dangereux, les stationnements irre\u0301guliers, le non-respect des re\u0300gles de priorite\u0301, l\u2019e\u0301tat de\u0301fectueux des routes, le manque de tableau de signalisation, le manque de ralentisseurs dans les zones fre\u0301quente\u0301es par les pie\u0301tons, la ve\u0301tuste\u0301 des ve\u0301hicules, la proximite\u0301 des maisons qui jalonnent certaines routes et l\u2019absence d\u2019aires de repos.<\/p>\n<p>D\u2019apre\u0300s le leader de Pastef, toutes ces causes rele\u0300vent avant tout de la responsabilite\u0301 principale des autorite\u0301s publiques dans l\u2019application stricte des normes de contro\u0302le, de sanction et d\u2019ame\u0301nagement des infrastructures routie\u0300res. Nous les appelons donc a\u0300 accorder une attention prioritaire a\u0300 ce fle\u0301au aux conse\u0301quences humaines, sociales et e\u0301conomiques de\u0301sastreuses pour le pays.<\/p>\n<p><strong>Pour plus d&rsquo;informations et d&rsquo;analyses sur la <a href=\"https:\/\/www.africa-press.net\/senegal\">Senegal<\/a>, suivez <a href=\"https:\/\/www.africa-press.net\/\">Africa-Press<\/a><\/strong><\/p>\n","protected":false},"excerpt":{"rendered":"<p>Africa-Press &#8211; Senegal. Le leader du parti les Patriotes africains du Se\u0301ne\u0301gal pour le travail, l\u2019e\u0301thique et la fraternite\u0301 (PASTEF), Ousmane Sonko compatit a\u0300 la douleur des familles des 40 personnes de\u0301ce\u0301de\u0301es, suite a\u0300 l\u2019accident grave qui s\u2019est produit dans la nuit de samedi a\u0300 dimanche a\u0300 Kaffrine (centre). \u00ab Nous nous sommes re\u0301veille\u0301s meurtris [&hellip;]<\/p>\n","protected":false},"author":82,"featured_media":37808,"comment_status":"open","ping_status":"closed","sticky":false,"template":"","format":"standard","meta":{"footnotes":""},"categories":[2,10],"tags":[43,47,44],"class_list":["post-37809","post","type-post","status-publish","format-standard","has-post-thumbnail","hentry","category-politique","category-toutes-les-actualites","tag-africa-press-2","tag-africa-press-senegal","tag-senegal-2"],"yoast_head":"<!-- This site is optimized with the Yoast SEO Premium plugin v26.1 (Yoast SEO v27.0) - https:\/\/yoast.com\/product\/yoast-seo-premium-wordpress\/ -->\n<title>Accident \u00e0 Kaffrine : Ousmane Sonko s\u2019incline devant la m\u00e9moire des disparus \u2026 - Senegal<\/title>\n<meta name=\"description\" content=\"Le leader du parti les Patriotes africains du Se\u0301ne\u0301gal pour le travail, l\u2019e\u0301thique et la fraternite\u0301 (PASTEF), Ousma ...\" \/>\n<meta name=\"robots\" content=\"index, follow, max-snippet:-1, max-image-preview:large, max-video-preview:-1\" \/>\n<link rel=\"canonical\" href=\"https:\/\/www.africa-press.net\/senegal\/politique\/accident-a-kaffrine-ousmane-sonko-sincline-devant-la-memoire-des-disparus\" \/>\n<meta property=\"og:locale\" content=\"fr_FR\" \/>\n<meta property=\"og:type\" content=\"article\" \/>\n<meta property=\"og:title\" content=\"Accident \u00e0 Kaffrine : Ousmane Sonko s\u2019incline devant la m\u00e9moire des disparus \u2026\" \/>\n<meta property=\"og:description\" content=\"Le leader du parti les Patriotes africains du Se\u0301ne\u0301gal pour le travail, l\u2019e\u0301thique et la fraternite\u0301 (PASTEF), Ousma ...\" \/>\n<meta property=\"og:url\" content=\"https:\/\/www.africa-press.net\/senegal\/politique\/accident-a-kaffrine-ousmane-sonko-sincline-devant-la-memoire-des-disparus\" \/>\n<meta property=\"og:site_name\" content=\"Senegal\" \/>\n<meta property=\"article:published_time\" content=\"2023-01-08T18:45:16+00:00\" \/>\n<meta property=\"article:modified_time\" content=\"2023-01-08T19:14:38+00:00\" \/>\n<meta property=\"og:image\" content=\"https:\/\/static.africa-press.net\/senegal\/sites\/13\/2023\/01\/postQueueImg_1673190928.06.jpg\" \/>\n\t<meta property=\"og:image:width\" content=\"720\" \/>\n\t<meta property=\"og:image:height\" content=\"477\" \/>\n\t<meta property=\"og:image:type\" content=\"image\/jpeg\" \/>\n<meta name=\"author\" content=\"cfeditorfr\" \/>\n<meta name=\"twitter:card\" content=\"summary_large_image\" \/>\n<meta name=\"twitter:label1\" content=\"\u00c9crit par\" \/>\n\t<meta name=\"twitter:data1\" content=\"cfeditorfr\" \/>\n\t<meta name=\"twitter:label2\" content=\"Dur\u00e9e de lecture estim\u00e9e\" \/>\n\t<meta name=\"twitter:data2\" content=\"2 minutes\" \/>\n<script type=\"application\/ld+json\" class=\"yoast-schema-graph\">{\"@context\":\"https:\/\/schema.org\",\"@graph\":[{\"@type\":\"Article\",\"@id\":\"https:\/\/www.africa-press.net\/senegal\/politique\/accident-a-kaffrine-ousmane-sonko-sincline-devant-la-memoire-des-disparus#article\",\"isPartOf\":{\"@id\":\"https:\/\/www.africa-press.net\/senegal\/politique\/accident-a-kaffrine-ousmane-sonko-sincline-devant-la-memoire-des-disparus\"},\"author\":{\"name\":\"cfeditorfr\",\"@id\":\"https:\/\/www.africa-press.net\/senegal\/#\/schema\/person\/2b1cf3cd81a31e3cd26889ca66d677f1\"},\"headline\":\"Accident \u00e0 Kaffrine : Ousmane Sonko s\u2019incline devant la m\u00e9moire des disparus \u2026\",\"datePublished\":\"2023-01-08T18:45:16+00:00\",\"dateModified\":\"2023-01-08T19:14:38+00:00\",\"mainEntityOfPage\":{\"@id\":\"https:\/\/www.africa-press.net\/senegal\/politique\/accident-a-kaffrine-ousmane-sonko-sincline-devant-la-memoire-des-disparus\"},\"wordCount\":406,\"commentCount\":0,\"image\":{\"@id\":\"https:\/\/www.africa-press.net\/senegal\/politique\/accident-a-kaffrine-ousmane-sonko-sincline-devant-la-memoire-des-disparus#primaryimage\"},\"thumbnailUrl\":\"https:\/\/static.africa-press.net\/senegal\/sites\/13\/2023\/01\/postQueueImg_1673190928.06.jpg\",\"keywords\":[\"Africa Press\",\"Africa Press-Senegal\",\"Senegal\"],\"articleSection\":[\"Politique\",\"Toutes les actualit\u00e9s\"],\"inLanguage\":\"fr-FR\",\"potentialAction\":[{\"@type\":\"CommentAction\",\"name\":\"Comment\",\"target\":[\"https:\/\/www.africa-press.net\/senegal\/politique\/accident-a-kaffrine-ousmane-sonko-sincline-devant-la-memoire-des-disparus#respond\"]}]},{\"@type\":\"WebPage\",\"@id\":\"https:\/\/www.africa-press.net\/senegal\/politique\/accident-a-kaffrine-ousmane-sonko-sincline-devant-la-memoire-des-disparus\",\"url\":\"https:\/\/www.africa-press.net\/senegal\/politique\/accident-a-kaffrine-ousmane-sonko-sincline-devant-la-memoire-des-disparus\",\"name\":\"Accident \u00e0 Kaffrine : Ousmane Sonko s\u2019incline devant la m\u00e9moire des disparus \u2026 - Senegal\",\"isPartOf\":{\"@id\":\"https:\/\/www.africa-press.net\/senegal\/#website\"},\"primaryImageOfPage\":{\"@id\":\"https:\/\/www.africa-press.net\/senegal\/politique\/accident-a-kaffrine-ousmane-sonko-sincline-devant-la-memoire-des-disparus#primaryimage\"},\"image\":{\"@id\":\"https:\/\/www.africa-press.net\/senegal\/politique\/accident-a-kaffrine-ousmane-sonko-sincline-devant-la-memoire-des-disparus#primaryimage\"},\"thumbnailUrl\":\"https:\/\/static.africa-press.net\/senegal\/sites\/13\/2023\/01\/postQueueImg_1673190928.06.jpg\",\"datePublished\":\"2023-01-08T18:45:16+00:00\",\"dateModified\":\"2023-01-08T19:14:38+00:00\",\"author\":{\"@id\":\"https:\/\/www.africa-press.net\/senegal\/#\/schema\/person\/2b1cf3cd81a31e3cd26889ca66d677f1\"},\"description\":\"Le leader du parti les Patriotes africains du Se\u0301ne\u0301gal pour le travail, l\u2019e\u0301thique et la fraternite\u0301 (PASTEF), Ousma ...\",\"breadcrumb\":{\"@id\":\"https:\/\/www.africa-press.net\/senegal\/politique\/accident-a-kaffrine-ousmane-sonko-sincline-devant-la-memoire-des-disparus#breadcrumb\"},\"inLanguage\":\"fr-FR\",\"potentialAction\":[{\"@type\":\"ReadAction\",\"target\":[\"https:\/\/www.africa-press.net\/senegal\/politique\/accident-a-kaffrine-ousmane-sonko-sincline-devant-la-memoire-des-disparus\"]}]},{\"@type\":\"ImageObject\",\"inLanguage\":\"fr-FR\",\"@id\":\"https:\/\/www.africa-press.net\/senegal\/politique\/accident-a-kaffrine-ousmane-sonko-sincline-devant-la-memoire-des-disparus#primaryimage\",\"url\":\"https:\/\/static.africa-press.net\/senegal\/sites\/13\/2023\/01\/postQueueImg_1673190928.06.jpg\",\"contentUrl\":\"https:\/\/static.africa-press.net\/senegal\/sites\/13\/2023\/01\/postQueueImg_1673190928.06.jpg\",\"width\":720,\"height\":477,\"caption\":\"Accident \u00e0 Kaffrine : Ousmane Sonko s\u2019incline devant la m\u00e9moire des disparus \u2026\"},{\"@type\":\"BreadcrumbList\",\"@id\":\"https:\/\/www.africa-press.net\/senegal\/politique\/accident-a-kaffrine-ousmane-sonko-sincline-devant-la-memoire-des-disparus#breadcrumb\",\"itemListElement\":[{\"@type\":\"ListItem\",\"position\":1,\"name\":\"Accueil\",\"item\":\"https:\/\/www.africa-press.net\/senegal\/\"},{\"@type\":\"ListItem\",\"position\":2,\"name\":\"Accident \u00e0 Kaffrine : Ousmane Sonko s\u2019incline devant la m\u00e9moire des disparus \u2026\"}]},{\"@type\":\"WebSite\",\"@id\":\"https:\/\/www.africa-press.net\/senegal\/#website\",\"url\":\"https:\/\/www.africa-press.net\/senegal\/\",\"name\":\"Africa Press | Senegal | Homepage\",\"description\":\"Just another Africa News Agency Sites site\",\"potentialAction\":[{\"@type\":\"SearchAction\",\"target\":{\"@type\":\"EntryPoint\",\"urlTemplate\":\"https:\/\/www.africa-press.net\/senegal\/?s={search_term_string}\"},\"query-input\":{\"@type\":\"PropertyValueSpecification\",\"valueRequired\":true,\"valueName\":\"search_term_string\"}}],\"inLanguage\":\"fr-FR\"},{\"@type\":\"Person\",\"@id\":\"https:\/\/www.africa-press.net\/senegal\/#\/schema\/person\/2b1cf3cd81a31e3cd26889ca66d677f1\",\"name\":\"cfeditorfr\",\"url\":\"https:\/\/www.africa-press.net\/senegal\/author\/cfeditorfr\"}]}<\/script>\n<!-- \/ Yoast SEO Premium plugin. -->","yoast_head_json":{"title":"Accident \u00e0 Kaffrine : Ousmane Sonko s\u2019incline devant la m\u00e9moire des disparus \u2026 - Senegal","description":"Le leader du parti les Patriotes africains du Se\u0301ne\u0301gal pour le travail, l\u2019e\u0301thique et la fraternite\u0301 (PASTEF), Ousma ...","robots":{"index":"index","follow":"follow","max-snippet":"max-snippet:-1","max-image-preview":"max-image-preview:large","max-video-preview":"max-video-preview:-1"},"canonical":"https:\/\/www.africa-press.net\/senegal\/politique\/accident-a-kaffrine-ousmane-sonko-sincline-devant-la-memoire-des-disparus","og_locale":"fr_FR","og_type":"article","og_title":"Accident \u00e0 Kaffrine : Ousmane Sonko s\u2019incline devant la m\u00e9moire des disparus \u2026","og_description":"Le leader du parti les Patriotes africains du Se\u0301ne\u0301gal pour le travail, l\u2019e\u0301thique et la fraternite\u0301 (PASTEF), Ousma ...","og_url":"https:\/\/www.africa-press.net\/senegal\/politique\/accident-a-kaffrine-ousmane-sonko-sincline-devant-la-memoire-des-disparus","og_site_name":"Senegal","article_published_time":"2023-01-08T18:45:16+00:00","article_modified_time":"2023-01-08T19:14:38+00:00","og_image":[{"width":720,"height":477,"url":"https:\/\/static.africa-press.net\/senegal\/sites\/13\/2023\/01\/postQueueImg_1673190928.06.jpg","type":"image\/jpeg"}],"author":"cfeditorfr","twitter_card":"summary_large_image","twitter_misc":{"\u00c9crit par":"cfeditorfr","Dur\u00e9e de lecture estim\u00e9e":"2 minutes"},"schema":{"@context":"https:\/\/schema.org","@graph":[{"@type":"Article","@id":"https:\/\/www.africa-press.net\/senegal\/politique\/accident-a-kaffrine-ousmane-sonko-sincline-devant-la-memoire-des-disparus#article","isPartOf":{"@id":"https:\/\/www.africa-press.net\/senegal\/politique\/accident-a-kaffrine-ousmane-sonko-sincline-devant-la-memoire-des-disparus"},"author":{"name":"cfeditorfr","@id":"https:\/\/www.africa-press.net\/senegal\/#\/schema\/person\/2b1cf3cd81a31e3cd26889ca66d677f1"},"headline":"Accident \u00e0 Kaffrine : Ousmane Sonko s\u2019incline devant la m\u00e9moire des disparus \u2026","datePublished":"2023-01-08T18:45:16+00:00","dateModified":"2023-01-08T19:14:38+00:00","mainEntityOfPage":{"@id":"https:\/\/www.africa-press.net\/senegal\/politique\/accident-a-kaffrine-ousmane-sonko-sincline-devant-la-memoire-des-disparus"},"wordCount":406,"commentCount":0,"image":{"@id":"https:\/\/www.africa-press.net\/senegal\/politique\/accident-a-kaffrine-ousmane-sonko-sincline-devant-la-memoire-des-disparus#primaryimage"},"thumbnailUrl":"https:\/\/static.africa-press.net\/senegal\/sites\/13\/2023\/01\/postQueueImg_1673190928.06.jpg","keywords":["Africa Press","Africa Press-Senegal","Senegal"],"articleSection":["Politique","Toutes les actualit\u00e9s"],"inLanguage":"fr-FR","potentialAction":[{"@type":"CommentAction","name":"Comment","target":["https:\/\/www.africa-press.net\/senegal\/politique\/accident-a-kaffrine-ousmane-sonko-sincline-devant-la-memoire-des-disparus#respond"]}]},{"@type":"WebPage","@id":"https:\/\/www.africa-press.net\/senegal\/politique\/accident-a-kaffrine-ousmane-sonko-sincline-devant-la-memoire-des-disparus","url":"https:\/\/www.africa-press.net\/senegal\/politique\/accident-a-kaffrine-ousmane-sonko-sincline-devant-la-memoire-des-disparus","name":"Accident \u00e0 Kaffrine : Ousmane Sonko s\u2019incline devant la m\u00e9moire des disparus \u2026 - Senegal","isPartOf":{"@id":"https:\/\/www.africa-press.net\/senegal\/#website"},"primaryImageOfPage":{"@id":"https:\/\/www.africa-press.net\/senegal\/politique\/accident-a-kaffrine-ousmane-sonko-sincline-devant-la-memoire-des-disparus#primaryimage"},"image":{"@id":"https:\/\/www.africa-press.net\/senegal\/politique\/accident-a-kaffrine-ousmane-sonko-sincline-devant-la-memoire-des-disparus#primaryimage"},"thumbnailUrl":"https:\/\/static.africa-press.net\/senegal\/sites\/13\/2023\/01\/postQueueImg_1673190928.06.jpg","datePublished":"2023-01-08T18:45:16+00:00","dateModified":"2023-01-08T19:14:38+00:00","author":{"@id":"https:\/\/www.africa-press.net\/senegal\/#\/schema\/person\/2b1cf3cd81a31e3cd26889ca66d677f1"},"description":"Le leader du parti les Patriotes africains du Se\u0301ne\u0301gal pour le travail, l\u2019e\u0301thique et la fraternite\u0301 (PASTEF), Ousma ...","breadcrumb":{"@id":"https:\/\/www.africa-press.net\/senegal\/politique\/accident-a-kaffrine-ousmane-sonko-sincline-devant-la-memoire-des-disparus#breadcrumb"},"inLanguage":"fr-FR","potentialAction":[{"@type":"ReadAction","target":["https:\/\/www.africa-press.net\/senegal\/politique\/accident-a-kaffrine-ousmane-sonko-sincline-devant-la-memoire-des-disparus"]}]},{"@type":"ImageObject","inLanguage":"fr-FR","@id":"https:\/\/www.africa-press.net\/senegal\/politique\/accident-a-kaffrine-ousmane-sonko-sincline-devant-la-memoire-des-disparus#primaryimage","url":"https:\/\/static.africa-press.net\/senegal\/sites\/13\/2023\/01\/postQueueImg_1673190928.06.jpg","contentUrl":"https:\/\/static.africa-press.net\/senegal\/sites\/13\/2023\/01\/postQueueImg_1673190928.06.jpg","width":720,"height":477,"caption":"Accident \u00e0 Kaffrine : Ousmane Sonko s\u2019incline devant la m\u00e9moire des disparus \u2026"},{"@type":"BreadcrumbList","@id":"https:\/\/www.africa-press.net\/senegal\/politique\/accident-a-kaffrine-ousmane-sonko-sincline-devant-la-memoire-des-disparus#breadcrumb","itemListElement":[{"@type":"ListItem","position":1,"name":"Accueil","item":"https:\/\/www.africa-press.net\/senegal\/"},{"@type":"ListItem","position":2,"name":"Accident \u00e0 Kaffrine : Ousmane Sonko s\u2019incline devant la m\u00e9moire des disparus \u2026"}]},{"@type":"WebSite","@id":"https:\/\/www.africa-press.net\/senegal\/#website","url":"https:\/\/www.africa-press.net\/senegal\/","name":"Africa Press | Senegal | Homepage","description":"Just another Africa News Agency Sites site","potentialAction":[{"@type":"SearchAction","target":{"@type":"EntryPoint","urlTemplate":"https:\/\/www.africa-press.net\/senegal\/?s={search_term_string}"},"query-input":{"@type":"PropertyValueSpecification","valueRequired":true,"valueName":"search_term_string"}}],"inLanguage":"fr-FR"},{"@type":"Person","@id":"https:\/\/www.africa-press.net\/senegal\/#\/schema\/person\/2b1cf3cd81a31e3cd26889ca66d677f1","name":"cfeditorfr","url":"https:\/\/www.africa-press.net\/senegal\/author\/cfeditorfr"}]}},"_links":{"self":[{"href":"https:\/\/www.africa-press.net\/senegal\/wp-json\/wp\/v2\/posts\/37809","targetHints":{"allow":["GET"]}}],"collection":[{"href":"https:\/\/www.africa-press.net\/senegal\/wp-json\/wp\/v2\/posts"}],"about":[{"href":"https:\/\/www.africa-press.net\/senegal\/wp-json\/wp\/v2\/types\/post"}],"author":[{"embeddable":true,"href":"https:\/\/www.africa-press.net\/senegal\/wp-json\/wp\/v2\/users\/82"}],"replies":[{"embeddable":true,"href":"https:\/\/www.africa-press.net\/senegal\/wp-json\/wp\/v2\/comments?post=37809"}],"version-history":[{"count":0,"href":"https:\/\/www.africa-press.net\/senegal\/wp-json\/wp\/v2\/posts\/37809\/revisions"}],"wp:featuredmedia":[{"embeddable":true,"href":"https:\/\/www.africa-press.net\/senegal\/wp-json\/wp\/v2\/media\/37808"}],"wp:attachment":[{"href":"https:\/\/www.africa-press.net\/senegal\/wp-json\/wp\/v2\/media?parent=37809"}],"wp:term":[{"taxonomy":"category","embeddable":true,"href":"https:\/\/www.africa-press.net\/senegal\/wp-json\/wp\/v2\/categories?post=37809"},{"taxonomy":"post_tag","embeddable":true,"href":"https:\/\/www.africa-press.net\/senegal\/wp-json\/wp\/v2\/tags?post=37809"}],"curies":[{"name":"wp","href":"https:\/\/api.w.org\/{rel}","templated":true}]}}