{"id":37812,"date":"2023-01-08T18:46:22","date_gmt":"2023-01-08T18:46:22","guid":{"rendered":"https:\/\/www.africa-press.net\/senegal\/politique\/terrible-accident-macky-sall-attendu-a-kaffrine-aux-environs-de-13-heures"},"modified":"2023-01-08T19:15:21","modified_gmt":"2023-01-08T19:15:21","slug":"terrible-accident-macky-sall-attendu-a-kaffrine-aux-environs-de-13-heures","status":"publish","type":"post","link":"https:\/\/www.africa-press.net\/senegal\/politique\/terrible-accident-macky-sall-attendu-a-kaffrine-aux-environs-de-13-heures","title":{"rendered":"Terrible accident : Macky Sall attendu \u00e0 Kaffrine aux environs de 13 heures"},"content":{"rendered":"<p><span style=\"color: #ff6600\"><strong>Africa-Press &#8211; Senegal. <\/strong><\/span><b>Le pre\u0301sident de la Re\u0301publique, Macky Sall est attendu ce dimanche a\u0300 Kaffrine (centre) aux environs de 13 heures 30, rapporte l\u2019APS, qui cite le service de communication de la pre\u0301sidence de la Re\u0301publique.<\/b><\/p>\n<p>La visite du pre\u0301sident de la Re\u0301publique fait suite a\u0300 l\u2019accident grave qui s\u2019est produit dans la nuit de samedi a\u0300 dimanche a\u0300 Kaffrine (centre), faisant 40 morts et nombreux blesse\u0301s, selon un premier bilan.<\/p>\n<p>Le chef de l\u2019Etat, a de\u0301cre\u0301te\u0301 un deuil national de trois jours, a\u0300 compter du lundi 9 janvier, suite a\u0300 l\u2019accident grave qui s\u2019est produit dans la nuit de samedi a\u0300 dimanche a\u0300 Kaffrine (centre), faisant 40 morts , selon un premier bilan.<\/p>\n<p><strong>Pour plus d&rsquo;informations et d&rsquo;analyses sur la <a href=\"https:\/\/www.africa-press.net\/senegal\">Senegal<\/a>, suivez <a href=\"https:\/\/www.africa-press.net\/\">Africa-Press<\/a><\/strong><\/p>\n","protected":false},"excerpt":{"rendered":"<p>Africa-Press &#8211; Senegal. Le pre\u0301sident de la Re\u0301publique, Macky Sall est attendu ce dimanche a\u0300 Kaffrine (centre) aux environs de 13 heures 30, rapporte l\u2019APS, qui cite le service de communication de la pre\u0301sidence de la Re\u0301publique. La visite du pre\u0301sident de la Re\u0301publique fait suite a\u0300 l\u2019accident grave qui s\u2019est produit dans la nuit [&hellip;]<\/p>\n","protected":false},"author":82,"featured_media":37811,"comment_status":"open","ping_status":"closed","sticky":false,"template":"","format":"standard","meta":{"footnotes":""},"categories":[2,10],"tags":[43,47,44],"class_list":["post-37812","post","type-post","status-publish","format-standard","has-post-thumbnail","hentry","category-politique","category-toutes-les-actualites","tag-africa-press-2","tag-africa-press-senegal","tag-senegal-2"],"yoast_head":"<!-- This site is optimized with the Yoast SEO Premium plugin v26.1 (Yoast SEO v27.0) - https:\/\/yoast.com\/product\/yoast-seo-premium-wordpress\/ -->\n<title>Terrible accident : Macky Sall attendu \u00e0 Kaffrine aux environs de 13 heures - Senegal<\/title>\n<meta name=\"description\" content=\"Le pre\u0301sident de la Re\u0301publique, Macky Sall est attendu ce dimanche a\u0300 Kaffrine (centre) aux environs de 13 heures 30 ...\" \/>\n<meta name=\"robots\" content=\"index, follow, max-snippet:-1, max-image-preview:large, max-video-preview:-1\" \/>\n<link rel=\"canonical\" href=\"https:\/\/www.africa-press.net\/senegal\/politique\/terrible-accident-macky-sall-attendu-a-kaffrine-aux-environs-de-13-heures\" \/>\n<meta property=\"og:locale\" content=\"fr_FR\" \/>\n<meta property=\"og:type\" content=\"article\" \/>\n<meta property=\"og:title\" content=\"Terrible accident : Macky Sall attendu \u00e0 Kaffrine aux environs de 13 heures\" \/>\n<meta property=\"og:description\" content=\"Le pre\u0301sident de la Re\u0301publique, Macky Sall est attendu ce dimanche a\u0300 Kaffrine (centre) aux environs de 13 heures 30 ...\" \/>\n<meta property=\"og:url\" content=\"https:\/\/www.africa-press.net\/senegal\/politique\/terrible-accident-macky-sall-attendu-a-kaffrine-aux-environs-de-13-heures\" \/>\n<meta property=\"og:site_name\" content=\"Senegal\" \/>\n<meta property=\"article:published_time\" content=\"2023-01-08T18:46:22+00:00\" \/>\n<meta property=\"article:modified_time\" content=\"2023-01-08T19:15:21+00:00\" \/>\n<meta property=\"og:image\" content=\"https:\/\/static.africa-press.net\/senegal\/sites\/13\/2023\/01\/postQueueImg_1673190996.50.jpg\" \/>\n\t<meta property=\"og:image:width\" content=\"720\" \/>\n\t<meta property=\"og:image:height\" content=\"463\" \/>\n\t<meta property=\"og:image:type\" content=\"image\/jpeg\" \/>\n<meta name=\"author\" content=\"cfeditorfr\" \/>\n<meta name=\"twitter:card\" content=\"summary_large_image\" \/>\n<meta name=\"twitter:label1\" content=\"\u00c9crit par\" \/>\n\t<meta name=\"twitter:data1\" content=\"cfeditorfr\" \/>\n\t<meta name=\"twitter:label2\" content=\"Dur\u00e9e de lecture estim\u00e9e\" \/>\n\t<meta name=\"twitter:data2\" content=\"1 minute\" \/>\n<script type=\"application\/ld+json\" class=\"yoast-schema-graph\">{\"@context\":\"https:\/\/schema.org\",\"@graph\":[{\"@type\":\"Article\",\"@id\":\"https:\/\/www.africa-press.net\/senegal\/politique\/terrible-accident-macky-sall-attendu-a-kaffrine-aux-environs-de-13-heures#article\",\"isPartOf\":{\"@id\":\"https:\/\/www.africa-press.net\/senegal\/politique\/terrible-accident-macky-sall-attendu-a-kaffrine-aux-environs-de-13-heures\"},\"author\":{\"name\":\"cfeditorfr\",\"@id\":\"https:\/\/www.africa-press.net\/senegal\/#\/schema\/person\/2b1cf3cd81a31e3cd26889ca66d677f1\"},\"headline\":\"Terrible accident : Macky Sall attendu \u00e0 Kaffrine aux environs de 13 heures\",\"datePublished\":\"2023-01-08T18:46:22+00:00\",\"dateModified\":\"2023-01-08T19:15:21+00:00\",\"mainEntityOfPage\":{\"@id\":\"https:\/\/www.africa-press.net\/senegal\/politique\/terrible-accident-macky-sall-attendu-a-kaffrine-aux-environs-de-13-heures\"},\"wordCount\":146,\"commentCount\":0,\"image\":{\"@id\":\"https:\/\/www.africa-press.net\/senegal\/politique\/terrible-accident-macky-sall-attendu-a-kaffrine-aux-environs-de-13-heures#primaryimage\"},\"thumbnailUrl\":\"https:\/\/static.africa-press.net\/senegal\/sites\/13\/2023\/01\/postQueueImg_1673190996.50.jpg\",\"keywords\":[\"Africa Press\",\"Africa Press-Senegal\",\"Senegal\"],\"articleSection\":[\"Politique\",\"Toutes les actualit\u00e9s\"],\"inLanguage\":\"fr-FR\",\"potentialAction\":[{\"@type\":\"CommentAction\",\"name\":\"Comment\",\"target\":[\"https:\/\/www.africa-press.net\/senegal\/politique\/terrible-accident-macky-sall-attendu-a-kaffrine-aux-environs-de-13-heures#respond\"]}]},{\"@type\":\"WebPage\",\"@id\":\"https:\/\/www.africa-press.net\/senegal\/politique\/terrible-accident-macky-sall-attendu-a-kaffrine-aux-environs-de-13-heures\",\"url\":\"https:\/\/www.africa-press.net\/senegal\/politique\/terrible-accident-macky-sall-attendu-a-kaffrine-aux-environs-de-13-heures\",\"name\":\"Terrible accident : Macky Sall attendu \u00e0 Kaffrine aux environs de 13 heures - Senegal\",\"isPartOf\":{\"@id\":\"https:\/\/www.africa-press.net\/senegal\/#website\"},\"primaryImageOfPage\":{\"@id\":\"https:\/\/www.africa-press.net\/senegal\/politique\/terrible-accident-macky-sall-attendu-a-kaffrine-aux-environs-de-13-heures#primaryimage\"},\"image\":{\"@id\":\"https:\/\/www.africa-press.net\/senegal\/politique\/terrible-accident-macky-sall-attendu-a-kaffrine-aux-environs-de-13-heures#primaryimage\"},\"thumbnailUrl\":\"https:\/\/static.africa-press.net\/senegal\/sites\/13\/2023\/01\/postQueueImg_1673190996.50.jpg\",\"datePublished\":\"2023-01-08T18:46:22+00:00\",\"dateModified\":\"2023-01-08T19:15:21+00:00\",\"author\":{\"@id\":\"https:\/\/www.africa-press.net\/senegal\/#\/schema\/person\/2b1cf3cd81a31e3cd26889ca66d677f1\"},\"description\":\"Le pre\u0301sident de la Re\u0301publique, Macky Sall est attendu ce dimanche a\u0300 Kaffrine (centre) aux environs de 13 heures 30 ...\",\"breadcrumb\":{\"@id\":\"https:\/\/www.africa-press.net\/senegal\/politique\/terrible-accident-macky-sall-attendu-a-kaffrine-aux-environs-de-13-heures#breadcrumb\"},\"inLanguage\":\"fr-FR\",\"potentialAction\":[{\"@type\":\"ReadAction\",\"target\":[\"https:\/\/www.africa-press.net\/senegal\/politique\/terrible-accident-macky-sall-attendu-a-kaffrine-aux-environs-de-13-heures\"]}]},{\"@type\":\"ImageObject\",\"inLanguage\":\"fr-FR\",\"@id\":\"https:\/\/www.africa-press.net\/senegal\/politique\/terrible-accident-macky-sall-attendu-a-kaffrine-aux-environs-de-13-heures#primaryimage\",\"url\":\"https:\/\/static.africa-press.net\/senegal\/sites\/13\/2023\/01\/postQueueImg_1673190996.50.jpg\",\"contentUrl\":\"https:\/\/static.africa-press.net\/senegal\/sites\/13\/2023\/01\/postQueueImg_1673190996.50.jpg\",\"width\":720,\"height\":463,\"caption\":\"Terrible accident : Macky Sall attendu \u00e0 Kaffrine aux environs de 13 heures\"},{\"@type\":\"BreadcrumbList\",\"@id\":\"https:\/\/www.africa-press.net\/senegal\/politique\/terrible-accident-macky-sall-attendu-a-kaffrine-aux-environs-de-13-heures#breadcrumb\",\"itemListElement\":[{\"@type\":\"ListItem\",\"position\":1,\"name\":\"Accueil\",\"item\":\"https:\/\/www.africa-press.net\/senegal\/\"},{\"@type\":\"ListItem\",\"position\":2,\"name\":\"Terrible accident : Macky Sall attendu \u00e0 Kaffrine aux environs de 13 heures\"}]},{\"@type\":\"WebSite\",\"@id\":\"https:\/\/www.africa-press.net\/senegal\/#website\",\"url\":\"https:\/\/www.africa-press.net\/senegal\/\",\"name\":\"Africa Press | Senegal | Homepage\",\"description\":\"Just another Africa News Agency Sites site\",\"potentialAction\":[{\"@type\":\"SearchAction\",\"target\":{\"@type\":\"EntryPoint\",\"urlTemplate\":\"https:\/\/www.africa-press.net\/senegal\/?s={search_term_string}\"},\"query-input\":{\"@type\":\"PropertyValueSpecification\",\"valueRequired\":true,\"valueName\":\"search_term_string\"}}],\"inLanguage\":\"fr-FR\"},{\"@type\":\"Person\",\"@id\":\"https:\/\/www.africa-press.net\/senegal\/#\/schema\/person\/2b1cf3cd81a31e3cd26889ca66d677f1\",\"name\":\"cfeditorfr\",\"url\":\"https:\/\/www.africa-press.net\/senegal\/author\/cfeditorfr\"}]}<\/script>\n<!-- \/ Yoast SEO Premium plugin. -->","yoast_head_json":{"title":"Terrible accident : Macky Sall attendu \u00e0 Kaffrine aux environs de 13 heures - Senegal","description":"Le pre\u0301sident de la Re\u0301publique, Macky Sall est attendu ce dimanche a\u0300 Kaffrine (centre) aux environs de 13 heures 30 ...","robots":{"index":"index","follow":"follow","max-snippet":"max-snippet:-1","max-image-preview":"max-image-preview:large","max-video-preview":"max-video-preview:-1"},"canonical":"https:\/\/www.africa-press.net\/senegal\/politique\/terrible-accident-macky-sall-attendu-a-kaffrine-aux-environs-de-13-heures","og_locale":"fr_FR","og_type":"article","og_title":"Terrible accident : Macky Sall attendu \u00e0 Kaffrine aux environs de 13 heures","og_description":"Le pre\u0301sident de la Re\u0301publique, Macky Sall est attendu ce dimanche a\u0300 Kaffrine (centre) aux environs de 13 heures 30 ...","og_url":"https:\/\/www.africa-press.net\/senegal\/politique\/terrible-accident-macky-sall-attendu-a-kaffrine-aux-environs-de-13-heures","og_site_name":"Senegal","article_published_time":"2023-01-08T18:46:22+00:00","article_modified_time":"2023-01-08T19:15:21+00:00","og_image":[{"width":720,"height":463,"url":"https:\/\/static.africa-press.net\/senegal\/sites\/13\/2023\/01\/postQueueImg_1673190996.50.jpg","type":"image\/jpeg"}],"author":"cfeditorfr","twitter_card":"summary_large_image","twitter_misc":{"\u00c9crit par":"cfeditorfr","Dur\u00e9e de lecture estim\u00e9e":"1 minute"},"schema":{"@context":"https:\/\/schema.org","@graph":[{"@type":"Article","@id":"https:\/\/www.africa-press.net\/senegal\/politique\/terrible-accident-macky-sall-attendu-a-kaffrine-aux-environs-de-13-heures#article","isPartOf":{"@id":"https:\/\/www.africa-press.net\/senegal\/politique\/terrible-accident-macky-sall-attendu-a-kaffrine-aux-environs-de-13-heures"},"author":{"name":"cfeditorfr","@id":"https:\/\/www.africa-press.net\/senegal\/#\/schema\/person\/2b1cf3cd81a31e3cd26889ca66d677f1"},"headline":"Terrible accident : Macky Sall attendu \u00e0 Kaffrine aux environs de 13 heures","datePublished":"2023-01-08T18:46:22+00:00","dateModified":"2023-01-08T19:15:21+00:00","mainEntityOfPage":{"@id":"https:\/\/www.africa-press.net\/senegal\/politique\/terrible-accident-macky-sall-attendu-a-kaffrine-aux-environs-de-13-heures"},"wordCount":146,"commentCount":0,"image":{"@id":"https:\/\/www.africa-press.net\/senegal\/politique\/terrible-accident-macky-sall-attendu-a-kaffrine-aux-environs-de-13-heures#primaryimage"},"thumbnailUrl":"https:\/\/static.africa-press.net\/senegal\/sites\/13\/2023\/01\/postQueueImg_1673190996.50.jpg","keywords":["Africa Press","Africa Press-Senegal","Senegal"],"articleSection":["Politique","Toutes les actualit\u00e9s"],"inLanguage":"fr-FR","potentialAction":[{"@type":"CommentAction","name":"Comment","target":["https:\/\/www.africa-press.net\/senegal\/politique\/terrible-accident-macky-sall-attendu-a-kaffrine-aux-environs-de-13-heures#respond"]}]},{"@type":"WebPage","@id":"https:\/\/www.africa-press.net\/senegal\/politique\/terrible-accident-macky-sall-attendu-a-kaffrine-aux-environs-de-13-heures","url":"https:\/\/www.africa-press.net\/senegal\/politique\/terrible-accident-macky-sall-attendu-a-kaffrine-aux-environs-de-13-heures","name":"Terrible accident : Macky Sall attendu \u00e0 Kaffrine aux environs de 13 heures - Senegal","isPartOf":{"@id":"https:\/\/www.africa-press.net\/senegal\/#website"},"primaryImageOfPage":{"@id":"https:\/\/www.africa-press.net\/senegal\/politique\/terrible-accident-macky-sall-attendu-a-kaffrine-aux-environs-de-13-heures#primaryimage"},"image":{"@id":"https:\/\/www.africa-press.net\/senegal\/politique\/terrible-accident-macky-sall-attendu-a-kaffrine-aux-environs-de-13-heures#primaryimage"},"thumbnailUrl":"https:\/\/static.africa-press.net\/senegal\/sites\/13\/2023\/01\/postQueueImg_1673190996.50.jpg","datePublished":"2023-01-08T18:46:22+00:00","dateModified":"2023-01-08T19:15:21+00:00","author":{"@id":"https:\/\/www.africa-press.net\/senegal\/#\/schema\/person\/2b1cf3cd81a31e3cd26889ca66d677f1"},"description":"Le pre\u0301sident de la Re\u0301publique, Macky Sall est attendu ce dimanche a\u0300 Kaffrine (centre) aux environs de 13 heures 30 ...","breadcrumb":{"@id":"https:\/\/www.africa-press.net\/senegal\/politique\/terrible-accident-macky-sall-attendu-a-kaffrine-aux-environs-de-13-heures#breadcrumb"},"inLanguage":"fr-FR","potentialAction":[{"@type":"ReadAction","target":["https:\/\/www.africa-press.net\/senegal\/politique\/terrible-accident-macky-sall-attendu-a-kaffrine-aux-environs-de-13-heures"]}]},{"@type":"ImageObject","inLanguage":"fr-FR","@id":"https:\/\/www.africa-press.net\/senegal\/politique\/terrible-accident-macky-sall-attendu-a-kaffrine-aux-environs-de-13-heures#primaryimage","url":"https:\/\/static.africa-press.net\/senegal\/sites\/13\/2023\/01\/postQueueImg_1673190996.50.jpg","contentUrl":"https:\/\/static.africa-press.net\/senegal\/sites\/13\/2023\/01\/postQueueImg_1673190996.50.jpg","width":720,"height":463,"caption":"Terrible accident : Macky Sall attendu \u00e0 Kaffrine aux environs de 13 heures"},{"@type":"BreadcrumbList","@id":"https:\/\/www.africa-press.net\/senegal\/politique\/terrible-accident-macky-sall-attendu-a-kaffrine-aux-environs-de-13-heures#breadcrumb","itemListElement":[{"@type":"ListItem","position":1,"name":"Accueil","item":"https:\/\/www.africa-press.net\/senegal\/"},{"@type":"ListItem","position":2,"name":"Terrible accident : Macky Sall attendu \u00e0 Kaffrine aux environs de 13 heures"}]},{"@type":"WebSite","@id":"https:\/\/www.africa-press.net\/senegal\/#website","url":"https:\/\/www.africa-press.net\/senegal\/","name":"Africa Press | Senegal | Homepage","description":"Just another Africa News Agency Sites site","potentialAction":[{"@type":"SearchAction","target":{"@type":"EntryPoint","urlTemplate":"https:\/\/www.africa-press.net\/senegal\/?s={search_term_string}"},"query-input":{"@type":"PropertyValueSpecification","valueRequired":true,"valueName":"search_term_string"}}],"inLanguage":"fr-FR"},{"@type":"Person","@id":"https:\/\/www.africa-press.net\/senegal\/#\/schema\/person\/2b1cf3cd81a31e3cd26889ca66d677f1","name":"cfeditorfr","url":"https:\/\/www.africa-press.net\/senegal\/author\/cfeditorfr"}]}},"_links":{"self":[{"href":"https:\/\/www.africa-press.net\/senegal\/wp-json\/wp\/v2\/posts\/37812","targetHints":{"allow":["GET"]}}],"collection":[{"href":"https:\/\/www.africa-press.net\/senegal\/wp-json\/wp\/v2\/posts"}],"about":[{"href":"https:\/\/www.africa-press.net\/senegal\/wp-json\/wp\/v2\/types\/post"}],"author":[{"embeddable":true,"href":"https:\/\/www.africa-press.net\/senegal\/wp-json\/wp\/v2\/users\/82"}],"replies":[{"embeddable":true,"href":"https:\/\/www.africa-press.net\/senegal\/wp-json\/wp\/v2\/comments?post=37812"}],"version-history":[{"count":0,"href":"https:\/\/www.africa-press.net\/senegal\/wp-json\/wp\/v2\/posts\/37812\/revisions"}],"wp:featuredmedia":[{"embeddable":true,"href":"https:\/\/www.africa-press.net\/senegal\/wp-json\/wp\/v2\/media\/37811"}],"wp:attachment":[{"href":"https:\/\/www.africa-press.net\/senegal\/wp-json\/wp\/v2\/media?parent=37812"}],"wp:term":[{"taxonomy":"category","embeddable":true,"href":"https:\/\/www.africa-press.net\/senegal\/wp-json\/wp\/v2\/categories?post=37812"},{"taxonomy":"post_tag","embeddable":true,"href":"https:\/\/www.africa-press.net\/senegal\/wp-json\/wp\/v2\/tags?post=37812"}],"curies":[{"name":"wp","href":"https:\/\/api.w.org\/{rel}","templated":true}]}}