{"id":37818,"date":"2023-01-08T18:52:17","date_gmt":"2023-01-08T18:52:17","guid":{"rendered":"https:\/\/www.africa-press.net\/senegal\/politique\/accident-a-kaffrine-aminata-toure-presente-ses-condoleances-attristees-aux-familles-des-victimes"},"modified":"2023-01-08T19:17:41","modified_gmt":"2023-01-08T19:17:41","slug":"accident-a-kaffrine-aminata-toure-presente-ses-condoleances-attristees-aux-familles-des-victimes","status":"publish","type":"post","link":"https:\/\/www.africa-press.net\/senegal\/politique\/accident-a-kaffrine-aminata-toure-presente-ses-condoleances-attristees-aux-familles-des-victimes","title":{"rendered":"Accident \u00e0 Kaffrine : Aminata Tour\u00e9 pr\u00e9sente ses condol\u00e9ances attrist\u00e9es aux familles des victimes"},"content":{"rendered":"<p><span style=\"color: #ff6600\"><strong>Africa-Press &#8211; Senegal. <\/strong><\/span><b>La de\u0301pute\u0301e, Aminata Toure\u0301 se joint a\u0300 la Nation se\u0301ne\u0301galaise pour pre\u0301senter ses condole\u0301ances aux familles e\u0301plore\u0301es de l\u2019accident sur la route de Kaffrine.<\/b><\/p>\n<p>\u00ab Je pre\u0301sente mes condole\u0301ances attriste\u0301es aux familles des 38 victimes du terrible accident de la route survenu hier nuit a\u0300 hauteur de Kaffrine et je souhaite un rapide re\u0301tablissement aux blesse\u0301s \u00bb, de\u0301clare Aminata Toure\u0301<\/p>\n<p>\u00ab Il est vraiment temps de mettre un terme a\u0300 ce de\u0301compte macabre \u00bb, demande la de\u0301pute\u0301e.<\/p>\n<p><strong>Pour plus d&rsquo;informations et d&rsquo;analyses sur la <a href=\"https:\/\/www.africa-press.net\/senegal\">Senegal<\/a>, suivez <a href=\"https:\/\/www.africa-press.net\/\">Africa-Press<\/a><\/strong><\/p>\n","protected":false},"excerpt":{"rendered":"<p>Africa-Press &#8211; Senegal. La de\u0301pute\u0301e, Aminata Toure\u0301 se joint a\u0300 la Nation se\u0301ne\u0301galaise pour pre\u0301senter ses condole\u0301ances aux familles e\u0301plore\u0301es de l\u2019accident sur la route de Kaffrine. \u00ab Je pre\u0301sente mes condole\u0301ances attriste\u0301es aux familles des 38 victimes du terrible accident de la route survenu hier nuit a\u0300 hauteur de Kaffrine et je souhaite un [&hellip;]<\/p>\n","protected":false},"author":82,"featured_media":37817,"comment_status":"open","ping_status":"closed","sticky":false,"template":"","format":"standard","meta":{"footnotes":""},"categories":[2,10],"tags":[43,47,44],"class_list":["post-37818","post","type-post","status-publish","format-standard","has-post-thumbnail","hentry","category-politique","category-toutes-les-actualites","tag-africa-press-2","tag-africa-press-senegal","tag-senegal-2"],"yoast_head":"<!-- This site is optimized with the Yoast SEO Premium plugin v26.1 (Yoast SEO v27.0) - https:\/\/yoast.com\/product\/yoast-seo-premium-wordpress\/ -->\n<title>Accident \u00e0 Kaffrine : Aminata Tour\u00e9 pr\u00e9sente ses condol\u00e9ances attrist\u00e9es aux familles des victimes - Senegal<\/title>\n<meta name=\"description\" content=\"La de\u0301pute\u0301e, Aminata Toure\u0301 se joint a\u0300 la Nation se\u0301ne\u0301galaise pour pre\u0301senter ses condole\u0301ances aux familles e\u0301plo ...\" \/>\n<meta name=\"robots\" content=\"index, follow, max-snippet:-1, max-image-preview:large, max-video-preview:-1\" \/>\n<link rel=\"canonical\" href=\"https:\/\/www.africa-press.net\/senegal\/politique\/accident-a-kaffrine-aminata-toure-presente-ses-condoleances-attristees-aux-familles-des-victimes\" \/>\n<meta property=\"og:locale\" content=\"fr_FR\" \/>\n<meta property=\"og:type\" content=\"article\" \/>\n<meta property=\"og:title\" content=\"Accident \u00e0 Kaffrine : Aminata Tour\u00e9 pr\u00e9sente ses condol\u00e9ances attrist\u00e9es aux familles des victimes\" \/>\n<meta property=\"og:description\" content=\"La de\u0301pute\u0301e, Aminata Toure\u0301 se joint a\u0300 la Nation se\u0301ne\u0301galaise pour pre\u0301senter ses condole\u0301ances aux familles e\u0301plo ...\" \/>\n<meta property=\"og:url\" content=\"https:\/\/www.africa-press.net\/senegal\/politique\/accident-a-kaffrine-aminata-toure-presente-ses-condoleances-attristees-aux-familles-des-victimes\" \/>\n<meta property=\"og:site_name\" content=\"Senegal\" \/>\n<meta property=\"article:published_time\" content=\"2023-01-08T18:52:17+00:00\" \/>\n<meta property=\"article:modified_time\" content=\"2023-01-08T19:17:41+00:00\" \/>\n<meta property=\"og:image\" content=\"https:\/\/static.africa-press.net\/senegal\/sites\/13\/2023\/01\/postQueueImg_1673191432.86.jpg\" \/>\n\t<meta property=\"og:image:width\" content=\"720\" \/>\n\t<meta property=\"og:image:height\" content=\"487\" \/>\n\t<meta property=\"og:image:type\" content=\"image\/jpeg\" \/>\n<meta name=\"author\" content=\"cfeditorfr\" \/>\n<meta name=\"twitter:card\" content=\"summary_large_image\" \/>\n<meta name=\"twitter:label1\" content=\"\u00c9crit par\" \/>\n\t<meta name=\"twitter:data1\" content=\"cfeditorfr\" \/>\n\t<meta name=\"twitter:label2\" content=\"Dur\u00e9e de lecture estim\u00e9e\" \/>\n\t<meta name=\"twitter:data2\" content=\"1 minute\" \/>\n<script type=\"application\/ld+json\" class=\"yoast-schema-graph\">{\"@context\":\"https:\/\/schema.org\",\"@graph\":[{\"@type\":\"Article\",\"@id\":\"https:\/\/www.africa-press.net\/senegal\/politique\/accident-a-kaffrine-aminata-toure-presente-ses-condoleances-attristees-aux-familles-des-victimes#article\",\"isPartOf\":{\"@id\":\"https:\/\/www.africa-press.net\/senegal\/politique\/accident-a-kaffrine-aminata-toure-presente-ses-condoleances-attristees-aux-familles-des-victimes\"},\"author\":{\"name\":\"cfeditorfr\",\"@id\":\"https:\/\/www.africa-press.net\/senegal\/#\/schema\/person\/2b1cf3cd81a31e3cd26889ca66d677f1\"},\"headline\":\"Accident \u00e0 Kaffrine : Aminata Tour\u00e9 pr\u00e9sente ses condol\u00e9ances attrist\u00e9es aux familles des victimes\",\"datePublished\":\"2023-01-08T18:52:17+00:00\",\"dateModified\":\"2023-01-08T19:17:41+00:00\",\"mainEntityOfPage\":{\"@id\":\"https:\/\/www.africa-press.net\/senegal\/politique\/accident-a-kaffrine-aminata-toure-presente-ses-condoleances-attristees-aux-familles-des-victimes\"},\"wordCount\":120,\"commentCount\":0,\"image\":{\"@id\":\"https:\/\/www.africa-press.net\/senegal\/politique\/accident-a-kaffrine-aminata-toure-presente-ses-condoleances-attristees-aux-familles-des-victimes#primaryimage\"},\"thumbnailUrl\":\"https:\/\/static.africa-press.net\/senegal\/sites\/13\/2023\/01\/postQueueImg_1673191432.86.jpg\",\"keywords\":[\"Africa Press\",\"Africa Press-Senegal\",\"Senegal\"],\"articleSection\":[\"Politique\",\"Toutes les actualit\u00e9s\"],\"inLanguage\":\"fr-FR\",\"potentialAction\":[{\"@type\":\"CommentAction\",\"name\":\"Comment\",\"target\":[\"https:\/\/www.africa-press.net\/senegal\/politique\/accident-a-kaffrine-aminata-toure-presente-ses-condoleances-attristees-aux-familles-des-victimes#respond\"]}]},{\"@type\":\"WebPage\",\"@id\":\"https:\/\/www.africa-press.net\/senegal\/politique\/accident-a-kaffrine-aminata-toure-presente-ses-condoleances-attristees-aux-familles-des-victimes\",\"url\":\"https:\/\/www.africa-press.net\/senegal\/politique\/accident-a-kaffrine-aminata-toure-presente-ses-condoleances-attristees-aux-familles-des-victimes\",\"name\":\"Accident \u00e0 Kaffrine : Aminata Tour\u00e9 pr\u00e9sente ses condol\u00e9ances attrist\u00e9es aux familles des victimes - Senegal\",\"isPartOf\":{\"@id\":\"https:\/\/www.africa-press.net\/senegal\/#website\"},\"primaryImageOfPage\":{\"@id\":\"https:\/\/www.africa-press.net\/senegal\/politique\/accident-a-kaffrine-aminata-toure-presente-ses-condoleances-attristees-aux-familles-des-victimes#primaryimage\"},\"image\":{\"@id\":\"https:\/\/www.africa-press.net\/senegal\/politique\/accident-a-kaffrine-aminata-toure-presente-ses-condoleances-attristees-aux-familles-des-victimes#primaryimage\"},\"thumbnailUrl\":\"https:\/\/static.africa-press.net\/senegal\/sites\/13\/2023\/01\/postQueueImg_1673191432.86.jpg\",\"datePublished\":\"2023-01-08T18:52:17+00:00\",\"dateModified\":\"2023-01-08T19:17:41+00:00\",\"author\":{\"@id\":\"https:\/\/www.africa-press.net\/senegal\/#\/schema\/person\/2b1cf3cd81a31e3cd26889ca66d677f1\"},\"description\":\"La de\u0301pute\u0301e, Aminata Toure\u0301 se joint a\u0300 la Nation se\u0301ne\u0301galaise pour pre\u0301senter ses condole\u0301ances aux familles e\u0301plo ...\",\"breadcrumb\":{\"@id\":\"https:\/\/www.africa-press.net\/senegal\/politique\/accident-a-kaffrine-aminata-toure-presente-ses-condoleances-attristees-aux-familles-des-victimes#breadcrumb\"},\"inLanguage\":\"fr-FR\",\"potentialAction\":[{\"@type\":\"ReadAction\",\"target\":[\"https:\/\/www.africa-press.net\/senegal\/politique\/accident-a-kaffrine-aminata-toure-presente-ses-condoleances-attristees-aux-familles-des-victimes\"]}]},{\"@type\":\"ImageObject\",\"inLanguage\":\"fr-FR\",\"@id\":\"https:\/\/www.africa-press.net\/senegal\/politique\/accident-a-kaffrine-aminata-toure-presente-ses-condoleances-attristees-aux-familles-des-victimes#primaryimage\",\"url\":\"https:\/\/static.africa-press.net\/senegal\/sites\/13\/2023\/01\/postQueueImg_1673191432.86.jpg\",\"contentUrl\":\"https:\/\/static.africa-press.net\/senegal\/sites\/13\/2023\/01\/postQueueImg_1673191432.86.jpg\",\"width\":720,\"height\":487,\"caption\":\"Accident \u00e0 Kaffrine : Aminata Tour\u00e9 pr\u00e9sente ses condol\u00e9ances attrist\u00e9es aux familles des victimes\"},{\"@type\":\"BreadcrumbList\",\"@id\":\"https:\/\/www.africa-press.net\/senegal\/politique\/accident-a-kaffrine-aminata-toure-presente-ses-condoleances-attristees-aux-familles-des-victimes#breadcrumb\",\"itemListElement\":[{\"@type\":\"ListItem\",\"position\":1,\"name\":\"Accueil\",\"item\":\"https:\/\/www.africa-press.net\/senegal\/\"},{\"@type\":\"ListItem\",\"position\":2,\"name\":\"Accident \u00e0 Kaffrine : Aminata Tour\u00e9 pr\u00e9sente ses condol\u00e9ances attrist\u00e9es aux familles des victimes\"}]},{\"@type\":\"WebSite\",\"@id\":\"https:\/\/www.africa-press.net\/senegal\/#website\",\"url\":\"https:\/\/www.africa-press.net\/senegal\/\",\"name\":\"Africa Press | Senegal | Homepage\",\"description\":\"Just another Africa News Agency Sites site\",\"potentialAction\":[{\"@type\":\"SearchAction\",\"target\":{\"@type\":\"EntryPoint\",\"urlTemplate\":\"https:\/\/www.africa-press.net\/senegal\/?s={search_term_string}\"},\"query-input\":{\"@type\":\"PropertyValueSpecification\",\"valueRequired\":true,\"valueName\":\"search_term_string\"}}],\"inLanguage\":\"fr-FR\"},{\"@type\":\"Person\",\"@id\":\"https:\/\/www.africa-press.net\/senegal\/#\/schema\/person\/2b1cf3cd81a31e3cd26889ca66d677f1\",\"name\":\"cfeditorfr\",\"url\":\"https:\/\/www.africa-press.net\/senegal\/author\/cfeditorfr\"}]}<\/script>\n<!-- \/ Yoast SEO Premium plugin. -->","yoast_head_json":{"title":"Accident \u00e0 Kaffrine : Aminata Tour\u00e9 pr\u00e9sente ses condol\u00e9ances attrist\u00e9es aux familles des victimes - Senegal","description":"La de\u0301pute\u0301e, Aminata Toure\u0301 se joint a\u0300 la Nation se\u0301ne\u0301galaise pour pre\u0301senter ses condole\u0301ances aux familles e\u0301plo ...","robots":{"index":"index","follow":"follow","max-snippet":"max-snippet:-1","max-image-preview":"max-image-preview:large","max-video-preview":"max-video-preview:-1"},"canonical":"https:\/\/www.africa-press.net\/senegal\/politique\/accident-a-kaffrine-aminata-toure-presente-ses-condoleances-attristees-aux-familles-des-victimes","og_locale":"fr_FR","og_type":"article","og_title":"Accident \u00e0 Kaffrine : Aminata Tour\u00e9 pr\u00e9sente ses condol\u00e9ances attrist\u00e9es aux familles des victimes","og_description":"La de\u0301pute\u0301e, Aminata Toure\u0301 se joint a\u0300 la Nation se\u0301ne\u0301galaise pour pre\u0301senter ses condole\u0301ances aux familles e\u0301plo ...","og_url":"https:\/\/www.africa-press.net\/senegal\/politique\/accident-a-kaffrine-aminata-toure-presente-ses-condoleances-attristees-aux-familles-des-victimes","og_site_name":"Senegal","article_published_time":"2023-01-08T18:52:17+00:00","article_modified_time":"2023-01-08T19:17:41+00:00","og_image":[{"width":720,"height":487,"url":"https:\/\/static.africa-press.net\/senegal\/sites\/13\/2023\/01\/postQueueImg_1673191432.86.jpg","type":"image\/jpeg"}],"author":"cfeditorfr","twitter_card":"summary_large_image","twitter_misc":{"\u00c9crit par":"cfeditorfr","Dur\u00e9e de lecture estim\u00e9e":"1 minute"},"schema":{"@context":"https:\/\/schema.org","@graph":[{"@type":"Article","@id":"https:\/\/www.africa-press.net\/senegal\/politique\/accident-a-kaffrine-aminata-toure-presente-ses-condoleances-attristees-aux-familles-des-victimes#article","isPartOf":{"@id":"https:\/\/www.africa-press.net\/senegal\/politique\/accident-a-kaffrine-aminata-toure-presente-ses-condoleances-attristees-aux-familles-des-victimes"},"author":{"name":"cfeditorfr","@id":"https:\/\/www.africa-press.net\/senegal\/#\/schema\/person\/2b1cf3cd81a31e3cd26889ca66d677f1"},"headline":"Accident \u00e0 Kaffrine : Aminata Tour\u00e9 pr\u00e9sente ses condol\u00e9ances attrist\u00e9es aux familles des victimes","datePublished":"2023-01-08T18:52:17+00:00","dateModified":"2023-01-08T19:17:41+00:00","mainEntityOfPage":{"@id":"https:\/\/www.africa-press.net\/senegal\/politique\/accident-a-kaffrine-aminata-toure-presente-ses-condoleances-attristees-aux-familles-des-victimes"},"wordCount":120,"commentCount":0,"image":{"@id":"https:\/\/www.africa-press.net\/senegal\/politique\/accident-a-kaffrine-aminata-toure-presente-ses-condoleances-attristees-aux-familles-des-victimes#primaryimage"},"thumbnailUrl":"https:\/\/static.africa-press.net\/senegal\/sites\/13\/2023\/01\/postQueueImg_1673191432.86.jpg","keywords":["Africa Press","Africa Press-Senegal","Senegal"],"articleSection":["Politique","Toutes les actualit\u00e9s"],"inLanguage":"fr-FR","potentialAction":[{"@type":"CommentAction","name":"Comment","target":["https:\/\/www.africa-press.net\/senegal\/politique\/accident-a-kaffrine-aminata-toure-presente-ses-condoleances-attristees-aux-familles-des-victimes#respond"]}]},{"@type":"WebPage","@id":"https:\/\/www.africa-press.net\/senegal\/politique\/accident-a-kaffrine-aminata-toure-presente-ses-condoleances-attristees-aux-familles-des-victimes","url":"https:\/\/www.africa-press.net\/senegal\/politique\/accident-a-kaffrine-aminata-toure-presente-ses-condoleances-attristees-aux-familles-des-victimes","name":"Accident \u00e0 Kaffrine : Aminata Tour\u00e9 pr\u00e9sente ses condol\u00e9ances attrist\u00e9es aux familles des victimes - Senegal","isPartOf":{"@id":"https:\/\/www.africa-press.net\/senegal\/#website"},"primaryImageOfPage":{"@id":"https:\/\/www.africa-press.net\/senegal\/politique\/accident-a-kaffrine-aminata-toure-presente-ses-condoleances-attristees-aux-familles-des-victimes#primaryimage"},"image":{"@id":"https:\/\/www.africa-press.net\/senegal\/politique\/accident-a-kaffrine-aminata-toure-presente-ses-condoleances-attristees-aux-familles-des-victimes#primaryimage"},"thumbnailUrl":"https:\/\/static.africa-press.net\/senegal\/sites\/13\/2023\/01\/postQueueImg_1673191432.86.jpg","datePublished":"2023-01-08T18:52:17+00:00","dateModified":"2023-01-08T19:17:41+00:00","author":{"@id":"https:\/\/www.africa-press.net\/senegal\/#\/schema\/person\/2b1cf3cd81a31e3cd26889ca66d677f1"},"description":"La de\u0301pute\u0301e, Aminata Toure\u0301 se joint a\u0300 la Nation se\u0301ne\u0301galaise pour pre\u0301senter ses condole\u0301ances aux familles e\u0301plo ...","breadcrumb":{"@id":"https:\/\/www.africa-press.net\/senegal\/politique\/accident-a-kaffrine-aminata-toure-presente-ses-condoleances-attristees-aux-familles-des-victimes#breadcrumb"},"inLanguage":"fr-FR","potentialAction":[{"@type":"ReadAction","target":["https:\/\/www.africa-press.net\/senegal\/politique\/accident-a-kaffrine-aminata-toure-presente-ses-condoleances-attristees-aux-familles-des-victimes"]}]},{"@type":"ImageObject","inLanguage":"fr-FR","@id":"https:\/\/www.africa-press.net\/senegal\/politique\/accident-a-kaffrine-aminata-toure-presente-ses-condoleances-attristees-aux-familles-des-victimes#primaryimage","url":"https:\/\/static.africa-press.net\/senegal\/sites\/13\/2023\/01\/postQueueImg_1673191432.86.jpg","contentUrl":"https:\/\/static.africa-press.net\/senegal\/sites\/13\/2023\/01\/postQueueImg_1673191432.86.jpg","width":720,"height":487,"caption":"Accident \u00e0 Kaffrine : Aminata Tour\u00e9 pr\u00e9sente ses condol\u00e9ances attrist\u00e9es aux familles des victimes"},{"@type":"BreadcrumbList","@id":"https:\/\/www.africa-press.net\/senegal\/politique\/accident-a-kaffrine-aminata-toure-presente-ses-condoleances-attristees-aux-familles-des-victimes#breadcrumb","itemListElement":[{"@type":"ListItem","position":1,"name":"Accueil","item":"https:\/\/www.africa-press.net\/senegal\/"},{"@type":"ListItem","position":2,"name":"Accident \u00e0 Kaffrine : Aminata Tour\u00e9 pr\u00e9sente ses condol\u00e9ances attrist\u00e9es aux familles des victimes"}]},{"@type":"WebSite","@id":"https:\/\/www.africa-press.net\/senegal\/#website","url":"https:\/\/www.africa-press.net\/senegal\/","name":"Africa Press | Senegal | Homepage","description":"Just another Africa News Agency Sites site","potentialAction":[{"@type":"SearchAction","target":{"@type":"EntryPoint","urlTemplate":"https:\/\/www.africa-press.net\/senegal\/?s={search_term_string}"},"query-input":{"@type":"PropertyValueSpecification","valueRequired":true,"valueName":"search_term_string"}}],"inLanguage":"fr-FR"},{"@type":"Person","@id":"https:\/\/www.africa-press.net\/senegal\/#\/schema\/person\/2b1cf3cd81a31e3cd26889ca66d677f1","name":"cfeditorfr","url":"https:\/\/www.africa-press.net\/senegal\/author\/cfeditorfr"}]}},"_links":{"self":[{"href":"https:\/\/www.africa-press.net\/senegal\/wp-json\/wp\/v2\/posts\/37818","targetHints":{"allow":["GET"]}}],"collection":[{"href":"https:\/\/www.africa-press.net\/senegal\/wp-json\/wp\/v2\/posts"}],"about":[{"href":"https:\/\/www.africa-press.net\/senegal\/wp-json\/wp\/v2\/types\/post"}],"author":[{"embeddable":true,"href":"https:\/\/www.africa-press.net\/senegal\/wp-json\/wp\/v2\/users\/82"}],"replies":[{"embeddable":true,"href":"https:\/\/www.africa-press.net\/senegal\/wp-json\/wp\/v2\/comments?post=37818"}],"version-history":[{"count":0,"href":"https:\/\/www.africa-press.net\/senegal\/wp-json\/wp\/v2\/posts\/37818\/revisions"}],"wp:featuredmedia":[{"embeddable":true,"href":"https:\/\/www.africa-press.net\/senegal\/wp-json\/wp\/v2\/media\/37817"}],"wp:attachment":[{"href":"https:\/\/www.africa-press.net\/senegal\/wp-json\/wp\/v2\/media?parent=37818"}],"wp:term":[{"taxonomy":"category","embeddable":true,"href":"https:\/\/www.africa-press.net\/senegal\/wp-json\/wp\/v2\/categories?post=37818"},{"taxonomy":"post_tag","embeddable":true,"href":"https:\/\/www.africa-press.net\/senegal\/wp-json\/wp\/v2\/tags?post=37818"}],"curies":[{"name":"wp","href":"https:\/\/api.w.org\/{rel}","templated":true}]}}