{"id":37847,"date":"2023-01-09T18:08:54","date_gmt":"2023-01-09T18:08:54","guid":{"rendered":"https:\/\/www.africa-press.net\/senegal\/politique\/nouvel-equipementier-la-fsf-recevra-ses-premiers-lots-fin-janvier"},"modified":"2023-01-09T18:08:54","modified_gmt":"2023-01-09T18:08:54","slug":"nouvel-equipementier-la-fsf-recevra-ses-premiers-lots-fin-janvier","status":"publish","type":"post","link":"https:\/\/www.africa-press.net\/senegal\/sports\/nouvel-equipementier-la-fsf-recevra-ses-premiers-lots-fin-janvier","title":{"rendered":"Nouvel \u00e9quipementier : la FSF recevra ses premiers lots fin janvier"},"content":{"rendered":"<p><span style=\"color: #ff6600\"><strong>Africa-Press &#8211; Senegal. <\/strong><\/span>La Fe\u0301de\u0301ration se\u0301ne\u0301galaise de basket-Ball (FSBB) annonce qu&rsquo;elle recevra fin janvier, ses premiers lots d&rsquo;e\u0301quipements de la nouvelle marque Derick Rose de la firme allemande Adidas.<\/p>\n<p>Dans un communique\u0301, la FSBB explique avoir noue\u0301 un partenariat avec cette marque qui est ainsi devenue le nouvel e\u0301quipementier du basketball se\u0301ne\u0301galais.<\/p>\n<p>Avec cet accord, souligne-t-elle, le Se\u0301ne\u0301gal devient \u00ab\u00a0la premie\u0300re et unique fe\u0301de\u0301ration africaine de basket-ball habille\u0301e par la multinationale allemande\u00a0\u00bb.<\/p>\n<p>Ce partenariat de\u0301cide\u0301 \u201csuite a\u0300 l&rsquo;e\u0301tude et l&rsquo;e\u0301valuation de plusieurs options et offres\u00a0\u00bb traduit \u00ab\u00a0l&rsquo;inte\u0301re\u0302t accorde\u0301\u00a0\u00bb par cet e\u0301quipementier au basket-ball se\u0301ne\u0301galais.<\/p>\n<p>La marque ame\u0301ricaine Nike e\u0301tait l&rsquo;e\u0301quipementier de la FSF depuis 2007.<\/p>\n<p><strong>Pour plus d&rsquo;informations et d&rsquo;analyses sur la <a href=\"https:\/\/www.africa-press.net\/senegal\">Senegal<\/a>, suivez <a href=\"https:\/\/www.africa-press.net\/\">Africa-Press<\/a><\/strong><\/p>\n","protected":false},"excerpt":{"rendered":"<p>Africa-Press &#8211; Senegal. La Fe\u0301de\u0301ration se\u0301ne\u0301galaise de basket-Ball (FSBB) annonce qu&rsquo;elle recevra fin janvier, ses premiers lots d&rsquo;e\u0301quipements de la nouvelle marque Derick Rose de la firme allemande Adidas. Dans un communique\u0301, la FSBB explique avoir noue\u0301 un partenariat avec cette marque qui est ainsi devenue le nouvel e\u0301quipementier du basketball se\u0301ne\u0301galais. Avec cet accord, [&hellip;]<\/p>\n","protected":false},"author":82,"featured_media":37846,"comment_status":"open","ping_status":"closed","sticky":false,"template":"","format":"standard","meta":{"footnotes":""},"categories":[6,10],"tags":[43,47,44],"class_list":["post-37847","post","type-post","status-publish","format-standard","has-post-thumbnail","hentry","category-sports","category-toutes-les-actualites","tag-africa-press-2","tag-africa-press-senegal","tag-senegal-2"],"yoast_head":"<!-- This site is optimized with the Yoast SEO Premium plugin v26.1 (Yoast SEO v27.0) - https:\/\/yoast.com\/product\/yoast-seo-premium-wordpress\/ -->\n<title>Nouvel \u00e9quipementier : la FSF recevra ses premiers lots fin janvier - Senegal<\/title>\n<meta name=\"robots\" content=\"index, follow, max-snippet:-1, max-image-preview:large, max-video-preview:-1\" \/>\n<link rel=\"canonical\" href=\"https:\/\/www.africa-press.net\/senegal\/politique\/nouvel-equipementier-la-fsf-recevra-ses-premiers-lots-fin-janvier\" \/>\n<meta property=\"og:locale\" content=\"fr_FR\" \/>\n<meta property=\"og:type\" content=\"article\" \/>\n<meta property=\"og:title\" content=\"Nouvel \u00e9quipementier : la FSF recevra ses premiers lots fin janvier\" \/>\n<meta property=\"og:description\" content=\"Africa-Press &#8211; Senegal. La Fe\u0301de\u0301ration se\u0301ne\u0301galaise de basket-Ball (FSBB) annonce qu&rsquo;elle recevra fin janvier, ses premiers lots d&rsquo;e\u0301quipements de la nouvelle marque Derick Rose de la firme allemande Adidas. Dans un communique\u0301, la FSBB explique avoir noue\u0301 un partenariat avec cette marque qui est ainsi devenue le nouvel e\u0301quipementier du basketball se\u0301ne\u0301galais. Avec cet accord, [&hellip;]\" \/>\n<meta property=\"og:url\" content=\"https:\/\/www.africa-press.net\/senegal\/politique\/nouvel-equipementier-la-fsf-recevra-ses-premiers-lots-fin-janvier\" \/>\n<meta property=\"og:site_name\" content=\"Senegal\" \/>\n<meta property=\"article:published_time\" content=\"2023-01-09T18:08:54+00:00\" \/>\n<meta name=\"author\" content=\"cfeditorfr\" \/>\n<meta name=\"twitter:card\" content=\"summary_large_image\" \/>\n<meta name=\"twitter:label1\" content=\"\u00c9crit par\" \/>\n\t<meta name=\"twitter:data1\" content=\"cfeditorfr\" \/>\n\t<meta name=\"twitter:label2\" content=\"Dur\u00e9e de lecture estim\u00e9e\" \/>\n\t<meta name=\"twitter:data2\" content=\"1 minute\" \/>\n<script type=\"application\/ld+json\" class=\"yoast-schema-graph\">{\"@context\":\"https:\/\/schema.org\",\"@graph\":[{\"@type\":\"Article\",\"@id\":\"https:\/\/www.africa-press.net\/senegal\/politique\/nouvel-equipementier-la-fsf-recevra-ses-premiers-lots-fin-janvier#article\",\"isPartOf\":{\"@id\":\"https:\/\/www.africa-press.net\/senegal\/politique\/nouvel-equipementier-la-fsf-recevra-ses-premiers-lots-fin-janvier\"},\"author\":{\"name\":\"cfeditorfr\",\"@id\":\"https:\/\/www.africa-press.net\/senegal\/#\/schema\/person\/2b1cf3cd81a31e3cd26889ca66d677f1\"},\"headline\":\"Nouvel \u00e9quipementier : la FSF recevra ses premiers lots fin janvier\",\"datePublished\":\"2023-01-09T18:08:54+00:00\",\"mainEntityOfPage\":{\"@id\":\"https:\/\/www.africa-press.net\/senegal\/politique\/nouvel-equipementier-la-fsf-recevra-ses-premiers-lots-fin-janvier\"},\"wordCount\":157,\"commentCount\":0,\"image\":{\"@id\":\"https:\/\/www.africa-press.net\/senegal\/politique\/nouvel-equipementier-la-fsf-recevra-ses-premiers-lots-fin-janvier#primaryimage\"},\"thumbnailUrl\":\"https:\/\/static.africa-press.net\/senegal\/sites\/13\/2023\/01\/postQueueImg_1673275142.50.jpg\",\"keywords\":[\"Africa Press\",\"Africa Press-Senegal\",\"Senegal\"],\"articleSection\":[\"Sports\",\"Toutes les actualit\u00e9s\"],\"inLanguage\":\"fr-FR\",\"potentialAction\":[{\"@type\":\"CommentAction\",\"name\":\"Comment\",\"target\":[\"https:\/\/www.africa-press.net\/senegal\/politique\/nouvel-equipementier-la-fsf-recevra-ses-premiers-lots-fin-janvier#respond\"]}]},{\"@type\":\"WebPage\",\"@id\":\"https:\/\/www.africa-press.net\/senegal\/politique\/nouvel-equipementier-la-fsf-recevra-ses-premiers-lots-fin-janvier\",\"url\":\"https:\/\/www.africa-press.net\/senegal\/politique\/nouvel-equipementier-la-fsf-recevra-ses-premiers-lots-fin-janvier\",\"name\":\"Nouvel \u00e9quipementier : la FSF recevra ses premiers lots fin janvier - Senegal\",\"isPartOf\":{\"@id\":\"https:\/\/www.africa-press.net\/senegal\/#website\"},\"primaryImageOfPage\":{\"@id\":\"https:\/\/www.africa-press.net\/senegal\/politique\/nouvel-equipementier-la-fsf-recevra-ses-premiers-lots-fin-janvier#primaryimage\"},\"image\":{\"@id\":\"https:\/\/www.africa-press.net\/senegal\/politique\/nouvel-equipementier-la-fsf-recevra-ses-premiers-lots-fin-janvier#primaryimage\"},\"thumbnailUrl\":\"https:\/\/static.africa-press.net\/senegal\/sites\/13\/2023\/01\/postQueueImg_1673275142.50.jpg\",\"datePublished\":\"2023-01-09T18:08:54+00:00\",\"author\":{\"@id\":\"https:\/\/www.africa-press.net\/senegal\/#\/schema\/person\/2b1cf3cd81a31e3cd26889ca66d677f1\"},\"breadcrumb\":{\"@id\":\"https:\/\/www.africa-press.net\/senegal\/politique\/nouvel-equipementier-la-fsf-recevra-ses-premiers-lots-fin-janvier#breadcrumb\"},\"inLanguage\":\"fr-FR\",\"potentialAction\":[{\"@type\":\"ReadAction\",\"target\":[\"https:\/\/www.africa-press.net\/senegal\/politique\/nouvel-equipementier-la-fsf-recevra-ses-premiers-lots-fin-janvier\"]}]},{\"@type\":\"ImageObject\",\"inLanguage\":\"fr-FR\",\"@id\":\"https:\/\/www.africa-press.net\/senegal\/politique\/nouvel-equipementier-la-fsf-recevra-ses-premiers-lots-fin-janvier#primaryimage\",\"url\":\"https:\/\/static.africa-press.net\/senegal\/sites\/13\/2023\/01\/postQueueImg_1673275142.50.jpg\",\"contentUrl\":\"https:\/\/static.africa-press.net\/senegal\/sites\/13\/2023\/01\/postQueueImg_1673275142.50.jpg\",\"width\":1620,\"height\":925,\"caption\":\"Nouvel \u00e9quipementier : la FSF recevra ses premiers lots fin janvier\"},{\"@type\":\"BreadcrumbList\",\"@id\":\"https:\/\/www.africa-press.net\/senegal\/politique\/nouvel-equipementier-la-fsf-recevra-ses-premiers-lots-fin-janvier#breadcrumb\",\"itemListElement\":[{\"@type\":\"ListItem\",\"position\":1,\"name\":\"Accueil\",\"item\":\"https:\/\/www.africa-press.net\/senegal\/\"},{\"@type\":\"ListItem\",\"position\":2,\"name\":\"Nouvel \u00e9quipementier : la FSF recevra ses premiers lots fin janvier\"}]},{\"@type\":\"WebSite\",\"@id\":\"https:\/\/www.africa-press.net\/senegal\/#website\",\"url\":\"https:\/\/www.africa-press.net\/senegal\/\",\"name\":\"Africa Press | Senegal | Homepage\",\"description\":\"Just another Africa News Agency Sites site\",\"potentialAction\":[{\"@type\":\"SearchAction\",\"target\":{\"@type\":\"EntryPoint\",\"urlTemplate\":\"https:\/\/www.africa-press.net\/senegal\/?s={search_term_string}\"},\"query-input\":{\"@type\":\"PropertyValueSpecification\",\"valueRequired\":true,\"valueName\":\"search_term_string\"}}],\"inLanguage\":\"fr-FR\"},{\"@type\":\"Person\",\"@id\":\"https:\/\/www.africa-press.net\/senegal\/#\/schema\/person\/2b1cf3cd81a31e3cd26889ca66d677f1\",\"name\":\"cfeditorfr\",\"url\":\"https:\/\/www.africa-press.net\/senegal\/author\/cfeditorfr\"}]}<\/script>\n<!-- \/ Yoast SEO Premium plugin. -->","yoast_head_json":{"title":"Nouvel \u00e9quipementier : la FSF recevra ses premiers lots fin janvier - Senegal","robots":{"index":"index","follow":"follow","max-snippet":"max-snippet:-1","max-image-preview":"max-image-preview:large","max-video-preview":"max-video-preview:-1"},"canonical":"https:\/\/www.africa-press.net\/senegal\/politique\/nouvel-equipementier-la-fsf-recevra-ses-premiers-lots-fin-janvier","og_locale":"fr_FR","og_type":"article","og_title":"Nouvel \u00e9quipementier : la FSF recevra ses premiers lots fin janvier","og_description":"Africa-Press &#8211; Senegal. La Fe\u0301de\u0301ration se\u0301ne\u0301galaise de basket-Ball (FSBB) annonce qu&rsquo;elle recevra fin janvier, ses premiers lots d&rsquo;e\u0301quipements de la nouvelle marque Derick Rose de la firme allemande Adidas. Dans un communique\u0301, la FSBB explique avoir noue\u0301 un partenariat avec cette marque qui est ainsi devenue le nouvel e\u0301quipementier du basketball se\u0301ne\u0301galais. Avec cet accord, [&hellip;]","og_url":"https:\/\/www.africa-press.net\/senegal\/politique\/nouvel-equipementier-la-fsf-recevra-ses-premiers-lots-fin-janvier","og_site_name":"Senegal","article_published_time":"2023-01-09T18:08:54+00:00","author":"cfeditorfr","twitter_card":"summary_large_image","twitter_misc":{"\u00c9crit par":"cfeditorfr","Dur\u00e9e de lecture estim\u00e9e":"1 minute"},"schema":{"@context":"https:\/\/schema.org","@graph":[{"@type":"Article","@id":"https:\/\/www.africa-press.net\/senegal\/politique\/nouvel-equipementier-la-fsf-recevra-ses-premiers-lots-fin-janvier#article","isPartOf":{"@id":"https:\/\/www.africa-press.net\/senegal\/politique\/nouvel-equipementier-la-fsf-recevra-ses-premiers-lots-fin-janvier"},"author":{"name":"cfeditorfr","@id":"https:\/\/www.africa-press.net\/senegal\/#\/schema\/person\/2b1cf3cd81a31e3cd26889ca66d677f1"},"headline":"Nouvel \u00e9quipementier : la FSF recevra ses premiers lots fin janvier","datePublished":"2023-01-09T18:08:54+00:00","mainEntityOfPage":{"@id":"https:\/\/www.africa-press.net\/senegal\/politique\/nouvel-equipementier-la-fsf-recevra-ses-premiers-lots-fin-janvier"},"wordCount":157,"commentCount":0,"image":{"@id":"https:\/\/www.africa-press.net\/senegal\/politique\/nouvel-equipementier-la-fsf-recevra-ses-premiers-lots-fin-janvier#primaryimage"},"thumbnailUrl":"https:\/\/static.africa-press.net\/senegal\/sites\/13\/2023\/01\/postQueueImg_1673275142.50.jpg","keywords":["Africa Press","Africa Press-Senegal","Senegal"],"articleSection":["Sports","Toutes les actualit\u00e9s"],"inLanguage":"fr-FR","potentialAction":[{"@type":"CommentAction","name":"Comment","target":["https:\/\/www.africa-press.net\/senegal\/politique\/nouvel-equipementier-la-fsf-recevra-ses-premiers-lots-fin-janvier#respond"]}]},{"@type":"WebPage","@id":"https:\/\/www.africa-press.net\/senegal\/politique\/nouvel-equipementier-la-fsf-recevra-ses-premiers-lots-fin-janvier","url":"https:\/\/www.africa-press.net\/senegal\/politique\/nouvel-equipementier-la-fsf-recevra-ses-premiers-lots-fin-janvier","name":"Nouvel \u00e9quipementier : la FSF recevra ses premiers lots fin janvier - Senegal","isPartOf":{"@id":"https:\/\/www.africa-press.net\/senegal\/#website"},"primaryImageOfPage":{"@id":"https:\/\/www.africa-press.net\/senegal\/politique\/nouvel-equipementier-la-fsf-recevra-ses-premiers-lots-fin-janvier#primaryimage"},"image":{"@id":"https:\/\/www.africa-press.net\/senegal\/politique\/nouvel-equipementier-la-fsf-recevra-ses-premiers-lots-fin-janvier#primaryimage"},"thumbnailUrl":"https:\/\/static.africa-press.net\/senegal\/sites\/13\/2023\/01\/postQueueImg_1673275142.50.jpg","datePublished":"2023-01-09T18:08:54+00:00","author":{"@id":"https:\/\/www.africa-press.net\/senegal\/#\/schema\/person\/2b1cf3cd81a31e3cd26889ca66d677f1"},"breadcrumb":{"@id":"https:\/\/www.africa-press.net\/senegal\/politique\/nouvel-equipementier-la-fsf-recevra-ses-premiers-lots-fin-janvier#breadcrumb"},"inLanguage":"fr-FR","potentialAction":[{"@type":"ReadAction","target":["https:\/\/www.africa-press.net\/senegal\/politique\/nouvel-equipementier-la-fsf-recevra-ses-premiers-lots-fin-janvier"]}]},{"@type":"ImageObject","inLanguage":"fr-FR","@id":"https:\/\/www.africa-press.net\/senegal\/politique\/nouvel-equipementier-la-fsf-recevra-ses-premiers-lots-fin-janvier#primaryimage","url":"https:\/\/static.africa-press.net\/senegal\/sites\/13\/2023\/01\/postQueueImg_1673275142.50.jpg","contentUrl":"https:\/\/static.africa-press.net\/senegal\/sites\/13\/2023\/01\/postQueueImg_1673275142.50.jpg","width":1620,"height":925,"caption":"Nouvel \u00e9quipementier : la FSF recevra ses premiers lots fin janvier"},{"@type":"BreadcrumbList","@id":"https:\/\/www.africa-press.net\/senegal\/politique\/nouvel-equipementier-la-fsf-recevra-ses-premiers-lots-fin-janvier#breadcrumb","itemListElement":[{"@type":"ListItem","position":1,"name":"Accueil","item":"https:\/\/www.africa-press.net\/senegal\/"},{"@type":"ListItem","position":2,"name":"Nouvel \u00e9quipementier : la FSF recevra ses premiers lots fin janvier"}]},{"@type":"WebSite","@id":"https:\/\/www.africa-press.net\/senegal\/#website","url":"https:\/\/www.africa-press.net\/senegal\/","name":"Africa Press | Senegal | Homepage","description":"Just another Africa News Agency Sites site","potentialAction":[{"@type":"SearchAction","target":{"@type":"EntryPoint","urlTemplate":"https:\/\/www.africa-press.net\/senegal\/?s={search_term_string}"},"query-input":{"@type":"PropertyValueSpecification","valueRequired":true,"valueName":"search_term_string"}}],"inLanguage":"fr-FR"},{"@type":"Person","@id":"https:\/\/www.africa-press.net\/senegal\/#\/schema\/person\/2b1cf3cd81a31e3cd26889ca66d677f1","name":"cfeditorfr","url":"https:\/\/www.africa-press.net\/senegal\/author\/cfeditorfr"}]}},"_links":{"self":[{"href":"https:\/\/www.africa-press.net\/senegal\/wp-json\/wp\/v2\/posts\/37847","targetHints":{"allow":["GET"]}}],"collection":[{"href":"https:\/\/www.africa-press.net\/senegal\/wp-json\/wp\/v2\/posts"}],"about":[{"href":"https:\/\/www.africa-press.net\/senegal\/wp-json\/wp\/v2\/types\/post"}],"author":[{"embeddable":true,"href":"https:\/\/www.africa-press.net\/senegal\/wp-json\/wp\/v2\/users\/82"}],"replies":[{"embeddable":true,"href":"https:\/\/www.africa-press.net\/senegal\/wp-json\/wp\/v2\/comments?post=37847"}],"version-history":[{"count":0,"href":"https:\/\/www.africa-press.net\/senegal\/wp-json\/wp\/v2\/posts\/37847\/revisions"}],"wp:featuredmedia":[{"embeddable":true,"href":"https:\/\/www.africa-press.net\/senegal\/wp-json\/wp\/v2\/media\/37846"}],"wp:attachment":[{"href":"https:\/\/www.africa-press.net\/senegal\/wp-json\/wp\/v2\/media?parent=37847"}],"wp:term":[{"taxonomy":"category","embeddable":true,"href":"https:\/\/www.africa-press.net\/senegal\/wp-json\/wp\/v2\/categories?post=37847"},{"taxonomy":"post_tag","embeddable":true,"href":"https:\/\/www.africa-press.net\/senegal\/wp-json\/wp\/v2\/tags?post=37847"}],"curies":[{"name":"wp","href":"https:\/\/api.w.org\/{rel}","templated":true}]}}