{"id":37855,"date":"2023-01-09T18:13:17","date_gmt":"2023-01-09T18:13:17","guid":{"rendered":"https:\/\/www.africa-press.net\/senegal\/politique\/un-hommage-a-lecrivain-cheik-aliou-ndao-a-dakar-le-18-janvier"},"modified":"2023-01-09T18:13:17","modified_gmt":"2023-01-09T18:13:17","slug":"un-hommage-a-lecrivain-cheik-aliou-ndao-a-dakar-le-18-janvier","status":"publish","type":"post","link":"https:\/\/www.africa-press.net\/senegal\/culture-et-art\/un-hommage-a-lecrivain-cheik-aliou-ndao-a-dakar-le-18-janvier","title":{"rendered":"Un hommage \u00e0 l&rsquo;\u00e9crivain Cheik Aliou Ndao \u00e0 Dakar, le 18 janvier"},"content":{"rendered":"<p><span style=\"color: #ff6600\"><strong>Africa-Press &#8211; Senegal. <\/strong><\/span>Le collectif \u00ab\u00a0Fonk Sunuy La\u0300mmin\u0303\u00a0\u00bb annonce qu&rsquo;il rendra un hommage a\u0300 l&rsquo;e\u0301crivain et militant des langues et cultures africaines Cheik Aliou Ndao, mercredi 18 janvier prochain, a\u0300 la Maison de la culture Douta-Seck, a\u0300 Dakar.<\/p>\n<p>\u00ab\u00a0(&#8230;) C&rsquo;est la grande personnalite\u0301 de l&rsquo;e\u0301ducation et de la culture, le pe\u0301dagogue et l&rsquo;e\u0301crivain, le de\u0301fenseur et le militant des langues et cultures africaines qu&rsquo;est Cheik Aliou Ndao, que le collectif veut ce\u0301le\u0301brer pour lui rendre hommage et le remercier pour toute son action\u00a0\u00bb, explique ce collectif dans une note transmise a\u0300 l&rsquo;APS.<\/p>\n<p>Le collectif \u00ab\u00a0Fonk Sunuy La\u0300mmin\u0303\u00a0\u00bb souligne que Cheik Aliou Ndao a su allier \u00ab\u00a0une riche carrie\u0300re professionnelle et une impressionnante production litte\u0301raire\u00a0\u00bb.<\/p>\n<p>\u00ab\u00a0Apre\u0300s des anne\u0301es d&rsquo;expe\u0301riences dans l&rsquo;enseignement, il a inte\u0301gre\u0301 la haute administration en ayant servi au ministe\u0300re des Affaires culturelles avant d&rsquo;e\u0302tre nomme\u0301 au poste de conseiller technique a\u0300 la Primature d&rsquo;abord, et a\u0300 la pre\u0301sidence de la Re\u0301publique ensuite\u00a0\u00bb, indique-t-il dans cette note signe\u0301e de Nde\u0300ye Codou Fall, directrice de \u00ab\u00a0Ejo\u00a0\u00bb, une maison d&rsquo;e\u0301dition en langues nationales.<\/p>\n<p>M. Ndao, a rappele\u0301 Nde\u0300ye Codou Fall, a \u00ab\u00a0la particularite\u0301 d&rsquo;avoir propose\u0301 une litte\u0301rature d&rsquo;une e\u0301gale consistance en franc\u0327ais et en wolof\u00a0\u00bb. Dans chacune de ces deux langues, dit-elle, il s&rsquo;est illustre\u0301 par une production touchant a\u0300 tous les genres : poe\u0301sie, roman, nouvelle, the\u0301a\u0302tre, essai.<\/p>\n<p>\u00ab\u00a0Une personnalite\u0301 de cette envergure me\u0301rite l&rsquo;hommage de ses disciples, de ses pairs, de ses lecteurs, tout simplement de ses compatriotes en cette anne\u0301e de son 90e anniversaire\u00a0\u00bb, explique la directrice de la maison d&rsquo;e\u0301dition \u00ab\u00a0EJO\u00a0\u00bb.<\/p>\n<p>Le jour me\u0302me de cet hommage, les initiateurs pre\u0301voient d&rsquo;organiser une table-ronde sur la production de l&rsquo;auteur du livre \u00ab\u00a0L&rsquo;exil d&rsquo;Alboury\u00a0\u00bb, a\u0300 partir de 9 heures.<\/p>\n<p>Ils annoncent aussi une exposition d&rsquo;ouvrages en langues nationales, dont les publications de Cheik Aliou Ndao, et la diffusion d&rsquo;un documentaire-portrait de l&rsquo;auteur.<\/p>\n<p>La direction du livre et de la lecture, de son co\u0302te\u0301, proce\u0301dera au lancement d&rsquo;un livret qu&rsquo;elle a consacre\u0301 a\u0300 Cheik Aliou Ndao et a\u0300 son \u0153uvre.<\/p>\n<p>Cheik Aliou Ndao, de son vrai nom Sidi Ahmed Alioune, est ne\u0301 en 1933 a\u0300 Bignona, dans la re\u0301gion de Ziguinchor.<\/p>\n<p>Il a e\u0301te\u0301 professeur d&rsquo;anglais et a publie\u0301 de nombreux ouvrages en franc\u0327ais, dont \u00ab\u00a0L&rsquo;Exil d&rsquo;Alboury\u00a0\u00bb (1985), \u00ab\u00a0Buur Tilleen, Roi de la Me\u0301dina\u00a0\u00bb (1972), \u00ab\u00a0Excellence, vos e\u0301pouses !\u00a0\u00bb (1993), \u00ab\u00a0Mbaam Hakimoo\u00a0\u00bb (1997) et \u00ab\u00a0Un bouquet d&rsquo;e\u0301pines pour Elle\u00a0\u00bb.<\/p>\n<p>Laure\u0301at du Grand-Prix du pre\u0301sident de la Re\u0301publique pour les lettres, en 2012, Cheik Aliou Ndao a aussi notamment publie\u0301 \u00ab\u00a0Singali\u00a0\u00bb (2013), un roman e\u0301crit en wolof.<\/p>\n<p>Le collectif \u00ab\u00a0Fonk Sunuy La\u0300mmin\u0303\u00a0\u00bb avait rendu hommage a\u0300 l&rsquo;auteur se\u0301ne\u0301galais Mame Younouss Dieng, le 17 novembre 2021.<\/p>\n<p>\u00ab\u00a0Fonk Sunuy La\u0300mmin\u0303\u00a0\u00bb est un groupe engage\u0301 dans la promotion des langues nationales. Il regroupe des associations et des institutions dont sont membres des e\u0301crivains, enseignants et des journalistes.<\/p>\n<p><strong>Pour plus d&rsquo;informations et d&rsquo;analyses sur la <a href=\"https:\/\/www.africa-press.net\/senegal\">Senegal<\/a>, suivez <a href=\"https:\/\/www.africa-press.net\/\">Africa-Press<\/a><\/strong><\/p>\n","protected":false},"excerpt":{"rendered":"<p>Africa-Press &#8211; Senegal. Le collectif \u00ab\u00a0Fonk Sunuy La\u0300mmin\u0303\u00a0\u00bb annonce qu&rsquo;il rendra un hommage a\u0300 l&rsquo;e\u0301crivain et militant des langues et cultures africaines Cheik Aliou Ndao, mercredi 18 janvier prochain, a\u0300 la Maison de la culture Douta-Seck, a\u0300 Dakar. \u00ab\u00a0(&#8230;) C&rsquo;est la grande personnalite\u0301 de l&rsquo;e\u0301ducation et de la culture, le pe\u0301dagogue et l&rsquo;e\u0301crivain, le de\u0301fenseur [&hellip;]<\/p>\n","protected":false},"author":82,"featured_media":37854,"comment_status":"open","ping_status":"closed","sticky":false,"template":"","format":"standard","meta":{"footnotes":""},"categories":[5,10],"tags":[43,47,44],"class_list":["post-37855","post","type-post","status-publish","format-standard","has-post-thumbnail","hentry","category-culture-et-art","category-toutes-les-actualites","tag-africa-press-2","tag-africa-press-senegal","tag-senegal-2"],"yoast_head":"<!-- This site is optimized with the Yoast SEO Premium plugin v26.1 (Yoast SEO v27.0) - https:\/\/yoast.com\/product\/yoast-seo-premium-wordpress\/ -->\n<title>Un hommage \u00e0 l&#039;\u00e9crivain Cheik Aliou Ndao \u00e0 Dakar, le 18 janvier - Senegal<\/title>\n<meta name=\"robots\" content=\"index, follow, max-snippet:-1, max-image-preview:large, max-video-preview:-1\" \/>\n<link rel=\"canonical\" href=\"https:\/\/www.africa-press.net\/senegal\/politique\/un-hommage-a-lecrivain-cheik-aliou-ndao-a-dakar-le-18-janvier\" \/>\n<meta property=\"og:locale\" content=\"fr_FR\" \/>\n<meta property=\"og:type\" content=\"article\" \/>\n<meta property=\"og:title\" content=\"Un hommage \u00e0 l&#039;\u00e9crivain Cheik Aliou Ndao \u00e0 Dakar, le 18 janvier\" \/>\n<meta property=\"og:description\" content=\"Africa-Press &#8211; Senegal. Le collectif \u00ab\u00a0Fonk Sunuy La\u0300mmin\u0303\u00a0\u00bb annonce qu&rsquo;il rendra un hommage a\u0300 l&rsquo;e\u0301crivain et militant des langues et cultures africaines Cheik Aliou Ndao, mercredi 18 janvier prochain, a\u0300 la Maison de la culture Douta-Seck, a\u0300 Dakar. \u00ab\u00a0(&#8230;) C&rsquo;est la grande personnalite\u0301 de l&rsquo;e\u0301ducation et de la culture, le pe\u0301dagogue et l&rsquo;e\u0301crivain, le de\u0301fenseur [&hellip;]\" \/>\n<meta property=\"og:url\" content=\"https:\/\/www.africa-press.net\/senegal\/politique\/un-hommage-a-lecrivain-cheik-aliou-ndao-a-dakar-le-18-janvier\" \/>\n<meta property=\"og:site_name\" content=\"Senegal\" \/>\n<meta property=\"article:published_time\" content=\"2023-01-09T18:13:17+00:00\" \/>\n<meta name=\"author\" content=\"cfeditorfr\" \/>\n<meta name=\"twitter:card\" content=\"summary_large_image\" \/>\n<meta name=\"twitter:label1\" content=\"\u00c9crit par\" \/>\n\t<meta name=\"twitter:data1\" content=\"cfeditorfr\" \/>\n\t<meta name=\"twitter:label2\" content=\"Dur\u00e9e de lecture estim\u00e9e\" \/>\n\t<meta name=\"twitter:data2\" content=\"3 minutes\" \/>\n<script type=\"application\/ld+json\" class=\"yoast-schema-graph\">{\"@context\":\"https:\/\/schema.org\",\"@graph\":[{\"@type\":\"Article\",\"@id\":\"https:\/\/www.africa-press.net\/senegal\/politique\/un-hommage-a-lecrivain-cheik-aliou-ndao-a-dakar-le-18-janvier#article\",\"isPartOf\":{\"@id\":\"https:\/\/www.africa-press.net\/senegal\/politique\/un-hommage-a-lecrivain-cheik-aliou-ndao-a-dakar-le-18-janvier\"},\"author\":{\"name\":\"cfeditorfr\",\"@id\":\"https:\/\/www.africa-press.net\/senegal\/#\/schema\/person\/2b1cf3cd81a31e3cd26889ca66d677f1\"},\"headline\":\"Un hommage \u00e0 l&rsquo;\u00e9crivain Cheik Aliou Ndao \u00e0 Dakar, le 18 janvier\",\"datePublished\":\"2023-01-09T18:13:17+00:00\",\"mainEntityOfPage\":{\"@id\":\"https:\/\/www.africa-press.net\/senegal\/politique\/un-hommage-a-lecrivain-cheik-aliou-ndao-a-dakar-le-18-janvier\"},\"wordCount\":553,\"commentCount\":0,\"image\":{\"@id\":\"https:\/\/www.africa-press.net\/senegal\/politique\/un-hommage-a-lecrivain-cheik-aliou-ndao-a-dakar-le-18-janvier#primaryimage\"},\"thumbnailUrl\":\"https:\/\/static.africa-press.net\/senegal\/sites\/13\/2023\/01\/postQueueImg_1673278107.25.jpg\",\"keywords\":[\"Africa Press\",\"Africa Press-Senegal\",\"Senegal\"],\"articleSection\":[\"Culture et Art\",\"Toutes les actualit\u00e9s\"],\"inLanguage\":\"fr-FR\",\"potentialAction\":[{\"@type\":\"CommentAction\",\"name\":\"Comment\",\"target\":[\"https:\/\/www.africa-press.net\/senegal\/politique\/un-hommage-a-lecrivain-cheik-aliou-ndao-a-dakar-le-18-janvier#respond\"]}]},{\"@type\":\"WebPage\",\"@id\":\"https:\/\/www.africa-press.net\/senegal\/politique\/un-hommage-a-lecrivain-cheik-aliou-ndao-a-dakar-le-18-janvier\",\"url\":\"https:\/\/www.africa-press.net\/senegal\/politique\/un-hommage-a-lecrivain-cheik-aliou-ndao-a-dakar-le-18-janvier\",\"name\":\"Un hommage \u00e0 l'\u00e9crivain Cheik Aliou Ndao \u00e0 Dakar, le 18 janvier - Senegal\",\"isPartOf\":{\"@id\":\"https:\/\/www.africa-press.net\/senegal\/#website\"},\"primaryImageOfPage\":{\"@id\":\"https:\/\/www.africa-press.net\/senegal\/politique\/un-hommage-a-lecrivain-cheik-aliou-ndao-a-dakar-le-18-janvier#primaryimage\"},\"image\":{\"@id\":\"https:\/\/www.africa-press.net\/senegal\/politique\/un-hommage-a-lecrivain-cheik-aliou-ndao-a-dakar-le-18-janvier#primaryimage\"},\"thumbnailUrl\":\"https:\/\/static.africa-press.net\/senegal\/sites\/13\/2023\/01\/postQueueImg_1673278107.25.jpg\",\"datePublished\":\"2023-01-09T18:13:17+00:00\",\"author\":{\"@id\":\"https:\/\/www.africa-press.net\/senegal\/#\/schema\/person\/2b1cf3cd81a31e3cd26889ca66d677f1\"},\"breadcrumb\":{\"@id\":\"https:\/\/www.africa-press.net\/senegal\/politique\/un-hommage-a-lecrivain-cheik-aliou-ndao-a-dakar-le-18-janvier#breadcrumb\"},\"inLanguage\":\"fr-FR\",\"potentialAction\":[{\"@type\":\"ReadAction\",\"target\":[\"https:\/\/www.africa-press.net\/senegal\/politique\/un-hommage-a-lecrivain-cheik-aliou-ndao-a-dakar-le-18-janvier\"]}]},{\"@type\":\"ImageObject\",\"inLanguage\":\"fr-FR\",\"@id\":\"https:\/\/www.africa-press.net\/senegal\/politique\/un-hommage-a-lecrivain-cheik-aliou-ndao-a-dakar-le-18-janvier#primaryimage\",\"url\":\"https:\/\/static.africa-press.net\/senegal\/sites\/13\/2023\/01\/postQueueImg_1673278107.25.jpg\",\"contentUrl\":\"https:\/\/static.africa-press.net\/senegal\/sites\/13\/2023\/01\/postQueueImg_1673278107.25.jpg\",\"width\":1620,\"height\":925,\"caption\":\"Un hommage \u00e0 l'\u00e9crivain Cheik Aliou Ndao \u00e0 Dakar, le 18 janvier\"},{\"@type\":\"BreadcrumbList\",\"@id\":\"https:\/\/www.africa-press.net\/senegal\/politique\/un-hommage-a-lecrivain-cheik-aliou-ndao-a-dakar-le-18-janvier#breadcrumb\",\"itemListElement\":[{\"@type\":\"ListItem\",\"position\":1,\"name\":\"Accueil\",\"item\":\"https:\/\/www.africa-press.net\/senegal\/\"},{\"@type\":\"ListItem\",\"position\":2,\"name\":\"Un hommage \u00e0 l&rsquo;\u00e9crivain Cheik Aliou Ndao \u00e0 Dakar, le 18 janvier\"}]},{\"@type\":\"WebSite\",\"@id\":\"https:\/\/www.africa-press.net\/senegal\/#website\",\"url\":\"https:\/\/www.africa-press.net\/senegal\/\",\"name\":\"Africa Press | Senegal | Homepage\",\"description\":\"Just another Africa News Agency Sites site\",\"potentialAction\":[{\"@type\":\"SearchAction\",\"target\":{\"@type\":\"EntryPoint\",\"urlTemplate\":\"https:\/\/www.africa-press.net\/senegal\/?s={search_term_string}\"},\"query-input\":{\"@type\":\"PropertyValueSpecification\",\"valueRequired\":true,\"valueName\":\"search_term_string\"}}],\"inLanguage\":\"fr-FR\"},{\"@type\":\"Person\",\"@id\":\"https:\/\/www.africa-press.net\/senegal\/#\/schema\/person\/2b1cf3cd81a31e3cd26889ca66d677f1\",\"name\":\"cfeditorfr\",\"url\":\"https:\/\/www.africa-press.net\/senegal\/author\/cfeditorfr\"}]}<\/script>\n<!-- \/ Yoast SEO Premium plugin. -->","yoast_head_json":{"title":"Un hommage \u00e0 l'\u00e9crivain Cheik Aliou Ndao \u00e0 Dakar, le 18 janvier - Senegal","robots":{"index":"index","follow":"follow","max-snippet":"max-snippet:-1","max-image-preview":"max-image-preview:large","max-video-preview":"max-video-preview:-1"},"canonical":"https:\/\/www.africa-press.net\/senegal\/politique\/un-hommage-a-lecrivain-cheik-aliou-ndao-a-dakar-le-18-janvier","og_locale":"fr_FR","og_type":"article","og_title":"Un hommage \u00e0 l'\u00e9crivain Cheik Aliou Ndao \u00e0 Dakar, le 18 janvier","og_description":"Africa-Press &#8211; Senegal. Le collectif \u00ab\u00a0Fonk Sunuy La\u0300mmin\u0303\u00a0\u00bb annonce qu&rsquo;il rendra un hommage a\u0300 l&rsquo;e\u0301crivain et militant des langues et cultures africaines Cheik Aliou Ndao, mercredi 18 janvier prochain, a\u0300 la Maison de la culture Douta-Seck, a\u0300 Dakar. \u00ab\u00a0(&#8230;) C&rsquo;est la grande personnalite\u0301 de l&rsquo;e\u0301ducation et de la culture, le pe\u0301dagogue et l&rsquo;e\u0301crivain, le de\u0301fenseur [&hellip;]","og_url":"https:\/\/www.africa-press.net\/senegal\/politique\/un-hommage-a-lecrivain-cheik-aliou-ndao-a-dakar-le-18-janvier","og_site_name":"Senegal","article_published_time":"2023-01-09T18:13:17+00:00","author":"cfeditorfr","twitter_card":"summary_large_image","twitter_misc":{"\u00c9crit par":"cfeditorfr","Dur\u00e9e de lecture estim\u00e9e":"3 minutes"},"schema":{"@context":"https:\/\/schema.org","@graph":[{"@type":"Article","@id":"https:\/\/www.africa-press.net\/senegal\/politique\/un-hommage-a-lecrivain-cheik-aliou-ndao-a-dakar-le-18-janvier#article","isPartOf":{"@id":"https:\/\/www.africa-press.net\/senegal\/politique\/un-hommage-a-lecrivain-cheik-aliou-ndao-a-dakar-le-18-janvier"},"author":{"name":"cfeditorfr","@id":"https:\/\/www.africa-press.net\/senegal\/#\/schema\/person\/2b1cf3cd81a31e3cd26889ca66d677f1"},"headline":"Un hommage \u00e0 l&rsquo;\u00e9crivain Cheik Aliou Ndao \u00e0 Dakar, le 18 janvier","datePublished":"2023-01-09T18:13:17+00:00","mainEntityOfPage":{"@id":"https:\/\/www.africa-press.net\/senegal\/politique\/un-hommage-a-lecrivain-cheik-aliou-ndao-a-dakar-le-18-janvier"},"wordCount":553,"commentCount":0,"image":{"@id":"https:\/\/www.africa-press.net\/senegal\/politique\/un-hommage-a-lecrivain-cheik-aliou-ndao-a-dakar-le-18-janvier#primaryimage"},"thumbnailUrl":"https:\/\/static.africa-press.net\/senegal\/sites\/13\/2023\/01\/postQueueImg_1673278107.25.jpg","keywords":["Africa Press","Africa Press-Senegal","Senegal"],"articleSection":["Culture et Art","Toutes les actualit\u00e9s"],"inLanguage":"fr-FR","potentialAction":[{"@type":"CommentAction","name":"Comment","target":["https:\/\/www.africa-press.net\/senegal\/politique\/un-hommage-a-lecrivain-cheik-aliou-ndao-a-dakar-le-18-janvier#respond"]}]},{"@type":"WebPage","@id":"https:\/\/www.africa-press.net\/senegal\/politique\/un-hommage-a-lecrivain-cheik-aliou-ndao-a-dakar-le-18-janvier","url":"https:\/\/www.africa-press.net\/senegal\/politique\/un-hommage-a-lecrivain-cheik-aliou-ndao-a-dakar-le-18-janvier","name":"Un hommage \u00e0 l'\u00e9crivain Cheik Aliou Ndao \u00e0 Dakar, le 18 janvier - Senegal","isPartOf":{"@id":"https:\/\/www.africa-press.net\/senegal\/#website"},"primaryImageOfPage":{"@id":"https:\/\/www.africa-press.net\/senegal\/politique\/un-hommage-a-lecrivain-cheik-aliou-ndao-a-dakar-le-18-janvier#primaryimage"},"image":{"@id":"https:\/\/www.africa-press.net\/senegal\/politique\/un-hommage-a-lecrivain-cheik-aliou-ndao-a-dakar-le-18-janvier#primaryimage"},"thumbnailUrl":"https:\/\/static.africa-press.net\/senegal\/sites\/13\/2023\/01\/postQueueImg_1673278107.25.jpg","datePublished":"2023-01-09T18:13:17+00:00","author":{"@id":"https:\/\/www.africa-press.net\/senegal\/#\/schema\/person\/2b1cf3cd81a31e3cd26889ca66d677f1"},"breadcrumb":{"@id":"https:\/\/www.africa-press.net\/senegal\/politique\/un-hommage-a-lecrivain-cheik-aliou-ndao-a-dakar-le-18-janvier#breadcrumb"},"inLanguage":"fr-FR","potentialAction":[{"@type":"ReadAction","target":["https:\/\/www.africa-press.net\/senegal\/politique\/un-hommage-a-lecrivain-cheik-aliou-ndao-a-dakar-le-18-janvier"]}]},{"@type":"ImageObject","inLanguage":"fr-FR","@id":"https:\/\/www.africa-press.net\/senegal\/politique\/un-hommage-a-lecrivain-cheik-aliou-ndao-a-dakar-le-18-janvier#primaryimage","url":"https:\/\/static.africa-press.net\/senegal\/sites\/13\/2023\/01\/postQueueImg_1673278107.25.jpg","contentUrl":"https:\/\/static.africa-press.net\/senegal\/sites\/13\/2023\/01\/postQueueImg_1673278107.25.jpg","width":1620,"height":925,"caption":"Un hommage \u00e0 l'\u00e9crivain Cheik Aliou Ndao \u00e0 Dakar, le 18 janvier"},{"@type":"BreadcrumbList","@id":"https:\/\/www.africa-press.net\/senegal\/politique\/un-hommage-a-lecrivain-cheik-aliou-ndao-a-dakar-le-18-janvier#breadcrumb","itemListElement":[{"@type":"ListItem","position":1,"name":"Accueil","item":"https:\/\/www.africa-press.net\/senegal\/"},{"@type":"ListItem","position":2,"name":"Un hommage \u00e0 l&rsquo;\u00e9crivain Cheik Aliou Ndao \u00e0 Dakar, le 18 janvier"}]},{"@type":"WebSite","@id":"https:\/\/www.africa-press.net\/senegal\/#website","url":"https:\/\/www.africa-press.net\/senegal\/","name":"Africa Press | Senegal | Homepage","description":"Just another Africa News Agency Sites site","potentialAction":[{"@type":"SearchAction","target":{"@type":"EntryPoint","urlTemplate":"https:\/\/www.africa-press.net\/senegal\/?s={search_term_string}"},"query-input":{"@type":"PropertyValueSpecification","valueRequired":true,"valueName":"search_term_string"}}],"inLanguage":"fr-FR"},{"@type":"Person","@id":"https:\/\/www.africa-press.net\/senegal\/#\/schema\/person\/2b1cf3cd81a31e3cd26889ca66d677f1","name":"cfeditorfr","url":"https:\/\/www.africa-press.net\/senegal\/author\/cfeditorfr"}]}},"_links":{"self":[{"href":"https:\/\/www.africa-press.net\/senegal\/wp-json\/wp\/v2\/posts\/37855","targetHints":{"allow":["GET"]}}],"collection":[{"href":"https:\/\/www.africa-press.net\/senegal\/wp-json\/wp\/v2\/posts"}],"about":[{"href":"https:\/\/www.africa-press.net\/senegal\/wp-json\/wp\/v2\/types\/post"}],"author":[{"embeddable":true,"href":"https:\/\/www.africa-press.net\/senegal\/wp-json\/wp\/v2\/users\/82"}],"replies":[{"embeddable":true,"href":"https:\/\/www.africa-press.net\/senegal\/wp-json\/wp\/v2\/comments?post=37855"}],"version-history":[{"count":0,"href":"https:\/\/www.africa-press.net\/senegal\/wp-json\/wp\/v2\/posts\/37855\/revisions"}],"wp:featuredmedia":[{"embeddable":true,"href":"https:\/\/www.africa-press.net\/senegal\/wp-json\/wp\/v2\/media\/37854"}],"wp:attachment":[{"href":"https:\/\/www.africa-press.net\/senegal\/wp-json\/wp\/v2\/media?parent=37855"}],"wp:term":[{"taxonomy":"category","embeddable":true,"href":"https:\/\/www.africa-press.net\/senegal\/wp-json\/wp\/v2\/categories?post=37855"},{"taxonomy":"post_tag","embeddable":true,"href":"https:\/\/www.africa-press.net\/senegal\/wp-json\/wp\/v2\/tags?post=37855"}],"curies":[{"name":"wp","href":"https:\/\/api.w.org\/{rel}","templated":true}]}}