{"id":37857,"date":"2023-01-09T19:58:52","date_gmt":"2023-01-09T19:58:52","guid":{"rendered":"https:\/\/www.africa-press.net\/senegal\/politique\/differend-avec-mame-mbaye-niang-ousmane-sonko-devant-la-barre-le-02-fevrier"},"modified":"2023-01-09T19:58:52","modified_gmt":"2023-01-09T19:58:52","slug":"differend-avec-mame-mbaye-niang-ousmane-sonko-devant-la-barre-le-02-fevrier","status":"publish","type":"post","link":"https:\/\/www.africa-press.net\/senegal\/politique\/differend-avec-mame-mbaye-niang-ousmane-sonko-devant-la-barre-le-02-fevrier","title":{"rendered":"Diff\u00e9rend avec Mame Mbaye Niang : Ousmane Sonko devant la barre le 02 F\u00e9vrier"},"content":{"rendered":"<p><span style=\"color: #ff6600\"><strong>Africa-Press &#8211; Senegal. <\/strong><\/span><b>Suite du feuilleton entre Mame Mbaye Niang et Ousmane Sonko.<\/b><\/p>\n<p>Selon les informations exclusives de Senego, Ousmane Sonko a e\u0301te\u0301 convoque\u0301 le 2 fe\u0301vrier 2023 dans l\u2019affaire l\u2019opposant a\u0300 l\u2019actuel ministre du Tourisme. Une citation a\u0300 comparai\u0302tre a e\u0301te\u0301 servie au leader de Pastef.<\/p>\n<p>Pour me\u0301moire, lors de sa premie\u0300re convocation a\u0300 la DIC, Ousmane Sonko avait demande\u0301 un report afin de s\u2019impre\u0301gner davantage du dossier; Les e\u0301le\u0301ments de la Dic lui avaient alors donne\u0301 24 heures pour se pre\u0301parer. Le lendemain, c\u2019est-a\u0300-dire jeudi, il est alle\u0301 re\u0301pondre a\u0300 sa convocation.<\/p>\n<p>De\u0300s la reprise des auditions, il avait fait savoir qu\u2019il avait commis un lapsus quand il parlait de l\u2019IGE, lors de sa confe\u0301rence de presse ou\u0300 il accusait Mame Mbaye Niang d\u2019avoir de\u0301tourne\u0301 29 milliards, lorsqu\u2019il e\u0301tait ministre de la Jeunesse.<\/p>\n<p>Et c\u2019est par la suite que Sonko a voulu rectifier le tir en indiquant qu\u2019il parlait pluto\u0302t d\u2019un rapport de l\u2019IGF. Les preuves sur lesquelles il s\u2019est fonde\u0301 pour accuser Mame Mbaye Niang, Sonko dit les de\u0301tenir et qu\u2019il attend d\u2019e\u0302tre convoque\u0301 devant le tribunal pour les exhiber. Une convocation qui, sans doute, permettra de faire la lumie\u0300re sur ces accusation et les suppose\u0301s documents qui seraient en sa possession.<\/p>\n<p><strong>Pour plus d&rsquo;informations et d&rsquo;analyses sur la <a href=\"https:\/\/www.africa-press.net\/senegal\">Senegal<\/a>, suivez <a href=\"https:\/\/www.africa-press.net\/\">Africa-Press<\/a><\/strong><\/p>\n","protected":false},"excerpt":{"rendered":"<p>Africa-Press &#8211; Senegal. Suite du feuilleton entre Mame Mbaye Niang et Ousmane Sonko. Selon les informations exclusives de Senego, Ousmane Sonko a e\u0301te\u0301 convoque\u0301 le 2 fe\u0301vrier 2023 dans l\u2019affaire l\u2019opposant a\u0300 l\u2019actuel ministre du Tourisme. Une citation a\u0300 comparai\u0302tre a e\u0301te\u0301 servie au leader de Pastef. Pour me\u0301moire, lors de sa premie\u0300re convocation a\u0300 [&hellip;]<\/p>\n","protected":false},"author":82,"featured_media":37856,"comment_status":"open","ping_status":"closed","sticky":false,"template":"","format":"standard","meta":{"footnotes":""},"categories":[2,10],"tags":[43,47,44],"class_list":["post-37857","post","type-post","status-publish","format-standard","has-post-thumbnail","hentry","category-politique","category-toutes-les-actualites","tag-africa-press-2","tag-africa-press-senegal","tag-senegal-2"],"yoast_head":"<!-- This site is optimized with the Yoast SEO Premium plugin v26.1 (Yoast SEO v27.0) - https:\/\/yoast.com\/product\/yoast-seo-premium-wordpress\/ -->\n<title>Diff\u00e9rend avec Mame Mbaye Niang : Ousmane Sonko devant la barre le 02 F\u00e9vrier - Senegal<\/title>\n<meta name=\"robots\" content=\"index, follow, max-snippet:-1, max-image-preview:large, max-video-preview:-1\" \/>\n<link rel=\"canonical\" href=\"https:\/\/www.africa-press.net\/senegal\/politique\/differend-avec-mame-mbaye-niang-ousmane-sonko-devant-la-barre-le-02-fevrier\" \/>\n<meta property=\"og:locale\" content=\"fr_FR\" \/>\n<meta property=\"og:type\" content=\"article\" \/>\n<meta property=\"og:title\" content=\"Diff\u00e9rend avec Mame Mbaye Niang : Ousmane Sonko devant la barre le 02 F\u00e9vrier\" \/>\n<meta property=\"og:description\" content=\"Africa-Press &#8211; Senegal. Suite du feuilleton entre Mame Mbaye Niang et Ousmane Sonko. Selon les informations exclusives de Senego, Ousmane Sonko a e\u0301te\u0301 convoque\u0301 le 2 fe\u0301vrier 2023 dans l\u2019affaire l\u2019opposant a\u0300 l\u2019actuel ministre du Tourisme. Une citation a\u0300 comparai\u0302tre a e\u0301te\u0301 servie au leader de Pastef. Pour me\u0301moire, lors de sa premie\u0300re convocation a\u0300 [&hellip;]\" \/>\n<meta property=\"og:url\" content=\"https:\/\/www.africa-press.net\/senegal\/politique\/differend-avec-mame-mbaye-niang-ousmane-sonko-devant-la-barre-le-02-fevrier\" \/>\n<meta property=\"og:site_name\" content=\"Senegal\" \/>\n<meta property=\"article:published_time\" content=\"2023-01-09T19:58:52+00:00\" \/>\n<meta name=\"author\" content=\"cfeditorfr\" \/>\n<meta name=\"twitter:card\" content=\"summary_large_image\" \/>\n<meta name=\"twitter:label1\" content=\"\u00c9crit par\" \/>\n\t<meta name=\"twitter:data1\" content=\"cfeditorfr\" \/>\n\t<meta name=\"twitter:label2\" content=\"Dur\u00e9e de lecture estim\u00e9e\" \/>\n\t<meta name=\"twitter:data2\" content=\"1 minute\" \/>\n<script type=\"application\/ld+json\" class=\"yoast-schema-graph\">{\"@context\":\"https:\/\/schema.org\",\"@graph\":[{\"@type\":\"Article\",\"@id\":\"https:\/\/www.africa-press.net\/senegal\/politique\/differend-avec-mame-mbaye-niang-ousmane-sonko-devant-la-barre-le-02-fevrier#article\",\"isPartOf\":{\"@id\":\"https:\/\/www.africa-press.net\/senegal\/politique\/differend-avec-mame-mbaye-niang-ousmane-sonko-devant-la-barre-le-02-fevrier\"},\"author\":{\"name\":\"cfeditorfr\",\"@id\":\"https:\/\/www.africa-press.net\/senegal\/#\/schema\/person\/2b1cf3cd81a31e3cd26889ca66d677f1\"},\"headline\":\"Diff\u00e9rend avec Mame Mbaye Niang : Ousmane Sonko devant la barre le 02 F\u00e9vrier\",\"datePublished\":\"2023-01-09T19:58:52+00:00\",\"mainEntityOfPage\":{\"@id\":\"https:\/\/www.africa-press.net\/senegal\/politique\/differend-avec-mame-mbaye-niang-ousmane-sonko-devant-la-barre-le-02-fevrier\"},\"wordCount\":264,\"commentCount\":0,\"image\":{\"@id\":\"https:\/\/www.africa-press.net\/senegal\/politique\/differend-avec-mame-mbaye-niang-ousmane-sonko-devant-la-barre-le-02-fevrier#primaryimage\"},\"thumbnailUrl\":\"https:\/\/static.africa-press.net\/senegal\/sites\/13\/2023\/01\/postQueueImg_1673281755.93.jpg\",\"keywords\":[\"Africa Press\",\"Africa Press-Senegal\",\"Senegal\"],\"articleSection\":[\"Politique\",\"Toutes les actualit\u00e9s\"],\"inLanguage\":\"fr-FR\",\"potentialAction\":[{\"@type\":\"CommentAction\",\"name\":\"Comment\",\"target\":[\"https:\/\/www.africa-press.net\/senegal\/politique\/differend-avec-mame-mbaye-niang-ousmane-sonko-devant-la-barre-le-02-fevrier#respond\"]}]},{\"@type\":\"WebPage\",\"@id\":\"https:\/\/www.africa-press.net\/senegal\/politique\/differend-avec-mame-mbaye-niang-ousmane-sonko-devant-la-barre-le-02-fevrier\",\"url\":\"https:\/\/www.africa-press.net\/senegal\/politique\/differend-avec-mame-mbaye-niang-ousmane-sonko-devant-la-barre-le-02-fevrier\",\"name\":\"Diff\u00e9rend avec Mame Mbaye Niang : Ousmane Sonko devant la barre le 02 F\u00e9vrier - Senegal\",\"isPartOf\":{\"@id\":\"https:\/\/www.africa-press.net\/senegal\/#website\"},\"primaryImageOfPage\":{\"@id\":\"https:\/\/www.africa-press.net\/senegal\/politique\/differend-avec-mame-mbaye-niang-ousmane-sonko-devant-la-barre-le-02-fevrier#primaryimage\"},\"image\":{\"@id\":\"https:\/\/www.africa-press.net\/senegal\/politique\/differend-avec-mame-mbaye-niang-ousmane-sonko-devant-la-barre-le-02-fevrier#primaryimage\"},\"thumbnailUrl\":\"https:\/\/static.africa-press.net\/senegal\/sites\/13\/2023\/01\/postQueueImg_1673281755.93.jpg\",\"datePublished\":\"2023-01-09T19:58:52+00:00\",\"author\":{\"@id\":\"https:\/\/www.africa-press.net\/senegal\/#\/schema\/person\/2b1cf3cd81a31e3cd26889ca66d677f1\"},\"breadcrumb\":{\"@id\":\"https:\/\/www.africa-press.net\/senegal\/politique\/differend-avec-mame-mbaye-niang-ousmane-sonko-devant-la-barre-le-02-fevrier#breadcrumb\"},\"inLanguage\":\"fr-FR\",\"potentialAction\":[{\"@type\":\"ReadAction\",\"target\":[\"https:\/\/www.africa-press.net\/senegal\/politique\/differend-avec-mame-mbaye-niang-ousmane-sonko-devant-la-barre-le-02-fevrier\"]}]},{\"@type\":\"ImageObject\",\"inLanguage\":\"fr-FR\",\"@id\":\"https:\/\/www.africa-press.net\/senegal\/politique\/differend-avec-mame-mbaye-niang-ousmane-sonko-devant-la-barre-le-02-fevrier#primaryimage\",\"url\":\"https:\/\/static.africa-press.net\/senegal\/sites\/13\/2023\/01\/postQueueImg_1673281755.93.jpg\",\"contentUrl\":\"https:\/\/static.africa-press.net\/senegal\/sites\/13\/2023\/01\/postQueueImg_1673281755.93.jpg\",\"width\":900,\"height\":490,\"caption\":\"Diff\u00e9rend avec Mame Mbaye Niang : Ousmane Sonko devant la barre le 02 F\u00e9vrier\"},{\"@type\":\"BreadcrumbList\",\"@id\":\"https:\/\/www.africa-press.net\/senegal\/politique\/differend-avec-mame-mbaye-niang-ousmane-sonko-devant-la-barre-le-02-fevrier#breadcrumb\",\"itemListElement\":[{\"@type\":\"ListItem\",\"position\":1,\"name\":\"Accueil\",\"item\":\"https:\/\/www.africa-press.net\/senegal\/\"},{\"@type\":\"ListItem\",\"position\":2,\"name\":\"Diff\u00e9rend avec Mame Mbaye Niang : Ousmane Sonko devant la barre le 02 F\u00e9vrier\"}]},{\"@type\":\"WebSite\",\"@id\":\"https:\/\/www.africa-press.net\/senegal\/#website\",\"url\":\"https:\/\/www.africa-press.net\/senegal\/\",\"name\":\"Africa Press | Senegal | Homepage\",\"description\":\"Just another Africa News Agency Sites site\",\"potentialAction\":[{\"@type\":\"SearchAction\",\"target\":{\"@type\":\"EntryPoint\",\"urlTemplate\":\"https:\/\/www.africa-press.net\/senegal\/?s={search_term_string}\"},\"query-input\":{\"@type\":\"PropertyValueSpecification\",\"valueRequired\":true,\"valueName\":\"search_term_string\"}}],\"inLanguage\":\"fr-FR\"},{\"@type\":\"Person\",\"@id\":\"https:\/\/www.africa-press.net\/senegal\/#\/schema\/person\/2b1cf3cd81a31e3cd26889ca66d677f1\",\"name\":\"cfeditorfr\",\"url\":\"https:\/\/www.africa-press.net\/senegal\/author\/cfeditorfr\"}]}<\/script>\n<!-- \/ Yoast SEO Premium plugin. -->","yoast_head_json":{"title":"Diff\u00e9rend avec Mame Mbaye Niang : Ousmane Sonko devant la barre le 02 F\u00e9vrier - Senegal","robots":{"index":"index","follow":"follow","max-snippet":"max-snippet:-1","max-image-preview":"max-image-preview:large","max-video-preview":"max-video-preview:-1"},"canonical":"https:\/\/www.africa-press.net\/senegal\/politique\/differend-avec-mame-mbaye-niang-ousmane-sonko-devant-la-barre-le-02-fevrier","og_locale":"fr_FR","og_type":"article","og_title":"Diff\u00e9rend avec Mame Mbaye Niang : Ousmane Sonko devant la barre le 02 F\u00e9vrier","og_description":"Africa-Press &#8211; Senegal. Suite du feuilleton entre Mame Mbaye Niang et Ousmane Sonko. Selon les informations exclusives de Senego, Ousmane Sonko a e\u0301te\u0301 convoque\u0301 le 2 fe\u0301vrier 2023 dans l\u2019affaire l\u2019opposant a\u0300 l\u2019actuel ministre du Tourisme. Une citation a\u0300 comparai\u0302tre a e\u0301te\u0301 servie au leader de Pastef. Pour me\u0301moire, lors de sa premie\u0300re convocation a\u0300 [&hellip;]","og_url":"https:\/\/www.africa-press.net\/senegal\/politique\/differend-avec-mame-mbaye-niang-ousmane-sonko-devant-la-barre-le-02-fevrier","og_site_name":"Senegal","article_published_time":"2023-01-09T19:58:52+00:00","author":"cfeditorfr","twitter_card":"summary_large_image","twitter_misc":{"\u00c9crit par":"cfeditorfr","Dur\u00e9e de lecture estim\u00e9e":"1 minute"},"schema":{"@context":"https:\/\/schema.org","@graph":[{"@type":"Article","@id":"https:\/\/www.africa-press.net\/senegal\/politique\/differend-avec-mame-mbaye-niang-ousmane-sonko-devant-la-barre-le-02-fevrier#article","isPartOf":{"@id":"https:\/\/www.africa-press.net\/senegal\/politique\/differend-avec-mame-mbaye-niang-ousmane-sonko-devant-la-barre-le-02-fevrier"},"author":{"name":"cfeditorfr","@id":"https:\/\/www.africa-press.net\/senegal\/#\/schema\/person\/2b1cf3cd81a31e3cd26889ca66d677f1"},"headline":"Diff\u00e9rend avec Mame Mbaye Niang : Ousmane Sonko devant la barre le 02 F\u00e9vrier","datePublished":"2023-01-09T19:58:52+00:00","mainEntityOfPage":{"@id":"https:\/\/www.africa-press.net\/senegal\/politique\/differend-avec-mame-mbaye-niang-ousmane-sonko-devant-la-barre-le-02-fevrier"},"wordCount":264,"commentCount":0,"image":{"@id":"https:\/\/www.africa-press.net\/senegal\/politique\/differend-avec-mame-mbaye-niang-ousmane-sonko-devant-la-barre-le-02-fevrier#primaryimage"},"thumbnailUrl":"https:\/\/static.africa-press.net\/senegal\/sites\/13\/2023\/01\/postQueueImg_1673281755.93.jpg","keywords":["Africa Press","Africa Press-Senegal","Senegal"],"articleSection":["Politique","Toutes les actualit\u00e9s"],"inLanguage":"fr-FR","potentialAction":[{"@type":"CommentAction","name":"Comment","target":["https:\/\/www.africa-press.net\/senegal\/politique\/differend-avec-mame-mbaye-niang-ousmane-sonko-devant-la-barre-le-02-fevrier#respond"]}]},{"@type":"WebPage","@id":"https:\/\/www.africa-press.net\/senegal\/politique\/differend-avec-mame-mbaye-niang-ousmane-sonko-devant-la-barre-le-02-fevrier","url":"https:\/\/www.africa-press.net\/senegal\/politique\/differend-avec-mame-mbaye-niang-ousmane-sonko-devant-la-barre-le-02-fevrier","name":"Diff\u00e9rend avec Mame Mbaye Niang : Ousmane Sonko devant la barre le 02 F\u00e9vrier - Senegal","isPartOf":{"@id":"https:\/\/www.africa-press.net\/senegal\/#website"},"primaryImageOfPage":{"@id":"https:\/\/www.africa-press.net\/senegal\/politique\/differend-avec-mame-mbaye-niang-ousmane-sonko-devant-la-barre-le-02-fevrier#primaryimage"},"image":{"@id":"https:\/\/www.africa-press.net\/senegal\/politique\/differend-avec-mame-mbaye-niang-ousmane-sonko-devant-la-barre-le-02-fevrier#primaryimage"},"thumbnailUrl":"https:\/\/static.africa-press.net\/senegal\/sites\/13\/2023\/01\/postQueueImg_1673281755.93.jpg","datePublished":"2023-01-09T19:58:52+00:00","author":{"@id":"https:\/\/www.africa-press.net\/senegal\/#\/schema\/person\/2b1cf3cd81a31e3cd26889ca66d677f1"},"breadcrumb":{"@id":"https:\/\/www.africa-press.net\/senegal\/politique\/differend-avec-mame-mbaye-niang-ousmane-sonko-devant-la-barre-le-02-fevrier#breadcrumb"},"inLanguage":"fr-FR","potentialAction":[{"@type":"ReadAction","target":["https:\/\/www.africa-press.net\/senegal\/politique\/differend-avec-mame-mbaye-niang-ousmane-sonko-devant-la-barre-le-02-fevrier"]}]},{"@type":"ImageObject","inLanguage":"fr-FR","@id":"https:\/\/www.africa-press.net\/senegal\/politique\/differend-avec-mame-mbaye-niang-ousmane-sonko-devant-la-barre-le-02-fevrier#primaryimage","url":"https:\/\/static.africa-press.net\/senegal\/sites\/13\/2023\/01\/postQueueImg_1673281755.93.jpg","contentUrl":"https:\/\/static.africa-press.net\/senegal\/sites\/13\/2023\/01\/postQueueImg_1673281755.93.jpg","width":900,"height":490,"caption":"Diff\u00e9rend avec Mame Mbaye Niang : Ousmane Sonko devant la barre le 02 F\u00e9vrier"},{"@type":"BreadcrumbList","@id":"https:\/\/www.africa-press.net\/senegal\/politique\/differend-avec-mame-mbaye-niang-ousmane-sonko-devant-la-barre-le-02-fevrier#breadcrumb","itemListElement":[{"@type":"ListItem","position":1,"name":"Accueil","item":"https:\/\/www.africa-press.net\/senegal\/"},{"@type":"ListItem","position":2,"name":"Diff\u00e9rend avec Mame Mbaye Niang : Ousmane Sonko devant la barre le 02 F\u00e9vrier"}]},{"@type":"WebSite","@id":"https:\/\/www.africa-press.net\/senegal\/#website","url":"https:\/\/www.africa-press.net\/senegal\/","name":"Africa Press | Senegal | Homepage","description":"Just another Africa News Agency Sites site","potentialAction":[{"@type":"SearchAction","target":{"@type":"EntryPoint","urlTemplate":"https:\/\/www.africa-press.net\/senegal\/?s={search_term_string}"},"query-input":{"@type":"PropertyValueSpecification","valueRequired":true,"valueName":"search_term_string"}}],"inLanguage":"fr-FR"},{"@type":"Person","@id":"https:\/\/www.africa-press.net\/senegal\/#\/schema\/person\/2b1cf3cd81a31e3cd26889ca66d677f1","name":"cfeditorfr","url":"https:\/\/www.africa-press.net\/senegal\/author\/cfeditorfr"}]}},"_links":{"self":[{"href":"https:\/\/www.africa-press.net\/senegal\/wp-json\/wp\/v2\/posts\/37857","targetHints":{"allow":["GET"]}}],"collection":[{"href":"https:\/\/www.africa-press.net\/senegal\/wp-json\/wp\/v2\/posts"}],"about":[{"href":"https:\/\/www.africa-press.net\/senegal\/wp-json\/wp\/v2\/types\/post"}],"author":[{"embeddable":true,"href":"https:\/\/www.africa-press.net\/senegal\/wp-json\/wp\/v2\/users\/82"}],"replies":[{"embeddable":true,"href":"https:\/\/www.africa-press.net\/senegal\/wp-json\/wp\/v2\/comments?post=37857"}],"version-history":[{"count":0,"href":"https:\/\/www.africa-press.net\/senegal\/wp-json\/wp\/v2\/posts\/37857\/revisions"}],"wp:featuredmedia":[{"embeddable":true,"href":"https:\/\/www.africa-press.net\/senegal\/wp-json\/wp\/v2\/media\/37856"}],"wp:attachment":[{"href":"https:\/\/www.africa-press.net\/senegal\/wp-json\/wp\/v2\/media?parent=37857"}],"wp:term":[{"taxonomy":"category","embeddable":true,"href":"https:\/\/www.africa-press.net\/senegal\/wp-json\/wp\/v2\/categories?post=37857"},{"taxonomy":"post_tag","embeddable":true,"href":"https:\/\/www.africa-press.net\/senegal\/wp-json\/wp\/v2\/tags?post=37857"}],"curies":[{"name":"wp","href":"https:\/\/api.w.org\/{rel}","templated":true}]}}