{"id":37859,"date":"2023-01-09T19:59:57","date_gmt":"2023-01-09T19:59:57","guid":{"rendered":"https:\/\/www.africa-press.net\/senegal\/politique\/accident-a-kaffrine-les-condoleances-de-paul-kagame-a-macky-sall"},"modified":"2023-01-09T19:59:57","modified_gmt":"2023-01-09T19:59:57","slug":"accident-a-kaffrine-les-condoleances-de-paul-kagame-a-macky-sall","status":"publish","type":"post","link":"https:\/\/www.africa-press.net\/senegal\/politique\/accident-a-kaffrine-les-condoleances-de-paul-kagame-a-macky-sall","title":{"rendered":"Accident \u00e0 Kaffrine : Les condol\u00e9ances de Paul Kagam\u00e9 \u00e0 Macky Sall"},"content":{"rendered":"<p><span style=\"color: #ff6600\"><strong>Africa-Press &#8211; Senegal. <\/strong><\/span><b>Le pre\u0301sident Rwandais, Paul Kagame\u0301 s\u2019est fendu d\u2019un tweet pour exprimer ses condole\u0301ances a\u0300 Macky Sall apre\u0300s le tragique accident de la route qui a cou\u0302te\u0301 la vie a\u0300 40 personnes a\u0300 Kaffrine.<\/b><\/p>\n<p>\u00ab Mes condole\u0301ances pour cette perte tragique a\u0300 mon fre\u0300re pre\u0301sident Macky Sall et aux familles des victimes. Le Rwanda est a\u0300 vos co\u0302te\u0301s en cette pe\u0301riode difficile \u00bb, a tweete\u0301 Paul Kagame\u0301.<\/p>\n<p>Un terrible accident s\u2019est produit dans la nuit de samedi a\u0300 dimanche, sur la route de Kaffrine, il s\u2019agit de l\u2019accident le plus meurtrier dans le pays au cours de ces dernie\u0300res anne\u0301es.<\/p>\n<p><strong>Pour plus d&rsquo;informations et d&rsquo;analyses sur la <a href=\"https:\/\/www.africa-press.net\/senegal\">Senegal<\/a>, suivez <a href=\"https:\/\/www.africa-press.net\/\">Africa-Press<\/a><\/strong><\/p>\n","protected":false},"excerpt":{"rendered":"<p>Africa-Press &#8211; Senegal. Le pre\u0301sident Rwandais, Paul Kagame\u0301 s\u2019est fendu d\u2019un tweet pour exprimer ses condole\u0301ances a\u0300 Macky Sall apre\u0300s le tragique accident de la route qui a cou\u0302te\u0301 la vie a\u0300 40 personnes a\u0300 Kaffrine. \u00ab Mes condole\u0301ances pour cette perte tragique a\u0300 mon fre\u0300re pre\u0301sident Macky Sall et aux familles des victimes. Le [&hellip;]<\/p>\n","protected":false},"author":82,"featured_media":37858,"comment_status":"open","ping_status":"closed","sticky":false,"template":"","format":"standard","meta":{"footnotes":""},"categories":[2,10],"tags":[43,47,44],"class_list":["post-37859","post","type-post","status-publish","format-standard","has-post-thumbnail","hentry","category-politique","category-toutes-les-actualites","tag-africa-press-2","tag-africa-press-senegal","tag-senegal-2"],"yoast_head":"<!-- This site is optimized with the Yoast SEO Premium plugin v26.1 (Yoast SEO v27.0) - https:\/\/yoast.com\/product\/yoast-seo-premium-wordpress\/ -->\n<title>Accident \u00e0 Kaffrine : Les condol\u00e9ances de Paul Kagam\u00e9 \u00e0 Macky Sall - Senegal<\/title>\n<meta name=\"robots\" content=\"index, follow, max-snippet:-1, max-image-preview:large, max-video-preview:-1\" \/>\n<link rel=\"canonical\" href=\"https:\/\/www.africa-press.net\/senegal\/politique\/accident-a-kaffrine-les-condoleances-de-paul-kagame-a-macky-sall\" \/>\n<meta property=\"og:locale\" content=\"fr_FR\" \/>\n<meta property=\"og:type\" content=\"article\" \/>\n<meta property=\"og:title\" content=\"Accident \u00e0 Kaffrine : Les condol\u00e9ances de Paul Kagam\u00e9 \u00e0 Macky Sall\" \/>\n<meta property=\"og:description\" content=\"Africa-Press &#8211; Senegal. Le pre\u0301sident Rwandais, Paul Kagame\u0301 s\u2019est fendu d\u2019un tweet pour exprimer ses condole\u0301ances a\u0300 Macky Sall apre\u0300s le tragique accident de la route qui a cou\u0302te\u0301 la vie a\u0300 40 personnes a\u0300 Kaffrine. \u00ab Mes condole\u0301ances pour cette perte tragique a\u0300 mon fre\u0300re pre\u0301sident Macky Sall et aux familles des victimes. Le [&hellip;]\" \/>\n<meta property=\"og:url\" content=\"https:\/\/www.africa-press.net\/senegal\/politique\/accident-a-kaffrine-les-condoleances-de-paul-kagame-a-macky-sall\" \/>\n<meta property=\"og:site_name\" content=\"Senegal\" \/>\n<meta property=\"article:published_time\" content=\"2023-01-09T19:59:57+00:00\" \/>\n<meta name=\"author\" content=\"cfeditorfr\" \/>\n<meta name=\"twitter:card\" content=\"summary_large_image\" \/>\n<meta name=\"twitter:label1\" content=\"\u00c9crit par\" \/>\n\t<meta name=\"twitter:data1\" content=\"cfeditorfr\" \/>\n\t<meta name=\"twitter:label2\" content=\"Dur\u00e9e de lecture estim\u00e9e\" \/>\n\t<meta name=\"twitter:data2\" content=\"1 minute\" \/>\n<script type=\"application\/ld+json\" class=\"yoast-schema-graph\">{\"@context\":\"https:\/\/schema.org\",\"@graph\":[{\"@type\":\"Article\",\"@id\":\"https:\/\/www.africa-press.net\/senegal\/politique\/accident-a-kaffrine-les-condoleances-de-paul-kagame-a-macky-sall#article\",\"isPartOf\":{\"@id\":\"https:\/\/www.africa-press.net\/senegal\/politique\/accident-a-kaffrine-les-condoleances-de-paul-kagame-a-macky-sall\"},\"author\":{\"name\":\"cfeditorfr\",\"@id\":\"https:\/\/www.africa-press.net\/senegal\/#\/schema\/person\/2b1cf3cd81a31e3cd26889ca66d677f1\"},\"headline\":\"Accident \u00e0 Kaffrine : Les condol\u00e9ances de Paul Kagam\u00e9 \u00e0 Macky Sall\",\"datePublished\":\"2023-01-09T19:59:57+00:00\",\"mainEntityOfPage\":{\"@id\":\"https:\/\/www.africa-press.net\/senegal\/politique\/accident-a-kaffrine-les-condoleances-de-paul-kagame-a-macky-sall\"},\"wordCount\":138,\"commentCount\":0,\"image\":{\"@id\":\"https:\/\/www.africa-press.net\/senegal\/politique\/accident-a-kaffrine-les-condoleances-de-paul-kagame-a-macky-sall#primaryimage\"},\"thumbnailUrl\":\"https:\/\/static.africa-press.net\/senegal\/sites\/13\/2023\/01\/postQueueImg_1673281811.39.jpg\",\"keywords\":[\"Africa Press\",\"Africa Press-Senegal\",\"Senegal\"],\"articleSection\":[\"Politique\",\"Toutes les actualit\u00e9s\"],\"inLanguage\":\"fr-FR\",\"potentialAction\":[{\"@type\":\"CommentAction\",\"name\":\"Comment\",\"target\":[\"https:\/\/www.africa-press.net\/senegal\/politique\/accident-a-kaffrine-les-condoleances-de-paul-kagame-a-macky-sall#respond\"]}]},{\"@type\":\"WebPage\",\"@id\":\"https:\/\/www.africa-press.net\/senegal\/politique\/accident-a-kaffrine-les-condoleances-de-paul-kagame-a-macky-sall\",\"url\":\"https:\/\/www.africa-press.net\/senegal\/politique\/accident-a-kaffrine-les-condoleances-de-paul-kagame-a-macky-sall\",\"name\":\"Accident \u00e0 Kaffrine : Les condol\u00e9ances de Paul Kagam\u00e9 \u00e0 Macky Sall - Senegal\",\"isPartOf\":{\"@id\":\"https:\/\/www.africa-press.net\/senegal\/#website\"},\"primaryImageOfPage\":{\"@id\":\"https:\/\/www.africa-press.net\/senegal\/politique\/accident-a-kaffrine-les-condoleances-de-paul-kagame-a-macky-sall#primaryimage\"},\"image\":{\"@id\":\"https:\/\/www.africa-press.net\/senegal\/politique\/accident-a-kaffrine-les-condoleances-de-paul-kagame-a-macky-sall#primaryimage\"},\"thumbnailUrl\":\"https:\/\/static.africa-press.net\/senegal\/sites\/13\/2023\/01\/postQueueImg_1673281811.39.jpg\",\"datePublished\":\"2023-01-09T19:59:57+00:00\",\"author\":{\"@id\":\"https:\/\/www.africa-press.net\/senegal\/#\/schema\/person\/2b1cf3cd81a31e3cd26889ca66d677f1\"},\"breadcrumb\":{\"@id\":\"https:\/\/www.africa-press.net\/senegal\/politique\/accident-a-kaffrine-les-condoleances-de-paul-kagame-a-macky-sall#breadcrumb\"},\"inLanguage\":\"fr-FR\",\"potentialAction\":[{\"@type\":\"ReadAction\",\"target\":[\"https:\/\/www.africa-press.net\/senegal\/politique\/accident-a-kaffrine-les-condoleances-de-paul-kagame-a-macky-sall\"]}]},{\"@type\":\"ImageObject\",\"inLanguage\":\"fr-FR\",\"@id\":\"https:\/\/www.africa-press.net\/senegal\/politique\/accident-a-kaffrine-les-condoleances-de-paul-kagame-a-macky-sall#primaryimage\",\"url\":\"https:\/\/static.africa-press.net\/senegal\/sites\/13\/2023\/01\/postQueueImg_1673281811.39.jpg\",\"contentUrl\":\"https:\/\/static.africa-press.net\/senegal\/sites\/13\/2023\/01\/postQueueImg_1673281811.39.jpg\",\"width\":720,\"height\":383,\"caption\":\"Accident \u00e0 Kaffrine : Les condol\u00e9ances de Paul Kagam\u00e9 \u00e0 Macky Sall\"},{\"@type\":\"BreadcrumbList\",\"@id\":\"https:\/\/www.africa-press.net\/senegal\/politique\/accident-a-kaffrine-les-condoleances-de-paul-kagame-a-macky-sall#breadcrumb\",\"itemListElement\":[{\"@type\":\"ListItem\",\"position\":1,\"name\":\"Accueil\",\"item\":\"https:\/\/www.africa-press.net\/senegal\/\"},{\"@type\":\"ListItem\",\"position\":2,\"name\":\"Accident \u00e0 Kaffrine : Les condol\u00e9ances de Paul Kagam\u00e9 \u00e0 Macky Sall\"}]},{\"@type\":\"WebSite\",\"@id\":\"https:\/\/www.africa-press.net\/senegal\/#website\",\"url\":\"https:\/\/www.africa-press.net\/senegal\/\",\"name\":\"Africa Press | Senegal | Homepage\",\"description\":\"Just another Africa News Agency Sites site\",\"potentialAction\":[{\"@type\":\"SearchAction\",\"target\":{\"@type\":\"EntryPoint\",\"urlTemplate\":\"https:\/\/www.africa-press.net\/senegal\/?s={search_term_string}\"},\"query-input\":{\"@type\":\"PropertyValueSpecification\",\"valueRequired\":true,\"valueName\":\"search_term_string\"}}],\"inLanguage\":\"fr-FR\"},{\"@type\":\"Person\",\"@id\":\"https:\/\/www.africa-press.net\/senegal\/#\/schema\/person\/2b1cf3cd81a31e3cd26889ca66d677f1\",\"name\":\"cfeditorfr\",\"url\":\"https:\/\/www.africa-press.net\/senegal\/author\/cfeditorfr\"}]}<\/script>\n<!-- \/ Yoast SEO Premium plugin. -->","yoast_head_json":{"title":"Accident \u00e0 Kaffrine : Les condol\u00e9ances de Paul Kagam\u00e9 \u00e0 Macky Sall - Senegal","robots":{"index":"index","follow":"follow","max-snippet":"max-snippet:-1","max-image-preview":"max-image-preview:large","max-video-preview":"max-video-preview:-1"},"canonical":"https:\/\/www.africa-press.net\/senegal\/politique\/accident-a-kaffrine-les-condoleances-de-paul-kagame-a-macky-sall","og_locale":"fr_FR","og_type":"article","og_title":"Accident \u00e0 Kaffrine : Les condol\u00e9ances de Paul Kagam\u00e9 \u00e0 Macky Sall","og_description":"Africa-Press &#8211; Senegal. Le pre\u0301sident Rwandais, Paul Kagame\u0301 s\u2019est fendu d\u2019un tweet pour exprimer ses condole\u0301ances a\u0300 Macky Sall apre\u0300s le tragique accident de la route qui a cou\u0302te\u0301 la vie a\u0300 40 personnes a\u0300 Kaffrine. \u00ab Mes condole\u0301ances pour cette perte tragique a\u0300 mon fre\u0300re pre\u0301sident Macky Sall et aux familles des victimes. Le [&hellip;]","og_url":"https:\/\/www.africa-press.net\/senegal\/politique\/accident-a-kaffrine-les-condoleances-de-paul-kagame-a-macky-sall","og_site_name":"Senegal","article_published_time":"2023-01-09T19:59:57+00:00","author":"cfeditorfr","twitter_card":"summary_large_image","twitter_misc":{"\u00c9crit par":"cfeditorfr","Dur\u00e9e de lecture estim\u00e9e":"1 minute"},"schema":{"@context":"https:\/\/schema.org","@graph":[{"@type":"Article","@id":"https:\/\/www.africa-press.net\/senegal\/politique\/accident-a-kaffrine-les-condoleances-de-paul-kagame-a-macky-sall#article","isPartOf":{"@id":"https:\/\/www.africa-press.net\/senegal\/politique\/accident-a-kaffrine-les-condoleances-de-paul-kagame-a-macky-sall"},"author":{"name":"cfeditorfr","@id":"https:\/\/www.africa-press.net\/senegal\/#\/schema\/person\/2b1cf3cd81a31e3cd26889ca66d677f1"},"headline":"Accident \u00e0 Kaffrine : Les condol\u00e9ances de Paul Kagam\u00e9 \u00e0 Macky Sall","datePublished":"2023-01-09T19:59:57+00:00","mainEntityOfPage":{"@id":"https:\/\/www.africa-press.net\/senegal\/politique\/accident-a-kaffrine-les-condoleances-de-paul-kagame-a-macky-sall"},"wordCount":138,"commentCount":0,"image":{"@id":"https:\/\/www.africa-press.net\/senegal\/politique\/accident-a-kaffrine-les-condoleances-de-paul-kagame-a-macky-sall#primaryimage"},"thumbnailUrl":"https:\/\/static.africa-press.net\/senegal\/sites\/13\/2023\/01\/postQueueImg_1673281811.39.jpg","keywords":["Africa Press","Africa Press-Senegal","Senegal"],"articleSection":["Politique","Toutes les actualit\u00e9s"],"inLanguage":"fr-FR","potentialAction":[{"@type":"CommentAction","name":"Comment","target":["https:\/\/www.africa-press.net\/senegal\/politique\/accident-a-kaffrine-les-condoleances-de-paul-kagame-a-macky-sall#respond"]}]},{"@type":"WebPage","@id":"https:\/\/www.africa-press.net\/senegal\/politique\/accident-a-kaffrine-les-condoleances-de-paul-kagame-a-macky-sall","url":"https:\/\/www.africa-press.net\/senegal\/politique\/accident-a-kaffrine-les-condoleances-de-paul-kagame-a-macky-sall","name":"Accident \u00e0 Kaffrine : Les condol\u00e9ances de Paul Kagam\u00e9 \u00e0 Macky Sall - Senegal","isPartOf":{"@id":"https:\/\/www.africa-press.net\/senegal\/#website"},"primaryImageOfPage":{"@id":"https:\/\/www.africa-press.net\/senegal\/politique\/accident-a-kaffrine-les-condoleances-de-paul-kagame-a-macky-sall#primaryimage"},"image":{"@id":"https:\/\/www.africa-press.net\/senegal\/politique\/accident-a-kaffrine-les-condoleances-de-paul-kagame-a-macky-sall#primaryimage"},"thumbnailUrl":"https:\/\/static.africa-press.net\/senegal\/sites\/13\/2023\/01\/postQueueImg_1673281811.39.jpg","datePublished":"2023-01-09T19:59:57+00:00","author":{"@id":"https:\/\/www.africa-press.net\/senegal\/#\/schema\/person\/2b1cf3cd81a31e3cd26889ca66d677f1"},"breadcrumb":{"@id":"https:\/\/www.africa-press.net\/senegal\/politique\/accident-a-kaffrine-les-condoleances-de-paul-kagame-a-macky-sall#breadcrumb"},"inLanguage":"fr-FR","potentialAction":[{"@type":"ReadAction","target":["https:\/\/www.africa-press.net\/senegal\/politique\/accident-a-kaffrine-les-condoleances-de-paul-kagame-a-macky-sall"]}]},{"@type":"ImageObject","inLanguage":"fr-FR","@id":"https:\/\/www.africa-press.net\/senegal\/politique\/accident-a-kaffrine-les-condoleances-de-paul-kagame-a-macky-sall#primaryimage","url":"https:\/\/static.africa-press.net\/senegal\/sites\/13\/2023\/01\/postQueueImg_1673281811.39.jpg","contentUrl":"https:\/\/static.africa-press.net\/senegal\/sites\/13\/2023\/01\/postQueueImg_1673281811.39.jpg","width":720,"height":383,"caption":"Accident \u00e0 Kaffrine : Les condol\u00e9ances de Paul Kagam\u00e9 \u00e0 Macky Sall"},{"@type":"BreadcrumbList","@id":"https:\/\/www.africa-press.net\/senegal\/politique\/accident-a-kaffrine-les-condoleances-de-paul-kagame-a-macky-sall#breadcrumb","itemListElement":[{"@type":"ListItem","position":1,"name":"Accueil","item":"https:\/\/www.africa-press.net\/senegal\/"},{"@type":"ListItem","position":2,"name":"Accident \u00e0 Kaffrine : Les condol\u00e9ances de Paul Kagam\u00e9 \u00e0 Macky Sall"}]},{"@type":"WebSite","@id":"https:\/\/www.africa-press.net\/senegal\/#website","url":"https:\/\/www.africa-press.net\/senegal\/","name":"Africa Press | Senegal | Homepage","description":"Just another Africa News Agency Sites site","potentialAction":[{"@type":"SearchAction","target":{"@type":"EntryPoint","urlTemplate":"https:\/\/www.africa-press.net\/senegal\/?s={search_term_string}"},"query-input":{"@type":"PropertyValueSpecification","valueRequired":true,"valueName":"search_term_string"}}],"inLanguage":"fr-FR"},{"@type":"Person","@id":"https:\/\/www.africa-press.net\/senegal\/#\/schema\/person\/2b1cf3cd81a31e3cd26889ca66d677f1","name":"cfeditorfr","url":"https:\/\/www.africa-press.net\/senegal\/author\/cfeditorfr"}]}},"_links":{"self":[{"href":"https:\/\/www.africa-press.net\/senegal\/wp-json\/wp\/v2\/posts\/37859","targetHints":{"allow":["GET"]}}],"collection":[{"href":"https:\/\/www.africa-press.net\/senegal\/wp-json\/wp\/v2\/posts"}],"about":[{"href":"https:\/\/www.africa-press.net\/senegal\/wp-json\/wp\/v2\/types\/post"}],"author":[{"embeddable":true,"href":"https:\/\/www.africa-press.net\/senegal\/wp-json\/wp\/v2\/users\/82"}],"replies":[{"embeddable":true,"href":"https:\/\/www.africa-press.net\/senegal\/wp-json\/wp\/v2\/comments?post=37859"}],"version-history":[{"count":0,"href":"https:\/\/www.africa-press.net\/senegal\/wp-json\/wp\/v2\/posts\/37859\/revisions"}],"wp:featuredmedia":[{"embeddable":true,"href":"https:\/\/www.africa-press.net\/senegal\/wp-json\/wp\/v2\/media\/37858"}],"wp:attachment":[{"href":"https:\/\/www.africa-press.net\/senegal\/wp-json\/wp\/v2\/media?parent=37859"}],"wp:term":[{"taxonomy":"category","embeddable":true,"href":"https:\/\/www.africa-press.net\/senegal\/wp-json\/wp\/v2\/categories?post=37859"},{"taxonomy":"post_tag","embeddable":true,"href":"https:\/\/www.africa-press.net\/senegal\/wp-json\/wp\/v2\/tags?post=37859"}],"curies":[{"name":"wp","href":"https:\/\/api.w.org\/{rel}","templated":true}]}}