{"id":37861,"date":"2023-01-09T20:01:25","date_gmt":"2023-01-09T20:01:25","guid":{"rendered":"https:\/\/www.africa-press.net\/senegal\/politique\/kemi-seba-est-profondement-preoccupe-par-lintervention-de-sonko-sur-france-24"},"modified":"2023-01-09T20:01:25","modified_gmt":"2023-01-09T20:01:25","slug":"kemi-seba-est-profondement-preoccupe-par-lintervention-de-sonko-sur-france-24","status":"publish","type":"post","link":"https:\/\/www.africa-press.net\/senegal\/politique\/kemi-seba-est-profondement-preoccupe-par-lintervention-de-sonko-sur-france-24","title":{"rendered":"K\u00e9mi Seba est \u00ab\u00a0profond\u00e9ment pr\u00e9occup\u00e9\u00a0\u00bb par l\u2019intervention de Sonko sur France 24"},"content":{"rendered":"<p><span style=\"color: #ff6600\"><strong>Africa-Press &#8211; Senegal. <\/strong><\/span><b>Le militant anticolonialiste franco-be\u0301ninois Ke\u0301mi Se\u0301ba, fondateur et pre\u0301sident du mouvement Urgences panafricanistes est \u00ab profonde\u0301ment pre\u0301occupe\u0301 \u00bb par l\u2019innervation de Ousmane Sonko sur France 24. Mais aussi, les messages de fe\u0301licitations de l\u2019ex-directrice ge\u0301ne\u0301rale adjointe de RFI, Genevie\u0300ve Goe\u0308tzinger a\u0300 l\u2019encontre du leader de Pastef.<\/b><\/p>\n<p>Ousmane Sonko a explique\u0301 n\u2019e\u0302tre pas contre la France. Dans une interview accorde\u0301e a\u0300 Rfi et France 24, le leader du parti Pastef estime que la coope\u0301ration ne \u00abva pas e\u0302tre interrompue\u00bb, mais il souhaite des e\u0301changes gagnants-gagnants avec Paris. A propos de la Russie, il pro\u0302ne \u00abun partenariat avec beaucoup plus de perspectives de de\u0301veloppement\u00bb.<\/p>\n<p>Une de\u0301claration salue\u0301e par l\u2019ex-directrice ge\u0301ne\u0301rale adjointe de RFI, Genevie\u0300ve Goe\u0308tzinger qui estime que le leader de Pastef a tre\u0300s bien dit ! Mieux, c\u2019est une re\u0301flexion sous forme d\u2019affirmation d\u2019un leadership.<\/p>\n<p>Des propos que de\u0301plore Ke\u0301mi Seba. Selon lui, voir Ousmane Sonko e\u0302tre fe\u0301licite\u0301 par Genevie\u0300ve Goe\u0308tzinger le pre\u0301occupe. Pour le pre\u0301sident du mouvement Urgences panafricanistes, ce qui se passe en Afrique au sein de la jeunesse n\u2019est pas une volonte\u0301 de changer de colon. Et c\u2019est une insulte de dire cela.<\/p>\n<p>\u00ab De plus, ce n\u2019est pas en allant raconter cela sur les me\u0301dias nume\u0301ros 1 de la Franc\u0327afrique (France24 et RFI Afrique) (au moment ou\u0300 une grande partie des africains les vomissent) que nous ferons e\u0301voluer les mentalite\u0301s. On n\u2019a pas besoin de leurs micros tendus ou de leurs approbations \u00bb, a tweete\u0301 M. Seba.<\/p>\n<p>Tre\u0300s remonte\u0301e par les propos de Ke\u0301mi Seba, Genevie\u0300ve Goe\u0308tzinger n\u2019a pas pas tarde\u0301 a\u0300 re\u0301pondre au pre\u0301sident du mouvement Urgences panafricanistes. \u00ab Comme c\u0327a, vous ne me suiviez pas, mais vous m\u2019avez bloque\u0301e. Ensuite, vous me bloquez, mais vous me commentez. Kemi Seba, vous n\u2019en e\u0302tes pas a\u0300 une contradiction pre\u0300s. La\u0300 c\u0327a fait plus que fro\u0302ler le ridicule ! Vous avez saute\u0301 a\u0300 pieds joints dedans \u00bb, re\u0301pond-elle.<\/p>\n<p><strong>Pour plus d&rsquo;informations et d&rsquo;analyses sur la <a href=\"https:\/\/www.africa-press.net\/senegal\">Senegal<\/a>, suivez <a href=\"https:\/\/www.africa-press.net\/\">Africa-Press<\/a><\/strong><\/p>\n","protected":false},"excerpt":{"rendered":"<p>Africa-Press &#8211; Senegal. Le militant anticolonialiste franco-be\u0301ninois Ke\u0301mi Se\u0301ba, fondateur et pre\u0301sident du mouvement Urgences panafricanistes est \u00ab profonde\u0301ment pre\u0301occupe\u0301 \u00bb par l\u2019innervation de Ousmane Sonko sur France 24. Mais aussi, les messages de fe\u0301licitations de l\u2019ex-directrice ge\u0301ne\u0301rale adjointe de RFI, Genevie\u0300ve Goe\u0308tzinger a\u0300 l\u2019encontre du leader de Pastef. Ousmane Sonko a explique\u0301 n\u2019e\u0302tre pas [&hellip;]<\/p>\n","protected":false},"author":82,"featured_media":37860,"comment_status":"open","ping_status":"closed","sticky":false,"template":"","format":"standard","meta":{"footnotes":""},"categories":[2,10],"tags":[43,47,44],"class_list":["post-37861","post","type-post","status-publish","format-standard","has-post-thumbnail","hentry","category-politique","category-toutes-les-actualites","tag-africa-press-2","tag-africa-press-senegal","tag-senegal-2"],"yoast_head":"<!-- This site is optimized with the Yoast SEO Premium plugin v26.1 (Yoast SEO v27.0) - https:\/\/yoast.com\/product\/yoast-seo-premium-wordpress\/ -->\n<title>K\u00e9mi Seba est \u00ab\u00a0profond\u00e9ment pr\u00e9occup\u00e9\u00a0\u00bb par l\u2019intervention de Sonko sur France 24 - Senegal<\/title>\n<meta name=\"robots\" content=\"index, follow, max-snippet:-1, max-image-preview:large, max-video-preview:-1\" \/>\n<link rel=\"canonical\" href=\"https:\/\/www.africa-press.net\/senegal\/politique\/kemi-seba-est-profondement-preoccupe-par-lintervention-de-sonko-sur-france-24\" \/>\n<meta property=\"og:locale\" content=\"fr_FR\" \/>\n<meta property=\"og:type\" content=\"article\" \/>\n<meta property=\"og:title\" content=\"K\u00e9mi Seba est \u00ab\u00a0profond\u00e9ment pr\u00e9occup\u00e9\u00a0\u00bb par l\u2019intervention de Sonko sur France 24\" \/>\n<meta property=\"og:description\" content=\"Africa-Press &#8211; Senegal. Le militant anticolonialiste franco-be\u0301ninois Ke\u0301mi Se\u0301ba, fondateur et pre\u0301sident du mouvement Urgences panafricanistes est \u00ab profonde\u0301ment pre\u0301occupe\u0301 \u00bb par l\u2019innervation de Ousmane Sonko sur France 24. Mais aussi, les messages de fe\u0301licitations de l\u2019ex-directrice ge\u0301ne\u0301rale adjointe de RFI, Genevie\u0300ve Goe\u0308tzinger a\u0300 l\u2019encontre du leader de Pastef. Ousmane Sonko a explique\u0301 n\u2019e\u0302tre pas [&hellip;]\" \/>\n<meta property=\"og:url\" content=\"https:\/\/www.africa-press.net\/senegal\/politique\/kemi-seba-est-profondement-preoccupe-par-lintervention-de-sonko-sur-france-24\" \/>\n<meta property=\"og:site_name\" content=\"Senegal\" \/>\n<meta property=\"article:published_time\" content=\"2023-01-09T20:01:25+00:00\" \/>\n<meta name=\"author\" content=\"cfeditorfr\" \/>\n<meta name=\"twitter:card\" content=\"summary_large_image\" \/>\n<meta name=\"twitter:label1\" content=\"\u00c9crit par\" \/>\n\t<meta name=\"twitter:data1\" content=\"cfeditorfr\" \/>\n\t<meta name=\"twitter:label2\" content=\"Dur\u00e9e de lecture estim\u00e9e\" \/>\n\t<meta name=\"twitter:data2\" content=\"2 minutes\" \/>\n<script type=\"application\/ld+json\" class=\"yoast-schema-graph\">{\"@context\":\"https:\/\/schema.org\",\"@graph\":[{\"@type\":\"Article\",\"@id\":\"https:\/\/www.africa-press.net\/senegal\/politique\/kemi-seba-est-profondement-preoccupe-par-lintervention-de-sonko-sur-france-24#article\",\"isPartOf\":{\"@id\":\"https:\/\/www.africa-press.net\/senegal\/politique\/kemi-seba-est-profondement-preoccupe-par-lintervention-de-sonko-sur-france-24\"},\"author\":{\"name\":\"cfeditorfr\",\"@id\":\"https:\/\/www.africa-press.net\/senegal\/#\/schema\/person\/2b1cf3cd81a31e3cd26889ca66d677f1\"},\"headline\":\"K\u00e9mi Seba est \u00ab\u00a0profond\u00e9ment pr\u00e9occup\u00e9\u00a0\u00bb par l\u2019intervention de Sonko sur France 24\",\"datePublished\":\"2023-01-09T20:01:25+00:00\",\"mainEntityOfPage\":{\"@id\":\"https:\/\/www.africa-press.net\/senegal\/politique\/kemi-seba-est-profondement-preoccupe-par-lintervention-de-sonko-sur-france-24\"},\"wordCount\":397,\"commentCount\":0,\"image\":{\"@id\":\"https:\/\/www.africa-press.net\/senegal\/politique\/kemi-seba-est-profondement-preoccupe-par-lintervention-de-sonko-sur-france-24#primaryimage\"},\"thumbnailUrl\":\"https:\/\/static.africa-press.net\/senegal\/sites\/13\/2023\/01\/postQueueImg_1673281904.81.jpg\",\"keywords\":[\"Africa Press\",\"Africa Press-Senegal\",\"Senegal\"],\"articleSection\":[\"Politique\",\"Toutes les actualit\u00e9s\"],\"inLanguage\":\"fr-FR\",\"potentialAction\":[{\"@type\":\"CommentAction\",\"name\":\"Comment\",\"target\":[\"https:\/\/www.africa-press.net\/senegal\/politique\/kemi-seba-est-profondement-preoccupe-par-lintervention-de-sonko-sur-france-24#respond\"]}]},{\"@type\":\"WebPage\",\"@id\":\"https:\/\/www.africa-press.net\/senegal\/politique\/kemi-seba-est-profondement-preoccupe-par-lintervention-de-sonko-sur-france-24\",\"url\":\"https:\/\/www.africa-press.net\/senegal\/politique\/kemi-seba-est-profondement-preoccupe-par-lintervention-de-sonko-sur-france-24\",\"name\":\"K\u00e9mi Seba est \u00ab\u00a0profond\u00e9ment pr\u00e9occup\u00e9\u00a0\u00bb par l\u2019intervention de Sonko sur France 24 - Senegal\",\"isPartOf\":{\"@id\":\"https:\/\/www.africa-press.net\/senegal\/#website\"},\"primaryImageOfPage\":{\"@id\":\"https:\/\/www.africa-press.net\/senegal\/politique\/kemi-seba-est-profondement-preoccupe-par-lintervention-de-sonko-sur-france-24#primaryimage\"},\"image\":{\"@id\":\"https:\/\/www.africa-press.net\/senegal\/politique\/kemi-seba-est-profondement-preoccupe-par-lintervention-de-sonko-sur-france-24#primaryimage\"},\"thumbnailUrl\":\"https:\/\/static.africa-press.net\/senegal\/sites\/13\/2023\/01\/postQueueImg_1673281904.81.jpg\",\"datePublished\":\"2023-01-09T20:01:25+00:00\",\"author\":{\"@id\":\"https:\/\/www.africa-press.net\/senegal\/#\/schema\/person\/2b1cf3cd81a31e3cd26889ca66d677f1\"},\"breadcrumb\":{\"@id\":\"https:\/\/www.africa-press.net\/senegal\/politique\/kemi-seba-est-profondement-preoccupe-par-lintervention-de-sonko-sur-france-24#breadcrumb\"},\"inLanguage\":\"fr-FR\",\"potentialAction\":[{\"@type\":\"ReadAction\",\"target\":[\"https:\/\/www.africa-press.net\/senegal\/politique\/kemi-seba-est-profondement-preoccupe-par-lintervention-de-sonko-sur-france-24\"]}]},{\"@type\":\"ImageObject\",\"inLanguage\":\"fr-FR\",\"@id\":\"https:\/\/www.africa-press.net\/senegal\/politique\/kemi-seba-est-profondement-preoccupe-par-lintervention-de-sonko-sur-france-24#primaryimage\",\"url\":\"https:\/\/static.africa-press.net\/senegal\/sites\/13\/2023\/01\/postQueueImg_1673281904.81.jpg\",\"contentUrl\":\"https:\/\/static.africa-press.net\/senegal\/sites\/13\/2023\/01\/postQueueImg_1673281904.81.jpg\",\"width\":720,\"height\":375,\"caption\":\"K\u00e9mi Seba est \u00ab\u00a0profond\u00e9ment pr\u00e9occup\u00e9\u00a0\u00bb par l\u2019intervention de Sonko sur France 24\"},{\"@type\":\"BreadcrumbList\",\"@id\":\"https:\/\/www.africa-press.net\/senegal\/politique\/kemi-seba-est-profondement-preoccupe-par-lintervention-de-sonko-sur-france-24#breadcrumb\",\"itemListElement\":[{\"@type\":\"ListItem\",\"position\":1,\"name\":\"Accueil\",\"item\":\"https:\/\/www.africa-press.net\/senegal\/\"},{\"@type\":\"ListItem\",\"position\":2,\"name\":\"K\u00e9mi Seba est \u00ab\u00a0profond\u00e9ment pr\u00e9occup\u00e9\u00a0\u00bb par l\u2019intervention de Sonko sur France 24\"}]},{\"@type\":\"WebSite\",\"@id\":\"https:\/\/www.africa-press.net\/senegal\/#website\",\"url\":\"https:\/\/www.africa-press.net\/senegal\/\",\"name\":\"Africa Press | Senegal | Homepage\",\"description\":\"Just another Africa News Agency Sites site\",\"potentialAction\":[{\"@type\":\"SearchAction\",\"target\":{\"@type\":\"EntryPoint\",\"urlTemplate\":\"https:\/\/www.africa-press.net\/senegal\/?s={search_term_string}\"},\"query-input\":{\"@type\":\"PropertyValueSpecification\",\"valueRequired\":true,\"valueName\":\"search_term_string\"}}],\"inLanguage\":\"fr-FR\"},{\"@type\":\"Person\",\"@id\":\"https:\/\/www.africa-press.net\/senegal\/#\/schema\/person\/2b1cf3cd81a31e3cd26889ca66d677f1\",\"name\":\"cfeditorfr\",\"url\":\"https:\/\/www.africa-press.net\/senegal\/author\/cfeditorfr\"}]}<\/script>\n<!-- \/ Yoast SEO Premium plugin. -->","yoast_head_json":{"title":"K\u00e9mi Seba est \u00ab\u00a0profond\u00e9ment pr\u00e9occup\u00e9\u00a0\u00bb par l\u2019intervention de Sonko sur France 24 - Senegal","robots":{"index":"index","follow":"follow","max-snippet":"max-snippet:-1","max-image-preview":"max-image-preview:large","max-video-preview":"max-video-preview:-1"},"canonical":"https:\/\/www.africa-press.net\/senegal\/politique\/kemi-seba-est-profondement-preoccupe-par-lintervention-de-sonko-sur-france-24","og_locale":"fr_FR","og_type":"article","og_title":"K\u00e9mi Seba est \u00ab\u00a0profond\u00e9ment pr\u00e9occup\u00e9\u00a0\u00bb par l\u2019intervention de Sonko sur France 24","og_description":"Africa-Press &#8211; Senegal. Le militant anticolonialiste franco-be\u0301ninois Ke\u0301mi Se\u0301ba, fondateur et pre\u0301sident du mouvement Urgences panafricanistes est \u00ab profonde\u0301ment pre\u0301occupe\u0301 \u00bb par l\u2019innervation de Ousmane Sonko sur France 24. Mais aussi, les messages de fe\u0301licitations de l\u2019ex-directrice ge\u0301ne\u0301rale adjointe de RFI, Genevie\u0300ve Goe\u0308tzinger a\u0300 l\u2019encontre du leader de Pastef. Ousmane Sonko a explique\u0301 n\u2019e\u0302tre pas [&hellip;]","og_url":"https:\/\/www.africa-press.net\/senegal\/politique\/kemi-seba-est-profondement-preoccupe-par-lintervention-de-sonko-sur-france-24","og_site_name":"Senegal","article_published_time":"2023-01-09T20:01:25+00:00","author":"cfeditorfr","twitter_card":"summary_large_image","twitter_misc":{"\u00c9crit par":"cfeditorfr","Dur\u00e9e de lecture estim\u00e9e":"2 minutes"},"schema":{"@context":"https:\/\/schema.org","@graph":[{"@type":"Article","@id":"https:\/\/www.africa-press.net\/senegal\/politique\/kemi-seba-est-profondement-preoccupe-par-lintervention-de-sonko-sur-france-24#article","isPartOf":{"@id":"https:\/\/www.africa-press.net\/senegal\/politique\/kemi-seba-est-profondement-preoccupe-par-lintervention-de-sonko-sur-france-24"},"author":{"name":"cfeditorfr","@id":"https:\/\/www.africa-press.net\/senegal\/#\/schema\/person\/2b1cf3cd81a31e3cd26889ca66d677f1"},"headline":"K\u00e9mi Seba est \u00ab\u00a0profond\u00e9ment pr\u00e9occup\u00e9\u00a0\u00bb par l\u2019intervention de Sonko sur France 24","datePublished":"2023-01-09T20:01:25+00:00","mainEntityOfPage":{"@id":"https:\/\/www.africa-press.net\/senegal\/politique\/kemi-seba-est-profondement-preoccupe-par-lintervention-de-sonko-sur-france-24"},"wordCount":397,"commentCount":0,"image":{"@id":"https:\/\/www.africa-press.net\/senegal\/politique\/kemi-seba-est-profondement-preoccupe-par-lintervention-de-sonko-sur-france-24#primaryimage"},"thumbnailUrl":"https:\/\/static.africa-press.net\/senegal\/sites\/13\/2023\/01\/postQueueImg_1673281904.81.jpg","keywords":["Africa Press","Africa Press-Senegal","Senegal"],"articleSection":["Politique","Toutes les actualit\u00e9s"],"inLanguage":"fr-FR","potentialAction":[{"@type":"CommentAction","name":"Comment","target":["https:\/\/www.africa-press.net\/senegal\/politique\/kemi-seba-est-profondement-preoccupe-par-lintervention-de-sonko-sur-france-24#respond"]}]},{"@type":"WebPage","@id":"https:\/\/www.africa-press.net\/senegal\/politique\/kemi-seba-est-profondement-preoccupe-par-lintervention-de-sonko-sur-france-24","url":"https:\/\/www.africa-press.net\/senegal\/politique\/kemi-seba-est-profondement-preoccupe-par-lintervention-de-sonko-sur-france-24","name":"K\u00e9mi Seba est \u00ab\u00a0profond\u00e9ment pr\u00e9occup\u00e9\u00a0\u00bb par l\u2019intervention de Sonko sur France 24 - Senegal","isPartOf":{"@id":"https:\/\/www.africa-press.net\/senegal\/#website"},"primaryImageOfPage":{"@id":"https:\/\/www.africa-press.net\/senegal\/politique\/kemi-seba-est-profondement-preoccupe-par-lintervention-de-sonko-sur-france-24#primaryimage"},"image":{"@id":"https:\/\/www.africa-press.net\/senegal\/politique\/kemi-seba-est-profondement-preoccupe-par-lintervention-de-sonko-sur-france-24#primaryimage"},"thumbnailUrl":"https:\/\/static.africa-press.net\/senegal\/sites\/13\/2023\/01\/postQueueImg_1673281904.81.jpg","datePublished":"2023-01-09T20:01:25+00:00","author":{"@id":"https:\/\/www.africa-press.net\/senegal\/#\/schema\/person\/2b1cf3cd81a31e3cd26889ca66d677f1"},"breadcrumb":{"@id":"https:\/\/www.africa-press.net\/senegal\/politique\/kemi-seba-est-profondement-preoccupe-par-lintervention-de-sonko-sur-france-24#breadcrumb"},"inLanguage":"fr-FR","potentialAction":[{"@type":"ReadAction","target":["https:\/\/www.africa-press.net\/senegal\/politique\/kemi-seba-est-profondement-preoccupe-par-lintervention-de-sonko-sur-france-24"]}]},{"@type":"ImageObject","inLanguage":"fr-FR","@id":"https:\/\/www.africa-press.net\/senegal\/politique\/kemi-seba-est-profondement-preoccupe-par-lintervention-de-sonko-sur-france-24#primaryimage","url":"https:\/\/static.africa-press.net\/senegal\/sites\/13\/2023\/01\/postQueueImg_1673281904.81.jpg","contentUrl":"https:\/\/static.africa-press.net\/senegal\/sites\/13\/2023\/01\/postQueueImg_1673281904.81.jpg","width":720,"height":375,"caption":"K\u00e9mi Seba est \u00ab\u00a0profond\u00e9ment pr\u00e9occup\u00e9\u00a0\u00bb par l\u2019intervention de Sonko sur France 24"},{"@type":"BreadcrumbList","@id":"https:\/\/www.africa-press.net\/senegal\/politique\/kemi-seba-est-profondement-preoccupe-par-lintervention-de-sonko-sur-france-24#breadcrumb","itemListElement":[{"@type":"ListItem","position":1,"name":"Accueil","item":"https:\/\/www.africa-press.net\/senegal\/"},{"@type":"ListItem","position":2,"name":"K\u00e9mi Seba est \u00ab\u00a0profond\u00e9ment pr\u00e9occup\u00e9\u00a0\u00bb par l\u2019intervention de Sonko sur France 24"}]},{"@type":"WebSite","@id":"https:\/\/www.africa-press.net\/senegal\/#website","url":"https:\/\/www.africa-press.net\/senegal\/","name":"Africa Press | Senegal | Homepage","description":"Just another Africa News Agency Sites site","potentialAction":[{"@type":"SearchAction","target":{"@type":"EntryPoint","urlTemplate":"https:\/\/www.africa-press.net\/senegal\/?s={search_term_string}"},"query-input":{"@type":"PropertyValueSpecification","valueRequired":true,"valueName":"search_term_string"}}],"inLanguage":"fr-FR"},{"@type":"Person","@id":"https:\/\/www.africa-press.net\/senegal\/#\/schema\/person\/2b1cf3cd81a31e3cd26889ca66d677f1","name":"cfeditorfr","url":"https:\/\/www.africa-press.net\/senegal\/author\/cfeditorfr"}]}},"_links":{"self":[{"href":"https:\/\/www.africa-press.net\/senegal\/wp-json\/wp\/v2\/posts\/37861","targetHints":{"allow":["GET"]}}],"collection":[{"href":"https:\/\/www.africa-press.net\/senegal\/wp-json\/wp\/v2\/posts"}],"about":[{"href":"https:\/\/www.africa-press.net\/senegal\/wp-json\/wp\/v2\/types\/post"}],"author":[{"embeddable":true,"href":"https:\/\/www.africa-press.net\/senegal\/wp-json\/wp\/v2\/users\/82"}],"replies":[{"embeddable":true,"href":"https:\/\/www.africa-press.net\/senegal\/wp-json\/wp\/v2\/comments?post=37861"}],"version-history":[{"count":0,"href":"https:\/\/www.africa-press.net\/senegal\/wp-json\/wp\/v2\/posts\/37861\/revisions"}],"wp:featuredmedia":[{"embeddable":true,"href":"https:\/\/www.africa-press.net\/senegal\/wp-json\/wp\/v2\/media\/37860"}],"wp:attachment":[{"href":"https:\/\/www.africa-press.net\/senegal\/wp-json\/wp\/v2\/media?parent=37861"}],"wp:term":[{"taxonomy":"category","embeddable":true,"href":"https:\/\/www.africa-press.net\/senegal\/wp-json\/wp\/v2\/categories?post=37861"},{"taxonomy":"post_tag","embeddable":true,"href":"https:\/\/www.africa-press.net\/senegal\/wp-json\/wp\/v2\/tags?post=37861"}],"curies":[{"name":"wp","href":"https:\/\/api.w.org\/{rel}","templated":true}]}}