{"id":37865,"date":"2023-01-09T20:13:57","date_gmt":"2023-01-09T20:13:57","guid":{"rendered":"https:\/\/www.africa-press.net\/senegal\/politique\/drame-a-kaffrine-aminata-mb-ndiaye-presente-ses-condoleances-et-appelle-au-respect-du-deuil-national"},"modified":"2023-01-09T20:13:57","modified_gmt":"2023-01-09T20:13:57","slug":"drame-a-kaffrine-aminata-mb-ndiaye-presente-ses-condoleances-et-appelle-au-respect-du-deuil-national","status":"publish","type":"post","link":"https:\/\/www.africa-press.net\/senegal\/politique\/drame-a-kaffrine-aminata-mb-ndiaye-presente-ses-condoleances-et-appelle-au-respect-du-deuil-national","title":{"rendered":"Drame \u00e0 Kaffrine : Aminata MB. Ndiaye pr\u00e9sente ses condol\u00e9ances et appelle \u00ab\u00a0au respect du deuil national\u00a0\u00bb"},"content":{"rendered":"<p><span style=\"color: #ff6600\"><strong>Africa-Press &#8211; Senegal. <\/strong><\/span><b>Aminata Mbengue Ndiaye a re\u0301agi suite a\u0300 l\u2019accident a\u0300 Kaffrine. La pre\u0301sidente du Hcct pre\u0301sente, a\u0300 cet effet, ses condole\u0301ances au chef de l\u2019Etat, aux familles e\u0301plore\u0301es et a\u0300 la nation, mais aussi souhaite \u00ab un prompt re\u0301tablissement aux personnes blesse\u0301es\u00ab .<\/b><br \/>\n<b>Condole\u0301ances&#8230;<\/b><\/p>\n<p>\u00ab Nous avons appris avec consternation l\u2019accident de route, d\u2019une rare violence, survenu ce dimanche 08 janvier, a\u0300 hauteur du village de Sikilo, dans la re\u0301gion de Kaffrine. Le bilan actuel fait e\u0301tat d\u2019une quarantaine de morts et d\u2019une centaine de blesse\u0301s. En cette douloureuse circonstance, nous pre\u0301sentons nos since\u0300res condole\u0301ances au Chef de l\u2019Etat, aux familles e\u0301plore\u0301es et a\u0300 la nation. Nous souhaitons un prompt re\u0301tablissement aux personnes blesse\u0301es\u00ab , souligne Mme Aminata Mbengue Ndiaye dans une note parvenue a\u0300 Senego.<\/p>\n<p><b>Appel au respect du deuil national&#8230;<\/b><\/p>\n<p>\u00ab Nous approuvons la pre\u0301sence de Son Excellence Monsieur le Pre\u0301sident de la Re\u0301publique sur les lieux de l\u2019accident ainsi que Ses directives portant sur les mesures imme\u0301diates et diligentes a\u0300 prendre. En ce moment de recueillement et de prie\u0300res, nous appelons au respect du deuil national de 3 jours de\u0301cre\u0301te\u0301 par le Pre\u0301sident de la Re\u0301publique. Le Haut Conseil des collectivite\u0301s territoriales appelle tous les usagers de la route a\u0300 plus de vigilance et au renforcement de la se\u0301curite\u0301 routie\u0300re et du transport public. En ce sens, nous nous fe\u0301licitons du conseil interministe\u0301riel qui se tient ce lundi et restons persuade\u0301s qu\u2019il en ressortira des solutions approprie\u0301es\u00ab , a ajoute\u0301 Aminata Mbengue Ndiaye.<\/p>\n<p><strong>Pour plus d&rsquo;informations et d&rsquo;analyses sur la <a href=\"https:\/\/www.africa-press.net\/senegal\">Senegal<\/a>, suivez <a href=\"https:\/\/www.africa-press.net\/\">Africa-Press<\/a><\/strong><\/p>\n","protected":false},"excerpt":{"rendered":"<p>Africa-Press &#8211; Senegal. Aminata Mbengue Ndiaye a re\u0301agi suite a\u0300 l\u2019accident a\u0300 Kaffrine. La pre\u0301sidente du Hcct pre\u0301sente, a\u0300 cet effet, ses condole\u0301ances au chef de l\u2019Etat, aux familles e\u0301plore\u0301es et a\u0300 la nation, mais aussi souhaite \u00ab un prompt re\u0301tablissement aux personnes blesse\u0301es\u00ab . Condole\u0301ances&#8230; \u00ab Nous avons appris avec consternation l\u2019accident de route, [&hellip;]<\/p>\n","protected":false},"author":82,"featured_media":37864,"comment_status":"open","ping_status":"closed","sticky":false,"template":"","format":"standard","meta":{"footnotes":""},"categories":[2,10],"tags":[43,47,44],"class_list":["post-37865","post","type-post","status-publish","format-standard","has-post-thumbnail","hentry","category-politique","category-toutes-les-actualites","tag-africa-press-2","tag-africa-press-senegal","tag-senegal-2"],"yoast_head":"<!-- This site is optimized with the Yoast SEO Premium plugin v26.1 (Yoast SEO v27.0) - https:\/\/yoast.com\/product\/yoast-seo-premium-wordpress\/ -->\n<title>Drame \u00e0 Kaffrine : Aminata MB. Ndiaye pr\u00e9sente ses condol\u00e9ances et appelle \u00ab\u00a0au respect du deuil national\u00a0\u00bb - Senegal<\/title>\n<meta name=\"robots\" content=\"index, follow, max-snippet:-1, max-image-preview:large, max-video-preview:-1\" \/>\n<link rel=\"canonical\" href=\"https:\/\/www.africa-press.net\/senegal\/politique\/drame-a-kaffrine-aminata-mb-ndiaye-presente-ses-condoleances-et-appelle-au-respect-du-deuil-national\" \/>\n<meta property=\"og:locale\" content=\"fr_FR\" \/>\n<meta property=\"og:type\" content=\"article\" \/>\n<meta property=\"og:title\" content=\"Drame \u00e0 Kaffrine : Aminata MB. Ndiaye pr\u00e9sente ses condol\u00e9ances et appelle \u00ab\u00a0au respect du deuil national\u00a0\u00bb\" \/>\n<meta property=\"og:description\" content=\"Africa-Press &#8211; Senegal. Aminata Mbengue Ndiaye a re\u0301agi suite a\u0300 l\u2019accident a\u0300 Kaffrine. La pre\u0301sidente du Hcct pre\u0301sente, a\u0300 cet effet, ses condole\u0301ances au chef de l\u2019Etat, aux familles e\u0301plore\u0301es et a\u0300 la nation, mais aussi souhaite \u00ab un prompt re\u0301tablissement aux personnes blesse\u0301es\u00ab . Condole\u0301ances&#8230; \u00ab Nous avons appris avec consternation l\u2019accident de route, [&hellip;]\" \/>\n<meta property=\"og:url\" content=\"https:\/\/www.africa-press.net\/senegal\/politique\/drame-a-kaffrine-aminata-mb-ndiaye-presente-ses-condoleances-et-appelle-au-respect-du-deuil-national\" \/>\n<meta property=\"og:site_name\" content=\"Senegal\" \/>\n<meta property=\"article:published_time\" content=\"2023-01-09T20:13:57+00:00\" \/>\n<meta name=\"author\" content=\"cfeditorfr\" \/>\n<meta name=\"twitter:card\" content=\"summary_large_image\" \/>\n<meta name=\"twitter:label1\" content=\"\u00c9crit par\" \/>\n\t<meta name=\"twitter:data1\" content=\"cfeditorfr\" \/>\n\t<meta name=\"twitter:label2\" content=\"Dur\u00e9e de lecture estim\u00e9e\" \/>\n\t<meta name=\"twitter:data2\" content=\"1 minute\" \/>\n<script type=\"application\/ld+json\" class=\"yoast-schema-graph\">{\"@context\":\"https:\/\/schema.org\",\"@graph\":[{\"@type\":\"Article\",\"@id\":\"https:\/\/www.africa-press.net\/senegal\/politique\/drame-a-kaffrine-aminata-mb-ndiaye-presente-ses-condoleances-et-appelle-au-respect-du-deuil-national#article\",\"isPartOf\":{\"@id\":\"https:\/\/www.africa-press.net\/senegal\/politique\/drame-a-kaffrine-aminata-mb-ndiaye-presente-ses-condoleances-et-appelle-au-respect-du-deuil-national\"},\"author\":{\"name\":\"cfeditorfr\",\"@id\":\"https:\/\/www.africa-press.net\/senegal\/#\/schema\/person\/2b1cf3cd81a31e3cd26889ca66d677f1\"},\"headline\":\"Drame \u00e0 Kaffrine : Aminata MB. Ndiaye pr\u00e9sente ses condol\u00e9ances et appelle \u00ab\u00a0au respect du deuil national\u00a0\u00bb\",\"datePublished\":\"2023-01-09T20:13:57+00:00\",\"mainEntityOfPage\":{\"@id\":\"https:\/\/www.africa-press.net\/senegal\/politique\/drame-a-kaffrine-aminata-mb-ndiaye-presente-ses-condoleances-et-appelle-au-respect-du-deuil-national\"},\"wordCount\":313,\"commentCount\":0,\"image\":{\"@id\":\"https:\/\/www.africa-press.net\/senegal\/politique\/drame-a-kaffrine-aminata-mb-ndiaye-presente-ses-condoleances-et-appelle-au-respect-du-deuil-national#primaryimage\"},\"thumbnailUrl\":\"https:\/\/static.africa-press.net\/senegal\/sites\/13\/2023\/01\/postQueueImg_1673282655.95.jpg\",\"keywords\":[\"Africa Press\",\"Africa Press-Senegal\",\"Senegal\"],\"articleSection\":[\"Politique\",\"Toutes les actualit\u00e9s\"],\"inLanguage\":\"fr-FR\",\"potentialAction\":[{\"@type\":\"CommentAction\",\"name\":\"Comment\",\"target\":[\"https:\/\/www.africa-press.net\/senegal\/politique\/drame-a-kaffrine-aminata-mb-ndiaye-presente-ses-condoleances-et-appelle-au-respect-du-deuil-national#respond\"]}]},{\"@type\":\"WebPage\",\"@id\":\"https:\/\/www.africa-press.net\/senegal\/politique\/drame-a-kaffrine-aminata-mb-ndiaye-presente-ses-condoleances-et-appelle-au-respect-du-deuil-national\",\"url\":\"https:\/\/www.africa-press.net\/senegal\/politique\/drame-a-kaffrine-aminata-mb-ndiaye-presente-ses-condoleances-et-appelle-au-respect-du-deuil-national\",\"name\":\"Drame \u00e0 Kaffrine : Aminata MB. Ndiaye pr\u00e9sente ses condol\u00e9ances et appelle \u00ab\u00a0au respect du deuil national\u00a0\u00bb - Senegal\",\"isPartOf\":{\"@id\":\"https:\/\/www.africa-press.net\/senegal\/#website\"},\"primaryImageOfPage\":{\"@id\":\"https:\/\/www.africa-press.net\/senegal\/politique\/drame-a-kaffrine-aminata-mb-ndiaye-presente-ses-condoleances-et-appelle-au-respect-du-deuil-national#primaryimage\"},\"image\":{\"@id\":\"https:\/\/www.africa-press.net\/senegal\/politique\/drame-a-kaffrine-aminata-mb-ndiaye-presente-ses-condoleances-et-appelle-au-respect-du-deuil-national#primaryimage\"},\"thumbnailUrl\":\"https:\/\/static.africa-press.net\/senegal\/sites\/13\/2023\/01\/postQueueImg_1673282655.95.jpg\",\"datePublished\":\"2023-01-09T20:13:57+00:00\",\"author\":{\"@id\":\"https:\/\/www.africa-press.net\/senegal\/#\/schema\/person\/2b1cf3cd81a31e3cd26889ca66d677f1\"},\"breadcrumb\":{\"@id\":\"https:\/\/www.africa-press.net\/senegal\/politique\/drame-a-kaffrine-aminata-mb-ndiaye-presente-ses-condoleances-et-appelle-au-respect-du-deuil-national#breadcrumb\"},\"inLanguage\":\"fr-FR\",\"potentialAction\":[{\"@type\":\"ReadAction\",\"target\":[\"https:\/\/www.africa-press.net\/senegal\/politique\/drame-a-kaffrine-aminata-mb-ndiaye-presente-ses-condoleances-et-appelle-au-respect-du-deuil-national\"]}]},{\"@type\":\"ImageObject\",\"inLanguage\":\"fr-FR\",\"@id\":\"https:\/\/www.africa-press.net\/senegal\/politique\/drame-a-kaffrine-aminata-mb-ndiaye-presente-ses-condoleances-et-appelle-au-respect-du-deuil-national#primaryimage\",\"url\":\"https:\/\/static.africa-press.net\/senegal\/sites\/13\/2023\/01\/postQueueImg_1673282655.95.jpg\",\"contentUrl\":\"https:\/\/static.africa-press.net\/senegal\/sites\/13\/2023\/01\/postQueueImg_1673282655.95.jpg\",\"width\":992,\"height\":711,\"caption\":\"Drame \u00e0 Kaffrine : Aminata MB. Ndiaye pr\u00e9sente ses condol\u00e9ances et appelle \u00ab\u00a0au respect du deuil national\u00a0\u00bb\"},{\"@type\":\"BreadcrumbList\",\"@id\":\"https:\/\/www.africa-press.net\/senegal\/politique\/drame-a-kaffrine-aminata-mb-ndiaye-presente-ses-condoleances-et-appelle-au-respect-du-deuil-national#breadcrumb\",\"itemListElement\":[{\"@type\":\"ListItem\",\"position\":1,\"name\":\"Accueil\",\"item\":\"https:\/\/www.africa-press.net\/senegal\/\"},{\"@type\":\"ListItem\",\"position\":2,\"name\":\"Drame \u00e0 Kaffrine : Aminata MB. Ndiaye pr\u00e9sente ses condol\u00e9ances et appelle \u00ab\u00a0au respect du deuil national\u00a0\u00bb\"}]},{\"@type\":\"WebSite\",\"@id\":\"https:\/\/www.africa-press.net\/senegal\/#website\",\"url\":\"https:\/\/www.africa-press.net\/senegal\/\",\"name\":\"Africa Press | Senegal | Homepage\",\"description\":\"Just another Africa News Agency Sites site\",\"potentialAction\":[{\"@type\":\"SearchAction\",\"target\":{\"@type\":\"EntryPoint\",\"urlTemplate\":\"https:\/\/www.africa-press.net\/senegal\/?s={search_term_string}\"},\"query-input\":{\"@type\":\"PropertyValueSpecification\",\"valueRequired\":true,\"valueName\":\"search_term_string\"}}],\"inLanguage\":\"fr-FR\"},{\"@type\":\"Person\",\"@id\":\"https:\/\/www.africa-press.net\/senegal\/#\/schema\/person\/2b1cf3cd81a31e3cd26889ca66d677f1\",\"name\":\"cfeditorfr\",\"url\":\"https:\/\/www.africa-press.net\/senegal\/author\/cfeditorfr\"}]}<\/script>\n<!-- \/ Yoast SEO Premium plugin. -->","yoast_head_json":{"title":"Drame \u00e0 Kaffrine : Aminata MB. Ndiaye pr\u00e9sente ses condol\u00e9ances et appelle \u00ab\u00a0au respect du deuil national\u00a0\u00bb - Senegal","robots":{"index":"index","follow":"follow","max-snippet":"max-snippet:-1","max-image-preview":"max-image-preview:large","max-video-preview":"max-video-preview:-1"},"canonical":"https:\/\/www.africa-press.net\/senegal\/politique\/drame-a-kaffrine-aminata-mb-ndiaye-presente-ses-condoleances-et-appelle-au-respect-du-deuil-national","og_locale":"fr_FR","og_type":"article","og_title":"Drame \u00e0 Kaffrine : Aminata MB. Ndiaye pr\u00e9sente ses condol\u00e9ances et appelle \u00ab\u00a0au respect du deuil national\u00a0\u00bb","og_description":"Africa-Press &#8211; Senegal. Aminata Mbengue Ndiaye a re\u0301agi suite a\u0300 l\u2019accident a\u0300 Kaffrine. La pre\u0301sidente du Hcct pre\u0301sente, a\u0300 cet effet, ses condole\u0301ances au chef de l\u2019Etat, aux familles e\u0301plore\u0301es et a\u0300 la nation, mais aussi souhaite \u00ab un prompt re\u0301tablissement aux personnes blesse\u0301es\u00ab . Condole\u0301ances&#8230; \u00ab Nous avons appris avec consternation l\u2019accident de route, [&hellip;]","og_url":"https:\/\/www.africa-press.net\/senegal\/politique\/drame-a-kaffrine-aminata-mb-ndiaye-presente-ses-condoleances-et-appelle-au-respect-du-deuil-national","og_site_name":"Senegal","article_published_time":"2023-01-09T20:13:57+00:00","author":"cfeditorfr","twitter_card":"summary_large_image","twitter_misc":{"\u00c9crit par":"cfeditorfr","Dur\u00e9e de lecture estim\u00e9e":"1 minute"},"schema":{"@context":"https:\/\/schema.org","@graph":[{"@type":"Article","@id":"https:\/\/www.africa-press.net\/senegal\/politique\/drame-a-kaffrine-aminata-mb-ndiaye-presente-ses-condoleances-et-appelle-au-respect-du-deuil-national#article","isPartOf":{"@id":"https:\/\/www.africa-press.net\/senegal\/politique\/drame-a-kaffrine-aminata-mb-ndiaye-presente-ses-condoleances-et-appelle-au-respect-du-deuil-national"},"author":{"name":"cfeditorfr","@id":"https:\/\/www.africa-press.net\/senegal\/#\/schema\/person\/2b1cf3cd81a31e3cd26889ca66d677f1"},"headline":"Drame \u00e0 Kaffrine : Aminata MB. Ndiaye pr\u00e9sente ses condol\u00e9ances et appelle \u00ab\u00a0au respect du deuil national\u00a0\u00bb","datePublished":"2023-01-09T20:13:57+00:00","mainEntityOfPage":{"@id":"https:\/\/www.africa-press.net\/senegal\/politique\/drame-a-kaffrine-aminata-mb-ndiaye-presente-ses-condoleances-et-appelle-au-respect-du-deuil-national"},"wordCount":313,"commentCount":0,"image":{"@id":"https:\/\/www.africa-press.net\/senegal\/politique\/drame-a-kaffrine-aminata-mb-ndiaye-presente-ses-condoleances-et-appelle-au-respect-du-deuil-national#primaryimage"},"thumbnailUrl":"https:\/\/static.africa-press.net\/senegal\/sites\/13\/2023\/01\/postQueueImg_1673282655.95.jpg","keywords":["Africa Press","Africa Press-Senegal","Senegal"],"articleSection":["Politique","Toutes les actualit\u00e9s"],"inLanguage":"fr-FR","potentialAction":[{"@type":"CommentAction","name":"Comment","target":["https:\/\/www.africa-press.net\/senegal\/politique\/drame-a-kaffrine-aminata-mb-ndiaye-presente-ses-condoleances-et-appelle-au-respect-du-deuil-national#respond"]}]},{"@type":"WebPage","@id":"https:\/\/www.africa-press.net\/senegal\/politique\/drame-a-kaffrine-aminata-mb-ndiaye-presente-ses-condoleances-et-appelle-au-respect-du-deuil-national","url":"https:\/\/www.africa-press.net\/senegal\/politique\/drame-a-kaffrine-aminata-mb-ndiaye-presente-ses-condoleances-et-appelle-au-respect-du-deuil-national","name":"Drame \u00e0 Kaffrine : Aminata MB. Ndiaye pr\u00e9sente ses condol\u00e9ances et appelle \u00ab\u00a0au respect du deuil national\u00a0\u00bb - Senegal","isPartOf":{"@id":"https:\/\/www.africa-press.net\/senegal\/#website"},"primaryImageOfPage":{"@id":"https:\/\/www.africa-press.net\/senegal\/politique\/drame-a-kaffrine-aminata-mb-ndiaye-presente-ses-condoleances-et-appelle-au-respect-du-deuil-national#primaryimage"},"image":{"@id":"https:\/\/www.africa-press.net\/senegal\/politique\/drame-a-kaffrine-aminata-mb-ndiaye-presente-ses-condoleances-et-appelle-au-respect-du-deuil-national#primaryimage"},"thumbnailUrl":"https:\/\/static.africa-press.net\/senegal\/sites\/13\/2023\/01\/postQueueImg_1673282655.95.jpg","datePublished":"2023-01-09T20:13:57+00:00","author":{"@id":"https:\/\/www.africa-press.net\/senegal\/#\/schema\/person\/2b1cf3cd81a31e3cd26889ca66d677f1"},"breadcrumb":{"@id":"https:\/\/www.africa-press.net\/senegal\/politique\/drame-a-kaffrine-aminata-mb-ndiaye-presente-ses-condoleances-et-appelle-au-respect-du-deuil-national#breadcrumb"},"inLanguage":"fr-FR","potentialAction":[{"@type":"ReadAction","target":["https:\/\/www.africa-press.net\/senegal\/politique\/drame-a-kaffrine-aminata-mb-ndiaye-presente-ses-condoleances-et-appelle-au-respect-du-deuil-national"]}]},{"@type":"ImageObject","inLanguage":"fr-FR","@id":"https:\/\/www.africa-press.net\/senegal\/politique\/drame-a-kaffrine-aminata-mb-ndiaye-presente-ses-condoleances-et-appelle-au-respect-du-deuil-national#primaryimage","url":"https:\/\/static.africa-press.net\/senegal\/sites\/13\/2023\/01\/postQueueImg_1673282655.95.jpg","contentUrl":"https:\/\/static.africa-press.net\/senegal\/sites\/13\/2023\/01\/postQueueImg_1673282655.95.jpg","width":992,"height":711,"caption":"Drame \u00e0 Kaffrine : Aminata MB. Ndiaye pr\u00e9sente ses condol\u00e9ances et appelle \u00ab\u00a0au respect du deuil national\u00a0\u00bb"},{"@type":"BreadcrumbList","@id":"https:\/\/www.africa-press.net\/senegal\/politique\/drame-a-kaffrine-aminata-mb-ndiaye-presente-ses-condoleances-et-appelle-au-respect-du-deuil-national#breadcrumb","itemListElement":[{"@type":"ListItem","position":1,"name":"Accueil","item":"https:\/\/www.africa-press.net\/senegal\/"},{"@type":"ListItem","position":2,"name":"Drame \u00e0 Kaffrine : Aminata MB. Ndiaye pr\u00e9sente ses condol\u00e9ances et appelle \u00ab\u00a0au respect du deuil national\u00a0\u00bb"}]},{"@type":"WebSite","@id":"https:\/\/www.africa-press.net\/senegal\/#website","url":"https:\/\/www.africa-press.net\/senegal\/","name":"Africa Press | Senegal | Homepage","description":"Just another Africa News Agency Sites site","potentialAction":[{"@type":"SearchAction","target":{"@type":"EntryPoint","urlTemplate":"https:\/\/www.africa-press.net\/senegal\/?s={search_term_string}"},"query-input":{"@type":"PropertyValueSpecification","valueRequired":true,"valueName":"search_term_string"}}],"inLanguage":"fr-FR"},{"@type":"Person","@id":"https:\/\/www.africa-press.net\/senegal\/#\/schema\/person\/2b1cf3cd81a31e3cd26889ca66d677f1","name":"cfeditorfr","url":"https:\/\/www.africa-press.net\/senegal\/author\/cfeditorfr"}]}},"_links":{"self":[{"href":"https:\/\/www.africa-press.net\/senegal\/wp-json\/wp\/v2\/posts\/37865","targetHints":{"allow":["GET"]}}],"collection":[{"href":"https:\/\/www.africa-press.net\/senegal\/wp-json\/wp\/v2\/posts"}],"about":[{"href":"https:\/\/www.africa-press.net\/senegal\/wp-json\/wp\/v2\/types\/post"}],"author":[{"embeddable":true,"href":"https:\/\/www.africa-press.net\/senegal\/wp-json\/wp\/v2\/users\/82"}],"replies":[{"embeddable":true,"href":"https:\/\/www.africa-press.net\/senegal\/wp-json\/wp\/v2\/comments?post=37865"}],"version-history":[{"count":0,"href":"https:\/\/www.africa-press.net\/senegal\/wp-json\/wp\/v2\/posts\/37865\/revisions"}],"wp:featuredmedia":[{"embeddable":true,"href":"https:\/\/www.africa-press.net\/senegal\/wp-json\/wp\/v2\/media\/37864"}],"wp:attachment":[{"href":"https:\/\/www.africa-press.net\/senegal\/wp-json\/wp\/v2\/media?parent=37865"}],"wp:term":[{"taxonomy":"category","embeddable":true,"href":"https:\/\/www.africa-press.net\/senegal\/wp-json\/wp\/v2\/categories?post=37865"},{"taxonomy":"post_tag","embeddable":true,"href":"https:\/\/www.africa-press.net\/senegal\/wp-json\/wp\/v2\/tags?post=37865"}],"curies":[{"name":"wp","href":"https:\/\/api.w.org\/{rel}","templated":true}]}}