{"id":37867,"date":"2023-01-09T20:15:22","date_gmt":"2023-01-09T20:15:22","guid":{"rendered":"https:\/\/www.africa-press.net\/senegal\/politique\/les-lundis-de-madiambal-les-100-reniements-de-sonko-pour-plaire-a-la-francafrique"},"modified":"2023-01-09T20:15:22","modified_gmt":"2023-01-09T20:15:22","slug":"les-lundis-de-madiambal-les-100-reniements-de-sonko-pour-plaire-a-la-francafrique","status":"publish","type":"post","link":"https:\/\/www.africa-press.net\/senegal\/dossiers\/les-lundis-de-madiambal-les-100-reniements-de-sonko-pour-plaire-a-la-francafrique","title":{"rendered":"Les lundis de Madiambal : Les 100 reniements de Sonko pour plaire \u00e0 la Fran\u00e7afrique"},"content":{"rendered":"<p><b>Par Madiambal DIAGNE<\/b><\/p>\n<p><span style=\"color: #ff6600\"><strong>Africa-Press &#8211; Senegal. <\/strong><\/span>C\u2019e\u0301tait comme e\u0301crit, pour chercher a\u0300 se pre\u0301sidentialiser, Ousmane Sonko a e\u0301te\u0301 oblige\u0301 de se renier, de renier ses \u00abconvictions\u00bb porte\u0301es en bandoulie\u0300re et me\u0302me de renier les siens. L\u2019entretien qu\u2019il a accorde\u0301 a\u0300 deux journalistes de France 24 et de Radio France internationale (Rfi), diffuse\u0301 le 6 janvier 2023, est un condense\u0301 de reniements. Ce furent quatorze longues minutes de reniements ; de\u0301cide\u0301ment, un lourd prix pour chercher a\u0300 plaire a\u0300&#8230; la France.<\/p>\n<p><b>Se faire accepter par la France vaudrait-il autant de sacrifices ?<\/b><\/p>\n<p>Le leader du parti Pastef avait jure\u0301 de ne plus jamais s\u2019adresser aux me\u0301dias publics franc\u0327ais, comme Rfi et France 24, qu\u2019il accusait d\u2019e\u0302tre les porte-voix de la France a\u0300 travers le monde, particulie\u0300rement de sa politique \u00abne\u0301faste\u00bb en Afrique. Il ajoutait a\u0300 sa liste de me\u0301dias bannis, des journaux comme Le Monde, Le Monde Diplomatique et Jeune Afrique. Ces me\u0301dias avaient eu l\u2019outrecuidance de donner la parole a\u0300 la jeune dame Adji Sarr qui accuse Ousmane Sonko de viols et d\u2019autres se\u0301vices sexuels dans un lupanar. En acceptant de s\u2019adresser donc a\u0300 France 24 et Rfi, Ousmane Sonko revient sur ses re\u0301solutions, alors que rien n\u2019a change\u0301 sur ce registre. Sans doute, pour se donner bonne conscience, il a essaye\u0301 de distiller de manie\u0300re sibylline, au cours de l\u2019entretien, que ces me\u0301dias, notamment des responsables de Rfi, auraient eu a\u0300 lui confier admettre leur traitement de\u0301se\u0301quilibre\u0301 de l\u2019affaire Adji Sarr. La direction de Rfi ne pouvait laisser passer cette affirmation et diffusera imme\u0301diatement un communique\u0301 pour s\u2019inscrire en faux. En effet, nul ne voit Rfi jeter en pa\u0302ture le professionnalisme et la rigueur morale de ses journalistes.<\/p>\n<p>Ousmane Sonko s\u2019est syste\u0301matiquement de\u0301dit sur le plateau de France 24 et Rfi et a pousse\u0301 son souci de biense\u0301ance en adoptant des postures emprunte\u0301es, jusqu\u2019a\u0300 conce\u0301der a\u0300 son punching-ball, Macky Sall, une certaine re\u0301ve\u0301rence. Ainsi, il a pu surprendre quand il s\u2019e\u0301vertuait a\u0300 chaque fois a\u0300 servir du \u00able Pre\u0301sident Macky Sall\u00bb ou du \u00able pre\u0301sident de la Re\u0301publique\u00bb. Il ne nous avait pas habitue\u0301s a\u0300 autant de respect et de conside\u0301ration dans son langage a\u0300 l\u2019endroit du chef de l\u2019Etat.<\/p>\n<p>Les journalistes Marc Perelman et Christophe Boisbouvier se sont montre\u0301s incisifs. Ils ont de\u0301marre\u0301 l\u2019entretien par la question qui fa\u0302che, celle des accusations de viols. Histoire de montrer d\u2019entre\u0301e de jeu qu\u2019aucun cadeau ne sera fait a\u0300 l\u2019ho\u0302te du jour ? Ousmane Sonko a accepte\u0301 de re\u0301pondre sans broncher a\u0300 cette question, encore qu\u2019il a eu a\u0300 rabrouer un journaliste se\u0301ne\u0301galais qui l\u2019avait interpelle\u0301 sur le sujet. Ousmane Sonko conside\u0301rait que c\u2019e\u0301tait, de la part du journaliste se\u0301ne\u0301galais, un manque de respect que de lui poser une pareille question. Mais devant le plateau des me\u0301dias franc\u0327ais, il n\u2019a pas fait la moindre objection devant cette question. Le complexe du Blanc ou bien devrait-on conside\u0301rer que quand on se re\u0301signe a\u0300 avaler des couleuvres, aucune n\u2019est trop grosse ? Qu\u2019a\u0300 cela ne tienne ! Les relances, remarques et piques des intervieweurs ont aussi e\u0301te\u0301 des plus assassines ; comme sur le test Adn qui \u00abreste la voie ultime pour clore cette affaire\u00bb ou pour \u00abclarifier de\u0301finitivement cette affaire\u00bb ou encore sur les graves accusations de complot dans lequel la France aurait trempe\u0301, a\u0300 en croire le leader du parti Pastef. Dans ses re\u0301ponses, il a e\u0301lude\u0301 cette dernie\u0300re remarque ou avale\u0301 sa langue. La France ne serait plus partie prenante au complot laisserait-il ainsi deviner. Le comble pour un candidat a\u0300 l\u2019e\u0301lection pre\u0301sidentielle est de commencer a\u0300 re\u0301pondre a\u0300 une interview par une question sur une accusation de viol et son refus de faire un test Adn qui allait clore le de\u0301bat sur cette affaire !<\/p>\n<p>En outre, le plus surre\u0301aliste, pour ceux qui pouvaient croire que Ousmane Sonko allait rester droit dans ses bottes, est qu\u2019il a enferme\u0301, a\u0300 double tour, dans le gue\u0301ridon sur lequel il a pose\u0301 de manie\u0300re ostentatoire un poster du capitaine Thomas Sankara, toute la rhe\u0301torique guerrie\u0300re contre la France. Pas une fois, il ne s\u2019en est pris a\u0300 la France. Au contraire, il a ose\u0301 dire : \u00abNous n\u2019avons rien contre la France !\u00bb Assure\u0301ment, son allie\u0301 Guy Marius Sagna et les autres membres du mouvement \u00abFrapp-France De\u0301gage\u00bb appre\u0301cieront cet autre reniement.<\/p>\n<p>Ousmane Sonko a cherche\u0301 a\u0300 donner des gages pour trouver la France fre\u0301quentable et a renie\u0301 la politique pro-russe des militaires putschistes au Mali ou au Burkina Faso ou les slogans des \u00abTransformateurs\u00bb au Tchad. Il leur a fait la lec\u0327on, quant aux drapeaux russes qui flottent re\u0301gulie\u0300rement dans les rassemblements pour vouer aux ge\u0301monies la France et les partenaires occidentaux. Il en a ve\u0301ritablement dit plus que ne pouvaient espe\u0301rer de lui des diplomates franc\u0327ais.<\/p>\n<p>Les journalistes de France 24 et de Rfi, pince-sans-rire, ont mis Ousmane Sonko en face de ses de\u0301clarations ante\u0301rieures sur la France. Il a toujours soutenu que \u00abnos relations avec la France devaient cesser et non changer de format\u00bb, que \u00able colonialisme franc\u0327ais avait assez dure\u0301\u00bb, que \u00abla France doit lever son genou du cou des Africains\u00bb, faisant sans doute allusion a\u0300 la technique policie\u0300re brutale, devenue tristement ce\u0301le\u0300bre apre\u0300s la mort de George Floyd. Il s\u2019est garde\u0301 de prononcer ses mots fe\u0301tiches : \u00abcolonialisme\u00bb ou \u00abne\u0301ocolonialisme\u00bb ou \u00abimpe\u0301rialisme franc\u0327ais\u00bb. Il n\u2019a pas non plus cite\u0301 la moindre entreprise franc\u0327aise ope\u0301rant en Afrique, surtout pas Total, Eiffage ou Auchan, alors qu\u2019il les accusait de sucer le sang des Africains et les de\u0301signait du doigt a\u0300 la vindicte populaire en mars 2021 et par la suite. En effet, on ne parle pas de corde dans la maison d\u2019un pendu ! Il est aussi e\u0301tonnant ou effarant de voir Ousmane Sonko s\u2019interdire sa rengaine contre le franc Cfa, \u00abmonnaie coloniale\u00bb, responsable de tous les maux des pays africains qui continuent de l\u2019utiliser. Ousmane Sonko mettait sur la balance le sort des pays africains colonise\u0301s par la France et celui des autres pays colonise\u0301s par les Britanniques. Dans son entendement, les anciennes colonies britanniques s\u2019en sortiraient mieux. L\u2019actualite\u0301 de ces derniers jours, avec la retentissante de\u0301ba\u0302cle e\u0301conomique et mone\u0301taire du Ghana, un pays jadis re\u0301gulie\u0300rement cite\u0301 en exemple, montre que l\u2019herbe n\u2019est pas toujours plus verte chez le voisin.<\/p>\n<p>Aussi, n\u2019avait-il eu de cesse de faire des offensives de se\u0301duction ou des appels du pied a\u0300 la Russie. Le nouvel Ousmane Sonko en arriverait maintenant a\u0300 douter de la maturite\u0301 des allie\u0301s russes en Afrique, quand il en juge par leurs me\u0301thodes et approches.<\/p>\n<p><b>Une ope\u0301ration se\u0301duction perdue d\u2019avance<\/b><\/p>\n<p>La sortie me\u0301diatique de Ousmane Sonko ne devrait pas avoir l\u2019effet escompte\u0301. On se retrouve dans la situation que nous avions de\u0301crite dans une chronique, en date du 13 de\u0301cembre 2021, intitule\u0301e : \u00abDe France de\u0301gage \u00bb a\u0300 \u00abFrance sauve nous\u00bb. Mais assure\u0301ment, personne ne devrait s\u2019y tromper. On ne voit pas la France e\u0302tre si nai\u0308ve au point d\u2019accorder du cre\u0301dit a\u0300 des de\u0301ne\u0301gations aussi de\u0301sinvoltes et subites de Ousmane Sonko. Son hostilite\u0301 maintes fois re\u0301pe\u0301te\u0301e a\u0300 l\u2019endroit de la France a nourri son discours politique ma\u0302tine\u0301 d\u2019un populisme on ne peut plus de\u0301magogique. Toute personne qui pouvait trouver un quelconque me\u0301rite a\u0300 la France, passait aux yeux des \u00abpatriotes\u00bb pour e\u0302tre un valet de la France, un rene\u0301gat aux inte\u0301re\u0302ts de l\u2019Afrique. Cette posture revancharde a pu leur attirer la sympathie de quelques e\u0301lites intellectuelles ou politiques africaines qui avaient de vieux comptes personnels a\u0300 re\u0301gler ou solder avec la France ou ses citoyens. Ousmane Sonko a ravale\u0301 ses diatribes, pour ne pas dire son vomi de la France.<\/p>\n<p>Pour autant, une banale interview arriverait-elle a\u0300 effacer tout le passif et assurer de refonder de nouvelles relations ? Au demeurant, cet exercice me\u0301diatique a re\u0301ve\u0301le\u0301, si besoin en e\u0301tait encore, l\u2019incohe\u0301rence ou l\u2019inconstance de Ousmane Sonko dont les positions valsent au gre\u0301 de ses humeurs ou de ses lubies. Ousmane Sonko a me\u0302me pu parai\u0302tre pathe\u0301tique en donnant l\u2019occasion au \u00absyste\u0300me\u00bb de le tourner en de\u0301rision, pour ne pas dire de le ridiculiser. Quel cre\u0301dit accorder a\u0300 un personnage de cet acabit ? Voila\u0300 qu\u2019il est pre\u0302t a\u0300 se renier en tout, a\u0300 adopter toutes les contritions, pour e\u0302tre bien vu par la France, un pays auquel il n\u2019avait rien e\u0301pargne\u0301 ! De toute fac\u0327on, sa strate\u0301gie de pre\u0301sidentialisation (inspire\u0301e de la sauce \u00abMarine Le Pen\u00bb) par le truchement de me\u0301dias franc\u0327ais ne saurait prospe\u0301rer. En France, l\u2019histoire contemporaine montre que Dominique Strauss Kahn, qui avait le vent en poupe pour remplacer Nicolas Sarkozy en 2012, avait vu son destin pre\u0301sidentiel se fracasser sur l\u2019opprobre d\u2019accusations de viol porte\u0301es par Nafissatou Diallo, une employe\u0301e d\u2019un ho\u0302tel new-yorkais. De me\u0302me, l\u2019autre pre\u0301sident e\u0301lu avant l\u2019heure par les sondages d\u2019opinions, Franc\u0327ois Fillon, a e\u0301te\u0301 stoppe\u0301 net dans sa marche vers l\u2019Elyse\u0301e en 2017 par une inculpation par un juge franc\u0327ais. Le Pre\u0301sident Franc\u0327ois Hollande s\u2019e\u0301tait re\u0301signe\u0301 a\u0300 renoncer a\u0300 se repre\u0301senter en 2017, une fois que ses escapades a\u0300 bord d\u2019un scooter pour des rendez-vous galants avaient e\u0301te\u0301 re\u0301ve\u0301le\u0301es par les me\u0301dias. C\u2019est dire que Ousmane Sonko, qui a le malheur de rassembler toutes ces trois fautes (accusations de viols, escapades nocturnes, inculpation judiciaire), aura beau donner tous les gages qu\u2019il ne sera plus pris au se\u0301rieux dans les milieux franc\u0327ais. C\u2019est justement la raison pour laquelle il n\u2019aurait pas du\u0302 perdre son a\u0302me dans cette ope\u0301ration se\u0301duction qui sera fatalement infructueuse. Si la France a pu prendre quelque part Ousmane Sonko pour un ennemi, elle peut se fe\u0301liciter que ce dernier se soit livre\u0301 pieds et poings lie\u0301s. Il serait de\u0301sormais malvenu d\u2019accabler la France. Apre\u0300s avoir regarde\u0301 cet entretien, j\u2019ai eu une discussion avec un responsable de Rfi qui se re\u0301jouit que Ousmane Sonko ait fini par re\u0301aliser que \u00abRfi et ses journalistes ne font que leur travail et ne peuvent e\u0302tre ignore\u0301s\u00bb. Est-il besoin de rappeler que les chai\u0302nes de radio et de te\u0301le\u0301 ainsi que les journaux se\u0301ne\u0301galais attendent toujours que Ousmane Sonko daigne leur accorder une interview ? Lui qui ne rate jamais une occasion de faire parler de lui, pre\u0301fe\u0300re des me\u0301dias litte\u0301ralement couche\u0301s a\u0300 ses pieds, a\u0300 boire ses paroles sans aucune re\u0301plique ou relance, a\u0300 l\u2019image de ces nombreuses \u00abte\u0301le\u0301s patriotes\u00bb du web. Ce qui lui e\u0301vite de se retrouver face a\u0300 des organes de presse cre\u0301dibles et ayant pignon sur rue, qui pourraient avoir la mauvaise ide\u0301e de lui poser des questions qui fa\u0302chent&#8230; et en wolof !<\/p>\n<p><strong>Pour plus d&rsquo;informations et d&rsquo;analyses sur la <a href=\"https:\/\/www.africa-press.net\/senegal\">Senegal<\/a>, suivez <a href=\"https:\/\/www.africa-press.net\/\">Africa-Press<\/a><\/strong><\/p>\n","protected":false},"excerpt":{"rendered":"<p>Par Madiambal DIAGNE Africa-Press &#8211; Senegal. C\u2019e\u0301tait comme e\u0301crit, pour chercher a\u0300 se pre\u0301sidentialiser, Ousmane Sonko a e\u0301te\u0301 oblige\u0301 de se renier, de renier ses \u00abconvictions\u00bb porte\u0301es en bandoulie\u0300re et me\u0302me de renier les siens. L\u2019entretien qu\u2019il a accorde\u0301 a\u0300 deux journalistes de France 24 et de Radio France internationale (Rfi), diffuse\u0301 le 6 janvier [&hellip;]<\/p>\n","protected":false},"author":82,"featured_media":37866,"comment_status":"open","ping_status":"closed","sticky":false,"template":"","format":"standard","meta":{"footnotes":""},"categories":[7,10],"tags":[43,47,44],"class_list":["post-37867","post","type-post","status-publish","format-standard","has-post-thumbnail","hentry","category-dossiers","category-toutes-les-actualites","tag-africa-press-2","tag-africa-press-senegal","tag-senegal-2"],"yoast_head":"<!-- This site is optimized with the Yoast SEO Premium plugin v26.1 (Yoast SEO v27.0) - https:\/\/yoast.com\/product\/yoast-seo-premium-wordpress\/ -->\n<title>Les lundis de Madiambal : Les 100 reniements de Sonko pour plaire \u00e0 la Fran\u00e7afrique - Senegal<\/title>\n<meta name=\"robots\" content=\"index, follow, max-snippet:-1, max-image-preview:large, max-video-preview:-1\" \/>\n<link rel=\"canonical\" href=\"https:\/\/www.africa-press.net\/senegal\/politique\/les-lundis-de-madiambal-les-100-reniements-de-sonko-pour-plaire-a-la-francafrique\" \/>\n<meta property=\"og:locale\" content=\"fr_FR\" \/>\n<meta property=\"og:type\" content=\"article\" \/>\n<meta property=\"og:title\" content=\"Les lundis de Madiambal : Les 100 reniements de Sonko pour plaire \u00e0 la Fran\u00e7afrique\" \/>\n<meta property=\"og:description\" content=\"Par Madiambal DIAGNE Africa-Press &#8211; Senegal. C\u2019e\u0301tait comme e\u0301crit, pour chercher a\u0300 se pre\u0301sidentialiser, Ousmane Sonko a e\u0301te\u0301 oblige\u0301 de se renier, de renier ses \u00abconvictions\u00bb porte\u0301es en bandoulie\u0300re et me\u0302me de renier les siens. L\u2019entretien qu\u2019il a accorde\u0301 a\u0300 deux journalistes de France 24 et de Radio France internationale (Rfi), diffuse\u0301 le 6 janvier [&hellip;]\" \/>\n<meta property=\"og:url\" content=\"https:\/\/www.africa-press.net\/senegal\/politique\/les-lundis-de-madiambal-les-100-reniements-de-sonko-pour-plaire-a-la-francafrique\" \/>\n<meta property=\"og:site_name\" content=\"Senegal\" \/>\n<meta property=\"article:published_time\" content=\"2023-01-09T20:15:22+00:00\" \/>\n<meta name=\"author\" content=\"cfeditorfr\" \/>\n<meta name=\"twitter:card\" content=\"summary_large_image\" \/>\n<meta name=\"twitter:label1\" content=\"\u00c9crit par\" \/>\n\t<meta name=\"twitter:data1\" content=\"cfeditorfr\" \/>\n\t<meta name=\"twitter:label2\" content=\"Dur\u00e9e de lecture estim\u00e9e\" \/>\n\t<meta name=\"twitter:data2\" content=\"10 minutes\" \/>\n<script type=\"application\/ld+json\" class=\"yoast-schema-graph\">{\"@context\":\"https:\/\/schema.org\",\"@graph\":[{\"@type\":\"Article\",\"@id\":\"https:\/\/www.africa-press.net\/senegal\/politique\/les-lundis-de-madiambal-les-100-reniements-de-sonko-pour-plaire-a-la-francafrique#article\",\"isPartOf\":{\"@id\":\"https:\/\/www.africa-press.net\/senegal\/politique\/les-lundis-de-madiambal-les-100-reniements-de-sonko-pour-plaire-a-la-francafrique\"},\"author\":{\"name\":\"cfeditorfr\",\"@id\":\"https:\/\/www.africa-press.net\/senegal\/#\/schema\/person\/2b1cf3cd81a31e3cd26889ca66d677f1\"},\"headline\":\"Les lundis de Madiambal : Les 100 reniements de Sonko pour plaire \u00e0 la Fran\u00e7afrique\",\"datePublished\":\"2023-01-09T20:15:22+00:00\",\"mainEntityOfPage\":{\"@id\":\"https:\/\/www.africa-press.net\/senegal\/politique\/les-lundis-de-madiambal-les-100-reniements-de-sonko-pour-plaire-a-la-francafrique\"},\"wordCount\":1995,\"commentCount\":0,\"image\":{\"@id\":\"https:\/\/www.africa-press.net\/senegal\/politique\/les-lundis-de-madiambal-les-100-reniements-de-sonko-pour-plaire-a-la-francafrique#primaryimage\"},\"thumbnailUrl\":\"https:\/\/static.africa-press.net\/senegal\/sites\/13\/2023\/01\/postQueueImg_1673282880.63.jpg\",\"keywords\":[\"Africa Press\",\"Africa Press-Senegal\",\"Senegal\"],\"articleSection\":[\"Dossiers\",\"Toutes les actualit\u00e9s\"],\"inLanguage\":\"fr-FR\",\"potentialAction\":[{\"@type\":\"CommentAction\",\"name\":\"Comment\",\"target\":[\"https:\/\/www.africa-press.net\/senegal\/politique\/les-lundis-de-madiambal-les-100-reniements-de-sonko-pour-plaire-a-la-francafrique#respond\"]}]},{\"@type\":\"WebPage\",\"@id\":\"https:\/\/www.africa-press.net\/senegal\/politique\/les-lundis-de-madiambal-les-100-reniements-de-sonko-pour-plaire-a-la-francafrique\",\"url\":\"https:\/\/www.africa-press.net\/senegal\/politique\/les-lundis-de-madiambal-les-100-reniements-de-sonko-pour-plaire-a-la-francafrique\",\"name\":\"Les lundis de Madiambal : Les 100 reniements de Sonko pour plaire \u00e0 la Fran\u00e7afrique - Senegal\",\"isPartOf\":{\"@id\":\"https:\/\/www.africa-press.net\/senegal\/#website\"},\"primaryImageOfPage\":{\"@id\":\"https:\/\/www.africa-press.net\/senegal\/politique\/les-lundis-de-madiambal-les-100-reniements-de-sonko-pour-plaire-a-la-francafrique#primaryimage\"},\"image\":{\"@id\":\"https:\/\/www.africa-press.net\/senegal\/politique\/les-lundis-de-madiambal-les-100-reniements-de-sonko-pour-plaire-a-la-francafrique#primaryimage\"},\"thumbnailUrl\":\"https:\/\/static.africa-press.net\/senegal\/sites\/13\/2023\/01\/postQueueImg_1673282880.63.jpg\",\"datePublished\":\"2023-01-09T20:15:22+00:00\",\"author\":{\"@id\":\"https:\/\/www.africa-press.net\/senegal\/#\/schema\/person\/2b1cf3cd81a31e3cd26889ca66d677f1\"},\"breadcrumb\":{\"@id\":\"https:\/\/www.africa-press.net\/senegal\/politique\/les-lundis-de-madiambal-les-100-reniements-de-sonko-pour-plaire-a-la-francafrique#breadcrumb\"},\"inLanguage\":\"fr-FR\",\"potentialAction\":[{\"@type\":\"ReadAction\",\"target\":[\"https:\/\/www.africa-press.net\/senegal\/politique\/les-lundis-de-madiambal-les-100-reniements-de-sonko-pour-plaire-a-la-francafrique\"]}]},{\"@type\":\"ImageObject\",\"inLanguage\":\"fr-FR\",\"@id\":\"https:\/\/www.africa-press.net\/senegal\/politique\/les-lundis-de-madiambal-les-100-reniements-de-sonko-pour-plaire-a-la-francafrique#primaryimage\",\"url\":\"https:\/\/static.africa-press.net\/senegal\/sites\/13\/2023\/01\/postQueueImg_1673282880.63.jpg\",\"contentUrl\":\"https:\/\/static.africa-press.net\/senegal\/sites\/13\/2023\/01\/postQueueImg_1673282880.63.jpg\",\"width\":720,\"height\":478,\"caption\":\"Les lundis de Madiambal : Les 100 reniements de Sonko pour plaire \u00e0 la Fran\u00e7afrique\"},{\"@type\":\"BreadcrumbList\",\"@id\":\"https:\/\/www.africa-press.net\/senegal\/politique\/les-lundis-de-madiambal-les-100-reniements-de-sonko-pour-plaire-a-la-francafrique#breadcrumb\",\"itemListElement\":[{\"@type\":\"ListItem\",\"position\":1,\"name\":\"Accueil\",\"item\":\"https:\/\/www.africa-press.net\/senegal\/\"},{\"@type\":\"ListItem\",\"position\":2,\"name\":\"Les lundis de Madiambal : Les 100 reniements de Sonko pour plaire \u00e0 la Fran\u00e7afrique\"}]},{\"@type\":\"WebSite\",\"@id\":\"https:\/\/www.africa-press.net\/senegal\/#website\",\"url\":\"https:\/\/www.africa-press.net\/senegal\/\",\"name\":\"Africa Press | Senegal | Homepage\",\"description\":\"Just another Africa News Agency Sites site\",\"potentialAction\":[{\"@type\":\"SearchAction\",\"target\":{\"@type\":\"EntryPoint\",\"urlTemplate\":\"https:\/\/www.africa-press.net\/senegal\/?s={search_term_string}\"},\"query-input\":{\"@type\":\"PropertyValueSpecification\",\"valueRequired\":true,\"valueName\":\"search_term_string\"}}],\"inLanguage\":\"fr-FR\"},{\"@type\":\"Person\",\"@id\":\"https:\/\/www.africa-press.net\/senegal\/#\/schema\/person\/2b1cf3cd81a31e3cd26889ca66d677f1\",\"name\":\"cfeditorfr\",\"url\":\"https:\/\/www.africa-press.net\/senegal\/author\/cfeditorfr\"}]}<\/script>\n<!-- \/ Yoast SEO Premium plugin. -->","yoast_head_json":{"title":"Les lundis de Madiambal : Les 100 reniements de Sonko pour plaire \u00e0 la Fran\u00e7afrique - Senegal","robots":{"index":"index","follow":"follow","max-snippet":"max-snippet:-1","max-image-preview":"max-image-preview:large","max-video-preview":"max-video-preview:-1"},"canonical":"https:\/\/www.africa-press.net\/senegal\/politique\/les-lundis-de-madiambal-les-100-reniements-de-sonko-pour-plaire-a-la-francafrique","og_locale":"fr_FR","og_type":"article","og_title":"Les lundis de Madiambal : Les 100 reniements de Sonko pour plaire \u00e0 la Fran\u00e7afrique","og_description":"Par Madiambal DIAGNE Africa-Press &#8211; Senegal. C\u2019e\u0301tait comme e\u0301crit, pour chercher a\u0300 se pre\u0301sidentialiser, Ousmane Sonko a e\u0301te\u0301 oblige\u0301 de se renier, de renier ses \u00abconvictions\u00bb porte\u0301es en bandoulie\u0300re et me\u0302me de renier les siens. L\u2019entretien qu\u2019il a accorde\u0301 a\u0300 deux journalistes de France 24 et de Radio France internationale (Rfi), diffuse\u0301 le 6 janvier [&hellip;]","og_url":"https:\/\/www.africa-press.net\/senegal\/politique\/les-lundis-de-madiambal-les-100-reniements-de-sonko-pour-plaire-a-la-francafrique","og_site_name":"Senegal","article_published_time":"2023-01-09T20:15:22+00:00","author":"cfeditorfr","twitter_card":"summary_large_image","twitter_misc":{"\u00c9crit par":"cfeditorfr","Dur\u00e9e de lecture estim\u00e9e":"10 minutes"},"schema":{"@context":"https:\/\/schema.org","@graph":[{"@type":"Article","@id":"https:\/\/www.africa-press.net\/senegal\/politique\/les-lundis-de-madiambal-les-100-reniements-de-sonko-pour-plaire-a-la-francafrique#article","isPartOf":{"@id":"https:\/\/www.africa-press.net\/senegal\/politique\/les-lundis-de-madiambal-les-100-reniements-de-sonko-pour-plaire-a-la-francafrique"},"author":{"name":"cfeditorfr","@id":"https:\/\/www.africa-press.net\/senegal\/#\/schema\/person\/2b1cf3cd81a31e3cd26889ca66d677f1"},"headline":"Les lundis de Madiambal : Les 100 reniements de Sonko pour plaire \u00e0 la Fran\u00e7afrique","datePublished":"2023-01-09T20:15:22+00:00","mainEntityOfPage":{"@id":"https:\/\/www.africa-press.net\/senegal\/politique\/les-lundis-de-madiambal-les-100-reniements-de-sonko-pour-plaire-a-la-francafrique"},"wordCount":1995,"commentCount":0,"image":{"@id":"https:\/\/www.africa-press.net\/senegal\/politique\/les-lundis-de-madiambal-les-100-reniements-de-sonko-pour-plaire-a-la-francafrique#primaryimage"},"thumbnailUrl":"https:\/\/static.africa-press.net\/senegal\/sites\/13\/2023\/01\/postQueueImg_1673282880.63.jpg","keywords":["Africa Press","Africa Press-Senegal","Senegal"],"articleSection":["Dossiers","Toutes les actualit\u00e9s"],"inLanguage":"fr-FR","potentialAction":[{"@type":"CommentAction","name":"Comment","target":["https:\/\/www.africa-press.net\/senegal\/politique\/les-lundis-de-madiambal-les-100-reniements-de-sonko-pour-plaire-a-la-francafrique#respond"]}]},{"@type":"WebPage","@id":"https:\/\/www.africa-press.net\/senegal\/politique\/les-lundis-de-madiambal-les-100-reniements-de-sonko-pour-plaire-a-la-francafrique","url":"https:\/\/www.africa-press.net\/senegal\/politique\/les-lundis-de-madiambal-les-100-reniements-de-sonko-pour-plaire-a-la-francafrique","name":"Les lundis de Madiambal : Les 100 reniements de Sonko pour plaire \u00e0 la Fran\u00e7afrique - Senegal","isPartOf":{"@id":"https:\/\/www.africa-press.net\/senegal\/#website"},"primaryImageOfPage":{"@id":"https:\/\/www.africa-press.net\/senegal\/politique\/les-lundis-de-madiambal-les-100-reniements-de-sonko-pour-plaire-a-la-francafrique#primaryimage"},"image":{"@id":"https:\/\/www.africa-press.net\/senegal\/politique\/les-lundis-de-madiambal-les-100-reniements-de-sonko-pour-plaire-a-la-francafrique#primaryimage"},"thumbnailUrl":"https:\/\/static.africa-press.net\/senegal\/sites\/13\/2023\/01\/postQueueImg_1673282880.63.jpg","datePublished":"2023-01-09T20:15:22+00:00","author":{"@id":"https:\/\/www.africa-press.net\/senegal\/#\/schema\/person\/2b1cf3cd81a31e3cd26889ca66d677f1"},"breadcrumb":{"@id":"https:\/\/www.africa-press.net\/senegal\/politique\/les-lundis-de-madiambal-les-100-reniements-de-sonko-pour-plaire-a-la-francafrique#breadcrumb"},"inLanguage":"fr-FR","potentialAction":[{"@type":"ReadAction","target":["https:\/\/www.africa-press.net\/senegal\/politique\/les-lundis-de-madiambal-les-100-reniements-de-sonko-pour-plaire-a-la-francafrique"]}]},{"@type":"ImageObject","inLanguage":"fr-FR","@id":"https:\/\/www.africa-press.net\/senegal\/politique\/les-lundis-de-madiambal-les-100-reniements-de-sonko-pour-plaire-a-la-francafrique#primaryimage","url":"https:\/\/static.africa-press.net\/senegal\/sites\/13\/2023\/01\/postQueueImg_1673282880.63.jpg","contentUrl":"https:\/\/static.africa-press.net\/senegal\/sites\/13\/2023\/01\/postQueueImg_1673282880.63.jpg","width":720,"height":478,"caption":"Les lundis de Madiambal : Les 100 reniements de Sonko pour plaire \u00e0 la Fran\u00e7afrique"},{"@type":"BreadcrumbList","@id":"https:\/\/www.africa-press.net\/senegal\/politique\/les-lundis-de-madiambal-les-100-reniements-de-sonko-pour-plaire-a-la-francafrique#breadcrumb","itemListElement":[{"@type":"ListItem","position":1,"name":"Accueil","item":"https:\/\/www.africa-press.net\/senegal\/"},{"@type":"ListItem","position":2,"name":"Les lundis de Madiambal : Les 100 reniements de Sonko pour plaire \u00e0 la Fran\u00e7afrique"}]},{"@type":"WebSite","@id":"https:\/\/www.africa-press.net\/senegal\/#website","url":"https:\/\/www.africa-press.net\/senegal\/","name":"Africa Press | Senegal | Homepage","description":"Just another Africa News Agency Sites site","potentialAction":[{"@type":"SearchAction","target":{"@type":"EntryPoint","urlTemplate":"https:\/\/www.africa-press.net\/senegal\/?s={search_term_string}"},"query-input":{"@type":"PropertyValueSpecification","valueRequired":true,"valueName":"search_term_string"}}],"inLanguage":"fr-FR"},{"@type":"Person","@id":"https:\/\/www.africa-press.net\/senegal\/#\/schema\/person\/2b1cf3cd81a31e3cd26889ca66d677f1","name":"cfeditorfr","url":"https:\/\/www.africa-press.net\/senegal\/author\/cfeditorfr"}]}},"_links":{"self":[{"href":"https:\/\/www.africa-press.net\/senegal\/wp-json\/wp\/v2\/posts\/37867","targetHints":{"allow":["GET"]}}],"collection":[{"href":"https:\/\/www.africa-press.net\/senegal\/wp-json\/wp\/v2\/posts"}],"about":[{"href":"https:\/\/www.africa-press.net\/senegal\/wp-json\/wp\/v2\/types\/post"}],"author":[{"embeddable":true,"href":"https:\/\/www.africa-press.net\/senegal\/wp-json\/wp\/v2\/users\/82"}],"replies":[{"embeddable":true,"href":"https:\/\/www.africa-press.net\/senegal\/wp-json\/wp\/v2\/comments?post=37867"}],"version-history":[{"count":0,"href":"https:\/\/www.africa-press.net\/senegal\/wp-json\/wp\/v2\/posts\/37867\/revisions"}],"wp:featuredmedia":[{"embeddable":true,"href":"https:\/\/www.africa-press.net\/senegal\/wp-json\/wp\/v2\/media\/37866"}],"wp:attachment":[{"href":"https:\/\/www.africa-press.net\/senegal\/wp-json\/wp\/v2\/media?parent=37867"}],"wp:term":[{"taxonomy":"category","embeddable":true,"href":"https:\/\/www.africa-press.net\/senegal\/wp-json\/wp\/v2\/categories?post=37867"},{"taxonomy":"post_tag","embeddable":true,"href":"https:\/\/www.africa-press.net\/senegal\/wp-json\/wp\/v2\/tags?post=37867"}],"curies":[{"name":"wp","href":"https:\/\/api.w.org\/{rel}","templated":true}]}}