{"id":37869,"date":"2023-01-09T20:19:53","date_gmt":"2023-01-09T20:19:53","guid":{"rendered":"https:\/\/www.africa-press.net\/senegal\/politique\/accident-kaffrine-yaw-appelle-letat-a-plus-de-responsabilite-dans-la-securite-routiere"},"modified":"2023-01-09T20:19:53","modified_gmt":"2023-01-09T20:19:53","slug":"accident-kaffrine-yaw-appelle-letat-a-plus-de-responsabilite-dans-la-securite-routiere","status":"publish","type":"post","link":"https:\/\/www.africa-press.net\/senegal\/politique\/accident-kaffrine-yaw-appelle-letat-a-plus-de-responsabilite-dans-la-securite-routiere","title":{"rendered":"Accident Kaffrine: Yaw appelle l\u2019Etat \u00e0 plus de responsabilit\u00e9 dans la s\u00e9curit\u00e9 routi\u00e8re"},"content":{"rendered":"<p><span style=\"color: #ff6600\"><strong>Africa-Press &#8211; Senegal. <\/strong><\/span><b>La coalition Yewwi Askan Wi a exprime\u0301 dimanche ses condole\u0301ances apre\u0300s le tragique accident de la route qui a cou\u0302te\u0301 la vie a\u0300 40 personnes et appelle l\u2019Etat a\u0300 plus de responsabilite\u0301 dans la prise en charge de la se\u0301curite\u0301 routie\u0300re.<\/b><\/p>\n<p>\u00ab La coalition Yewwi Askan Wi se prosterne devant la me\u0301moire des disparus et prie pour le bon re\u0301tablissement des blesse\u0301s. Elle pre\u0301sente e\u0301galement ses condole\u0301ances aux familles des victimes et a\u0300 toute la population se\u0301ne\u0301galaise \u00bb, lit-on dans un communique\u0301.<\/p>\n<p>Par ailleurs, Yewwi Askan Wi appelle tous les compatriotes a\u0300 aller massivement et le plus rapidement possible dans les structures sanitaires pour donner de leur sang afin de sauver des vies.<\/p>\n<p>Aussi, Yewwi Askan Wi appelle l\u2019Etat a\u0300 plus de responsabilite\u0301 dans la prise en charge de la se\u0301curite\u0301 routie\u0300re et tous les compatriotes a\u0300 plus de prudence, de vigilance et de responsabilite\u0301 sur les routes.<\/p>\n<p><strong>Pour plus d&rsquo;informations et d&rsquo;analyses sur la <a href=\"https:\/\/www.africa-press.net\/senegal\">Senegal<\/a>, suivez <a href=\"https:\/\/www.africa-press.net\/\">Africa-Press<\/a><\/strong><\/p>\n","protected":false},"excerpt":{"rendered":"<p>Africa-Press &#8211; Senegal. La coalition Yewwi Askan Wi a exprime\u0301 dimanche ses condole\u0301ances apre\u0300s le tragique accident de la route qui a cou\u0302te\u0301 la vie a\u0300 40 personnes et appelle l\u2019Etat a\u0300 plus de responsabilite\u0301 dans la prise en charge de la se\u0301curite\u0301 routie\u0300re. \u00ab La coalition Yewwi Askan Wi se prosterne devant la me\u0301moire [&hellip;]<\/p>\n","protected":false},"author":82,"featured_media":37868,"comment_status":"open","ping_status":"closed","sticky":false,"template":"","format":"standard","meta":{"footnotes":""},"categories":[2,10],"tags":[43,47,44],"class_list":["post-37869","post","type-post","status-publish","format-standard","has-post-thumbnail","hentry","category-politique","category-toutes-les-actualites","tag-africa-press-2","tag-africa-press-senegal","tag-senegal-2"],"yoast_head":"<!-- This site is optimized with the Yoast SEO Premium plugin v26.1 (Yoast SEO v27.0) - https:\/\/yoast.com\/product\/yoast-seo-premium-wordpress\/ -->\n<title>Accident Kaffrine: Yaw appelle l\u2019Etat \u00e0 plus de responsabilit\u00e9 dans la s\u00e9curit\u00e9 routi\u00e8re - Senegal<\/title>\n<meta name=\"robots\" content=\"index, follow, max-snippet:-1, max-image-preview:large, max-video-preview:-1\" \/>\n<link rel=\"canonical\" href=\"https:\/\/www.africa-press.net\/senegal\/politique\/accident-kaffrine-yaw-appelle-letat-a-plus-de-responsabilite-dans-la-securite-routiere\" \/>\n<meta property=\"og:locale\" content=\"fr_FR\" \/>\n<meta property=\"og:type\" content=\"article\" \/>\n<meta property=\"og:title\" content=\"Accident Kaffrine: Yaw appelle l\u2019Etat \u00e0 plus de responsabilit\u00e9 dans la s\u00e9curit\u00e9 routi\u00e8re\" \/>\n<meta property=\"og:description\" content=\"Africa-Press &#8211; Senegal. La coalition Yewwi Askan Wi a exprime\u0301 dimanche ses condole\u0301ances apre\u0300s le tragique accident de la route qui a cou\u0302te\u0301 la vie a\u0300 40 personnes et appelle l\u2019Etat a\u0300 plus de responsabilite\u0301 dans la prise en charge de la se\u0301curite\u0301 routie\u0300re. \u00ab La coalition Yewwi Askan Wi se prosterne devant la me\u0301moire [&hellip;]\" \/>\n<meta property=\"og:url\" content=\"https:\/\/www.africa-press.net\/senegal\/politique\/accident-kaffrine-yaw-appelle-letat-a-plus-de-responsabilite-dans-la-securite-routiere\" \/>\n<meta property=\"og:site_name\" content=\"Senegal\" \/>\n<meta property=\"article:published_time\" content=\"2023-01-09T20:19:53+00:00\" \/>\n<meta name=\"author\" content=\"cfeditorfr\" \/>\n<meta name=\"twitter:card\" content=\"summary_large_image\" \/>\n<meta name=\"twitter:label1\" content=\"\u00c9crit par\" \/>\n\t<meta name=\"twitter:data1\" content=\"cfeditorfr\" \/>\n\t<meta name=\"twitter:label2\" content=\"Dur\u00e9e de lecture estim\u00e9e\" \/>\n\t<meta name=\"twitter:data2\" content=\"1 minute\" \/>\n<script type=\"application\/ld+json\" class=\"yoast-schema-graph\">{\"@context\":\"https:\/\/schema.org\",\"@graph\":[{\"@type\":\"Article\",\"@id\":\"https:\/\/www.africa-press.net\/senegal\/politique\/accident-kaffrine-yaw-appelle-letat-a-plus-de-responsabilite-dans-la-securite-routiere#article\",\"isPartOf\":{\"@id\":\"https:\/\/www.africa-press.net\/senegal\/politique\/accident-kaffrine-yaw-appelle-letat-a-plus-de-responsabilite-dans-la-securite-routiere\"},\"author\":{\"name\":\"cfeditorfr\",\"@id\":\"https:\/\/www.africa-press.net\/senegal\/#\/schema\/person\/2b1cf3cd81a31e3cd26889ca66d677f1\"},\"headline\":\"Accident Kaffrine: Yaw appelle l\u2019Etat \u00e0 plus de responsabilit\u00e9 dans la s\u00e9curit\u00e9 routi\u00e8re\",\"datePublished\":\"2023-01-09T20:19:53+00:00\",\"mainEntityOfPage\":{\"@id\":\"https:\/\/www.africa-press.net\/senegal\/politique\/accident-kaffrine-yaw-appelle-letat-a-plus-de-responsabilite-dans-la-securite-routiere\"},\"wordCount\":192,\"commentCount\":0,\"image\":{\"@id\":\"https:\/\/www.africa-press.net\/senegal\/politique\/accident-kaffrine-yaw-appelle-letat-a-plus-de-responsabilite-dans-la-securite-routiere#primaryimage\"},\"thumbnailUrl\":\"https:\/\/static.africa-press.net\/senegal\/sites\/13\/2023\/01\/postQueueImg_1673283003.33.jpg\",\"keywords\":[\"Africa Press\",\"Africa Press-Senegal\",\"Senegal\"],\"articleSection\":[\"Politique\",\"Toutes les actualit\u00e9s\"],\"inLanguage\":\"fr-FR\",\"potentialAction\":[{\"@type\":\"CommentAction\",\"name\":\"Comment\",\"target\":[\"https:\/\/www.africa-press.net\/senegal\/politique\/accident-kaffrine-yaw-appelle-letat-a-plus-de-responsabilite-dans-la-securite-routiere#respond\"]}]},{\"@type\":\"WebPage\",\"@id\":\"https:\/\/www.africa-press.net\/senegal\/politique\/accident-kaffrine-yaw-appelle-letat-a-plus-de-responsabilite-dans-la-securite-routiere\",\"url\":\"https:\/\/www.africa-press.net\/senegal\/politique\/accident-kaffrine-yaw-appelle-letat-a-plus-de-responsabilite-dans-la-securite-routiere\",\"name\":\"Accident Kaffrine: Yaw appelle l\u2019Etat \u00e0 plus de responsabilit\u00e9 dans la s\u00e9curit\u00e9 routi\u00e8re - Senegal\",\"isPartOf\":{\"@id\":\"https:\/\/www.africa-press.net\/senegal\/#website\"},\"primaryImageOfPage\":{\"@id\":\"https:\/\/www.africa-press.net\/senegal\/politique\/accident-kaffrine-yaw-appelle-letat-a-plus-de-responsabilite-dans-la-securite-routiere#primaryimage\"},\"image\":{\"@id\":\"https:\/\/www.africa-press.net\/senegal\/politique\/accident-kaffrine-yaw-appelle-letat-a-plus-de-responsabilite-dans-la-securite-routiere#primaryimage\"},\"thumbnailUrl\":\"https:\/\/static.africa-press.net\/senegal\/sites\/13\/2023\/01\/postQueueImg_1673283003.33.jpg\",\"datePublished\":\"2023-01-09T20:19:53+00:00\",\"author\":{\"@id\":\"https:\/\/www.africa-press.net\/senegal\/#\/schema\/person\/2b1cf3cd81a31e3cd26889ca66d677f1\"},\"breadcrumb\":{\"@id\":\"https:\/\/www.africa-press.net\/senegal\/politique\/accident-kaffrine-yaw-appelle-letat-a-plus-de-responsabilite-dans-la-securite-routiere#breadcrumb\"},\"inLanguage\":\"fr-FR\",\"potentialAction\":[{\"@type\":\"ReadAction\",\"target\":[\"https:\/\/www.africa-press.net\/senegal\/politique\/accident-kaffrine-yaw-appelle-letat-a-plus-de-responsabilite-dans-la-securite-routiere\"]}]},{\"@type\":\"ImageObject\",\"inLanguage\":\"fr-FR\",\"@id\":\"https:\/\/www.africa-press.net\/senegal\/politique\/accident-kaffrine-yaw-appelle-letat-a-plus-de-responsabilite-dans-la-securite-routiere#primaryimage\",\"url\":\"https:\/\/static.africa-press.net\/senegal\/sites\/13\/2023\/01\/postQueueImg_1673283003.33.jpg\",\"contentUrl\":\"https:\/\/static.africa-press.net\/senegal\/sites\/13\/2023\/01\/postQueueImg_1673283003.33.jpg\",\"width\":720,\"height\":477,\"caption\":\"Accident Kaffrine: Yaw appelle l\u2019Etat \u00e0 plus de responsabilit\u00e9 dans la s\u00e9curit\u00e9 routi\u00e8re\"},{\"@type\":\"BreadcrumbList\",\"@id\":\"https:\/\/www.africa-press.net\/senegal\/politique\/accident-kaffrine-yaw-appelle-letat-a-plus-de-responsabilite-dans-la-securite-routiere#breadcrumb\",\"itemListElement\":[{\"@type\":\"ListItem\",\"position\":1,\"name\":\"Accueil\",\"item\":\"https:\/\/www.africa-press.net\/senegal\/\"},{\"@type\":\"ListItem\",\"position\":2,\"name\":\"Accident Kaffrine: Yaw appelle l\u2019Etat \u00e0 plus de responsabilit\u00e9 dans la s\u00e9curit\u00e9 routi\u00e8re\"}]},{\"@type\":\"WebSite\",\"@id\":\"https:\/\/www.africa-press.net\/senegal\/#website\",\"url\":\"https:\/\/www.africa-press.net\/senegal\/\",\"name\":\"Africa Press | Senegal | Homepage\",\"description\":\"Just another Africa News Agency Sites site\",\"potentialAction\":[{\"@type\":\"SearchAction\",\"target\":{\"@type\":\"EntryPoint\",\"urlTemplate\":\"https:\/\/www.africa-press.net\/senegal\/?s={search_term_string}\"},\"query-input\":{\"@type\":\"PropertyValueSpecification\",\"valueRequired\":true,\"valueName\":\"search_term_string\"}}],\"inLanguage\":\"fr-FR\"},{\"@type\":\"Person\",\"@id\":\"https:\/\/www.africa-press.net\/senegal\/#\/schema\/person\/2b1cf3cd81a31e3cd26889ca66d677f1\",\"name\":\"cfeditorfr\",\"url\":\"https:\/\/www.africa-press.net\/senegal\/author\/cfeditorfr\"}]}<\/script>\n<!-- \/ Yoast SEO Premium plugin. -->","yoast_head_json":{"title":"Accident Kaffrine: Yaw appelle l\u2019Etat \u00e0 plus de responsabilit\u00e9 dans la s\u00e9curit\u00e9 routi\u00e8re - Senegal","robots":{"index":"index","follow":"follow","max-snippet":"max-snippet:-1","max-image-preview":"max-image-preview:large","max-video-preview":"max-video-preview:-1"},"canonical":"https:\/\/www.africa-press.net\/senegal\/politique\/accident-kaffrine-yaw-appelle-letat-a-plus-de-responsabilite-dans-la-securite-routiere","og_locale":"fr_FR","og_type":"article","og_title":"Accident Kaffrine: Yaw appelle l\u2019Etat \u00e0 plus de responsabilit\u00e9 dans la s\u00e9curit\u00e9 routi\u00e8re","og_description":"Africa-Press &#8211; Senegal. La coalition Yewwi Askan Wi a exprime\u0301 dimanche ses condole\u0301ances apre\u0300s le tragique accident de la route qui a cou\u0302te\u0301 la vie a\u0300 40 personnes et appelle l\u2019Etat a\u0300 plus de responsabilite\u0301 dans la prise en charge de la se\u0301curite\u0301 routie\u0300re. \u00ab La coalition Yewwi Askan Wi se prosterne devant la me\u0301moire [&hellip;]","og_url":"https:\/\/www.africa-press.net\/senegal\/politique\/accident-kaffrine-yaw-appelle-letat-a-plus-de-responsabilite-dans-la-securite-routiere","og_site_name":"Senegal","article_published_time":"2023-01-09T20:19:53+00:00","author":"cfeditorfr","twitter_card":"summary_large_image","twitter_misc":{"\u00c9crit par":"cfeditorfr","Dur\u00e9e de lecture estim\u00e9e":"1 minute"},"schema":{"@context":"https:\/\/schema.org","@graph":[{"@type":"Article","@id":"https:\/\/www.africa-press.net\/senegal\/politique\/accident-kaffrine-yaw-appelle-letat-a-plus-de-responsabilite-dans-la-securite-routiere#article","isPartOf":{"@id":"https:\/\/www.africa-press.net\/senegal\/politique\/accident-kaffrine-yaw-appelle-letat-a-plus-de-responsabilite-dans-la-securite-routiere"},"author":{"name":"cfeditorfr","@id":"https:\/\/www.africa-press.net\/senegal\/#\/schema\/person\/2b1cf3cd81a31e3cd26889ca66d677f1"},"headline":"Accident Kaffrine: Yaw appelle l\u2019Etat \u00e0 plus de responsabilit\u00e9 dans la s\u00e9curit\u00e9 routi\u00e8re","datePublished":"2023-01-09T20:19:53+00:00","mainEntityOfPage":{"@id":"https:\/\/www.africa-press.net\/senegal\/politique\/accident-kaffrine-yaw-appelle-letat-a-plus-de-responsabilite-dans-la-securite-routiere"},"wordCount":192,"commentCount":0,"image":{"@id":"https:\/\/www.africa-press.net\/senegal\/politique\/accident-kaffrine-yaw-appelle-letat-a-plus-de-responsabilite-dans-la-securite-routiere#primaryimage"},"thumbnailUrl":"https:\/\/static.africa-press.net\/senegal\/sites\/13\/2023\/01\/postQueueImg_1673283003.33.jpg","keywords":["Africa Press","Africa Press-Senegal","Senegal"],"articleSection":["Politique","Toutes les actualit\u00e9s"],"inLanguage":"fr-FR","potentialAction":[{"@type":"CommentAction","name":"Comment","target":["https:\/\/www.africa-press.net\/senegal\/politique\/accident-kaffrine-yaw-appelle-letat-a-plus-de-responsabilite-dans-la-securite-routiere#respond"]}]},{"@type":"WebPage","@id":"https:\/\/www.africa-press.net\/senegal\/politique\/accident-kaffrine-yaw-appelle-letat-a-plus-de-responsabilite-dans-la-securite-routiere","url":"https:\/\/www.africa-press.net\/senegal\/politique\/accident-kaffrine-yaw-appelle-letat-a-plus-de-responsabilite-dans-la-securite-routiere","name":"Accident Kaffrine: Yaw appelle l\u2019Etat \u00e0 plus de responsabilit\u00e9 dans la s\u00e9curit\u00e9 routi\u00e8re - Senegal","isPartOf":{"@id":"https:\/\/www.africa-press.net\/senegal\/#website"},"primaryImageOfPage":{"@id":"https:\/\/www.africa-press.net\/senegal\/politique\/accident-kaffrine-yaw-appelle-letat-a-plus-de-responsabilite-dans-la-securite-routiere#primaryimage"},"image":{"@id":"https:\/\/www.africa-press.net\/senegal\/politique\/accident-kaffrine-yaw-appelle-letat-a-plus-de-responsabilite-dans-la-securite-routiere#primaryimage"},"thumbnailUrl":"https:\/\/static.africa-press.net\/senegal\/sites\/13\/2023\/01\/postQueueImg_1673283003.33.jpg","datePublished":"2023-01-09T20:19:53+00:00","author":{"@id":"https:\/\/www.africa-press.net\/senegal\/#\/schema\/person\/2b1cf3cd81a31e3cd26889ca66d677f1"},"breadcrumb":{"@id":"https:\/\/www.africa-press.net\/senegal\/politique\/accident-kaffrine-yaw-appelle-letat-a-plus-de-responsabilite-dans-la-securite-routiere#breadcrumb"},"inLanguage":"fr-FR","potentialAction":[{"@type":"ReadAction","target":["https:\/\/www.africa-press.net\/senegal\/politique\/accident-kaffrine-yaw-appelle-letat-a-plus-de-responsabilite-dans-la-securite-routiere"]}]},{"@type":"ImageObject","inLanguage":"fr-FR","@id":"https:\/\/www.africa-press.net\/senegal\/politique\/accident-kaffrine-yaw-appelle-letat-a-plus-de-responsabilite-dans-la-securite-routiere#primaryimage","url":"https:\/\/static.africa-press.net\/senegal\/sites\/13\/2023\/01\/postQueueImg_1673283003.33.jpg","contentUrl":"https:\/\/static.africa-press.net\/senegal\/sites\/13\/2023\/01\/postQueueImg_1673283003.33.jpg","width":720,"height":477,"caption":"Accident Kaffrine: Yaw appelle l\u2019Etat \u00e0 plus de responsabilit\u00e9 dans la s\u00e9curit\u00e9 routi\u00e8re"},{"@type":"BreadcrumbList","@id":"https:\/\/www.africa-press.net\/senegal\/politique\/accident-kaffrine-yaw-appelle-letat-a-plus-de-responsabilite-dans-la-securite-routiere#breadcrumb","itemListElement":[{"@type":"ListItem","position":1,"name":"Accueil","item":"https:\/\/www.africa-press.net\/senegal\/"},{"@type":"ListItem","position":2,"name":"Accident Kaffrine: Yaw appelle l\u2019Etat \u00e0 plus de responsabilit\u00e9 dans la s\u00e9curit\u00e9 routi\u00e8re"}]},{"@type":"WebSite","@id":"https:\/\/www.africa-press.net\/senegal\/#website","url":"https:\/\/www.africa-press.net\/senegal\/","name":"Africa Press | Senegal | Homepage","description":"Just another Africa News Agency Sites site","potentialAction":[{"@type":"SearchAction","target":{"@type":"EntryPoint","urlTemplate":"https:\/\/www.africa-press.net\/senegal\/?s={search_term_string}"},"query-input":{"@type":"PropertyValueSpecification","valueRequired":true,"valueName":"search_term_string"}}],"inLanguage":"fr-FR"},{"@type":"Person","@id":"https:\/\/www.africa-press.net\/senegal\/#\/schema\/person\/2b1cf3cd81a31e3cd26889ca66d677f1","name":"cfeditorfr","url":"https:\/\/www.africa-press.net\/senegal\/author\/cfeditorfr"}]}},"_links":{"self":[{"href":"https:\/\/www.africa-press.net\/senegal\/wp-json\/wp\/v2\/posts\/37869","targetHints":{"allow":["GET"]}}],"collection":[{"href":"https:\/\/www.africa-press.net\/senegal\/wp-json\/wp\/v2\/posts"}],"about":[{"href":"https:\/\/www.africa-press.net\/senegal\/wp-json\/wp\/v2\/types\/post"}],"author":[{"embeddable":true,"href":"https:\/\/www.africa-press.net\/senegal\/wp-json\/wp\/v2\/users\/82"}],"replies":[{"embeddable":true,"href":"https:\/\/www.africa-press.net\/senegal\/wp-json\/wp\/v2\/comments?post=37869"}],"version-history":[{"count":0,"href":"https:\/\/www.africa-press.net\/senegal\/wp-json\/wp\/v2\/posts\/37869\/revisions"}],"wp:featuredmedia":[{"embeddable":true,"href":"https:\/\/www.africa-press.net\/senegal\/wp-json\/wp\/v2\/media\/37868"}],"wp:attachment":[{"href":"https:\/\/www.africa-press.net\/senegal\/wp-json\/wp\/v2\/media?parent=37869"}],"wp:term":[{"taxonomy":"category","embeddable":true,"href":"https:\/\/www.africa-press.net\/senegal\/wp-json\/wp\/v2\/categories?post=37869"},{"taxonomy":"post_tag","embeddable":true,"href":"https:\/\/www.africa-press.net\/senegal\/wp-json\/wp\/v2\/tags?post=37869"}],"curies":[{"name":"wp","href":"https:\/\/api.w.org\/{rel}","templated":true}]}}