{"id":37871,"date":"2023-01-09T20:20:58","date_gmt":"2023-01-09T20:20:58","guid":{"rendered":"https:\/\/www.africa-press.net\/senegal\/politique\/accident-kaffrine-yen-a-marre-demande-a-letat-senegalais-dengager-immediatement-des-reformes-radicales"},"modified":"2023-01-09T20:20:58","modified_gmt":"2023-01-09T20:20:58","slug":"accident-kaffrine-yen-a-marre-demande-a-letat-senegalais-dengager-immediatement-des-reformes-radicales","status":"publish","type":"post","link":"https:\/\/www.africa-press.net\/senegal\/politique\/accident-kaffrine-yen-a-marre-demande-a-letat-senegalais-dengager-immediatement-des-reformes-radicales","title":{"rendered":"Accident Kaffrine : Y\u2019en a marre demande \u00e0 l\u2019Etat s\u00e9n\u00e9galais d\u2019engager imm\u00e9diatement des r\u00e9formes radicales\u2026"},"content":{"rendered":"<p><span style=\"color: #ff6600\"><strong>Africa-Press &#8211; Senegal. <\/strong><\/span><b>Le mouvement Y\u2019en a marre a appris avec consternation le de\u0301ce\u0300s d\u2019au moins 39 personnes dans un accident de la route a\u0300 Sikilo, a\u0300 6 kilome\u0300tres de Kaffrine, ce dimanche 08 janvier 2023 et pre\u0301sente ses since\u0300res condole\u0301ances aux familles e\u0301plore\u0301es et souhaite un prompt re\u0301tablissement aux personnes blesse\u0301es.<\/b><\/p>\n<p>\u00ab Depuis plusieurs anne\u0301es, les accidents de la route sont l\u2019une des principales causes de de\u0301ce\u0300s au Se\u0301ne\u0301gal. 4 000 accidents de la route avec un taux de mortalite\u0301 de 745 de\u0301ce\u0300s par an. Et les jeunes de 15 a\u0300 35 ans sont les plus touche\u0301s \u00bb, de\u0301plore Y\u2019en a marre.<\/p>\n<p>Pour Aliou Sane\u0301 et Cie, cette situation doit impe\u0301rativement changer. Et au-dela\u0300 d\u2019un conseil interministe\u0301riel annonce\u0301 par le Pre\u0301sident de la Re\u0301publique, ils demandent a\u0300 l\u2019Etat se\u0301ne\u0301galais d\u2019engager imme\u0301diatement des re\u0301formes radicales, notamment en matie\u0300re de se\u0301curite\u0301 routie\u0300re et, de manie\u0300re ge\u0301ne\u0301rale, du secteur du transport terrestre.<\/p>\n<p><strong>Pour plus d&rsquo;informations et d&rsquo;analyses sur la <a href=\"https:\/\/www.africa-press.net\/senegal\">Senegal<\/a>, suivez <a href=\"https:\/\/www.africa-press.net\/\">Africa-Press<\/a><\/strong><\/p>\n","protected":false},"excerpt":{"rendered":"<p>Africa-Press &#8211; Senegal. Le mouvement Y\u2019en a marre a appris avec consternation le de\u0301ce\u0300s d\u2019au moins 39 personnes dans un accident de la route a\u0300 Sikilo, a\u0300 6 kilome\u0300tres de Kaffrine, ce dimanche 08 janvier 2023 et pre\u0301sente ses since\u0300res condole\u0301ances aux familles e\u0301plore\u0301es et souhaite un prompt re\u0301tablissement aux personnes blesse\u0301es. \u00ab Depuis plusieurs [&hellip;]<\/p>\n","protected":false},"author":82,"featured_media":37870,"comment_status":"open","ping_status":"closed","sticky":false,"template":"","format":"standard","meta":{"footnotes":""},"categories":[2,10],"tags":[43,47,44],"class_list":["post-37871","post","type-post","status-publish","format-standard","has-post-thumbnail","hentry","category-politique","category-toutes-les-actualites","tag-africa-press-2","tag-africa-press-senegal","tag-senegal-2"],"yoast_head":"<!-- This site is optimized with the Yoast SEO Premium plugin v26.1 (Yoast SEO v27.0) - https:\/\/yoast.com\/product\/yoast-seo-premium-wordpress\/ -->\n<title>Accident Kaffrine : Y\u2019en a marre demande \u00e0 l\u2019Etat s\u00e9n\u00e9galais d\u2019engager imm\u00e9diatement des r\u00e9formes radicales\u2026 - Senegal<\/title>\n<meta name=\"robots\" content=\"index, follow, max-snippet:-1, max-image-preview:large, max-video-preview:-1\" \/>\n<link rel=\"canonical\" href=\"https:\/\/www.africa-press.net\/senegal\/politique\/accident-kaffrine-yen-a-marre-demande-a-letat-senegalais-dengager-immediatement-des-reformes-radicales\" \/>\n<meta property=\"og:locale\" content=\"fr_FR\" \/>\n<meta property=\"og:type\" content=\"article\" \/>\n<meta property=\"og:title\" content=\"Accident Kaffrine : Y\u2019en a marre demande \u00e0 l\u2019Etat s\u00e9n\u00e9galais d\u2019engager imm\u00e9diatement des r\u00e9formes radicales\u2026\" \/>\n<meta property=\"og:description\" content=\"Africa-Press &#8211; Senegal. Le mouvement Y\u2019en a marre a appris avec consternation le de\u0301ce\u0300s d\u2019au moins 39 personnes dans un accident de la route a\u0300 Sikilo, a\u0300 6 kilome\u0300tres de Kaffrine, ce dimanche 08 janvier 2023 et pre\u0301sente ses since\u0300res condole\u0301ances aux familles e\u0301plore\u0301es et souhaite un prompt re\u0301tablissement aux personnes blesse\u0301es. \u00ab Depuis plusieurs [&hellip;]\" \/>\n<meta property=\"og:url\" content=\"https:\/\/www.africa-press.net\/senegal\/politique\/accident-kaffrine-yen-a-marre-demande-a-letat-senegalais-dengager-immediatement-des-reformes-radicales\" \/>\n<meta property=\"og:site_name\" content=\"Senegal\" \/>\n<meta property=\"article:published_time\" content=\"2023-01-09T20:20:58+00:00\" \/>\n<meta name=\"author\" content=\"cfeditorfr\" \/>\n<meta name=\"twitter:card\" content=\"summary_large_image\" \/>\n<meta name=\"twitter:label1\" content=\"\u00c9crit par\" \/>\n\t<meta name=\"twitter:data1\" content=\"cfeditorfr\" \/>\n\t<meta name=\"twitter:label2\" content=\"Dur\u00e9e de lecture estim\u00e9e\" \/>\n\t<meta name=\"twitter:data2\" content=\"1 minute\" \/>\n<script type=\"application\/ld+json\" class=\"yoast-schema-graph\">{\"@context\":\"https:\/\/schema.org\",\"@graph\":[{\"@type\":\"Article\",\"@id\":\"https:\/\/www.africa-press.net\/senegal\/politique\/accident-kaffrine-yen-a-marre-demande-a-letat-senegalais-dengager-immediatement-des-reformes-radicales#article\",\"isPartOf\":{\"@id\":\"https:\/\/www.africa-press.net\/senegal\/politique\/accident-kaffrine-yen-a-marre-demande-a-letat-senegalais-dengager-immediatement-des-reformes-radicales\"},\"author\":{\"name\":\"cfeditorfr\",\"@id\":\"https:\/\/www.africa-press.net\/senegal\/#\/schema\/person\/2b1cf3cd81a31e3cd26889ca66d677f1\"},\"headline\":\"Accident Kaffrine : Y\u2019en a marre demande \u00e0 l\u2019Etat s\u00e9n\u00e9galais d\u2019engager imm\u00e9diatement des r\u00e9formes radicales\u2026\",\"datePublished\":\"2023-01-09T20:20:58+00:00\",\"mainEntityOfPage\":{\"@id\":\"https:\/\/www.africa-press.net\/senegal\/politique\/accident-kaffrine-yen-a-marre-demande-a-letat-senegalais-dengager-immediatement-des-reformes-radicales\"},\"wordCount\":211,\"commentCount\":0,\"image\":{\"@id\":\"https:\/\/www.africa-press.net\/senegal\/politique\/accident-kaffrine-yen-a-marre-demande-a-letat-senegalais-dengager-immediatement-des-reformes-radicales#primaryimage\"},\"thumbnailUrl\":\"https:\/\/static.africa-press.net\/senegal\/sites\/13\/2023\/01\/postQueueImg_1673283067.18.jpg\",\"keywords\":[\"Africa Press\",\"Africa Press-Senegal\",\"Senegal\"],\"articleSection\":[\"Politique\",\"Toutes les actualit\u00e9s\"],\"inLanguage\":\"fr-FR\",\"potentialAction\":[{\"@type\":\"CommentAction\",\"name\":\"Comment\",\"target\":[\"https:\/\/www.africa-press.net\/senegal\/politique\/accident-kaffrine-yen-a-marre-demande-a-letat-senegalais-dengager-immediatement-des-reformes-radicales#respond\"]}]},{\"@type\":\"WebPage\",\"@id\":\"https:\/\/www.africa-press.net\/senegal\/politique\/accident-kaffrine-yen-a-marre-demande-a-letat-senegalais-dengager-immediatement-des-reformes-radicales\",\"url\":\"https:\/\/www.africa-press.net\/senegal\/politique\/accident-kaffrine-yen-a-marre-demande-a-letat-senegalais-dengager-immediatement-des-reformes-radicales\",\"name\":\"Accident Kaffrine : Y\u2019en a marre demande \u00e0 l\u2019Etat s\u00e9n\u00e9galais d\u2019engager imm\u00e9diatement des r\u00e9formes radicales\u2026 - Senegal\",\"isPartOf\":{\"@id\":\"https:\/\/www.africa-press.net\/senegal\/#website\"},\"primaryImageOfPage\":{\"@id\":\"https:\/\/www.africa-press.net\/senegal\/politique\/accident-kaffrine-yen-a-marre-demande-a-letat-senegalais-dengager-immediatement-des-reformes-radicales#primaryimage\"},\"image\":{\"@id\":\"https:\/\/www.africa-press.net\/senegal\/politique\/accident-kaffrine-yen-a-marre-demande-a-letat-senegalais-dengager-immediatement-des-reformes-radicales#primaryimage\"},\"thumbnailUrl\":\"https:\/\/static.africa-press.net\/senegal\/sites\/13\/2023\/01\/postQueueImg_1673283067.18.jpg\",\"datePublished\":\"2023-01-09T20:20:58+00:00\",\"author\":{\"@id\":\"https:\/\/www.africa-press.net\/senegal\/#\/schema\/person\/2b1cf3cd81a31e3cd26889ca66d677f1\"},\"breadcrumb\":{\"@id\":\"https:\/\/www.africa-press.net\/senegal\/politique\/accident-kaffrine-yen-a-marre-demande-a-letat-senegalais-dengager-immediatement-des-reformes-radicales#breadcrumb\"},\"inLanguage\":\"fr-FR\",\"potentialAction\":[{\"@type\":\"ReadAction\",\"target\":[\"https:\/\/www.africa-press.net\/senegal\/politique\/accident-kaffrine-yen-a-marre-demande-a-letat-senegalais-dengager-immediatement-des-reformes-radicales\"]}]},{\"@type\":\"ImageObject\",\"inLanguage\":\"fr-FR\",\"@id\":\"https:\/\/www.africa-press.net\/senegal\/politique\/accident-kaffrine-yen-a-marre-demande-a-letat-senegalais-dengager-immediatement-des-reformes-radicales#primaryimage\",\"url\":\"https:\/\/static.africa-press.net\/senegal\/sites\/13\/2023\/01\/postQueueImg_1673283067.18.jpg\",\"contentUrl\":\"https:\/\/static.africa-press.net\/senegal\/sites\/13\/2023\/01\/postQueueImg_1673283067.18.jpg\",\"width\":720,\"height\":434,\"caption\":\"Accident Kaffrine : Y\u2019en a marre demande \u00e0 l\u2019Etat s\u00e9n\u00e9galais d\u2019engager imm\u00e9diatement des r\u00e9formes radicales\u2026\"},{\"@type\":\"BreadcrumbList\",\"@id\":\"https:\/\/www.africa-press.net\/senegal\/politique\/accident-kaffrine-yen-a-marre-demande-a-letat-senegalais-dengager-immediatement-des-reformes-radicales#breadcrumb\",\"itemListElement\":[{\"@type\":\"ListItem\",\"position\":1,\"name\":\"Accueil\",\"item\":\"https:\/\/www.africa-press.net\/senegal\/\"},{\"@type\":\"ListItem\",\"position\":2,\"name\":\"Accident Kaffrine : Y\u2019en a marre demande \u00e0 l\u2019Etat s\u00e9n\u00e9galais d\u2019engager imm\u00e9diatement des r\u00e9formes radicales\u2026\"}]},{\"@type\":\"WebSite\",\"@id\":\"https:\/\/www.africa-press.net\/senegal\/#website\",\"url\":\"https:\/\/www.africa-press.net\/senegal\/\",\"name\":\"Africa Press | Senegal | Homepage\",\"description\":\"Just another Africa News Agency Sites site\",\"potentialAction\":[{\"@type\":\"SearchAction\",\"target\":{\"@type\":\"EntryPoint\",\"urlTemplate\":\"https:\/\/www.africa-press.net\/senegal\/?s={search_term_string}\"},\"query-input\":{\"@type\":\"PropertyValueSpecification\",\"valueRequired\":true,\"valueName\":\"search_term_string\"}}],\"inLanguage\":\"fr-FR\"},{\"@type\":\"Person\",\"@id\":\"https:\/\/www.africa-press.net\/senegal\/#\/schema\/person\/2b1cf3cd81a31e3cd26889ca66d677f1\",\"name\":\"cfeditorfr\",\"url\":\"https:\/\/www.africa-press.net\/senegal\/author\/cfeditorfr\"}]}<\/script>\n<!-- \/ Yoast SEO Premium plugin. -->","yoast_head_json":{"title":"Accident Kaffrine : Y\u2019en a marre demande \u00e0 l\u2019Etat s\u00e9n\u00e9galais d\u2019engager imm\u00e9diatement des r\u00e9formes radicales\u2026 - Senegal","robots":{"index":"index","follow":"follow","max-snippet":"max-snippet:-1","max-image-preview":"max-image-preview:large","max-video-preview":"max-video-preview:-1"},"canonical":"https:\/\/www.africa-press.net\/senegal\/politique\/accident-kaffrine-yen-a-marre-demande-a-letat-senegalais-dengager-immediatement-des-reformes-radicales","og_locale":"fr_FR","og_type":"article","og_title":"Accident Kaffrine : Y\u2019en a marre demande \u00e0 l\u2019Etat s\u00e9n\u00e9galais d\u2019engager imm\u00e9diatement des r\u00e9formes radicales\u2026","og_description":"Africa-Press &#8211; Senegal. Le mouvement Y\u2019en a marre a appris avec consternation le de\u0301ce\u0300s d\u2019au moins 39 personnes dans un accident de la route a\u0300 Sikilo, a\u0300 6 kilome\u0300tres de Kaffrine, ce dimanche 08 janvier 2023 et pre\u0301sente ses since\u0300res condole\u0301ances aux familles e\u0301plore\u0301es et souhaite un prompt re\u0301tablissement aux personnes blesse\u0301es. \u00ab Depuis plusieurs [&hellip;]","og_url":"https:\/\/www.africa-press.net\/senegal\/politique\/accident-kaffrine-yen-a-marre-demande-a-letat-senegalais-dengager-immediatement-des-reformes-radicales","og_site_name":"Senegal","article_published_time":"2023-01-09T20:20:58+00:00","author":"cfeditorfr","twitter_card":"summary_large_image","twitter_misc":{"\u00c9crit par":"cfeditorfr","Dur\u00e9e de lecture estim\u00e9e":"1 minute"},"schema":{"@context":"https:\/\/schema.org","@graph":[{"@type":"Article","@id":"https:\/\/www.africa-press.net\/senegal\/politique\/accident-kaffrine-yen-a-marre-demande-a-letat-senegalais-dengager-immediatement-des-reformes-radicales#article","isPartOf":{"@id":"https:\/\/www.africa-press.net\/senegal\/politique\/accident-kaffrine-yen-a-marre-demande-a-letat-senegalais-dengager-immediatement-des-reformes-radicales"},"author":{"name":"cfeditorfr","@id":"https:\/\/www.africa-press.net\/senegal\/#\/schema\/person\/2b1cf3cd81a31e3cd26889ca66d677f1"},"headline":"Accident Kaffrine : Y\u2019en a marre demande \u00e0 l\u2019Etat s\u00e9n\u00e9galais d\u2019engager imm\u00e9diatement des r\u00e9formes radicales\u2026","datePublished":"2023-01-09T20:20:58+00:00","mainEntityOfPage":{"@id":"https:\/\/www.africa-press.net\/senegal\/politique\/accident-kaffrine-yen-a-marre-demande-a-letat-senegalais-dengager-immediatement-des-reformes-radicales"},"wordCount":211,"commentCount":0,"image":{"@id":"https:\/\/www.africa-press.net\/senegal\/politique\/accident-kaffrine-yen-a-marre-demande-a-letat-senegalais-dengager-immediatement-des-reformes-radicales#primaryimage"},"thumbnailUrl":"https:\/\/static.africa-press.net\/senegal\/sites\/13\/2023\/01\/postQueueImg_1673283067.18.jpg","keywords":["Africa Press","Africa Press-Senegal","Senegal"],"articleSection":["Politique","Toutes les actualit\u00e9s"],"inLanguage":"fr-FR","potentialAction":[{"@type":"CommentAction","name":"Comment","target":["https:\/\/www.africa-press.net\/senegal\/politique\/accident-kaffrine-yen-a-marre-demande-a-letat-senegalais-dengager-immediatement-des-reformes-radicales#respond"]}]},{"@type":"WebPage","@id":"https:\/\/www.africa-press.net\/senegal\/politique\/accident-kaffrine-yen-a-marre-demande-a-letat-senegalais-dengager-immediatement-des-reformes-radicales","url":"https:\/\/www.africa-press.net\/senegal\/politique\/accident-kaffrine-yen-a-marre-demande-a-letat-senegalais-dengager-immediatement-des-reformes-radicales","name":"Accident Kaffrine : Y\u2019en a marre demande \u00e0 l\u2019Etat s\u00e9n\u00e9galais d\u2019engager imm\u00e9diatement des r\u00e9formes radicales\u2026 - Senegal","isPartOf":{"@id":"https:\/\/www.africa-press.net\/senegal\/#website"},"primaryImageOfPage":{"@id":"https:\/\/www.africa-press.net\/senegal\/politique\/accident-kaffrine-yen-a-marre-demande-a-letat-senegalais-dengager-immediatement-des-reformes-radicales#primaryimage"},"image":{"@id":"https:\/\/www.africa-press.net\/senegal\/politique\/accident-kaffrine-yen-a-marre-demande-a-letat-senegalais-dengager-immediatement-des-reformes-radicales#primaryimage"},"thumbnailUrl":"https:\/\/static.africa-press.net\/senegal\/sites\/13\/2023\/01\/postQueueImg_1673283067.18.jpg","datePublished":"2023-01-09T20:20:58+00:00","author":{"@id":"https:\/\/www.africa-press.net\/senegal\/#\/schema\/person\/2b1cf3cd81a31e3cd26889ca66d677f1"},"breadcrumb":{"@id":"https:\/\/www.africa-press.net\/senegal\/politique\/accident-kaffrine-yen-a-marre-demande-a-letat-senegalais-dengager-immediatement-des-reformes-radicales#breadcrumb"},"inLanguage":"fr-FR","potentialAction":[{"@type":"ReadAction","target":["https:\/\/www.africa-press.net\/senegal\/politique\/accident-kaffrine-yen-a-marre-demande-a-letat-senegalais-dengager-immediatement-des-reformes-radicales"]}]},{"@type":"ImageObject","inLanguage":"fr-FR","@id":"https:\/\/www.africa-press.net\/senegal\/politique\/accident-kaffrine-yen-a-marre-demande-a-letat-senegalais-dengager-immediatement-des-reformes-radicales#primaryimage","url":"https:\/\/static.africa-press.net\/senegal\/sites\/13\/2023\/01\/postQueueImg_1673283067.18.jpg","contentUrl":"https:\/\/static.africa-press.net\/senegal\/sites\/13\/2023\/01\/postQueueImg_1673283067.18.jpg","width":720,"height":434,"caption":"Accident Kaffrine : Y\u2019en a marre demande \u00e0 l\u2019Etat s\u00e9n\u00e9galais d\u2019engager imm\u00e9diatement des r\u00e9formes radicales\u2026"},{"@type":"BreadcrumbList","@id":"https:\/\/www.africa-press.net\/senegal\/politique\/accident-kaffrine-yen-a-marre-demande-a-letat-senegalais-dengager-immediatement-des-reformes-radicales#breadcrumb","itemListElement":[{"@type":"ListItem","position":1,"name":"Accueil","item":"https:\/\/www.africa-press.net\/senegal\/"},{"@type":"ListItem","position":2,"name":"Accident Kaffrine : Y\u2019en a marre demande \u00e0 l\u2019Etat s\u00e9n\u00e9galais d\u2019engager imm\u00e9diatement des r\u00e9formes radicales\u2026"}]},{"@type":"WebSite","@id":"https:\/\/www.africa-press.net\/senegal\/#website","url":"https:\/\/www.africa-press.net\/senegal\/","name":"Africa Press | Senegal | Homepage","description":"Just another Africa News Agency Sites site","potentialAction":[{"@type":"SearchAction","target":{"@type":"EntryPoint","urlTemplate":"https:\/\/www.africa-press.net\/senegal\/?s={search_term_string}"},"query-input":{"@type":"PropertyValueSpecification","valueRequired":true,"valueName":"search_term_string"}}],"inLanguage":"fr-FR"},{"@type":"Person","@id":"https:\/\/www.africa-press.net\/senegal\/#\/schema\/person\/2b1cf3cd81a31e3cd26889ca66d677f1","name":"cfeditorfr","url":"https:\/\/www.africa-press.net\/senegal\/author\/cfeditorfr"}]}},"_links":{"self":[{"href":"https:\/\/www.africa-press.net\/senegal\/wp-json\/wp\/v2\/posts\/37871","targetHints":{"allow":["GET"]}}],"collection":[{"href":"https:\/\/www.africa-press.net\/senegal\/wp-json\/wp\/v2\/posts"}],"about":[{"href":"https:\/\/www.africa-press.net\/senegal\/wp-json\/wp\/v2\/types\/post"}],"author":[{"embeddable":true,"href":"https:\/\/www.africa-press.net\/senegal\/wp-json\/wp\/v2\/users\/82"}],"replies":[{"embeddable":true,"href":"https:\/\/www.africa-press.net\/senegal\/wp-json\/wp\/v2\/comments?post=37871"}],"version-history":[{"count":0,"href":"https:\/\/www.africa-press.net\/senegal\/wp-json\/wp\/v2\/posts\/37871\/revisions"}],"wp:featuredmedia":[{"embeddable":true,"href":"https:\/\/www.africa-press.net\/senegal\/wp-json\/wp\/v2\/media\/37870"}],"wp:attachment":[{"href":"https:\/\/www.africa-press.net\/senegal\/wp-json\/wp\/v2\/media?parent=37871"}],"wp:term":[{"taxonomy":"category","embeddable":true,"href":"https:\/\/www.africa-press.net\/senegal\/wp-json\/wp\/v2\/categories?post=37871"},{"taxonomy":"post_tag","embeddable":true,"href":"https:\/\/www.africa-press.net\/senegal\/wp-json\/wp\/v2\/tags?post=37871"}],"curies":[{"name":"wp","href":"https:\/\/api.w.org\/{rel}","templated":true}]}}