{"id":37879,"date":"2023-01-09T20:30:26","date_gmt":"2023-01-09T20:30:26","guid":{"rendered":"https:\/\/www.africa-press.net\/senegal\/politique\/accident-a-kaffrine-toute-la-lumiere-sera-faite-ismaila-madior-fall"},"modified":"2023-01-09T20:30:26","modified_gmt":"2023-01-09T20:30:26","slug":"accident-a-kaffrine-toute-la-lumiere-sera-faite-ismaila-madior-fall","status":"publish","type":"post","link":"https:\/\/www.africa-press.net\/senegal\/politique\/accident-a-kaffrine-toute-la-lumiere-sera-faite-ismaila-madior-fall","title":{"rendered":"Accident \u00e0 Kaffrine : \u00ab\u00a0Toute la lumi\u00e8re sera faite\u00a0\u00bb (Ismaila Madior Fall)"},"content":{"rendered":"<p><span style=\"color: #ff6600\"><strong>Africa-Press &#8211; Senegal. <\/strong><\/span><b>L\u2019accident a\u0300 Kaffrine ne restera pas impunie. Toute la lumie\u0300re sera faite, promet le Garde des Sceaux, ministre de la Justice, Ismaila Madior Fall.<\/b><\/p>\n<p>Le ministre de la Justice, Ismai\u0308la Madior Fall, a indique\u0301 que la justice fera tout pour situer les responsabilite\u0301s du drame.<\/p>\n<p>Le Garde des Sceaux, ministre de la Justice, Ismaila Madior Fall a e\u0301galement pre\u0301sente\u0301 ses since\u0300res condole\u0301ances aux familles e\u0301plore\u0301es et a\u0300 toute la nation suite au terrible accident de la route qui s\u2019est produit a\u0300 Kaffrine causant la perte de 39 de nos compatriotes et occasionnant plusieurs blesse\u0301s graves, selon le dernier bilan officiel.<\/p>\n<p>\u00ab J\u2019informe l\u2019opinion que toute la lumie\u0300re sera faite sur les circonstances de la survenance de l\u2019accident afin de situer les responsabilite\u0301s aux fins de suites judiciaires approprie\u0301es \u00bb, rassure-t-il.<\/p>\n<p><strong>Pour plus d&rsquo;informations et d&rsquo;analyses sur la <a href=\"https:\/\/www.africa-press.net\/senegal\">Senegal<\/a>, suivez <a href=\"https:\/\/www.africa-press.net\/\">Africa-Press<\/a><\/strong><\/p>\n","protected":false},"excerpt":{"rendered":"<p>Africa-Press &#8211; Senegal. L\u2019accident a\u0300 Kaffrine ne restera pas impunie. Toute la lumie\u0300re sera faite, promet le Garde des Sceaux, ministre de la Justice, Ismaila Madior Fall. Le ministre de la Justice, Ismai\u0308la Madior Fall, a indique\u0301 que la justice fera tout pour situer les responsabilite\u0301s du drame. Le Garde des Sceaux, ministre de la [&hellip;]<\/p>\n","protected":false},"author":82,"featured_media":37878,"comment_status":"open","ping_status":"closed","sticky":false,"template":"","format":"standard","meta":{"footnotes":""},"categories":[2,20,10],"tags":[43,47,44],"class_list":["post-37879","post","type-post","status-publish","format-standard","has-post-thumbnail","hentry","category-politique","category-top-nouvelles","category-toutes-les-actualites","tag-africa-press-2","tag-africa-press-senegal","tag-senegal-2"],"yoast_head":"<!-- This site is optimized with the Yoast SEO Premium plugin v26.1 (Yoast SEO v27.0) - https:\/\/yoast.com\/product\/yoast-seo-premium-wordpress\/ -->\n<title>Accident \u00e0 Kaffrine : \u00ab\u00a0Toute la lumi\u00e8re sera faite\u00a0\u00bb (Ismaila Madior Fall) - Senegal<\/title>\n<meta name=\"robots\" content=\"index, follow, max-snippet:-1, max-image-preview:large, max-video-preview:-1\" \/>\n<link rel=\"canonical\" href=\"https:\/\/www.africa-press.net\/senegal\/politique\/accident-a-kaffrine-toute-la-lumiere-sera-faite-ismaila-madior-fall\" \/>\n<meta property=\"og:locale\" content=\"fr_FR\" \/>\n<meta property=\"og:type\" content=\"article\" \/>\n<meta property=\"og:title\" content=\"Accident \u00e0 Kaffrine : \u00ab\u00a0Toute la lumi\u00e8re sera faite\u00a0\u00bb (Ismaila Madior Fall)\" \/>\n<meta property=\"og:description\" content=\"Africa-Press &#8211; Senegal. L\u2019accident a\u0300 Kaffrine ne restera pas impunie. Toute la lumie\u0300re sera faite, promet le Garde des Sceaux, ministre de la Justice, Ismaila Madior Fall. Le ministre de la Justice, Ismai\u0308la Madior Fall, a indique\u0301 que la justice fera tout pour situer les responsabilite\u0301s du drame. Le Garde des Sceaux, ministre de la [&hellip;]\" \/>\n<meta property=\"og:url\" content=\"https:\/\/www.africa-press.net\/senegal\/politique\/accident-a-kaffrine-toute-la-lumiere-sera-faite-ismaila-madior-fall\" \/>\n<meta property=\"og:site_name\" content=\"Senegal\" \/>\n<meta property=\"article:published_time\" content=\"2023-01-09T20:30:26+00:00\" \/>\n<meta name=\"author\" content=\"cfeditorfr\" \/>\n<meta name=\"twitter:card\" content=\"summary_large_image\" \/>\n<meta name=\"twitter:label1\" content=\"\u00c9crit par\" \/>\n\t<meta name=\"twitter:data1\" content=\"cfeditorfr\" \/>\n\t<meta name=\"twitter:label2\" content=\"Dur\u00e9e de lecture estim\u00e9e\" \/>\n\t<meta name=\"twitter:data2\" content=\"1 minute\" \/>\n<script type=\"application\/ld+json\" class=\"yoast-schema-graph\">{\"@context\":\"https:\/\/schema.org\",\"@graph\":[{\"@type\":\"Article\",\"@id\":\"https:\/\/www.africa-press.net\/senegal\/politique\/accident-a-kaffrine-toute-la-lumiere-sera-faite-ismaila-madior-fall#article\",\"isPartOf\":{\"@id\":\"https:\/\/www.africa-press.net\/senegal\/politique\/accident-a-kaffrine-toute-la-lumiere-sera-faite-ismaila-madior-fall\"},\"author\":{\"name\":\"cfeditorfr\",\"@id\":\"https:\/\/www.africa-press.net\/senegal\/#\/schema\/person\/2b1cf3cd81a31e3cd26889ca66d677f1\"},\"headline\":\"Accident \u00e0 Kaffrine : \u00ab\u00a0Toute la lumi\u00e8re sera faite\u00a0\u00bb (Ismaila Madior Fall)\",\"datePublished\":\"2023-01-09T20:30:26+00:00\",\"mainEntityOfPage\":{\"@id\":\"https:\/\/www.africa-press.net\/senegal\/politique\/accident-a-kaffrine-toute-la-lumiere-sera-faite-ismaila-madior-fall\"},\"wordCount\":171,\"commentCount\":0,\"image\":{\"@id\":\"https:\/\/www.africa-press.net\/senegal\/politique\/accident-a-kaffrine-toute-la-lumiere-sera-faite-ismaila-madior-fall#primaryimage\"},\"thumbnailUrl\":\"https:\/\/static.africa-press.net\/senegal\/sites\/13\/2023\/01\/postQueueImg_1673285136.01.jpg\",\"keywords\":[\"Africa Press\",\"Africa Press-Senegal\",\"Senegal\"],\"articleSection\":[\"Politique\",\"Top Nouvelles\",\"Toutes les actualit\u00e9s\"],\"inLanguage\":\"fr-FR\",\"potentialAction\":[{\"@type\":\"CommentAction\",\"name\":\"Comment\",\"target\":[\"https:\/\/www.africa-press.net\/senegal\/politique\/accident-a-kaffrine-toute-la-lumiere-sera-faite-ismaila-madior-fall#respond\"]}]},{\"@type\":\"WebPage\",\"@id\":\"https:\/\/www.africa-press.net\/senegal\/politique\/accident-a-kaffrine-toute-la-lumiere-sera-faite-ismaila-madior-fall\",\"url\":\"https:\/\/www.africa-press.net\/senegal\/politique\/accident-a-kaffrine-toute-la-lumiere-sera-faite-ismaila-madior-fall\",\"name\":\"Accident \u00e0 Kaffrine : \u00ab\u00a0Toute la lumi\u00e8re sera faite\u00a0\u00bb (Ismaila Madior Fall) - Senegal\",\"isPartOf\":{\"@id\":\"https:\/\/www.africa-press.net\/senegal\/#website\"},\"primaryImageOfPage\":{\"@id\":\"https:\/\/www.africa-press.net\/senegal\/politique\/accident-a-kaffrine-toute-la-lumiere-sera-faite-ismaila-madior-fall#primaryimage\"},\"image\":{\"@id\":\"https:\/\/www.africa-press.net\/senegal\/politique\/accident-a-kaffrine-toute-la-lumiere-sera-faite-ismaila-madior-fall#primaryimage\"},\"thumbnailUrl\":\"https:\/\/static.africa-press.net\/senegal\/sites\/13\/2023\/01\/postQueueImg_1673285136.01.jpg\",\"datePublished\":\"2023-01-09T20:30:26+00:00\",\"author\":{\"@id\":\"https:\/\/www.africa-press.net\/senegal\/#\/schema\/person\/2b1cf3cd81a31e3cd26889ca66d677f1\"},\"breadcrumb\":{\"@id\":\"https:\/\/www.africa-press.net\/senegal\/politique\/accident-a-kaffrine-toute-la-lumiere-sera-faite-ismaila-madior-fall#breadcrumb\"},\"inLanguage\":\"fr-FR\",\"potentialAction\":[{\"@type\":\"ReadAction\",\"target\":[\"https:\/\/www.africa-press.net\/senegal\/politique\/accident-a-kaffrine-toute-la-lumiere-sera-faite-ismaila-madior-fall\"]}]},{\"@type\":\"ImageObject\",\"inLanguage\":\"fr-FR\",\"@id\":\"https:\/\/www.africa-press.net\/senegal\/politique\/accident-a-kaffrine-toute-la-lumiere-sera-faite-ismaila-madior-fall#primaryimage\",\"url\":\"https:\/\/static.africa-press.net\/senegal\/sites\/13\/2023\/01\/postQueueImg_1673285136.01.jpg\",\"contentUrl\":\"https:\/\/static.africa-press.net\/senegal\/sites\/13\/2023\/01\/postQueueImg_1673285136.01.jpg\",\"width\":720,\"height\":403,\"caption\":\"Accident \u00e0 Kaffrine : \u00ab\u00a0Toute la lumi\u00e8re sera faite\u00a0\u00bb (Ismaila Madior Fall)\"},{\"@type\":\"BreadcrumbList\",\"@id\":\"https:\/\/www.africa-press.net\/senegal\/politique\/accident-a-kaffrine-toute-la-lumiere-sera-faite-ismaila-madior-fall#breadcrumb\",\"itemListElement\":[{\"@type\":\"ListItem\",\"position\":1,\"name\":\"Accueil\",\"item\":\"https:\/\/www.africa-press.net\/senegal\/\"},{\"@type\":\"ListItem\",\"position\":2,\"name\":\"Accident \u00e0 Kaffrine : \u00ab\u00a0Toute la lumi\u00e8re sera faite\u00a0\u00bb (Ismaila Madior Fall)\"}]},{\"@type\":\"WebSite\",\"@id\":\"https:\/\/www.africa-press.net\/senegal\/#website\",\"url\":\"https:\/\/www.africa-press.net\/senegal\/\",\"name\":\"Africa Press | Senegal | Homepage\",\"description\":\"Just another Africa News Agency Sites site\",\"potentialAction\":[{\"@type\":\"SearchAction\",\"target\":{\"@type\":\"EntryPoint\",\"urlTemplate\":\"https:\/\/www.africa-press.net\/senegal\/?s={search_term_string}\"},\"query-input\":{\"@type\":\"PropertyValueSpecification\",\"valueRequired\":true,\"valueName\":\"search_term_string\"}}],\"inLanguage\":\"fr-FR\"},{\"@type\":\"Person\",\"@id\":\"https:\/\/www.africa-press.net\/senegal\/#\/schema\/person\/2b1cf3cd81a31e3cd26889ca66d677f1\",\"name\":\"cfeditorfr\",\"url\":\"https:\/\/www.africa-press.net\/senegal\/author\/cfeditorfr\"}]}<\/script>\n<!-- \/ Yoast SEO Premium plugin. -->","yoast_head_json":{"title":"Accident \u00e0 Kaffrine : \u00ab\u00a0Toute la lumi\u00e8re sera faite\u00a0\u00bb (Ismaila Madior Fall) - Senegal","robots":{"index":"index","follow":"follow","max-snippet":"max-snippet:-1","max-image-preview":"max-image-preview:large","max-video-preview":"max-video-preview:-1"},"canonical":"https:\/\/www.africa-press.net\/senegal\/politique\/accident-a-kaffrine-toute-la-lumiere-sera-faite-ismaila-madior-fall","og_locale":"fr_FR","og_type":"article","og_title":"Accident \u00e0 Kaffrine : \u00ab\u00a0Toute la lumi\u00e8re sera faite\u00a0\u00bb (Ismaila Madior Fall)","og_description":"Africa-Press &#8211; Senegal. L\u2019accident a\u0300 Kaffrine ne restera pas impunie. Toute la lumie\u0300re sera faite, promet le Garde des Sceaux, ministre de la Justice, Ismaila Madior Fall. Le ministre de la Justice, Ismai\u0308la Madior Fall, a indique\u0301 que la justice fera tout pour situer les responsabilite\u0301s du drame. Le Garde des Sceaux, ministre de la [&hellip;]","og_url":"https:\/\/www.africa-press.net\/senegal\/politique\/accident-a-kaffrine-toute-la-lumiere-sera-faite-ismaila-madior-fall","og_site_name":"Senegal","article_published_time":"2023-01-09T20:30:26+00:00","author":"cfeditorfr","twitter_card":"summary_large_image","twitter_misc":{"\u00c9crit par":"cfeditorfr","Dur\u00e9e de lecture estim\u00e9e":"1 minute"},"schema":{"@context":"https:\/\/schema.org","@graph":[{"@type":"Article","@id":"https:\/\/www.africa-press.net\/senegal\/politique\/accident-a-kaffrine-toute-la-lumiere-sera-faite-ismaila-madior-fall#article","isPartOf":{"@id":"https:\/\/www.africa-press.net\/senegal\/politique\/accident-a-kaffrine-toute-la-lumiere-sera-faite-ismaila-madior-fall"},"author":{"name":"cfeditorfr","@id":"https:\/\/www.africa-press.net\/senegal\/#\/schema\/person\/2b1cf3cd81a31e3cd26889ca66d677f1"},"headline":"Accident \u00e0 Kaffrine : \u00ab\u00a0Toute la lumi\u00e8re sera faite\u00a0\u00bb (Ismaila Madior Fall)","datePublished":"2023-01-09T20:30:26+00:00","mainEntityOfPage":{"@id":"https:\/\/www.africa-press.net\/senegal\/politique\/accident-a-kaffrine-toute-la-lumiere-sera-faite-ismaila-madior-fall"},"wordCount":171,"commentCount":0,"image":{"@id":"https:\/\/www.africa-press.net\/senegal\/politique\/accident-a-kaffrine-toute-la-lumiere-sera-faite-ismaila-madior-fall#primaryimage"},"thumbnailUrl":"https:\/\/static.africa-press.net\/senegal\/sites\/13\/2023\/01\/postQueueImg_1673285136.01.jpg","keywords":["Africa Press","Africa Press-Senegal","Senegal"],"articleSection":["Politique","Top Nouvelles","Toutes les actualit\u00e9s"],"inLanguage":"fr-FR","potentialAction":[{"@type":"CommentAction","name":"Comment","target":["https:\/\/www.africa-press.net\/senegal\/politique\/accident-a-kaffrine-toute-la-lumiere-sera-faite-ismaila-madior-fall#respond"]}]},{"@type":"WebPage","@id":"https:\/\/www.africa-press.net\/senegal\/politique\/accident-a-kaffrine-toute-la-lumiere-sera-faite-ismaila-madior-fall","url":"https:\/\/www.africa-press.net\/senegal\/politique\/accident-a-kaffrine-toute-la-lumiere-sera-faite-ismaila-madior-fall","name":"Accident \u00e0 Kaffrine : \u00ab\u00a0Toute la lumi\u00e8re sera faite\u00a0\u00bb (Ismaila Madior Fall) - Senegal","isPartOf":{"@id":"https:\/\/www.africa-press.net\/senegal\/#website"},"primaryImageOfPage":{"@id":"https:\/\/www.africa-press.net\/senegal\/politique\/accident-a-kaffrine-toute-la-lumiere-sera-faite-ismaila-madior-fall#primaryimage"},"image":{"@id":"https:\/\/www.africa-press.net\/senegal\/politique\/accident-a-kaffrine-toute-la-lumiere-sera-faite-ismaila-madior-fall#primaryimage"},"thumbnailUrl":"https:\/\/static.africa-press.net\/senegal\/sites\/13\/2023\/01\/postQueueImg_1673285136.01.jpg","datePublished":"2023-01-09T20:30:26+00:00","author":{"@id":"https:\/\/www.africa-press.net\/senegal\/#\/schema\/person\/2b1cf3cd81a31e3cd26889ca66d677f1"},"breadcrumb":{"@id":"https:\/\/www.africa-press.net\/senegal\/politique\/accident-a-kaffrine-toute-la-lumiere-sera-faite-ismaila-madior-fall#breadcrumb"},"inLanguage":"fr-FR","potentialAction":[{"@type":"ReadAction","target":["https:\/\/www.africa-press.net\/senegal\/politique\/accident-a-kaffrine-toute-la-lumiere-sera-faite-ismaila-madior-fall"]}]},{"@type":"ImageObject","inLanguage":"fr-FR","@id":"https:\/\/www.africa-press.net\/senegal\/politique\/accident-a-kaffrine-toute-la-lumiere-sera-faite-ismaila-madior-fall#primaryimage","url":"https:\/\/static.africa-press.net\/senegal\/sites\/13\/2023\/01\/postQueueImg_1673285136.01.jpg","contentUrl":"https:\/\/static.africa-press.net\/senegal\/sites\/13\/2023\/01\/postQueueImg_1673285136.01.jpg","width":720,"height":403,"caption":"Accident \u00e0 Kaffrine : \u00ab\u00a0Toute la lumi\u00e8re sera faite\u00a0\u00bb (Ismaila Madior Fall)"},{"@type":"BreadcrumbList","@id":"https:\/\/www.africa-press.net\/senegal\/politique\/accident-a-kaffrine-toute-la-lumiere-sera-faite-ismaila-madior-fall#breadcrumb","itemListElement":[{"@type":"ListItem","position":1,"name":"Accueil","item":"https:\/\/www.africa-press.net\/senegal\/"},{"@type":"ListItem","position":2,"name":"Accident \u00e0 Kaffrine : \u00ab\u00a0Toute la lumi\u00e8re sera faite\u00a0\u00bb (Ismaila Madior Fall)"}]},{"@type":"WebSite","@id":"https:\/\/www.africa-press.net\/senegal\/#website","url":"https:\/\/www.africa-press.net\/senegal\/","name":"Africa Press | Senegal | Homepage","description":"Just another Africa News Agency Sites site","potentialAction":[{"@type":"SearchAction","target":{"@type":"EntryPoint","urlTemplate":"https:\/\/www.africa-press.net\/senegal\/?s={search_term_string}"},"query-input":{"@type":"PropertyValueSpecification","valueRequired":true,"valueName":"search_term_string"}}],"inLanguage":"fr-FR"},{"@type":"Person","@id":"https:\/\/www.africa-press.net\/senegal\/#\/schema\/person\/2b1cf3cd81a31e3cd26889ca66d677f1","name":"cfeditorfr","url":"https:\/\/www.africa-press.net\/senegal\/author\/cfeditorfr"}]}},"_links":{"self":[{"href":"https:\/\/www.africa-press.net\/senegal\/wp-json\/wp\/v2\/posts\/37879","targetHints":{"allow":["GET"]}}],"collection":[{"href":"https:\/\/www.africa-press.net\/senegal\/wp-json\/wp\/v2\/posts"}],"about":[{"href":"https:\/\/www.africa-press.net\/senegal\/wp-json\/wp\/v2\/types\/post"}],"author":[{"embeddable":true,"href":"https:\/\/www.africa-press.net\/senegal\/wp-json\/wp\/v2\/users\/82"}],"replies":[{"embeddable":true,"href":"https:\/\/www.africa-press.net\/senegal\/wp-json\/wp\/v2\/comments?post=37879"}],"version-history":[{"count":0,"href":"https:\/\/www.africa-press.net\/senegal\/wp-json\/wp\/v2\/posts\/37879\/revisions"}],"wp:featuredmedia":[{"embeddable":true,"href":"https:\/\/www.africa-press.net\/senegal\/wp-json\/wp\/v2\/media\/37878"}],"wp:attachment":[{"href":"https:\/\/www.africa-press.net\/senegal\/wp-json\/wp\/v2\/media?parent=37879"}],"wp:term":[{"taxonomy":"category","embeddable":true,"href":"https:\/\/www.africa-press.net\/senegal\/wp-json\/wp\/v2\/categories?post=37879"},{"taxonomy":"post_tag","embeddable":true,"href":"https:\/\/www.africa-press.net\/senegal\/wp-json\/wp\/v2\/tags?post=37879"}],"curies":[{"name":"wp","href":"https:\/\/api.w.org\/{rel}","templated":true}]}}