{"id":37885,"date":"2023-01-10T19:56:28","date_gmt":"2023-01-10T19:56:28","guid":{"rendered":"https:\/\/www.africa-press.net\/senegal\/politique\/le-representant-du-fmi-invite-letat-a-faire-des-subventions-ciblees"},"modified":"2023-01-10T19:56:28","modified_gmt":"2023-01-10T19:56:28","slug":"le-representant-du-fmi-invite-letat-a-faire-des-subventions-ciblees","status":"publish","type":"post","link":"https:\/\/www.africa-press.net\/senegal\/economie\/le-representant-du-fmi-invite-letat-a-faire-des-subventions-ciblees","title":{"rendered":"Le repr\u00e9sentant du FMI invite l\u2019Etat \u00e0 faire des subventions cibl\u00e9es"},"content":{"rendered":"<p><span style=\"color: #ff6600\"><strong>Africa-Press &#8211; Senegal. <\/strong><\/span>Le repre\u0301sentant-re\u0301sident du Fonds mone\u0301taire international (FMI) au Se\u0301ne\u0301gal, Mesmin Koulet Vickot, a appele\u0301 le gouvernement a\u0300 faire un ciblage des subventions soulignant que 750 milliards de FCFA ont e\u0301te\u0301 de\u0301pense\u0301es pour les subventions lie\u0301es a\u0300 l\u2019e\u0301nergie en 2022.<\/p>\n<p>\u2018\u2019Le statuquo e\u0301tait intenable. Les subventions doivent e\u0302tre cible\u0301es. En 2022, les subventions lie\u0301es a\u0300 l\u2019e\u0301nergie e\u0301taient de 750 milliards FCFA contre 150 milliards en 2021. Ce qui a repre\u0301sente\u0301 en 2022 plus de 23 % des recettes budge\u0301taires du Se\u0301ne\u0301gal\u2019\u2019, a indique\u0301, mardi, Mesmin Koulet Vickot, Repre\u0301sentant-re\u0301sident du FMI au Se\u0301ne\u0301gal.<\/p>\n<p>Il rencontrait la presse suite au de\u0301blocage d&rsquo;environ 215,96 millions de dollars ame\u0301ricains soit 133 milliards de FCFA pour le Se\u0301ne\u0301gal lors du Conseil d&rsquo;administration du FMI qui a approuve\u0301, lundi, la sixie\u0300me et dernie\u0300re revue du programme au titre de l&rsquo;Instrument de Coordination de la Politique e\u0301conomique, les troisie\u0300mes et dernie\u0300res revues de l&rsquo;Accord au titre de la Facilite\u0301 de Cre\u0301dit de Confirmation et de l&rsquo;Accord de Confirmation.<\/p>\n<p>Selon lui, \u2018\u2019le conseil d\u2019administration du FMI est satisfait des re\u0301sultats obtenus par le Se\u0301ne\u0301gal et des re\u0301formes en de\u0301pit d\u2019un contexte marque\u0301 par la hausse du dollar et la crise ukrainienne\u2019.<\/p>\n<p>Il a souligne\u0301 que \u2018\u2019les subventions be\u0301ne\u0301ficiaient aux couches les plus aise\u0301es\u00a0\u00bb.<\/p>\n<p>Pour re\u0301duire les subventions a\u0300 l&rsquo;e\u0301nergie en 2023, les autorite\u0301s ont de\u0301cide\u0301 d&rsquo;augmenter les prix de l&rsquo;e\u0301lectricite\u0301 et du carburant, tout en amortissant l&rsquo;impact sur les me\u0301nages vulne\u0301rables.<\/p>\n<p>\u2018\u2019Il y a toujours l\u2019ide\u0301e de prote\u0301ger les me\u0301nages vulne\u0301rables car il n y a pas de hausse sur le gaz butane et sur les consommations d\u2019e\u0301lectricite\u0301 comprises entre 0 et 150 kilowatt\u2019\u2019, a-t-il ajoute\u0301.<\/p>\n<p>Ces de\u0301cisions vont, selon M. Vickot, \u2018\u2019favoriser la reconstitution des marges de manoeuvre budge\u0301taires\u00a0\u00bb.<\/p>\n<p>Il a ajoute\u0301 que la re\u0301duction de la dette publique demeure une priorite\u0301 pour les prochaines anne\u0301es gra\u0302ce a\u0300 une mise en oeuvre acce\u0301le\u0301re\u0301e de la strate\u0301gie de mobilisation des recettes inte\u0301rieures et la suppression progressive des subventions a\u0300 l&rsquo;e\u0301nergie.<\/p>\n<p>En outre, a-t-il dit \u2018\u2019le gouvernement a publie\u0301 une feuille de route visant a\u0300 supprimer progressivement les subventions a\u0300 l&rsquo;e\u0301nergie d&rsquo;ici 2025\u2019\u2019.<\/p>\n<p>En ce qui concerne l\u2019environnement des affaires, il a affirme\u0301 que des re\u0301formes \u2018\u2019qui permettront d\u2019ame\u0301liorer le climat des affaires ont pris du temps comme celles sur le syste\u0300me foncier et les investissements\u2019\u2019.<\/p>\n<p>\u2018\u2019Nous soutenons les bonnes re\u0301formes e\u0301conomiques. L\u2019approbation de cette dernie\u0300re tanche de 133 milliards FCFA e\u0301tait plus ou moins assujettie a\u0300 ces mesures\u00a0\u00bb, a-t-il releve\u0301.<\/p>\n<p><strong>Pour plus d&rsquo;informations et d&rsquo;analyses sur la <a href=\"https:\/\/www.africa-press.net\/senegal\">Senegal<\/a>, suivez <a href=\"https:\/\/www.africa-press.net\/\">Africa-Press<\/a><\/strong><\/p>\n","protected":false},"excerpt":{"rendered":"<p>Africa-Press &#8211; Senegal. Le repre\u0301sentant-re\u0301sident du Fonds mone\u0301taire international (FMI) au Se\u0301ne\u0301gal, Mesmin Koulet Vickot, a appele\u0301 le gouvernement a\u0300 faire un ciblage des subventions soulignant que 750 milliards de FCFA ont e\u0301te\u0301 de\u0301pense\u0301es pour les subventions lie\u0301es a\u0300 l\u2019e\u0301nergie en 2022. \u2018\u2019Le statuquo e\u0301tait intenable. Les subventions doivent e\u0302tre cible\u0301es. En 2022, les subventions [&hellip;]<\/p>\n","protected":false},"author":82,"featured_media":37884,"comment_status":"open","ping_status":"closed","sticky":false,"template":"","format":"standard","meta":{"footnotes":""},"categories":[3,20,10],"tags":[43,47,44],"class_list":["post-37885","post","type-post","status-publish","format-standard","has-post-thumbnail","hentry","category-economie","category-top-nouvelles","category-toutes-les-actualites","tag-africa-press-2","tag-africa-press-senegal","tag-senegal-2"],"yoast_head":"<!-- This site is optimized with the Yoast SEO Premium plugin v26.1 (Yoast SEO v27.0) - https:\/\/yoast.com\/product\/yoast-seo-premium-wordpress\/ -->\n<title>Le repr\u00e9sentant du FMI invite l\u2019Etat \u00e0 faire des subventions cibl\u00e9es - Senegal<\/title>\n<meta name=\"robots\" content=\"index, follow, max-snippet:-1, max-image-preview:large, max-video-preview:-1\" \/>\n<link rel=\"canonical\" href=\"https:\/\/www.africa-press.net\/senegal\/politique\/le-representant-du-fmi-invite-letat-a-faire-des-subventions-ciblees\" \/>\n<meta property=\"og:locale\" content=\"fr_FR\" \/>\n<meta property=\"og:type\" content=\"article\" \/>\n<meta property=\"og:title\" content=\"Le repr\u00e9sentant du FMI invite l\u2019Etat \u00e0 faire des subventions cibl\u00e9es\" \/>\n<meta property=\"og:description\" content=\"Africa-Press &#8211; Senegal. Le repre\u0301sentant-re\u0301sident du Fonds mone\u0301taire international (FMI) au Se\u0301ne\u0301gal, Mesmin Koulet Vickot, a appele\u0301 le gouvernement a\u0300 faire un ciblage des subventions soulignant que 750 milliards de FCFA ont e\u0301te\u0301 de\u0301pense\u0301es pour les subventions lie\u0301es a\u0300 l\u2019e\u0301nergie en 2022. \u2018\u2019Le statuquo e\u0301tait intenable. Les subventions doivent e\u0302tre cible\u0301es. En 2022, les subventions [&hellip;]\" \/>\n<meta property=\"og:url\" content=\"https:\/\/www.africa-press.net\/senegal\/politique\/le-representant-du-fmi-invite-letat-a-faire-des-subventions-ciblees\" \/>\n<meta property=\"og:site_name\" content=\"Senegal\" \/>\n<meta property=\"article:published_time\" content=\"2023-01-10T19:56:28+00:00\" \/>\n<meta name=\"author\" content=\"cfeditorfr\" \/>\n<meta name=\"twitter:card\" content=\"summary_large_image\" \/>\n<meta name=\"twitter:label1\" content=\"\u00c9crit par\" \/>\n\t<meta name=\"twitter:data1\" content=\"cfeditorfr\" \/>\n\t<meta name=\"twitter:label2\" content=\"Dur\u00e9e de lecture estim\u00e9e\" \/>\n\t<meta name=\"twitter:data2\" content=\"2 minutes\" \/>\n<script type=\"application\/ld+json\" class=\"yoast-schema-graph\">{\"@context\":\"https:\/\/schema.org\",\"@graph\":[{\"@type\":\"Article\",\"@id\":\"https:\/\/www.africa-press.net\/senegal\/politique\/le-representant-du-fmi-invite-letat-a-faire-des-subventions-ciblees#article\",\"isPartOf\":{\"@id\":\"https:\/\/www.africa-press.net\/senegal\/politique\/le-representant-du-fmi-invite-letat-a-faire-des-subventions-ciblees\"},\"author\":{\"name\":\"cfeditorfr\",\"@id\":\"https:\/\/www.africa-press.net\/senegal\/#\/schema\/person\/2b1cf3cd81a31e3cd26889ca66d677f1\"},\"headline\":\"Le repr\u00e9sentant du FMI invite l\u2019Etat \u00e0 faire des subventions cibl\u00e9es\",\"datePublished\":\"2023-01-10T19:56:28+00:00\",\"mainEntityOfPage\":{\"@id\":\"https:\/\/www.africa-press.net\/senegal\/politique\/le-representant-du-fmi-invite-letat-a-faire-des-subventions-ciblees\"},\"wordCount\":507,\"commentCount\":0,\"image\":{\"@id\":\"https:\/\/www.africa-press.net\/senegal\/politique\/le-representant-du-fmi-invite-letat-a-faire-des-subventions-ciblees#primaryimage\"},\"thumbnailUrl\":\"https:\/\/static.africa-press.net\/senegal\/sites\/13\/2023\/01\/postQueueImg_1673368007.83.jpg\",\"keywords\":[\"Africa Press\",\"Africa Press-Senegal\",\"Senegal\"],\"articleSection\":[\"\u00c9conomie\",\"Top Nouvelles\",\"Toutes les actualit\u00e9s\"],\"inLanguage\":\"fr-FR\",\"potentialAction\":[{\"@type\":\"CommentAction\",\"name\":\"Comment\",\"target\":[\"https:\/\/www.africa-press.net\/senegal\/politique\/le-representant-du-fmi-invite-letat-a-faire-des-subventions-ciblees#respond\"]}]},{\"@type\":\"WebPage\",\"@id\":\"https:\/\/www.africa-press.net\/senegal\/politique\/le-representant-du-fmi-invite-letat-a-faire-des-subventions-ciblees\",\"url\":\"https:\/\/www.africa-press.net\/senegal\/politique\/le-representant-du-fmi-invite-letat-a-faire-des-subventions-ciblees\",\"name\":\"Le repr\u00e9sentant du FMI invite l\u2019Etat \u00e0 faire des subventions cibl\u00e9es - Senegal\",\"isPartOf\":{\"@id\":\"https:\/\/www.africa-press.net\/senegal\/#website\"},\"primaryImageOfPage\":{\"@id\":\"https:\/\/www.africa-press.net\/senegal\/politique\/le-representant-du-fmi-invite-letat-a-faire-des-subventions-ciblees#primaryimage\"},\"image\":{\"@id\":\"https:\/\/www.africa-press.net\/senegal\/politique\/le-representant-du-fmi-invite-letat-a-faire-des-subventions-ciblees#primaryimage\"},\"thumbnailUrl\":\"https:\/\/static.africa-press.net\/senegal\/sites\/13\/2023\/01\/postQueueImg_1673368007.83.jpg\",\"datePublished\":\"2023-01-10T19:56:28+00:00\",\"author\":{\"@id\":\"https:\/\/www.africa-press.net\/senegal\/#\/schema\/person\/2b1cf3cd81a31e3cd26889ca66d677f1\"},\"breadcrumb\":{\"@id\":\"https:\/\/www.africa-press.net\/senegal\/politique\/le-representant-du-fmi-invite-letat-a-faire-des-subventions-ciblees#breadcrumb\"},\"inLanguage\":\"fr-FR\",\"potentialAction\":[{\"@type\":\"ReadAction\",\"target\":[\"https:\/\/www.africa-press.net\/senegal\/politique\/le-representant-du-fmi-invite-letat-a-faire-des-subventions-ciblees\"]}]},{\"@type\":\"ImageObject\",\"inLanguage\":\"fr-FR\",\"@id\":\"https:\/\/www.africa-press.net\/senegal\/politique\/le-representant-du-fmi-invite-letat-a-faire-des-subventions-ciblees#primaryimage\",\"url\":\"https:\/\/static.africa-press.net\/senegal\/sites\/13\/2023\/01\/postQueueImg_1673368007.83.jpg\",\"contentUrl\":\"https:\/\/static.africa-press.net\/senegal\/sites\/13\/2023\/01\/postQueueImg_1673368007.83.jpg\",\"width\":1620,\"height\":925,\"caption\":\"Le repr\u00e9sentant du FMI invite l\u2019Etat \u00e0 faire des subventions cibl\u00e9es\"},{\"@type\":\"BreadcrumbList\",\"@id\":\"https:\/\/www.africa-press.net\/senegal\/politique\/le-representant-du-fmi-invite-letat-a-faire-des-subventions-ciblees#breadcrumb\",\"itemListElement\":[{\"@type\":\"ListItem\",\"position\":1,\"name\":\"Accueil\",\"item\":\"https:\/\/www.africa-press.net\/senegal\/\"},{\"@type\":\"ListItem\",\"position\":2,\"name\":\"Le repr\u00e9sentant du FMI invite l\u2019Etat \u00e0 faire des subventions cibl\u00e9es\"}]},{\"@type\":\"WebSite\",\"@id\":\"https:\/\/www.africa-press.net\/senegal\/#website\",\"url\":\"https:\/\/www.africa-press.net\/senegal\/\",\"name\":\"Africa Press | Senegal | Homepage\",\"description\":\"Just another Africa News Agency Sites site\",\"potentialAction\":[{\"@type\":\"SearchAction\",\"target\":{\"@type\":\"EntryPoint\",\"urlTemplate\":\"https:\/\/www.africa-press.net\/senegal\/?s={search_term_string}\"},\"query-input\":{\"@type\":\"PropertyValueSpecification\",\"valueRequired\":true,\"valueName\":\"search_term_string\"}}],\"inLanguage\":\"fr-FR\"},{\"@type\":\"Person\",\"@id\":\"https:\/\/www.africa-press.net\/senegal\/#\/schema\/person\/2b1cf3cd81a31e3cd26889ca66d677f1\",\"name\":\"cfeditorfr\",\"url\":\"https:\/\/www.africa-press.net\/senegal\/author\/cfeditorfr\"}]}<\/script>\n<!-- \/ Yoast SEO Premium plugin. -->","yoast_head_json":{"title":"Le repr\u00e9sentant du FMI invite l\u2019Etat \u00e0 faire des subventions cibl\u00e9es - Senegal","robots":{"index":"index","follow":"follow","max-snippet":"max-snippet:-1","max-image-preview":"max-image-preview:large","max-video-preview":"max-video-preview:-1"},"canonical":"https:\/\/www.africa-press.net\/senegal\/politique\/le-representant-du-fmi-invite-letat-a-faire-des-subventions-ciblees","og_locale":"fr_FR","og_type":"article","og_title":"Le repr\u00e9sentant du FMI invite l\u2019Etat \u00e0 faire des subventions cibl\u00e9es","og_description":"Africa-Press &#8211; Senegal. Le repre\u0301sentant-re\u0301sident du Fonds mone\u0301taire international (FMI) au Se\u0301ne\u0301gal, Mesmin Koulet Vickot, a appele\u0301 le gouvernement a\u0300 faire un ciblage des subventions soulignant que 750 milliards de FCFA ont e\u0301te\u0301 de\u0301pense\u0301es pour les subventions lie\u0301es a\u0300 l\u2019e\u0301nergie en 2022. \u2018\u2019Le statuquo e\u0301tait intenable. Les subventions doivent e\u0302tre cible\u0301es. En 2022, les subventions [&hellip;]","og_url":"https:\/\/www.africa-press.net\/senegal\/politique\/le-representant-du-fmi-invite-letat-a-faire-des-subventions-ciblees","og_site_name":"Senegal","article_published_time":"2023-01-10T19:56:28+00:00","author":"cfeditorfr","twitter_card":"summary_large_image","twitter_misc":{"\u00c9crit par":"cfeditorfr","Dur\u00e9e de lecture estim\u00e9e":"2 minutes"},"schema":{"@context":"https:\/\/schema.org","@graph":[{"@type":"Article","@id":"https:\/\/www.africa-press.net\/senegal\/politique\/le-representant-du-fmi-invite-letat-a-faire-des-subventions-ciblees#article","isPartOf":{"@id":"https:\/\/www.africa-press.net\/senegal\/politique\/le-representant-du-fmi-invite-letat-a-faire-des-subventions-ciblees"},"author":{"name":"cfeditorfr","@id":"https:\/\/www.africa-press.net\/senegal\/#\/schema\/person\/2b1cf3cd81a31e3cd26889ca66d677f1"},"headline":"Le repr\u00e9sentant du FMI invite l\u2019Etat \u00e0 faire des subventions cibl\u00e9es","datePublished":"2023-01-10T19:56:28+00:00","mainEntityOfPage":{"@id":"https:\/\/www.africa-press.net\/senegal\/politique\/le-representant-du-fmi-invite-letat-a-faire-des-subventions-ciblees"},"wordCount":507,"commentCount":0,"image":{"@id":"https:\/\/www.africa-press.net\/senegal\/politique\/le-representant-du-fmi-invite-letat-a-faire-des-subventions-ciblees#primaryimage"},"thumbnailUrl":"https:\/\/static.africa-press.net\/senegal\/sites\/13\/2023\/01\/postQueueImg_1673368007.83.jpg","keywords":["Africa Press","Africa Press-Senegal","Senegal"],"articleSection":["\u00c9conomie","Top Nouvelles","Toutes les actualit\u00e9s"],"inLanguage":"fr-FR","potentialAction":[{"@type":"CommentAction","name":"Comment","target":["https:\/\/www.africa-press.net\/senegal\/politique\/le-representant-du-fmi-invite-letat-a-faire-des-subventions-ciblees#respond"]}]},{"@type":"WebPage","@id":"https:\/\/www.africa-press.net\/senegal\/politique\/le-representant-du-fmi-invite-letat-a-faire-des-subventions-ciblees","url":"https:\/\/www.africa-press.net\/senegal\/politique\/le-representant-du-fmi-invite-letat-a-faire-des-subventions-ciblees","name":"Le repr\u00e9sentant du FMI invite l\u2019Etat \u00e0 faire des subventions cibl\u00e9es - Senegal","isPartOf":{"@id":"https:\/\/www.africa-press.net\/senegal\/#website"},"primaryImageOfPage":{"@id":"https:\/\/www.africa-press.net\/senegal\/politique\/le-representant-du-fmi-invite-letat-a-faire-des-subventions-ciblees#primaryimage"},"image":{"@id":"https:\/\/www.africa-press.net\/senegal\/politique\/le-representant-du-fmi-invite-letat-a-faire-des-subventions-ciblees#primaryimage"},"thumbnailUrl":"https:\/\/static.africa-press.net\/senegal\/sites\/13\/2023\/01\/postQueueImg_1673368007.83.jpg","datePublished":"2023-01-10T19:56:28+00:00","author":{"@id":"https:\/\/www.africa-press.net\/senegal\/#\/schema\/person\/2b1cf3cd81a31e3cd26889ca66d677f1"},"breadcrumb":{"@id":"https:\/\/www.africa-press.net\/senegal\/politique\/le-representant-du-fmi-invite-letat-a-faire-des-subventions-ciblees#breadcrumb"},"inLanguage":"fr-FR","potentialAction":[{"@type":"ReadAction","target":["https:\/\/www.africa-press.net\/senegal\/politique\/le-representant-du-fmi-invite-letat-a-faire-des-subventions-ciblees"]}]},{"@type":"ImageObject","inLanguage":"fr-FR","@id":"https:\/\/www.africa-press.net\/senegal\/politique\/le-representant-du-fmi-invite-letat-a-faire-des-subventions-ciblees#primaryimage","url":"https:\/\/static.africa-press.net\/senegal\/sites\/13\/2023\/01\/postQueueImg_1673368007.83.jpg","contentUrl":"https:\/\/static.africa-press.net\/senegal\/sites\/13\/2023\/01\/postQueueImg_1673368007.83.jpg","width":1620,"height":925,"caption":"Le repr\u00e9sentant du FMI invite l\u2019Etat \u00e0 faire des subventions cibl\u00e9es"},{"@type":"BreadcrumbList","@id":"https:\/\/www.africa-press.net\/senegal\/politique\/le-representant-du-fmi-invite-letat-a-faire-des-subventions-ciblees#breadcrumb","itemListElement":[{"@type":"ListItem","position":1,"name":"Accueil","item":"https:\/\/www.africa-press.net\/senegal\/"},{"@type":"ListItem","position":2,"name":"Le repr\u00e9sentant du FMI invite l\u2019Etat \u00e0 faire des subventions cibl\u00e9es"}]},{"@type":"WebSite","@id":"https:\/\/www.africa-press.net\/senegal\/#website","url":"https:\/\/www.africa-press.net\/senegal\/","name":"Africa Press | Senegal | Homepage","description":"Just another Africa News Agency Sites site","potentialAction":[{"@type":"SearchAction","target":{"@type":"EntryPoint","urlTemplate":"https:\/\/www.africa-press.net\/senegal\/?s={search_term_string}"},"query-input":{"@type":"PropertyValueSpecification","valueRequired":true,"valueName":"search_term_string"}}],"inLanguage":"fr-FR"},{"@type":"Person","@id":"https:\/\/www.africa-press.net\/senegal\/#\/schema\/person\/2b1cf3cd81a31e3cd26889ca66d677f1","name":"cfeditorfr","url":"https:\/\/www.africa-press.net\/senegal\/author\/cfeditorfr"}]}},"_links":{"self":[{"href":"https:\/\/www.africa-press.net\/senegal\/wp-json\/wp\/v2\/posts\/37885","targetHints":{"allow":["GET"]}}],"collection":[{"href":"https:\/\/www.africa-press.net\/senegal\/wp-json\/wp\/v2\/posts"}],"about":[{"href":"https:\/\/www.africa-press.net\/senegal\/wp-json\/wp\/v2\/types\/post"}],"author":[{"embeddable":true,"href":"https:\/\/www.africa-press.net\/senegal\/wp-json\/wp\/v2\/users\/82"}],"replies":[{"embeddable":true,"href":"https:\/\/www.africa-press.net\/senegal\/wp-json\/wp\/v2\/comments?post=37885"}],"version-history":[{"count":0,"href":"https:\/\/www.africa-press.net\/senegal\/wp-json\/wp\/v2\/posts\/37885\/revisions"}],"wp:featuredmedia":[{"embeddable":true,"href":"https:\/\/www.africa-press.net\/senegal\/wp-json\/wp\/v2\/media\/37884"}],"wp:attachment":[{"href":"https:\/\/www.africa-press.net\/senegal\/wp-json\/wp\/v2\/media?parent=37885"}],"wp:term":[{"taxonomy":"category","embeddable":true,"href":"https:\/\/www.africa-press.net\/senegal\/wp-json\/wp\/v2\/categories?post=37885"},{"taxonomy":"post_tag","embeddable":true,"href":"https:\/\/www.africa-press.net\/senegal\/wp-json\/wp\/v2\/tags?post=37885"}],"curies":[{"name":"wp","href":"https:\/\/api.w.org\/{rel}","templated":true}]}}