{"id":37887,"date":"2023-01-10T19:57:24","date_gmt":"2023-01-10T19:57:24","guid":{"rendered":"https:\/\/www.africa-press.net\/senegal\/politique\/des-organisations-relevent-les-faiblesses-structurelles-de-laviculture-senegalaise"},"modified":"2023-01-10T19:57:24","modified_gmt":"2023-01-10T19:57:24","slug":"des-organisations-relevent-les-faiblesses-structurelles-de-laviculture-senegalaise","status":"publish","type":"post","link":"https:\/\/www.africa-press.net\/senegal\/toutes-les-actualites\/des-organisations-relevent-les-faiblesses-structurelles-de-laviculture-senegalaise","title":{"rendered":"Des organisations rel\u00e8vent les \u2018\u2019faiblesses structurelles\u2019\u2019 de l\u2019aviculture s\u00e9n\u00e9galaise"},"content":{"rendered":"<p><span style=\"color: #ff6600\"><strong>Africa-Press &#8211; Senegal. <\/strong><\/span>L\u2019Interprofession avicole du Se\u0301ne\u0301gal (IPAS), l\u2019Initiative prospective agricole et rurale (IPAR) et d\u2019autres organisations ont releve\u0301 les \u2018\u2019faiblesses structurelles\u2019\u2019 de l\u2019aviculture se\u0301ne\u0301galais dans un document parvenu mardi a\u0300 l\u2019APS.<\/p>\n<p>\u2018\u2019Au Se\u0301ne\u0301gal, la filie\u0300re avicole est marque\u0301e par des faiblesses structurelles dues a\u0300 une de\u0301pendance excessive vis-a\u0300-vis du mai\u0308s importe\u0301, qui est la base de l\u2019alimentation en aviculture industrielle\u2019\u2019, rele\u0300vent l\u2019IPAS, l\u2019IPAR et l\u2019Universite\u0301 de Bonn (Allemagne).<\/p>\n<p>Le document intitule\u0301 \u2018\u2019Succe\u0300s, enjeux et perspectives de l\u2019aviculture au Se\u0301ne\u0301gal\u2019\u2019 de\u0301coule d\u2019une e\u0301tude mene\u0301e sur l\u2019aviculture se\u0301ne\u0301galaise, avec le concours du Forum pour la recherche avicole en Afrique, base\u0301 a\u0300 Accra.<\/p>\n<p>Cette e\u0301tude a e\u0301te\u0301 pre\u0301sente\u0301e lors d\u2019un atelier organise\u0301 lundi et mardi a\u0300 Dakar.<\/p>\n<p>\u2018\u2019En outre, des pressions re\u0301currentes sont exerce\u0301es sur les partenaires gouvernementaux se\u0301ne\u0301galais, pour qu\u2019ils modifient leur politique commerciale aux frontie\u0300res (&#8230;) et le\u0300vent l\u2019interdiction d\u2019importer de la viande de volaille\u2019\u2019, affirment les auteurs du document.<\/p>\n<p>Ils estiment toutefois que \u2018\u2019depuis 2005, une industrie avicole solide s\u2019est de\u0301veloppe\u0301e au Se\u0301ne\u0301gal pour approvisionner les marche\u0301s de consommation et (&#8230;) fournir des intrants et des services aux petits et moyens e\u0301leveurs de volaille\u2019\u2019.<\/p>\n<p>Cette industrie de l\u2019aviculture est en me\u0302me temps au service des \u2018\u2019plus grandes exploitations avicoles commerciales\u2019\u2019, selon la me\u0302me source.<\/p>\n<p>\u2018\u2019L\u2019Etat du Se\u0301ne\u0301gal (&#8230;) nous pre\u0302te oreille attentive avant de prendre une quelconque de\u0301cision\u2019\u2019 concernant le sous-secteur de l\u2019aviculture, a dit Ibrahima Sall, membre de l\u2019IPAS, lors de l\u2019atelier.<\/p>\n<p>Un plan de relance de la filie\u0300re avicole va e\u0302tre mis en place pour re\u0301duire l\u2019impact de la crise russo-ukrainienne et de la pande\u0301mie de Covid-19 sur cette filie\u0300re, selon ses acteurs.<\/p>\n<p>L\u2019atelier est organise\u0301 dans le but d\u2019\u2018\u2019analyser les facteurs de succe\u0300s des entreprises avicoles commerciales, afin de soutenir les de\u0301cideurs politiques et les bailleurs de fonds visant a\u0300 de\u0301velopper le secteur avicole commercial dans les pays subsahariens\u2019\u2019.<\/p>\n<p>Son objectif est de pre\u0301senter les re\u0301sultats de cette e\u0301tude. Selon l\u2019IPAS et l\u2019IPAR, une e\u0301tude similaire a e\u0301te\u0301 mene\u0301e au Kenya et au Nigeria.<\/p>\n<p><strong>Pour plus d&rsquo;informations et d&rsquo;analyses sur la <a href=\"https:\/\/www.africa-press.net\/senegal\">Senegal<\/a>, suivez <a href=\"https:\/\/www.africa-press.net\/\">Africa-Press<\/a><\/strong><\/p>\n","protected":false},"excerpt":{"rendered":"<p>Africa-Press &#8211; Senegal. L\u2019Interprofession avicole du Se\u0301ne\u0301gal (IPAS), l\u2019Initiative prospective agricole et rurale (IPAR) et d\u2019autres organisations ont releve\u0301 les \u2018\u2019faiblesses structurelles\u2019\u2019 de l\u2019aviculture se\u0301ne\u0301galais dans un document parvenu mardi a\u0300 l\u2019APS. \u2018\u2019Au Se\u0301ne\u0301gal, la filie\u0300re avicole est marque\u0301e par des faiblesses structurelles dues a\u0300 une de\u0301pendance excessive vis-a\u0300-vis du mai\u0308s importe\u0301, qui est la [&hellip;]<\/p>\n","protected":false},"author":82,"featured_media":37886,"comment_status":"open","ping_status":"closed","sticky":false,"template":"","format":"standard","meta":{"footnotes":""},"categories":[21,10],"tags":[43,47,44],"class_list":["post-37887","post","type-post","status-publish","format-standard","has-post-thumbnail","hentry","category-communaute","category-toutes-les-actualites","tag-africa-press-2","tag-africa-press-senegal","tag-senegal-2"],"yoast_head":"<!-- This site is optimized with the Yoast SEO Premium plugin v26.1 (Yoast SEO v27.0) - https:\/\/yoast.com\/product\/yoast-seo-premium-wordpress\/ -->\n<title>Des organisations rel\u00e8vent les \u2018\u2019faiblesses structurelles\u2019\u2019 de l\u2019aviculture s\u00e9n\u00e9galaise - Senegal<\/title>\n<meta name=\"robots\" content=\"index, follow, max-snippet:-1, max-image-preview:large, max-video-preview:-1\" \/>\n<link rel=\"canonical\" href=\"https:\/\/www.africa-press.net\/senegal\/politique\/des-organisations-relevent-les-faiblesses-structurelles-de-laviculture-senegalaise\" \/>\n<meta property=\"og:locale\" content=\"fr_FR\" \/>\n<meta property=\"og:type\" content=\"article\" \/>\n<meta property=\"og:title\" content=\"Des organisations rel\u00e8vent les \u2018\u2019faiblesses structurelles\u2019\u2019 de l\u2019aviculture s\u00e9n\u00e9galaise\" \/>\n<meta property=\"og:description\" content=\"Africa-Press &#8211; Senegal. L\u2019Interprofession avicole du Se\u0301ne\u0301gal (IPAS), l\u2019Initiative prospective agricole et rurale (IPAR) et d\u2019autres organisations ont releve\u0301 les \u2018\u2019faiblesses structurelles\u2019\u2019 de l\u2019aviculture se\u0301ne\u0301galais dans un document parvenu mardi a\u0300 l\u2019APS. \u2018\u2019Au Se\u0301ne\u0301gal, la filie\u0300re avicole est marque\u0301e par des faiblesses structurelles dues a\u0300 une de\u0301pendance excessive vis-a\u0300-vis du mai\u0308s importe\u0301, qui est la [&hellip;]\" \/>\n<meta property=\"og:url\" content=\"https:\/\/www.africa-press.net\/senegal\/politique\/des-organisations-relevent-les-faiblesses-structurelles-de-laviculture-senegalaise\" \/>\n<meta property=\"og:site_name\" content=\"Senegal\" \/>\n<meta property=\"article:published_time\" content=\"2023-01-10T19:57:24+00:00\" \/>\n<meta name=\"author\" content=\"cfeditorfr\" \/>\n<meta name=\"twitter:card\" content=\"summary_large_image\" \/>\n<meta name=\"twitter:label1\" content=\"\u00c9crit par\" \/>\n\t<meta name=\"twitter:data1\" content=\"cfeditorfr\" \/>\n\t<meta name=\"twitter:label2\" content=\"Dur\u00e9e de lecture estim\u00e9e\" \/>\n\t<meta name=\"twitter:data2\" content=\"2 minutes\" \/>\n<script type=\"application\/ld+json\" class=\"yoast-schema-graph\">{\"@context\":\"https:\/\/schema.org\",\"@graph\":[{\"@type\":\"Article\",\"@id\":\"https:\/\/www.africa-press.net\/senegal\/politique\/des-organisations-relevent-les-faiblesses-structurelles-de-laviculture-senegalaise#article\",\"isPartOf\":{\"@id\":\"https:\/\/www.africa-press.net\/senegal\/politique\/des-organisations-relevent-les-faiblesses-structurelles-de-laviculture-senegalaise\"},\"author\":{\"name\":\"cfeditorfr\",\"@id\":\"https:\/\/www.africa-press.net\/senegal\/#\/schema\/person\/2b1cf3cd81a31e3cd26889ca66d677f1\"},\"headline\":\"Des organisations rel\u00e8vent les \u2018\u2019faiblesses structurelles\u2019\u2019 de l\u2019aviculture s\u00e9n\u00e9galaise\",\"datePublished\":\"2023-01-10T19:57:24+00:00\",\"mainEntityOfPage\":{\"@id\":\"https:\/\/www.africa-press.net\/senegal\/politique\/des-organisations-relevent-les-faiblesses-structurelles-de-laviculture-senegalaise\"},\"wordCount\":432,\"commentCount\":0,\"image\":{\"@id\":\"https:\/\/www.africa-press.net\/senegal\/politique\/des-organisations-relevent-les-faiblesses-structurelles-de-laviculture-senegalaise#primaryimage\"},\"thumbnailUrl\":\"https:\/\/static.africa-press.net\/senegal\/sites\/13\/2023\/01\/postQueueImg_1673368059.04.jpg\",\"keywords\":[\"Africa Press\",\"Africa Press-Senegal\",\"Senegal\"],\"articleSection\":[\"Communaut\u00e9\",\"Toutes les actualit\u00e9s\"],\"inLanguage\":\"fr-FR\",\"potentialAction\":[{\"@type\":\"CommentAction\",\"name\":\"Comment\",\"target\":[\"https:\/\/www.africa-press.net\/senegal\/politique\/des-organisations-relevent-les-faiblesses-structurelles-de-laviculture-senegalaise#respond\"]}]},{\"@type\":\"WebPage\",\"@id\":\"https:\/\/www.africa-press.net\/senegal\/politique\/des-organisations-relevent-les-faiblesses-structurelles-de-laviculture-senegalaise\",\"url\":\"https:\/\/www.africa-press.net\/senegal\/politique\/des-organisations-relevent-les-faiblesses-structurelles-de-laviculture-senegalaise\",\"name\":\"Des organisations rel\u00e8vent les \u2018\u2019faiblesses structurelles\u2019\u2019 de l\u2019aviculture s\u00e9n\u00e9galaise - Senegal\",\"isPartOf\":{\"@id\":\"https:\/\/www.africa-press.net\/senegal\/#website\"},\"primaryImageOfPage\":{\"@id\":\"https:\/\/www.africa-press.net\/senegal\/politique\/des-organisations-relevent-les-faiblesses-structurelles-de-laviculture-senegalaise#primaryimage\"},\"image\":{\"@id\":\"https:\/\/www.africa-press.net\/senegal\/politique\/des-organisations-relevent-les-faiblesses-structurelles-de-laviculture-senegalaise#primaryimage\"},\"thumbnailUrl\":\"https:\/\/static.africa-press.net\/senegal\/sites\/13\/2023\/01\/postQueueImg_1673368059.04.jpg\",\"datePublished\":\"2023-01-10T19:57:24+00:00\",\"author\":{\"@id\":\"https:\/\/www.africa-press.net\/senegal\/#\/schema\/person\/2b1cf3cd81a31e3cd26889ca66d677f1\"},\"breadcrumb\":{\"@id\":\"https:\/\/www.africa-press.net\/senegal\/politique\/des-organisations-relevent-les-faiblesses-structurelles-de-laviculture-senegalaise#breadcrumb\"},\"inLanguage\":\"fr-FR\",\"potentialAction\":[{\"@type\":\"ReadAction\",\"target\":[\"https:\/\/www.africa-press.net\/senegal\/politique\/des-organisations-relevent-les-faiblesses-structurelles-de-laviculture-senegalaise\"]}]},{\"@type\":\"ImageObject\",\"inLanguage\":\"fr-FR\",\"@id\":\"https:\/\/www.africa-press.net\/senegal\/politique\/des-organisations-relevent-les-faiblesses-structurelles-de-laviculture-senegalaise#primaryimage\",\"url\":\"https:\/\/static.africa-press.net\/senegal\/sites\/13\/2023\/01\/postQueueImg_1673368059.04.jpg\",\"contentUrl\":\"https:\/\/static.africa-press.net\/senegal\/sites\/13\/2023\/01\/postQueueImg_1673368059.04.jpg\",\"width\":1620,\"height\":925,\"caption\":\"Des organisations rel\u00e8vent les \u2018\u2019faiblesses structurelles\u2019\u2019 de l\u2019aviculture s\u00e9n\u00e9galaise\"},{\"@type\":\"BreadcrumbList\",\"@id\":\"https:\/\/www.africa-press.net\/senegal\/politique\/des-organisations-relevent-les-faiblesses-structurelles-de-laviculture-senegalaise#breadcrumb\",\"itemListElement\":[{\"@type\":\"ListItem\",\"position\":1,\"name\":\"Accueil\",\"item\":\"https:\/\/www.africa-press.net\/senegal\/\"},{\"@type\":\"ListItem\",\"position\":2,\"name\":\"Des organisations rel\u00e8vent les \u2018\u2019faiblesses structurelles\u2019\u2019 de l\u2019aviculture s\u00e9n\u00e9galaise\"}]},{\"@type\":\"WebSite\",\"@id\":\"https:\/\/www.africa-press.net\/senegal\/#website\",\"url\":\"https:\/\/www.africa-press.net\/senegal\/\",\"name\":\"Africa Press | Senegal | Homepage\",\"description\":\"Just another Africa News Agency Sites site\",\"potentialAction\":[{\"@type\":\"SearchAction\",\"target\":{\"@type\":\"EntryPoint\",\"urlTemplate\":\"https:\/\/www.africa-press.net\/senegal\/?s={search_term_string}\"},\"query-input\":{\"@type\":\"PropertyValueSpecification\",\"valueRequired\":true,\"valueName\":\"search_term_string\"}}],\"inLanguage\":\"fr-FR\"},{\"@type\":\"Person\",\"@id\":\"https:\/\/www.africa-press.net\/senegal\/#\/schema\/person\/2b1cf3cd81a31e3cd26889ca66d677f1\",\"name\":\"cfeditorfr\",\"url\":\"https:\/\/www.africa-press.net\/senegal\/author\/cfeditorfr\"}]}<\/script>\n<!-- \/ Yoast SEO Premium plugin. -->","yoast_head_json":{"title":"Des organisations rel\u00e8vent les \u2018\u2019faiblesses structurelles\u2019\u2019 de l\u2019aviculture s\u00e9n\u00e9galaise - Senegal","robots":{"index":"index","follow":"follow","max-snippet":"max-snippet:-1","max-image-preview":"max-image-preview:large","max-video-preview":"max-video-preview:-1"},"canonical":"https:\/\/www.africa-press.net\/senegal\/politique\/des-organisations-relevent-les-faiblesses-structurelles-de-laviculture-senegalaise","og_locale":"fr_FR","og_type":"article","og_title":"Des organisations rel\u00e8vent les \u2018\u2019faiblesses structurelles\u2019\u2019 de l\u2019aviculture s\u00e9n\u00e9galaise","og_description":"Africa-Press &#8211; Senegal. L\u2019Interprofession avicole du Se\u0301ne\u0301gal (IPAS), l\u2019Initiative prospective agricole et rurale (IPAR) et d\u2019autres organisations ont releve\u0301 les \u2018\u2019faiblesses structurelles\u2019\u2019 de l\u2019aviculture se\u0301ne\u0301galais dans un document parvenu mardi a\u0300 l\u2019APS. \u2018\u2019Au Se\u0301ne\u0301gal, la filie\u0300re avicole est marque\u0301e par des faiblesses structurelles dues a\u0300 une de\u0301pendance excessive vis-a\u0300-vis du mai\u0308s importe\u0301, qui est la [&hellip;]","og_url":"https:\/\/www.africa-press.net\/senegal\/politique\/des-organisations-relevent-les-faiblesses-structurelles-de-laviculture-senegalaise","og_site_name":"Senegal","article_published_time":"2023-01-10T19:57:24+00:00","author":"cfeditorfr","twitter_card":"summary_large_image","twitter_misc":{"\u00c9crit par":"cfeditorfr","Dur\u00e9e de lecture estim\u00e9e":"2 minutes"},"schema":{"@context":"https:\/\/schema.org","@graph":[{"@type":"Article","@id":"https:\/\/www.africa-press.net\/senegal\/politique\/des-organisations-relevent-les-faiblesses-structurelles-de-laviculture-senegalaise#article","isPartOf":{"@id":"https:\/\/www.africa-press.net\/senegal\/politique\/des-organisations-relevent-les-faiblesses-structurelles-de-laviculture-senegalaise"},"author":{"name":"cfeditorfr","@id":"https:\/\/www.africa-press.net\/senegal\/#\/schema\/person\/2b1cf3cd81a31e3cd26889ca66d677f1"},"headline":"Des organisations rel\u00e8vent les \u2018\u2019faiblesses structurelles\u2019\u2019 de l\u2019aviculture s\u00e9n\u00e9galaise","datePublished":"2023-01-10T19:57:24+00:00","mainEntityOfPage":{"@id":"https:\/\/www.africa-press.net\/senegal\/politique\/des-organisations-relevent-les-faiblesses-structurelles-de-laviculture-senegalaise"},"wordCount":432,"commentCount":0,"image":{"@id":"https:\/\/www.africa-press.net\/senegal\/politique\/des-organisations-relevent-les-faiblesses-structurelles-de-laviculture-senegalaise#primaryimage"},"thumbnailUrl":"https:\/\/static.africa-press.net\/senegal\/sites\/13\/2023\/01\/postQueueImg_1673368059.04.jpg","keywords":["Africa Press","Africa Press-Senegal","Senegal"],"articleSection":["Communaut\u00e9","Toutes les actualit\u00e9s"],"inLanguage":"fr-FR","potentialAction":[{"@type":"CommentAction","name":"Comment","target":["https:\/\/www.africa-press.net\/senegal\/politique\/des-organisations-relevent-les-faiblesses-structurelles-de-laviculture-senegalaise#respond"]}]},{"@type":"WebPage","@id":"https:\/\/www.africa-press.net\/senegal\/politique\/des-organisations-relevent-les-faiblesses-structurelles-de-laviculture-senegalaise","url":"https:\/\/www.africa-press.net\/senegal\/politique\/des-organisations-relevent-les-faiblesses-structurelles-de-laviculture-senegalaise","name":"Des organisations rel\u00e8vent les \u2018\u2019faiblesses structurelles\u2019\u2019 de l\u2019aviculture s\u00e9n\u00e9galaise - Senegal","isPartOf":{"@id":"https:\/\/www.africa-press.net\/senegal\/#website"},"primaryImageOfPage":{"@id":"https:\/\/www.africa-press.net\/senegal\/politique\/des-organisations-relevent-les-faiblesses-structurelles-de-laviculture-senegalaise#primaryimage"},"image":{"@id":"https:\/\/www.africa-press.net\/senegal\/politique\/des-organisations-relevent-les-faiblesses-structurelles-de-laviculture-senegalaise#primaryimage"},"thumbnailUrl":"https:\/\/static.africa-press.net\/senegal\/sites\/13\/2023\/01\/postQueueImg_1673368059.04.jpg","datePublished":"2023-01-10T19:57:24+00:00","author":{"@id":"https:\/\/www.africa-press.net\/senegal\/#\/schema\/person\/2b1cf3cd81a31e3cd26889ca66d677f1"},"breadcrumb":{"@id":"https:\/\/www.africa-press.net\/senegal\/politique\/des-organisations-relevent-les-faiblesses-structurelles-de-laviculture-senegalaise#breadcrumb"},"inLanguage":"fr-FR","potentialAction":[{"@type":"ReadAction","target":["https:\/\/www.africa-press.net\/senegal\/politique\/des-organisations-relevent-les-faiblesses-structurelles-de-laviculture-senegalaise"]}]},{"@type":"ImageObject","inLanguage":"fr-FR","@id":"https:\/\/www.africa-press.net\/senegal\/politique\/des-organisations-relevent-les-faiblesses-structurelles-de-laviculture-senegalaise#primaryimage","url":"https:\/\/static.africa-press.net\/senegal\/sites\/13\/2023\/01\/postQueueImg_1673368059.04.jpg","contentUrl":"https:\/\/static.africa-press.net\/senegal\/sites\/13\/2023\/01\/postQueueImg_1673368059.04.jpg","width":1620,"height":925,"caption":"Des organisations rel\u00e8vent les \u2018\u2019faiblesses structurelles\u2019\u2019 de l\u2019aviculture s\u00e9n\u00e9galaise"},{"@type":"BreadcrumbList","@id":"https:\/\/www.africa-press.net\/senegal\/politique\/des-organisations-relevent-les-faiblesses-structurelles-de-laviculture-senegalaise#breadcrumb","itemListElement":[{"@type":"ListItem","position":1,"name":"Accueil","item":"https:\/\/www.africa-press.net\/senegal\/"},{"@type":"ListItem","position":2,"name":"Des organisations rel\u00e8vent les \u2018\u2019faiblesses structurelles\u2019\u2019 de l\u2019aviculture s\u00e9n\u00e9galaise"}]},{"@type":"WebSite","@id":"https:\/\/www.africa-press.net\/senegal\/#website","url":"https:\/\/www.africa-press.net\/senegal\/","name":"Africa Press | Senegal | Homepage","description":"Just another Africa News Agency Sites site","potentialAction":[{"@type":"SearchAction","target":{"@type":"EntryPoint","urlTemplate":"https:\/\/www.africa-press.net\/senegal\/?s={search_term_string}"},"query-input":{"@type":"PropertyValueSpecification","valueRequired":true,"valueName":"search_term_string"}}],"inLanguage":"fr-FR"},{"@type":"Person","@id":"https:\/\/www.africa-press.net\/senegal\/#\/schema\/person\/2b1cf3cd81a31e3cd26889ca66d677f1","name":"cfeditorfr","url":"https:\/\/www.africa-press.net\/senegal\/author\/cfeditorfr"}]}},"_links":{"self":[{"href":"https:\/\/www.africa-press.net\/senegal\/wp-json\/wp\/v2\/posts\/37887","targetHints":{"allow":["GET"]}}],"collection":[{"href":"https:\/\/www.africa-press.net\/senegal\/wp-json\/wp\/v2\/posts"}],"about":[{"href":"https:\/\/www.africa-press.net\/senegal\/wp-json\/wp\/v2\/types\/post"}],"author":[{"embeddable":true,"href":"https:\/\/www.africa-press.net\/senegal\/wp-json\/wp\/v2\/users\/82"}],"replies":[{"embeddable":true,"href":"https:\/\/www.africa-press.net\/senegal\/wp-json\/wp\/v2\/comments?post=37887"}],"version-history":[{"count":0,"href":"https:\/\/www.africa-press.net\/senegal\/wp-json\/wp\/v2\/posts\/37887\/revisions"}],"wp:featuredmedia":[{"embeddable":true,"href":"https:\/\/www.africa-press.net\/senegal\/wp-json\/wp\/v2\/media\/37886"}],"wp:attachment":[{"href":"https:\/\/www.africa-press.net\/senegal\/wp-json\/wp\/v2\/media?parent=37887"}],"wp:term":[{"taxonomy":"category","embeddable":true,"href":"https:\/\/www.africa-press.net\/senegal\/wp-json\/wp\/v2\/categories?post=37887"},{"taxonomy":"post_tag","embeddable":true,"href":"https:\/\/www.africa-press.net\/senegal\/wp-json\/wp\/v2\/tags?post=37887"}],"curies":[{"name":"wp","href":"https:\/\/api.w.org\/{rel}","templated":true}]}}