{"id":37913,"date":"2023-01-11T20:30:26","date_gmt":"2023-01-11T20:30:26","guid":{"rendered":"https:\/\/www.africa-press.net\/senegal\/politique\/sedhiou-les-producteurs-de-diende-inquiets-des-mauvaises-recoltes-darachide"},"modified":"2023-01-11T21:54:46","modified_gmt":"2023-01-11T21:54:46","slug":"sedhiou-les-producteurs-de-diende-inquiets-des-mauvaises-recoltes-darachide","status":"publish","type":"post","link":"https:\/\/www.africa-press.net\/senegal\/toutes-les-actualites\/sedhiou-les-producteurs-de-diende-inquiets-des-mauvaises-recoltes-darachide","title":{"rendered":"S\u00e9dhiou : les producteurs de Diend\u00e9 inquiets des mauvaises r\u00e9coltes d\u2019arachide"},"content":{"rendered":"<p><span style=\"color: #ff6600\"><strong>Africa-Press &#8211; Senegal. <\/strong><\/span>Se\u0301dhiou, 11 jan ( APS) &#8211; Les agriculteurs de l\u2019arrondissement de Diende\u0301, dans la re\u0301gion de Se\u0301dhiou (sud), s\u2019inquie\u0300tent des mauvaises re\u0301coltes d\u2019arachide issues de la dernie\u0300re campagne d\u2019hivernage, raison pour laquelle ils sollicitent \u00ab\u00a0l&rsquo;appui du gouvernement\u00a0\u00bb.<\/p>\n<p>\u2018\u2019Nous sommes inquiets et de\u0301sespe\u0301re\u0301s a\u0300 la fois par cette mauvaise re\u0301colte avec ce proble\u0300me fondamental qui se pose aupre\u0300s des banques\u00a0\u00bb, explique leur porte-parole, Moctar Badiane, lors d&rsquo;un point de presse tenu mardi, a\u0300 Bloc Village.<\/p>\n<p>La situation est d\u2019autant plus complique\u0301e que la plupart des producteurs doivent rembourser des pre\u0302ts contracte\u0301s aupre\u0300s d\u2019institutions financie\u0300res.<\/p>\n<p>Ils sollicitent par conse\u0301quent un accompagnement de l\u2019Etat, qu\u2019ils invitent a\u0300 \u2018\u2019rendre disponibles et accessibles les intrants et les mate\u0301riels agricoles qui font de\u0301faut dans cette zone\u00a0\u00bb.<\/p>\n<p><strong>Pour plus d&rsquo;informations et d&rsquo;analyses sur la <a href=\"https:\/\/www.africa-press.net\/senegal\">Senegal<\/a>, suivez <a href=\"https:\/\/www.africa-press.net\/\">Africa-Press<\/a><\/strong><\/p>\n","protected":false},"excerpt":{"rendered":"<p>Africa-Press &#8211; Senegal. Se\u0301dhiou, 11 jan ( APS) &#8211; Les agriculteurs de l\u2019arrondissement de Diende\u0301, dans la re\u0301gion de Se\u0301dhiou (sud), s\u2019inquie\u0300tent des mauvaises re\u0301coltes d\u2019arachide issues de la dernie\u0300re campagne d\u2019hivernage, raison pour laquelle ils sollicitent \u00ab\u00a0l&rsquo;appui du gouvernement\u00a0\u00bb. \u2018\u2019Nous sommes inquiets et de\u0301sespe\u0301re\u0301s a\u0300 la fois par cette mauvaise re\u0301colte avec ce proble\u0300me [&hellip;]<\/p>\n","protected":false},"author":82,"featured_media":37912,"comment_status":"open","ping_status":"closed","sticky":false,"template":"","format":"standard","meta":{"footnotes":""},"categories":[21,10],"tags":[43,47,44],"class_list":["post-37913","post","type-post","status-publish","format-standard","has-post-thumbnail","hentry","category-communaute","category-toutes-les-actualites","tag-africa-press-2","tag-africa-press-senegal","tag-senegal-2"],"yoast_head":"<!-- This site is optimized with the Yoast SEO Premium plugin v26.1 (Yoast SEO v27.0) - https:\/\/yoast.com\/product\/yoast-seo-premium-wordpress\/ -->\n<title>S\u00e9dhiou : les producteurs de Diend\u00e9 inquiets des mauvaises r\u00e9coltes d\u2019arachide - Senegal<\/title>\n<meta name=\"description\" content=\"Se\u0301dhiou, 11 jan ( APS) - Les agriculteurs de l\u2019arrondissement de Diende\u0301, dans la re\u0301gion de Se\u0301dhiou (sud), s\u2019inquie\u0300t ...\" \/>\n<meta name=\"robots\" content=\"index, follow, max-snippet:-1, max-image-preview:large, max-video-preview:-1\" \/>\n<link rel=\"canonical\" href=\"https:\/\/www.africa-press.net\/senegal\/toutes-les-actualites\/sedhiou-les-producteurs-de-diende-inquiets-des-mauvaises-recoltes-darachide\" \/>\n<meta property=\"og:locale\" content=\"fr_FR\" \/>\n<meta property=\"og:type\" content=\"article\" \/>\n<meta property=\"og:title\" content=\"S\u00e9dhiou : les producteurs de Diend\u00e9 inquiets des mauvaises r\u00e9coltes d\u2019arachide\" \/>\n<meta property=\"og:description\" content=\"Se\u0301dhiou, 11 jan ( APS) - Les agriculteurs de l\u2019arrondissement de Diende\u0301, dans la re\u0301gion de Se\u0301dhiou (sud), s\u2019inquie\u0300t ...\" \/>\n<meta property=\"og:url\" content=\"https:\/\/www.africa-press.net\/senegal\/toutes-les-actualites\/sedhiou-les-producteurs-de-diende-inquiets-des-mauvaises-recoltes-darachide\" \/>\n<meta property=\"og:site_name\" content=\"Senegal\" \/>\n<meta property=\"article:published_time\" content=\"2023-01-11T20:30:26+00:00\" \/>\n<meta property=\"article:modified_time\" content=\"2023-01-11T21:54:46+00:00\" \/>\n<meta property=\"og:image\" content=\"https:\/\/static.africa-press.net\/senegal\/sites\/13\/2023\/01\/postQueueImg_1673456457.28.jpg\" \/>\n\t<meta property=\"og:image:width\" content=\"1620\" \/>\n\t<meta property=\"og:image:height\" content=\"925\" \/>\n\t<meta property=\"og:image:type\" content=\"image\/jpeg\" \/>\n<meta name=\"author\" content=\"cfeditorfr\" \/>\n<meta name=\"twitter:card\" content=\"summary_large_image\" \/>\n<meta name=\"twitter:label1\" content=\"\u00c9crit par\" \/>\n\t<meta name=\"twitter:data1\" content=\"cfeditorfr\" \/>\n\t<meta name=\"twitter:label2\" content=\"Dur\u00e9e de lecture estim\u00e9e\" \/>\n\t<meta name=\"twitter:data2\" content=\"1 minute\" \/>\n<script type=\"application\/ld+json\" class=\"yoast-schema-graph\">{\"@context\":\"https:\/\/schema.org\",\"@graph\":[{\"@type\":\"Article\",\"@id\":\"https:\/\/www.africa-press.net\/senegal\/toutes-les-actualites\/sedhiou-les-producteurs-de-diende-inquiets-des-mauvaises-recoltes-darachide#article\",\"isPartOf\":{\"@id\":\"https:\/\/www.africa-press.net\/senegal\/toutes-les-actualites\/sedhiou-les-producteurs-de-diende-inquiets-des-mauvaises-recoltes-darachide\"},\"author\":{\"name\":\"cfeditorfr\",\"@id\":\"https:\/\/www.africa-press.net\/senegal\/#\/schema\/person\/2b1cf3cd81a31e3cd26889ca66d677f1\"},\"headline\":\"S\u00e9dhiou : les producteurs de Diend\u00e9 inquiets des mauvaises r\u00e9coltes d\u2019arachide\",\"datePublished\":\"2023-01-11T20:30:26+00:00\",\"dateModified\":\"2023-01-11T21:54:46+00:00\",\"mainEntityOfPage\":{\"@id\":\"https:\/\/www.africa-press.net\/senegal\/toutes-les-actualites\/sedhiou-les-producteurs-de-diende-inquiets-des-mauvaises-recoltes-darachide\"},\"wordCount\":176,\"commentCount\":0,\"image\":{\"@id\":\"https:\/\/www.africa-press.net\/senegal\/toutes-les-actualites\/sedhiou-les-producteurs-de-diende-inquiets-des-mauvaises-recoltes-darachide#primaryimage\"},\"thumbnailUrl\":\"https:\/\/static.africa-press.net\/senegal\/sites\/13\/2023\/01\/postQueueImg_1673456457.28.jpg\",\"keywords\":[\"Africa Press\",\"Africa Press-Senegal\",\"Senegal\"],\"articleSection\":[\"Communaut\u00e9\",\"Toutes les actualit\u00e9s\"],\"inLanguage\":\"fr-FR\",\"potentialAction\":[{\"@type\":\"CommentAction\",\"name\":\"Comment\",\"target\":[\"https:\/\/www.africa-press.net\/senegal\/toutes-les-actualites\/sedhiou-les-producteurs-de-diende-inquiets-des-mauvaises-recoltes-darachide#respond\"]}]},{\"@type\":\"WebPage\",\"@id\":\"https:\/\/www.africa-press.net\/senegal\/toutes-les-actualites\/sedhiou-les-producteurs-de-diende-inquiets-des-mauvaises-recoltes-darachide\",\"url\":\"https:\/\/www.africa-press.net\/senegal\/toutes-les-actualites\/sedhiou-les-producteurs-de-diende-inquiets-des-mauvaises-recoltes-darachide\",\"name\":\"S\u00e9dhiou : les producteurs de Diend\u00e9 inquiets des mauvaises r\u00e9coltes d\u2019arachide - Senegal\",\"isPartOf\":{\"@id\":\"https:\/\/www.africa-press.net\/senegal\/#website\"},\"primaryImageOfPage\":{\"@id\":\"https:\/\/www.africa-press.net\/senegal\/toutes-les-actualites\/sedhiou-les-producteurs-de-diende-inquiets-des-mauvaises-recoltes-darachide#primaryimage\"},\"image\":{\"@id\":\"https:\/\/www.africa-press.net\/senegal\/toutes-les-actualites\/sedhiou-les-producteurs-de-diende-inquiets-des-mauvaises-recoltes-darachide#primaryimage\"},\"thumbnailUrl\":\"https:\/\/static.africa-press.net\/senegal\/sites\/13\/2023\/01\/postQueueImg_1673456457.28.jpg\",\"datePublished\":\"2023-01-11T20:30:26+00:00\",\"dateModified\":\"2023-01-11T21:54:46+00:00\",\"author\":{\"@id\":\"https:\/\/www.africa-press.net\/senegal\/#\/schema\/person\/2b1cf3cd81a31e3cd26889ca66d677f1\"},\"description\":\"Se\u0301dhiou, 11 jan ( APS) - Les agriculteurs de l\u2019arrondissement de Diende\u0301, dans la re\u0301gion de Se\u0301dhiou (sud), s\u2019inquie\u0300t ...\",\"breadcrumb\":{\"@id\":\"https:\/\/www.africa-press.net\/senegal\/toutes-les-actualites\/sedhiou-les-producteurs-de-diende-inquiets-des-mauvaises-recoltes-darachide#breadcrumb\"},\"inLanguage\":\"fr-FR\",\"potentialAction\":[{\"@type\":\"ReadAction\",\"target\":[\"https:\/\/www.africa-press.net\/senegal\/toutes-les-actualites\/sedhiou-les-producteurs-de-diende-inquiets-des-mauvaises-recoltes-darachide\"]}]},{\"@type\":\"ImageObject\",\"inLanguage\":\"fr-FR\",\"@id\":\"https:\/\/www.africa-press.net\/senegal\/toutes-les-actualites\/sedhiou-les-producteurs-de-diende-inquiets-des-mauvaises-recoltes-darachide#primaryimage\",\"url\":\"https:\/\/static.africa-press.net\/senegal\/sites\/13\/2023\/01\/postQueueImg_1673456457.28.jpg\",\"contentUrl\":\"https:\/\/static.africa-press.net\/senegal\/sites\/13\/2023\/01\/postQueueImg_1673456457.28.jpg\",\"width\":1620,\"height\":925,\"caption\":\"S\u00e9dhiou : les producteurs de Diend\u00e9 inquiets des mauvaises r\u00e9coltes d\u2019arachide\"},{\"@type\":\"BreadcrumbList\",\"@id\":\"https:\/\/www.africa-press.net\/senegal\/toutes-les-actualites\/sedhiou-les-producteurs-de-diende-inquiets-des-mauvaises-recoltes-darachide#breadcrumb\",\"itemListElement\":[{\"@type\":\"ListItem\",\"position\":1,\"name\":\"Accueil\",\"item\":\"https:\/\/www.africa-press.net\/senegal\/\"},{\"@type\":\"ListItem\",\"position\":2,\"name\":\"S\u00e9dhiou : les producteurs de Diend\u00e9 inquiets des mauvaises r\u00e9coltes d\u2019arachide\"}]},{\"@type\":\"WebSite\",\"@id\":\"https:\/\/www.africa-press.net\/senegal\/#website\",\"url\":\"https:\/\/www.africa-press.net\/senegal\/\",\"name\":\"Africa Press | Senegal | Homepage\",\"description\":\"Just another Africa News Agency Sites site\",\"potentialAction\":[{\"@type\":\"SearchAction\",\"target\":{\"@type\":\"EntryPoint\",\"urlTemplate\":\"https:\/\/www.africa-press.net\/senegal\/?s={search_term_string}\"},\"query-input\":{\"@type\":\"PropertyValueSpecification\",\"valueRequired\":true,\"valueName\":\"search_term_string\"}}],\"inLanguage\":\"fr-FR\"},{\"@type\":\"Person\",\"@id\":\"https:\/\/www.africa-press.net\/senegal\/#\/schema\/person\/2b1cf3cd81a31e3cd26889ca66d677f1\",\"name\":\"cfeditorfr\",\"url\":\"https:\/\/www.africa-press.net\/senegal\/author\/cfeditorfr\"}]}<\/script>\n<!-- \/ Yoast SEO Premium plugin. -->","yoast_head_json":{"title":"S\u00e9dhiou : les producteurs de Diend\u00e9 inquiets des mauvaises r\u00e9coltes d\u2019arachide - Senegal","description":"Se\u0301dhiou, 11 jan ( APS) - Les agriculteurs de l\u2019arrondissement de Diende\u0301, dans la re\u0301gion de Se\u0301dhiou (sud), s\u2019inquie\u0300t ...","robots":{"index":"index","follow":"follow","max-snippet":"max-snippet:-1","max-image-preview":"max-image-preview:large","max-video-preview":"max-video-preview:-1"},"canonical":"https:\/\/www.africa-press.net\/senegal\/toutes-les-actualites\/sedhiou-les-producteurs-de-diende-inquiets-des-mauvaises-recoltes-darachide","og_locale":"fr_FR","og_type":"article","og_title":"S\u00e9dhiou : les producteurs de Diend\u00e9 inquiets des mauvaises r\u00e9coltes d\u2019arachide","og_description":"Se\u0301dhiou, 11 jan ( APS) - Les agriculteurs de l\u2019arrondissement de Diende\u0301, dans la re\u0301gion de Se\u0301dhiou (sud), s\u2019inquie\u0300t ...","og_url":"https:\/\/www.africa-press.net\/senegal\/toutes-les-actualites\/sedhiou-les-producteurs-de-diende-inquiets-des-mauvaises-recoltes-darachide","og_site_name":"Senegal","article_published_time":"2023-01-11T20:30:26+00:00","article_modified_time":"2023-01-11T21:54:46+00:00","og_image":[{"width":1620,"height":925,"url":"https:\/\/static.africa-press.net\/senegal\/sites\/13\/2023\/01\/postQueueImg_1673456457.28.jpg","type":"image\/jpeg"}],"author":"cfeditorfr","twitter_card":"summary_large_image","twitter_misc":{"\u00c9crit par":"cfeditorfr","Dur\u00e9e de lecture estim\u00e9e":"1 minute"},"schema":{"@context":"https:\/\/schema.org","@graph":[{"@type":"Article","@id":"https:\/\/www.africa-press.net\/senegal\/toutes-les-actualites\/sedhiou-les-producteurs-de-diende-inquiets-des-mauvaises-recoltes-darachide#article","isPartOf":{"@id":"https:\/\/www.africa-press.net\/senegal\/toutes-les-actualites\/sedhiou-les-producteurs-de-diende-inquiets-des-mauvaises-recoltes-darachide"},"author":{"name":"cfeditorfr","@id":"https:\/\/www.africa-press.net\/senegal\/#\/schema\/person\/2b1cf3cd81a31e3cd26889ca66d677f1"},"headline":"S\u00e9dhiou : les producteurs de Diend\u00e9 inquiets des mauvaises r\u00e9coltes d\u2019arachide","datePublished":"2023-01-11T20:30:26+00:00","dateModified":"2023-01-11T21:54:46+00:00","mainEntityOfPage":{"@id":"https:\/\/www.africa-press.net\/senegal\/toutes-les-actualites\/sedhiou-les-producteurs-de-diende-inquiets-des-mauvaises-recoltes-darachide"},"wordCount":176,"commentCount":0,"image":{"@id":"https:\/\/www.africa-press.net\/senegal\/toutes-les-actualites\/sedhiou-les-producteurs-de-diende-inquiets-des-mauvaises-recoltes-darachide#primaryimage"},"thumbnailUrl":"https:\/\/static.africa-press.net\/senegal\/sites\/13\/2023\/01\/postQueueImg_1673456457.28.jpg","keywords":["Africa Press","Africa Press-Senegal","Senegal"],"articleSection":["Communaut\u00e9","Toutes les actualit\u00e9s"],"inLanguage":"fr-FR","potentialAction":[{"@type":"CommentAction","name":"Comment","target":["https:\/\/www.africa-press.net\/senegal\/toutes-les-actualites\/sedhiou-les-producteurs-de-diende-inquiets-des-mauvaises-recoltes-darachide#respond"]}]},{"@type":"WebPage","@id":"https:\/\/www.africa-press.net\/senegal\/toutes-les-actualites\/sedhiou-les-producteurs-de-diende-inquiets-des-mauvaises-recoltes-darachide","url":"https:\/\/www.africa-press.net\/senegal\/toutes-les-actualites\/sedhiou-les-producteurs-de-diende-inquiets-des-mauvaises-recoltes-darachide","name":"S\u00e9dhiou : les producteurs de Diend\u00e9 inquiets des mauvaises r\u00e9coltes d\u2019arachide - Senegal","isPartOf":{"@id":"https:\/\/www.africa-press.net\/senegal\/#website"},"primaryImageOfPage":{"@id":"https:\/\/www.africa-press.net\/senegal\/toutes-les-actualites\/sedhiou-les-producteurs-de-diende-inquiets-des-mauvaises-recoltes-darachide#primaryimage"},"image":{"@id":"https:\/\/www.africa-press.net\/senegal\/toutes-les-actualites\/sedhiou-les-producteurs-de-diende-inquiets-des-mauvaises-recoltes-darachide#primaryimage"},"thumbnailUrl":"https:\/\/static.africa-press.net\/senegal\/sites\/13\/2023\/01\/postQueueImg_1673456457.28.jpg","datePublished":"2023-01-11T20:30:26+00:00","dateModified":"2023-01-11T21:54:46+00:00","author":{"@id":"https:\/\/www.africa-press.net\/senegal\/#\/schema\/person\/2b1cf3cd81a31e3cd26889ca66d677f1"},"description":"Se\u0301dhiou, 11 jan ( APS) - Les agriculteurs de l\u2019arrondissement de Diende\u0301, dans la re\u0301gion de Se\u0301dhiou (sud), s\u2019inquie\u0300t ...","breadcrumb":{"@id":"https:\/\/www.africa-press.net\/senegal\/toutes-les-actualites\/sedhiou-les-producteurs-de-diende-inquiets-des-mauvaises-recoltes-darachide#breadcrumb"},"inLanguage":"fr-FR","potentialAction":[{"@type":"ReadAction","target":["https:\/\/www.africa-press.net\/senegal\/toutes-les-actualites\/sedhiou-les-producteurs-de-diende-inquiets-des-mauvaises-recoltes-darachide"]}]},{"@type":"ImageObject","inLanguage":"fr-FR","@id":"https:\/\/www.africa-press.net\/senegal\/toutes-les-actualites\/sedhiou-les-producteurs-de-diende-inquiets-des-mauvaises-recoltes-darachide#primaryimage","url":"https:\/\/static.africa-press.net\/senegal\/sites\/13\/2023\/01\/postQueueImg_1673456457.28.jpg","contentUrl":"https:\/\/static.africa-press.net\/senegal\/sites\/13\/2023\/01\/postQueueImg_1673456457.28.jpg","width":1620,"height":925,"caption":"S\u00e9dhiou : les producteurs de Diend\u00e9 inquiets des mauvaises r\u00e9coltes d\u2019arachide"},{"@type":"BreadcrumbList","@id":"https:\/\/www.africa-press.net\/senegal\/toutes-les-actualites\/sedhiou-les-producteurs-de-diende-inquiets-des-mauvaises-recoltes-darachide#breadcrumb","itemListElement":[{"@type":"ListItem","position":1,"name":"Accueil","item":"https:\/\/www.africa-press.net\/senegal\/"},{"@type":"ListItem","position":2,"name":"S\u00e9dhiou : les producteurs de Diend\u00e9 inquiets des mauvaises r\u00e9coltes d\u2019arachide"}]},{"@type":"WebSite","@id":"https:\/\/www.africa-press.net\/senegal\/#website","url":"https:\/\/www.africa-press.net\/senegal\/","name":"Africa Press | Senegal | Homepage","description":"Just another Africa News Agency Sites site","potentialAction":[{"@type":"SearchAction","target":{"@type":"EntryPoint","urlTemplate":"https:\/\/www.africa-press.net\/senegal\/?s={search_term_string}"},"query-input":{"@type":"PropertyValueSpecification","valueRequired":true,"valueName":"search_term_string"}}],"inLanguage":"fr-FR"},{"@type":"Person","@id":"https:\/\/www.africa-press.net\/senegal\/#\/schema\/person\/2b1cf3cd81a31e3cd26889ca66d677f1","name":"cfeditorfr","url":"https:\/\/www.africa-press.net\/senegal\/author\/cfeditorfr"}]}},"_links":{"self":[{"href":"https:\/\/www.africa-press.net\/senegal\/wp-json\/wp\/v2\/posts\/37913","targetHints":{"allow":["GET"]}}],"collection":[{"href":"https:\/\/www.africa-press.net\/senegal\/wp-json\/wp\/v2\/posts"}],"about":[{"href":"https:\/\/www.africa-press.net\/senegal\/wp-json\/wp\/v2\/types\/post"}],"author":[{"embeddable":true,"href":"https:\/\/www.africa-press.net\/senegal\/wp-json\/wp\/v2\/users\/82"}],"replies":[{"embeddable":true,"href":"https:\/\/www.africa-press.net\/senegal\/wp-json\/wp\/v2\/comments?post=37913"}],"version-history":[{"count":0,"href":"https:\/\/www.africa-press.net\/senegal\/wp-json\/wp\/v2\/posts\/37913\/revisions"}],"wp:featuredmedia":[{"embeddable":true,"href":"https:\/\/www.africa-press.net\/senegal\/wp-json\/wp\/v2\/media\/37912"}],"wp:attachment":[{"href":"https:\/\/www.africa-press.net\/senegal\/wp-json\/wp\/v2\/media?parent=37913"}],"wp:term":[{"taxonomy":"category","embeddable":true,"href":"https:\/\/www.africa-press.net\/senegal\/wp-json\/wp\/v2\/categories?post=37913"},{"taxonomy":"post_tag","embeddable":true,"href":"https:\/\/www.africa-press.net\/senegal\/wp-json\/wp\/v2\/tags?post=37913"}],"curies":[{"name":"wp","href":"https:\/\/api.w.org\/{rel}","templated":true}]}}