{"id":37919,"date":"2023-01-11T20:52:12","date_gmt":"2023-01-11T20:52:12","guid":{"rendered":"https:\/\/www.africa-press.net\/senegal\/politique\/chan-la-cote-divoire-boucle-sa-preparation-par-un-bilan-mitige"},"modified":"2023-01-11T22:19:14","modified_gmt":"2023-01-11T22:19:14","slug":"chan-la-cote-divoire-boucle-sa-preparation-par-un-bilan-mitige","status":"publish","type":"post","link":"https:\/\/www.africa-press.net\/senegal\/sports\/chan-la-cote-divoire-boucle-sa-preparation-par-un-bilan-mitige","title":{"rendered":"CHAN: la C\u00f4te d&rsquo;Ivoire boucle sa pr\u00e9paration par un bilan mitig\u00e9"},"content":{"rendered":"<p><span style=\"color: #ff6600\"><strong>Africa-Press &#8211; Senegal. <\/strong><\/span>L\u2019e\u0301quipe nationale locale de la Co\u0302te d\u2019Ivoire, premier adversaire du Se\u0301ne\u0301gal au Championnat d\u2019Afrique des nations (CHAN), a boucle\u0301 sa pre\u0301paration par une victoire, une de\u0301faite et un nul.<\/p>\n<p>La 7e e\u0301dition du CHAN s&rsquo;ouvre vendredi prochain et se poursuivra jusqu&rsquo;au 4 fe\u0301vrier.<\/p>\n<p>Les Lions locaux joueront, samedi, a\u0300 19 h 00 GMT, leur premier match du CHAN contre les Ele\u0301phants de la Co\u0302te d&rsquo;Ivoire.<\/p>\n<p>L\u2019Ouganda et la Re\u0301publique de\u0301mocratique du Congo (RDC) sont les autres adversaires du Se\u0301ne\u0301gal dans la poule B.<\/p>\n<p>Les Ivoiriens ont joue\u0301 trois matchs de pre\u0301paration. Ils se sont impose\u0301s contre la Lybie (1-0), puis ont fait match nul (1-1) contre le Cameroun, avant de s\u2019incliner, 3-0, devant la Mauritanie. Ils ont marque\u0301 deux buts et encaisse\u0301 quatre.<\/p>\n<p>L\u2019e\u0301quipe nationale locale du Se\u0301ne\u0301gal qui a joue\u0301 un match de plus, termine sa pre\u0301paration avec un bilan tout aussi moins convaincant de deux matchs nuls, une de\u0301faite et une victoire. Les Lions ont inscrit trois buts et en ont pris autant.<\/p>\n<p>Les Lions du Se\u0301ne\u0301gal rencontreront les Cranes de l&rsquo;Ouganda, le 18 janvier a\u0300 la me\u0302me heure avant d&rsquo;affronter ensuite le 22 janvier a\u0300 19 h 00 GMT, les Le\u0301opards de la RDC pour leur dernier match de poule.<\/p>\n<p><strong>Pour plus d&rsquo;informations et d&rsquo;analyses sur la <a href=\"https:\/\/www.africa-press.net\/senegal\">Senegal<\/a>, suivez <a href=\"https:\/\/www.africa-press.net\/\">Africa-Press<\/a><\/strong><\/p>\n","protected":false},"excerpt":{"rendered":"<p>Africa-Press &#8211; Senegal. L\u2019e\u0301quipe nationale locale de la Co\u0302te d\u2019Ivoire, premier adversaire du Se\u0301ne\u0301gal au Championnat d\u2019Afrique des nations (CHAN), a boucle\u0301 sa pre\u0301paration par une victoire, une de\u0301faite et un nul. La 7e e\u0301dition du CHAN s&rsquo;ouvre vendredi prochain et se poursuivra jusqu&rsquo;au 4 fe\u0301vrier. Les Lions locaux joueront, samedi, a\u0300 19 h 00 [&hellip;]<\/p>\n","protected":false},"author":82,"featured_media":37918,"comment_status":"open","ping_status":"closed","sticky":false,"template":"","format":"standard","meta":{"footnotes":""},"categories":[6,10],"tags":[43,47,44],"class_list":["post-37919","post","type-post","status-publish","format-standard","has-post-thumbnail","hentry","category-sports","category-toutes-les-actualites","tag-africa-press-2","tag-africa-press-senegal","tag-senegal-2"],"yoast_head":"<!-- This site is optimized with the Yoast SEO Premium plugin v26.1 (Yoast SEO v27.0) - https:\/\/yoast.com\/product\/yoast-seo-premium-wordpress\/ -->\n<title>CHAN: la C\u00f4te d&#039;Ivoire boucle sa pr\u00e9paration par un bilan mitig\u00e9 - Senegal<\/title>\n<meta name=\"description\" content=\"L\u2019e\u0301quipe nationale locale de la Co\u0302te d\u2019Ivoire, premier adversaire du Se\u0301ne\u0301gal au Championnat d\u2019Afrique des nations (C ...\" \/>\n<meta name=\"robots\" content=\"index, follow, max-snippet:-1, max-image-preview:large, max-video-preview:-1\" \/>\n<link rel=\"canonical\" href=\"https:\/\/www.africa-press.net\/senegal\/sports\/chan-la-cote-divoire-boucle-sa-preparation-par-un-bilan-mitige\" \/>\n<meta property=\"og:locale\" content=\"fr_FR\" \/>\n<meta property=\"og:type\" content=\"article\" \/>\n<meta property=\"og:title\" content=\"CHAN: la C\u00f4te d&#039;Ivoire boucle sa pr\u00e9paration par un bilan mitig\u00e9\" \/>\n<meta property=\"og:description\" content=\"L\u2019e\u0301quipe nationale locale de la Co\u0302te d\u2019Ivoire, premier adversaire du Se\u0301ne\u0301gal au Championnat d\u2019Afrique des nations (C ...\" \/>\n<meta property=\"og:url\" content=\"https:\/\/www.africa-press.net\/senegal\/sports\/chan-la-cote-divoire-boucle-sa-preparation-par-un-bilan-mitige\" \/>\n<meta property=\"og:site_name\" content=\"Senegal\" \/>\n<meta property=\"article:published_time\" content=\"2023-01-11T20:52:12+00:00\" \/>\n<meta property=\"article:modified_time\" content=\"2023-01-11T22:19:14+00:00\" \/>\n<meta property=\"og:image\" content=\"https:\/\/static.africa-press.net\/senegal\/sites\/13\/2023\/01\/postQueueImg_1673457908.71.jpg\" \/>\n\t<meta property=\"og:image:width\" content=\"777\" \/>\n\t<meta property=\"og:image:height\" content=\"559\" \/>\n\t<meta property=\"og:image:type\" content=\"image\/jpeg\" \/>\n<meta name=\"author\" content=\"cfeditorfr\" \/>\n<meta name=\"twitter:card\" content=\"summary_large_image\" \/>\n<meta name=\"twitter:label1\" content=\"\u00c9crit par\" \/>\n\t<meta name=\"twitter:data1\" content=\"cfeditorfr\" \/>\n\t<meta name=\"twitter:label2\" content=\"Dur\u00e9e de lecture estim\u00e9e\" \/>\n\t<meta name=\"twitter:data2\" content=\"1 minute\" \/>\n<script type=\"application\/ld+json\" class=\"yoast-schema-graph\">{\"@context\":\"https:\/\/schema.org\",\"@graph\":[{\"@type\":\"Article\",\"@id\":\"https:\/\/www.africa-press.net\/senegal\/sports\/chan-la-cote-divoire-boucle-sa-preparation-par-un-bilan-mitige#article\",\"isPartOf\":{\"@id\":\"https:\/\/www.africa-press.net\/senegal\/sports\/chan-la-cote-divoire-boucle-sa-preparation-par-un-bilan-mitige\"},\"author\":{\"name\":\"cfeditorfr\",\"@id\":\"https:\/\/www.africa-press.net\/senegal\/#\/schema\/person\/2b1cf3cd81a31e3cd26889ca66d677f1\"},\"headline\":\"CHAN: la C\u00f4te d&rsquo;Ivoire boucle sa pr\u00e9paration par un bilan mitig\u00e9\",\"datePublished\":\"2023-01-11T20:52:12+00:00\",\"dateModified\":\"2023-01-11T22:19:14+00:00\",\"mainEntityOfPage\":{\"@id\":\"https:\/\/www.africa-press.net\/senegal\/sports\/chan-la-cote-divoire-boucle-sa-preparation-par-un-bilan-mitige\"},\"wordCount\":261,\"commentCount\":0,\"image\":{\"@id\":\"https:\/\/www.africa-press.net\/senegal\/sports\/chan-la-cote-divoire-boucle-sa-preparation-par-un-bilan-mitige#primaryimage\"},\"thumbnailUrl\":\"https:\/\/static.africa-press.net\/senegal\/sites\/13\/2023\/01\/postQueueImg_1673457908.71.jpg\",\"keywords\":[\"Africa Press\",\"Africa Press-Senegal\",\"Senegal\"],\"articleSection\":[\"Sports\",\"Toutes les actualit\u00e9s\"],\"inLanguage\":\"fr-FR\",\"potentialAction\":[{\"@type\":\"CommentAction\",\"name\":\"Comment\",\"target\":[\"https:\/\/www.africa-press.net\/senegal\/sports\/chan-la-cote-divoire-boucle-sa-preparation-par-un-bilan-mitige#respond\"]}]},{\"@type\":\"WebPage\",\"@id\":\"https:\/\/www.africa-press.net\/senegal\/sports\/chan-la-cote-divoire-boucle-sa-preparation-par-un-bilan-mitige\",\"url\":\"https:\/\/www.africa-press.net\/senegal\/sports\/chan-la-cote-divoire-boucle-sa-preparation-par-un-bilan-mitige\",\"name\":\"CHAN: la C\u00f4te d'Ivoire boucle sa pr\u00e9paration par un bilan mitig\u00e9 - Senegal\",\"isPartOf\":{\"@id\":\"https:\/\/www.africa-press.net\/senegal\/#website\"},\"primaryImageOfPage\":{\"@id\":\"https:\/\/www.africa-press.net\/senegal\/sports\/chan-la-cote-divoire-boucle-sa-preparation-par-un-bilan-mitige#primaryimage\"},\"image\":{\"@id\":\"https:\/\/www.africa-press.net\/senegal\/sports\/chan-la-cote-divoire-boucle-sa-preparation-par-un-bilan-mitige#primaryimage\"},\"thumbnailUrl\":\"https:\/\/static.africa-press.net\/senegal\/sites\/13\/2023\/01\/postQueueImg_1673457908.71.jpg\",\"datePublished\":\"2023-01-11T20:52:12+00:00\",\"dateModified\":\"2023-01-11T22:19:14+00:00\",\"author\":{\"@id\":\"https:\/\/www.africa-press.net\/senegal\/#\/schema\/person\/2b1cf3cd81a31e3cd26889ca66d677f1\"},\"description\":\"L\u2019e\u0301quipe nationale locale de la Co\u0302te d\u2019Ivoire, premier adversaire du Se\u0301ne\u0301gal au Championnat d\u2019Afrique des nations (C ...\",\"breadcrumb\":{\"@id\":\"https:\/\/www.africa-press.net\/senegal\/sports\/chan-la-cote-divoire-boucle-sa-preparation-par-un-bilan-mitige#breadcrumb\"},\"inLanguage\":\"fr-FR\",\"potentialAction\":[{\"@type\":\"ReadAction\",\"target\":[\"https:\/\/www.africa-press.net\/senegal\/sports\/chan-la-cote-divoire-boucle-sa-preparation-par-un-bilan-mitige\"]}]},{\"@type\":\"ImageObject\",\"inLanguage\":\"fr-FR\",\"@id\":\"https:\/\/www.africa-press.net\/senegal\/sports\/chan-la-cote-divoire-boucle-sa-preparation-par-un-bilan-mitige#primaryimage\",\"url\":\"https:\/\/static.africa-press.net\/senegal\/sites\/13\/2023\/01\/postQueueImg_1673457908.71.jpg\",\"contentUrl\":\"https:\/\/static.africa-press.net\/senegal\/sites\/13\/2023\/01\/postQueueImg_1673457908.71.jpg\",\"width\":777,\"height\":559,\"caption\":\"CHAN: la C\u00f4te d'Ivoire boucle sa pr\u00e9paration par un bilan mitig\u00e9\"},{\"@type\":\"BreadcrumbList\",\"@id\":\"https:\/\/www.africa-press.net\/senegal\/sports\/chan-la-cote-divoire-boucle-sa-preparation-par-un-bilan-mitige#breadcrumb\",\"itemListElement\":[{\"@type\":\"ListItem\",\"position\":1,\"name\":\"Accueil\",\"item\":\"https:\/\/www.africa-press.net\/senegal\/\"},{\"@type\":\"ListItem\",\"position\":2,\"name\":\"CHAN: la C\u00f4te d&rsquo;Ivoire boucle sa pr\u00e9paration par un bilan mitig\u00e9\"}]},{\"@type\":\"WebSite\",\"@id\":\"https:\/\/www.africa-press.net\/senegal\/#website\",\"url\":\"https:\/\/www.africa-press.net\/senegal\/\",\"name\":\"Africa Press | Senegal | Homepage\",\"description\":\"Just another Africa News Agency Sites site\",\"potentialAction\":[{\"@type\":\"SearchAction\",\"target\":{\"@type\":\"EntryPoint\",\"urlTemplate\":\"https:\/\/www.africa-press.net\/senegal\/?s={search_term_string}\"},\"query-input\":{\"@type\":\"PropertyValueSpecification\",\"valueRequired\":true,\"valueName\":\"search_term_string\"}}],\"inLanguage\":\"fr-FR\"},{\"@type\":\"Person\",\"@id\":\"https:\/\/www.africa-press.net\/senegal\/#\/schema\/person\/2b1cf3cd81a31e3cd26889ca66d677f1\",\"name\":\"cfeditorfr\",\"url\":\"https:\/\/www.africa-press.net\/senegal\/author\/cfeditorfr\"}]}<\/script>\n<!-- \/ Yoast SEO Premium plugin. -->","yoast_head_json":{"title":"CHAN: la C\u00f4te d'Ivoire boucle sa pr\u00e9paration par un bilan mitig\u00e9 - Senegal","description":"L\u2019e\u0301quipe nationale locale de la Co\u0302te d\u2019Ivoire, premier adversaire du Se\u0301ne\u0301gal au Championnat d\u2019Afrique des nations (C ...","robots":{"index":"index","follow":"follow","max-snippet":"max-snippet:-1","max-image-preview":"max-image-preview:large","max-video-preview":"max-video-preview:-1"},"canonical":"https:\/\/www.africa-press.net\/senegal\/sports\/chan-la-cote-divoire-boucle-sa-preparation-par-un-bilan-mitige","og_locale":"fr_FR","og_type":"article","og_title":"CHAN: la C\u00f4te d'Ivoire boucle sa pr\u00e9paration par un bilan mitig\u00e9","og_description":"L\u2019e\u0301quipe nationale locale de la Co\u0302te d\u2019Ivoire, premier adversaire du Se\u0301ne\u0301gal au Championnat d\u2019Afrique des nations (C ...","og_url":"https:\/\/www.africa-press.net\/senegal\/sports\/chan-la-cote-divoire-boucle-sa-preparation-par-un-bilan-mitige","og_site_name":"Senegal","article_published_time":"2023-01-11T20:52:12+00:00","article_modified_time":"2023-01-11T22:19:14+00:00","og_image":[{"width":777,"height":559,"url":"https:\/\/static.africa-press.net\/senegal\/sites\/13\/2023\/01\/postQueueImg_1673457908.71.jpg","type":"image\/jpeg"}],"author":"cfeditorfr","twitter_card":"summary_large_image","twitter_misc":{"\u00c9crit par":"cfeditorfr","Dur\u00e9e de lecture estim\u00e9e":"1 minute"},"schema":{"@context":"https:\/\/schema.org","@graph":[{"@type":"Article","@id":"https:\/\/www.africa-press.net\/senegal\/sports\/chan-la-cote-divoire-boucle-sa-preparation-par-un-bilan-mitige#article","isPartOf":{"@id":"https:\/\/www.africa-press.net\/senegal\/sports\/chan-la-cote-divoire-boucle-sa-preparation-par-un-bilan-mitige"},"author":{"name":"cfeditorfr","@id":"https:\/\/www.africa-press.net\/senegal\/#\/schema\/person\/2b1cf3cd81a31e3cd26889ca66d677f1"},"headline":"CHAN: la C\u00f4te d&rsquo;Ivoire boucle sa pr\u00e9paration par un bilan mitig\u00e9","datePublished":"2023-01-11T20:52:12+00:00","dateModified":"2023-01-11T22:19:14+00:00","mainEntityOfPage":{"@id":"https:\/\/www.africa-press.net\/senegal\/sports\/chan-la-cote-divoire-boucle-sa-preparation-par-un-bilan-mitige"},"wordCount":261,"commentCount":0,"image":{"@id":"https:\/\/www.africa-press.net\/senegal\/sports\/chan-la-cote-divoire-boucle-sa-preparation-par-un-bilan-mitige#primaryimage"},"thumbnailUrl":"https:\/\/static.africa-press.net\/senegal\/sites\/13\/2023\/01\/postQueueImg_1673457908.71.jpg","keywords":["Africa Press","Africa Press-Senegal","Senegal"],"articleSection":["Sports","Toutes les actualit\u00e9s"],"inLanguage":"fr-FR","potentialAction":[{"@type":"CommentAction","name":"Comment","target":["https:\/\/www.africa-press.net\/senegal\/sports\/chan-la-cote-divoire-boucle-sa-preparation-par-un-bilan-mitige#respond"]}]},{"@type":"WebPage","@id":"https:\/\/www.africa-press.net\/senegal\/sports\/chan-la-cote-divoire-boucle-sa-preparation-par-un-bilan-mitige","url":"https:\/\/www.africa-press.net\/senegal\/sports\/chan-la-cote-divoire-boucle-sa-preparation-par-un-bilan-mitige","name":"CHAN: la C\u00f4te d'Ivoire boucle sa pr\u00e9paration par un bilan mitig\u00e9 - Senegal","isPartOf":{"@id":"https:\/\/www.africa-press.net\/senegal\/#website"},"primaryImageOfPage":{"@id":"https:\/\/www.africa-press.net\/senegal\/sports\/chan-la-cote-divoire-boucle-sa-preparation-par-un-bilan-mitige#primaryimage"},"image":{"@id":"https:\/\/www.africa-press.net\/senegal\/sports\/chan-la-cote-divoire-boucle-sa-preparation-par-un-bilan-mitige#primaryimage"},"thumbnailUrl":"https:\/\/static.africa-press.net\/senegal\/sites\/13\/2023\/01\/postQueueImg_1673457908.71.jpg","datePublished":"2023-01-11T20:52:12+00:00","dateModified":"2023-01-11T22:19:14+00:00","author":{"@id":"https:\/\/www.africa-press.net\/senegal\/#\/schema\/person\/2b1cf3cd81a31e3cd26889ca66d677f1"},"description":"L\u2019e\u0301quipe nationale locale de la Co\u0302te d\u2019Ivoire, premier adversaire du Se\u0301ne\u0301gal au Championnat d\u2019Afrique des nations (C ...","breadcrumb":{"@id":"https:\/\/www.africa-press.net\/senegal\/sports\/chan-la-cote-divoire-boucle-sa-preparation-par-un-bilan-mitige#breadcrumb"},"inLanguage":"fr-FR","potentialAction":[{"@type":"ReadAction","target":["https:\/\/www.africa-press.net\/senegal\/sports\/chan-la-cote-divoire-boucle-sa-preparation-par-un-bilan-mitige"]}]},{"@type":"ImageObject","inLanguage":"fr-FR","@id":"https:\/\/www.africa-press.net\/senegal\/sports\/chan-la-cote-divoire-boucle-sa-preparation-par-un-bilan-mitige#primaryimage","url":"https:\/\/static.africa-press.net\/senegal\/sites\/13\/2023\/01\/postQueueImg_1673457908.71.jpg","contentUrl":"https:\/\/static.africa-press.net\/senegal\/sites\/13\/2023\/01\/postQueueImg_1673457908.71.jpg","width":777,"height":559,"caption":"CHAN: la C\u00f4te d'Ivoire boucle sa pr\u00e9paration par un bilan mitig\u00e9"},{"@type":"BreadcrumbList","@id":"https:\/\/www.africa-press.net\/senegal\/sports\/chan-la-cote-divoire-boucle-sa-preparation-par-un-bilan-mitige#breadcrumb","itemListElement":[{"@type":"ListItem","position":1,"name":"Accueil","item":"https:\/\/www.africa-press.net\/senegal\/"},{"@type":"ListItem","position":2,"name":"CHAN: la C\u00f4te d&rsquo;Ivoire boucle sa pr\u00e9paration par un bilan mitig\u00e9"}]},{"@type":"WebSite","@id":"https:\/\/www.africa-press.net\/senegal\/#website","url":"https:\/\/www.africa-press.net\/senegal\/","name":"Africa Press | Senegal | Homepage","description":"Just another Africa News Agency Sites site","potentialAction":[{"@type":"SearchAction","target":{"@type":"EntryPoint","urlTemplate":"https:\/\/www.africa-press.net\/senegal\/?s={search_term_string}"},"query-input":{"@type":"PropertyValueSpecification","valueRequired":true,"valueName":"search_term_string"}}],"inLanguage":"fr-FR"},{"@type":"Person","@id":"https:\/\/www.africa-press.net\/senegal\/#\/schema\/person\/2b1cf3cd81a31e3cd26889ca66d677f1","name":"cfeditorfr","url":"https:\/\/www.africa-press.net\/senegal\/author\/cfeditorfr"}]}},"_links":{"self":[{"href":"https:\/\/www.africa-press.net\/senegal\/wp-json\/wp\/v2\/posts\/37919","targetHints":{"allow":["GET"]}}],"collection":[{"href":"https:\/\/www.africa-press.net\/senegal\/wp-json\/wp\/v2\/posts"}],"about":[{"href":"https:\/\/www.africa-press.net\/senegal\/wp-json\/wp\/v2\/types\/post"}],"author":[{"embeddable":true,"href":"https:\/\/www.africa-press.net\/senegal\/wp-json\/wp\/v2\/users\/82"}],"replies":[{"embeddable":true,"href":"https:\/\/www.africa-press.net\/senegal\/wp-json\/wp\/v2\/comments?post=37919"}],"version-history":[{"count":0,"href":"https:\/\/www.africa-press.net\/senegal\/wp-json\/wp\/v2\/posts\/37919\/revisions"}],"wp:featuredmedia":[{"embeddable":true,"href":"https:\/\/www.africa-press.net\/senegal\/wp-json\/wp\/v2\/media\/37918"}],"wp:attachment":[{"href":"https:\/\/www.africa-press.net\/senegal\/wp-json\/wp\/v2\/media?parent=37919"}],"wp:term":[{"taxonomy":"category","embeddable":true,"href":"https:\/\/www.africa-press.net\/senegal\/wp-json\/wp\/v2\/categories?post=37919"},{"taxonomy":"post_tag","embeddable":true,"href":"https:\/\/www.africa-press.net\/senegal\/wp-json\/wp\/v2\/tags?post=37919"}],"curies":[{"name":"wp","href":"https:\/\/api.w.org\/{rel}","templated":true}]}}