{"id":37922,"date":"2023-01-11T20:55:39","date_gmt":"2023-01-11T20:55:39","guid":{"rendered":"https:\/\/www.africa-press.net\/senegal\/politique\/chan-on-veut-debuter-par-une-victoire-face-a-la-cote-divoire-lamine-camara"},"modified":"2023-01-11T22:20:02","modified_gmt":"2023-01-11T22:20:02","slug":"chan-on-veut-debuter-par-une-victoire-face-a-la-cote-divoire-lamine-camara","status":"publish","type":"post","link":"https:\/\/www.africa-press.net\/senegal\/sports\/chan-on-veut-debuter-par-une-victoire-face-a-la-cote-divoire-lamine-camara","title":{"rendered":"CHAN : \u00a0\u00bbOn veut d\u00e9buter par une victoire face \u00e0 la C\u00f4te d&rsquo;Ivoire\u00a0\u00bb (Lamine Camara)"},"content":{"rendered":"<p><span style=\"color: #ff6600\"><strong>Africa-Press &#8211; Senegal. <\/strong><\/span>Lamine Camara, milieu de terrain de l&rsquo;e\u0301quipe nationale locale du Se\u0301ne\u0301gal, souhaite de\u0301marrer le Championnat d&rsquo;Afrique des Nations par une victoire face a\u0300 la Co\u0302te d&rsquo;Ivoire samedi en match comptant pour la 1e\u0300re journe\u0301e de la poule B.<\/p>\n<p>\u201cOn veut de\u0301marrer le CHAN par une victoire face a\u0300 la Co\u0302te d&rsquo;Ivoire samedi. Personnellement, c&rsquo;est la premie\u0300re fois que je participe a\u0300 cette compe\u0301tition donc mon souhait, c&rsquo;est d&rsquo;entamer ces joutes par une victoire\u201d, a indique\u0301 Camara dans un entretien te\u0301le\u0301phonique accorde\u0301 a\u0300 l&rsquo;APS.<\/p>\n<p>Absent de cette compe\u0301tition depuis 2011, le Se\u0301ne\u0301gal devra faire une bonne entame face a\u0300 la Co\u0302te d&rsquo;Ivoire samedi a\u0300 19h GMT a\u0300 Annaba en Alge\u0301rie, pour le compte de la premie\u0300re journe\u0301e de la poule B.<\/p>\n<p>\u2018\u2019A\u0300 notre niveau, on n&rsquo;a pas de crainte parce qu&rsquo;on a fait une bonne pre\u0301paration avec des matchs amicaux face a\u0300 des e\u0301quipes de haut niveau dont le pays ho\u0302te l&rsquo;Alge\u0301rie (2-2), le Maroc (de\u0301faite 1-0), le Niger (0-0) et le Congo (victoire 1-0)\u201d, fait savoir le milieu de terrain des lions locaux.<\/p>\n<p>\u201cEt toutes ces e\u0301quipes-la\u0300 font partie des meilleures en Afrique. On n&rsquo;a pas beaucoup d&rsquo;informations sur notre adversaire la Co\u0302te d&rsquo;Ivoire. On veut se concentrer sur nos potentiels\u201d, a-t-il insiste\u0301.<\/p>\n<p>Unique buteur du dernier match de pre\u0301paration du Se\u0301ne\u0301gal face au Congo (1-0) en amical, le pensionnaire de Ge\u0301ne\u0301ration Foot affiche ses ambitions.<\/p>\n<p>\u201cMon objectif dans cette compe\u0301tition est d&rsquo;aller le plus loin possible avec le Se\u0301ne\u0301gal. Avec ce groupe, je pense qu&rsquo;on peut me\u0302me aller en finale pourquoi pas?\u201d, a dit l&rsquo;international se\u0301ne\u0301galais.<\/p>\n<p>Loge\u0301 dans la poule B, apre\u0300s la Co\u0302te d&rsquo;Ivoire, le Se\u0301ne\u0301gal jouera contre l&rsquo;Ouganda avant de faire face a\u0300 la Re\u0301publique De\u0301mocratique du Congo.<\/p>\n<p><strong>Pour plus d&rsquo;informations et d&rsquo;analyses sur la <a href=\"https:\/\/www.africa-press.net\/senegal\">Senegal<\/a>, suivez <a href=\"https:\/\/www.africa-press.net\/\">Africa-Press<\/a><\/strong><\/p>\n","protected":false},"excerpt":{"rendered":"<p>Africa-Press &#8211; Senegal. Lamine Camara, milieu de terrain de l&rsquo;e\u0301quipe nationale locale du Se\u0301ne\u0301gal, souhaite de\u0301marrer le Championnat d&rsquo;Afrique des Nations par une victoire face a\u0300 la Co\u0302te d&rsquo;Ivoire samedi en match comptant pour la 1e\u0300re journe\u0301e de la poule B. \u201cOn veut de\u0301marrer le CHAN par une victoire face a\u0300 la Co\u0302te d&rsquo;Ivoire samedi. [&hellip;]<\/p>\n","protected":false},"author":82,"featured_media":37921,"comment_status":"open","ping_status":"closed","sticky":false,"template":"","format":"standard","meta":{"footnotes":""},"categories":[6,10],"tags":[43,47,44],"class_list":["post-37922","post","type-post","status-publish","format-standard","has-post-thumbnail","hentry","category-sports","category-toutes-les-actualites","tag-africa-press-2","tag-africa-press-senegal","tag-senegal-2"],"yoast_head":"<!-- This site is optimized with the Yoast SEO Premium plugin v26.1 (Yoast SEO v27.0) - https:\/\/yoast.com\/product\/yoast-seo-premium-wordpress\/ -->\n<title>CHAN : &#039;&#039;On veut d\u00e9buter par une victoire face \u00e0 la C\u00f4te d&#039;Ivoire&quot; (Lamine Camara) - Senegal<\/title>\n<meta name=\"description\" content=\"Lamine Camara, milieu de terrain de l&#039;e\u0301quipe nationale locale du Se\u0301ne\u0301gal, souhaite de\u0301marrer le Championnat d&#039;Afrique ...\" \/>\n<meta name=\"robots\" content=\"index, follow, max-snippet:-1, max-image-preview:large, max-video-preview:-1\" \/>\n<link rel=\"canonical\" href=\"https:\/\/www.africa-press.net\/senegal\/sports\/chan-on-veut-debuter-par-une-victoire-face-a-la-cote-divoire-lamine-camara\" \/>\n<meta property=\"og:locale\" content=\"fr_FR\" \/>\n<meta property=\"og:type\" content=\"article\" \/>\n<meta property=\"og:title\" content=\"CHAN : &#039;&#039;On veut d\u00e9buter par une victoire face \u00e0 la C\u00f4te d&#039;Ivoire&quot; (Lamine Camara)\" \/>\n<meta property=\"og:description\" content=\"Lamine Camara, milieu de terrain de l&#039;e\u0301quipe nationale locale du Se\u0301ne\u0301gal, souhaite de\u0301marrer le Championnat d&#039;Afrique ...\" \/>\n<meta property=\"og:url\" content=\"https:\/\/www.africa-press.net\/senegal\/sports\/chan-on-veut-debuter-par-une-victoire-face-a-la-cote-divoire-lamine-camara\" \/>\n<meta property=\"og:site_name\" content=\"Senegal\" \/>\n<meta property=\"article:published_time\" content=\"2023-01-11T20:55:39+00:00\" \/>\n<meta property=\"article:modified_time\" content=\"2023-01-11T22:20:02+00:00\" \/>\n<meta property=\"og:image\" content=\"https:\/\/static.africa-press.net\/senegal\/sites\/13\/2023\/01\/postQueueImg_1673458030.17.jpg\" \/>\n\t<meta property=\"og:image:width\" content=\"593\" \/>\n\t<meta property=\"og:image:height\" content=\"416\" \/>\n\t<meta property=\"og:image:type\" content=\"image\/jpeg\" \/>\n<meta name=\"author\" content=\"cfeditorfr\" \/>\n<meta name=\"twitter:card\" content=\"summary_large_image\" \/>\n<meta name=\"twitter:label1\" content=\"\u00c9crit par\" \/>\n\t<meta name=\"twitter:data1\" content=\"cfeditorfr\" \/>\n\t<meta name=\"twitter:label2\" content=\"Dur\u00e9e de lecture estim\u00e9e\" \/>\n\t<meta name=\"twitter:data2\" content=\"2 minutes\" \/>\n<script type=\"application\/ld+json\" class=\"yoast-schema-graph\">{\"@context\":\"https:\/\/schema.org\",\"@graph\":[{\"@type\":\"Article\",\"@id\":\"https:\/\/www.africa-press.net\/senegal\/sports\/chan-on-veut-debuter-par-une-victoire-face-a-la-cote-divoire-lamine-camara#article\",\"isPartOf\":{\"@id\":\"https:\/\/www.africa-press.net\/senegal\/sports\/chan-on-veut-debuter-par-une-victoire-face-a-la-cote-divoire-lamine-camara\"},\"author\":{\"name\":\"cfeditorfr\",\"@id\":\"https:\/\/www.africa-press.net\/senegal\/#\/schema\/person\/2b1cf3cd81a31e3cd26889ca66d677f1\"},\"headline\":\"CHAN : \u00a0\u00bbOn veut d\u00e9buter par une victoire face \u00e0 la C\u00f4te d&rsquo;Ivoire\u00a0\u00bb (Lamine Camara)\",\"datePublished\":\"2023-01-11T20:55:39+00:00\",\"dateModified\":\"2023-01-11T22:20:02+00:00\",\"mainEntityOfPage\":{\"@id\":\"https:\/\/www.africa-press.net\/senegal\/sports\/chan-on-veut-debuter-par-une-victoire-face-a-la-cote-divoire-lamine-camara\"},\"wordCount\":375,\"commentCount\":0,\"image\":{\"@id\":\"https:\/\/www.africa-press.net\/senegal\/sports\/chan-on-veut-debuter-par-une-victoire-face-a-la-cote-divoire-lamine-camara#primaryimage\"},\"thumbnailUrl\":\"https:\/\/static.africa-press.net\/senegal\/sites\/13\/2023\/01\/postQueueImg_1673458030.17.jpg\",\"keywords\":[\"Africa Press\",\"Africa Press-Senegal\",\"Senegal\"],\"articleSection\":[\"Sports\",\"Toutes les actualit\u00e9s\"],\"inLanguage\":\"fr-FR\",\"potentialAction\":[{\"@type\":\"CommentAction\",\"name\":\"Comment\",\"target\":[\"https:\/\/www.africa-press.net\/senegal\/sports\/chan-on-veut-debuter-par-une-victoire-face-a-la-cote-divoire-lamine-camara#respond\"]}]},{\"@type\":\"WebPage\",\"@id\":\"https:\/\/www.africa-press.net\/senegal\/sports\/chan-on-veut-debuter-par-une-victoire-face-a-la-cote-divoire-lamine-camara\",\"url\":\"https:\/\/www.africa-press.net\/senegal\/sports\/chan-on-veut-debuter-par-une-victoire-face-a-la-cote-divoire-lamine-camara\",\"name\":\"CHAN : ''On veut d\u00e9buter par une victoire face \u00e0 la C\u00f4te d'Ivoire\\\" (Lamine Camara) - Senegal\",\"isPartOf\":{\"@id\":\"https:\/\/www.africa-press.net\/senegal\/#website\"},\"primaryImageOfPage\":{\"@id\":\"https:\/\/www.africa-press.net\/senegal\/sports\/chan-on-veut-debuter-par-une-victoire-face-a-la-cote-divoire-lamine-camara#primaryimage\"},\"image\":{\"@id\":\"https:\/\/www.africa-press.net\/senegal\/sports\/chan-on-veut-debuter-par-une-victoire-face-a-la-cote-divoire-lamine-camara#primaryimage\"},\"thumbnailUrl\":\"https:\/\/static.africa-press.net\/senegal\/sites\/13\/2023\/01\/postQueueImg_1673458030.17.jpg\",\"datePublished\":\"2023-01-11T20:55:39+00:00\",\"dateModified\":\"2023-01-11T22:20:02+00:00\",\"author\":{\"@id\":\"https:\/\/www.africa-press.net\/senegal\/#\/schema\/person\/2b1cf3cd81a31e3cd26889ca66d677f1\"},\"description\":\"Lamine Camara, milieu de terrain de l'e\u0301quipe nationale locale du Se\u0301ne\u0301gal, souhaite de\u0301marrer le Championnat d'Afrique ...\",\"breadcrumb\":{\"@id\":\"https:\/\/www.africa-press.net\/senegal\/sports\/chan-on-veut-debuter-par-une-victoire-face-a-la-cote-divoire-lamine-camara#breadcrumb\"},\"inLanguage\":\"fr-FR\",\"potentialAction\":[{\"@type\":\"ReadAction\",\"target\":[\"https:\/\/www.africa-press.net\/senegal\/sports\/chan-on-veut-debuter-par-une-victoire-face-a-la-cote-divoire-lamine-camara\"]}]},{\"@type\":\"ImageObject\",\"inLanguage\":\"fr-FR\",\"@id\":\"https:\/\/www.africa-press.net\/senegal\/sports\/chan-on-veut-debuter-par-une-victoire-face-a-la-cote-divoire-lamine-camara#primaryimage\",\"url\":\"https:\/\/static.africa-press.net\/senegal\/sites\/13\/2023\/01\/postQueueImg_1673458030.17.jpg\",\"contentUrl\":\"https:\/\/static.africa-press.net\/senegal\/sites\/13\/2023\/01\/postQueueImg_1673458030.17.jpg\",\"width\":593,\"height\":416,\"caption\":\"CHAN : ''On veut d\u00e9buter par une victoire face \u00e0 la C\u00f4te d'Ivoire\\\" (Lamine Camara)\"},{\"@type\":\"BreadcrumbList\",\"@id\":\"https:\/\/www.africa-press.net\/senegal\/sports\/chan-on-veut-debuter-par-une-victoire-face-a-la-cote-divoire-lamine-camara#breadcrumb\",\"itemListElement\":[{\"@type\":\"ListItem\",\"position\":1,\"name\":\"Accueil\",\"item\":\"https:\/\/www.africa-press.net\/senegal\/\"},{\"@type\":\"ListItem\",\"position\":2,\"name\":\"CHAN : \u00a0\u00bbOn veut d\u00e9buter par une victoire face \u00e0 la C\u00f4te d&rsquo;Ivoire\u00a0\u00bb (Lamine Camara)\"}]},{\"@type\":\"WebSite\",\"@id\":\"https:\/\/www.africa-press.net\/senegal\/#website\",\"url\":\"https:\/\/www.africa-press.net\/senegal\/\",\"name\":\"Africa Press | Senegal | Homepage\",\"description\":\"Just another Africa News Agency Sites site\",\"potentialAction\":[{\"@type\":\"SearchAction\",\"target\":{\"@type\":\"EntryPoint\",\"urlTemplate\":\"https:\/\/www.africa-press.net\/senegal\/?s={search_term_string}\"},\"query-input\":{\"@type\":\"PropertyValueSpecification\",\"valueRequired\":true,\"valueName\":\"search_term_string\"}}],\"inLanguage\":\"fr-FR\"},{\"@type\":\"Person\",\"@id\":\"https:\/\/www.africa-press.net\/senegal\/#\/schema\/person\/2b1cf3cd81a31e3cd26889ca66d677f1\",\"name\":\"cfeditorfr\",\"url\":\"https:\/\/www.africa-press.net\/senegal\/author\/cfeditorfr\"}]}<\/script>\n<!-- \/ Yoast SEO Premium plugin. -->","yoast_head_json":{"title":"CHAN : ''On veut d\u00e9buter par une victoire face \u00e0 la C\u00f4te d'Ivoire\" (Lamine Camara) - Senegal","description":"Lamine Camara, milieu de terrain de l'e\u0301quipe nationale locale du Se\u0301ne\u0301gal, souhaite de\u0301marrer le Championnat d'Afrique ...","robots":{"index":"index","follow":"follow","max-snippet":"max-snippet:-1","max-image-preview":"max-image-preview:large","max-video-preview":"max-video-preview:-1"},"canonical":"https:\/\/www.africa-press.net\/senegal\/sports\/chan-on-veut-debuter-par-une-victoire-face-a-la-cote-divoire-lamine-camara","og_locale":"fr_FR","og_type":"article","og_title":"CHAN : ''On veut d\u00e9buter par une victoire face \u00e0 la C\u00f4te d'Ivoire\" (Lamine Camara)","og_description":"Lamine Camara, milieu de terrain de l'e\u0301quipe nationale locale du Se\u0301ne\u0301gal, souhaite de\u0301marrer le Championnat d'Afrique ...","og_url":"https:\/\/www.africa-press.net\/senegal\/sports\/chan-on-veut-debuter-par-une-victoire-face-a-la-cote-divoire-lamine-camara","og_site_name":"Senegal","article_published_time":"2023-01-11T20:55:39+00:00","article_modified_time":"2023-01-11T22:20:02+00:00","og_image":[{"width":593,"height":416,"url":"https:\/\/static.africa-press.net\/senegal\/sites\/13\/2023\/01\/postQueueImg_1673458030.17.jpg","type":"image\/jpeg"}],"author":"cfeditorfr","twitter_card":"summary_large_image","twitter_misc":{"\u00c9crit par":"cfeditorfr","Dur\u00e9e de lecture estim\u00e9e":"2 minutes"},"schema":{"@context":"https:\/\/schema.org","@graph":[{"@type":"Article","@id":"https:\/\/www.africa-press.net\/senegal\/sports\/chan-on-veut-debuter-par-une-victoire-face-a-la-cote-divoire-lamine-camara#article","isPartOf":{"@id":"https:\/\/www.africa-press.net\/senegal\/sports\/chan-on-veut-debuter-par-une-victoire-face-a-la-cote-divoire-lamine-camara"},"author":{"name":"cfeditorfr","@id":"https:\/\/www.africa-press.net\/senegal\/#\/schema\/person\/2b1cf3cd81a31e3cd26889ca66d677f1"},"headline":"CHAN : \u00a0\u00bbOn veut d\u00e9buter par une victoire face \u00e0 la C\u00f4te d&rsquo;Ivoire\u00a0\u00bb (Lamine Camara)","datePublished":"2023-01-11T20:55:39+00:00","dateModified":"2023-01-11T22:20:02+00:00","mainEntityOfPage":{"@id":"https:\/\/www.africa-press.net\/senegal\/sports\/chan-on-veut-debuter-par-une-victoire-face-a-la-cote-divoire-lamine-camara"},"wordCount":375,"commentCount":0,"image":{"@id":"https:\/\/www.africa-press.net\/senegal\/sports\/chan-on-veut-debuter-par-une-victoire-face-a-la-cote-divoire-lamine-camara#primaryimage"},"thumbnailUrl":"https:\/\/static.africa-press.net\/senegal\/sites\/13\/2023\/01\/postQueueImg_1673458030.17.jpg","keywords":["Africa Press","Africa Press-Senegal","Senegal"],"articleSection":["Sports","Toutes les actualit\u00e9s"],"inLanguage":"fr-FR","potentialAction":[{"@type":"CommentAction","name":"Comment","target":["https:\/\/www.africa-press.net\/senegal\/sports\/chan-on-veut-debuter-par-une-victoire-face-a-la-cote-divoire-lamine-camara#respond"]}]},{"@type":"WebPage","@id":"https:\/\/www.africa-press.net\/senegal\/sports\/chan-on-veut-debuter-par-une-victoire-face-a-la-cote-divoire-lamine-camara","url":"https:\/\/www.africa-press.net\/senegal\/sports\/chan-on-veut-debuter-par-une-victoire-face-a-la-cote-divoire-lamine-camara","name":"CHAN : ''On veut d\u00e9buter par une victoire face \u00e0 la C\u00f4te d'Ivoire\" (Lamine Camara) - Senegal","isPartOf":{"@id":"https:\/\/www.africa-press.net\/senegal\/#website"},"primaryImageOfPage":{"@id":"https:\/\/www.africa-press.net\/senegal\/sports\/chan-on-veut-debuter-par-une-victoire-face-a-la-cote-divoire-lamine-camara#primaryimage"},"image":{"@id":"https:\/\/www.africa-press.net\/senegal\/sports\/chan-on-veut-debuter-par-une-victoire-face-a-la-cote-divoire-lamine-camara#primaryimage"},"thumbnailUrl":"https:\/\/static.africa-press.net\/senegal\/sites\/13\/2023\/01\/postQueueImg_1673458030.17.jpg","datePublished":"2023-01-11T20:55:39+00:00","dateModified":"2023-01-11T22:20:02+00:00","author":{"@id":"https:\/\/www.africa-press.net\/senegal\/#\/schema\/person\/2b1cf3cd81a31e3cd26889ca66d677f1"},"description":"Lamine Camara, milieu de terrain de l'e\u0301quipe nationale locale du Se\u0301ne\u0301gal, souhaite de\u0301marrer le Championnat d'Afrique ...","breadcrumb":{"@id":"https:\/\/www.africa-press.net\/senegal\/sports\/chan-on-veut-debuter-par-une-victoire-face-a-la-cote-divoire-lamine-camara#breadcrumb"},"inLanguage":"fr-FR","potentialAction":[{"@type":"ReadAction","target":["https:\/\/www.africa-press.net\/senegal\/sports\/chan-on-veut-debuter-par-une-victoire-face-a-la-cote-divoire-lamine-camara"]}]},{"@type":"ImageObject","inLanguage":"fr-FR","@id":"https:\/\/www.africa-press.net\/senegal\/sports\/chan-on-veut-debuter-par-une-victoire-face-a-la-cote-divoire-lamine-camara#primaryimage","url":"https:\/\/static.africa-press.net\/senegal\/sites\/13\/2023\/01\/postQueueImg_1673458030.17.jpg","contentUrl":"https:\/\/static.africa-press.net\/senegal\/sites\/13\/2023\/01\/postQueueImg_1673458030.17.jpg","width":593,"height":416,"caption":"CHAN : ''On veut d\u00e9buter par une victoire face \u00e0 la C\u00f4te d'Ivoire\" (Lamine Camara)"},{"@type":"BreadcrumbList","@id":"https:\/\/www.africa-press.net\/senegal\/sports\/chan-on-veut-debuter-par-une-victoire-face-a-la-cote-divoire-lamine-camara#breadcrumb","itemListElement":[{"@type":"ListItem","position":1,"name":"Accueil","item":"https:\/\/www.africa-press.net\/senegal\/"},{"@type":"ListItem","position":2,"name":"CHAN : \u00a0\u00bbOn veut d\u00e9buter par une victoire face \u00e0 la C\u00f4te d&rsquo;Ivoire\u00a0\u00bb (Lamine Camara)"}]},{"@type":"WebSite","@id":"https:\/\/www.africa-press.net\/senegal\/#website","url":"https:\/\/www.africa-press.net\/senegal\/","name":"Africa Press | Senegal | Homepage","description":"Just another Africa News Agency Sites site","potentialAction":[{"@type":"SearchAction","target":{"@type":"EntryPoint","urlTemplate":"https:\/\/www.africa-press.net\/senegal\/?s={search_term_string}"},"query-input":{"@type":"PropertyValueSpecification","valueRequired":true,"valueName":"search_term_string"}}],"inLanguage":"fr-FR"},{"@type":"Person","@id":"https:\/\/www.africa-press.net\/senegal\/#\/schema\/person\/2b1cf3cd81a31e3cd26889ca66d677f1","name":"cfeditorfr","url":"https:\/\/www.africa-press.net\/senegal\/author\/cfeditorfr"}]}},"_links":{"self":[{"href":"https:\/\/www.africa-press.net\/senegal\/wp-json\/wp\/v2\/posts\/37922","targetHints":{"allow":["GET"]}}],"collection":[{"href":"https:\/\/www.africa-press.net\/senegal\/wp-json\/wp\/v2\/posts"}],"about":[{"href":"https:\/\/www.africa-press.net\/senegal\/wp-json\/wp\/v2\/types\/post"}],"author":[{"embeddable":true,"href":"https:\/\/www.africa-press.net\/senegal\/wp-json\/wp\/v2\/users\/82"}],"replies":[{"embeddable":true,"href":"https:\/\/www.africa-press.net\/senegal\/wp-json\/wp\/v2\/comments?post=37922"}],"version-history":[{"count":0,"href":"https:\/\/www.africa-press.net\/senegal\/wp-json\/wp\/v2\/posts\/37922\/revisions"}],"wp:featuredmedia":[{"embeddable":true,"href":"https:\/\/www.africa-press.net\/senegal\/wp-json\/wp\/v2\/media\/37921"}],"wp:attachment":[{"href":"https:\/\/www.africa-press.net\/senegal\/wp-json\/wp\/v2\/media?parent=37922"}],"wp:term":[{"taxonomy":"category","embeddable":true,"href":"https:\/\/www.africa-press.net\/senegal\/wp-json\/wp\/v2\/categories?post=37922"},{"taxonomy":"post_tag","embeddable":true,"href":"https:\/\/www.africa-press.net\/senegal\/wp-json\/wp\/v2\/tags?post=37922"}],"curies":[{"name":"wp","href":"https:\/\/api.w.org\/{rel}","templated":true}]}}