{"id":37925,"date":"2023-01-11T20:58:24","date_gmt":"2023-01-11T20:58:24","guid":{"rendered":"https:\/\/www.africa-press.net\/senegal\/politique\/bal-2023-le-combine-de-la-bal-prevu-dimanche-et-lundi"},"modified":"2023-01-11T22:21:15","modified_gmt":"2023-01-11T22:21:15","slug":"bal-2023-le-combine-de-la-bal-prevu-dimanche-et-lundi","status":"publish","type":"post","link":"https:\/\/www.africa-press.net\/senegal\/sports\/bal-2023-le-combine-de-la-bal-prevu-dimanche-et-lundi","title":{"rendered":"BAL 2023 : le \u00a0\u00bbCombine\u00a0\u00bb de la BAL pr\u00e9vu dimanche et lundi"},"content":{"rendered":"<p><span style=\"color: #ff6600\"><strong>Africa-Press &#8211; Senegal. <\/strong><\/span>La ville de Paris abrite a\u0300 partir de dimanche un e\u0301ve\u0300nement de la Basketball Africa League (BAL) de\u0301nomme\u0301 \u00ab\u00a0Combine\u00a0\u00bb et consistant en un camp d&rsquo;entrai\u0302nement et de de\u0301tection de jeunes talents a\u0300 l&rsquo;intention des 12 clubs qualifie\u0301s pour la saison 2023, a appris l&rsquo;APS des organisateurs.<\/p>\n<p>Pre\u0301vue pour deux jours, cette rencontre se de\u0301roulera au centre d&rsquo;entrai\u0302nement \u00ab\u00a0The One Ball\u00a0\u00bb, ba\u0302ti sur pre\u0300s de 4000m2 et conside\u0301re\u0301 comme le plus grand de la re\u0301gion parisienne.<\/p>\n<p>Une trentaine de joueurs venus d&rsquo;Afrique, d&rsquo;Europe, des E\u0301tats-Unis et du reste du monde, prendront part a\u0300 cet e\u0301ve\u0300nement.<\/p>\n<p>L&rsquo;agenda de ce \u00ab\u00a0Combine\u00a0\u00bb pre\u0301voit des tests physiques, des activite\u0301s de perfectionnement technique par poste et des matchs a\u0300 5 contre 5 devant des recruteurs, des entrai\u0302neurs et des dirigeants des 12 e\u0301quipes de la BAL.<\/p>\n<p>Selon le pre\u0301sident de la BAL, Amadou Gallo Fall, le \u201cCombine\u201d de la BAL devrait permettre aux e\u0301quipes en lice \u00ab\u00a0d&rsquo;e\u0301valuer un plus large vivier de joueurs, notamment de la diaspora africaine\u00a0\u00bb.<\/p>\n<p>La troisie\u0300me saison de la Basketball Africa League va de\u0301marrer le 11 mars prochain a\u0300 [Diamniadio] et se poursuivra au Caire et a\u0300 Kigali. Douze clubs de basket-ball repre\u0301sentant chacun un pays vont prendre part a\u0300 cette saison.<\/p>\n<p>Les e\u0301quipes disputeront 38 matchs a\u0300 Dakar, au Caire et a\u0300 Kigali du 11 mars au 27 mai.<\/p>\n<p>Chacune des 12 e\u0301quipes de la BAL comptera jusqu&rsquo;a\u0300 13 joueurs. Les e\u0301quipes seront constitue\u0301es de huit joueurs locaux et de la nationalite\u0301 du pays repre\u0301sente\u0301.<\/p>\n<p>Deux des quatre autres doivent e\u0302tre ne\u0301s de parents africains et e\u0301voluer a\u0300 l&rsquo;e\u0301tranger. Une place est re\u0301serve\u0301e dans chaque e\u0301quipe a\u0300 un espoir de la NBA Academy Africa dans le cadre du programme BAL Elevate.<\/p>\n<p>Les 12 clubs seront re\u0301partis en deux confe\u0301rences. La confe\u0301rence du Sahara qui comprendra une phase de groupe de 15 matchs et se de\u0301roulera a\u0300 la Dakar Arena du 11 au 21 mars.<\/p>\n<p>La confe\u0301rence du Nil, une phase de groupe de 15 matchs qui se tiendra a\u0300 l\u2019Hassan Mostafa Indoor Sports Complex du Caire du 26 avril au 6 mai.<\/p>\n<p>Les quatre meilleures e\u0301quipes de chaque confe\u0301rence se qualifieront pour les play-offs a\u0300 e\u0301limination directe qui auront lieu a\u0300 la Basket Kigali Arena du 21 au 27 mai.<\/p>\n<p><strong>Pour plus d&rsquo;informations et d&rsquo;analyses sur la <a href=\"https:\/\/www.africa-press.net\/senegal\">Senegal<\/a>, suivez <a href=\"https:\/\/www.africa-press.net\/\">Africa-Press<\/a><\/strong><\/p>\n","protected":false},"excerpt":{"rendered":"<p>Africa-Press &#8211; Senegal. La ville de Paris abrite a\u0300 partir de dimanche un e\u0301ve\u0300nement de la Basketball Africa League (BAL) de\u0301nomme\u0301 \u00ab\u00a0Combine\u00a0\u00bb et consistant en un camp d&rsquo;entrai\u0302nement et de de\u0301tection de jeunes talents a\u0300 l&rsquo;intention des 12 clubs qualifie\u0301s pour la saison 2023, a appris l&rsquo;APS des organisateurs. Pre\u0301vue pour deux jours, cette rencontre [&hellip;]<\/p>\n","protected":false},"author":82,"featured_media":37924,"comment_status":"open","ping_status":"closed","sticky":false,"template":"","format":"standard","meta":{"footnotes":""},"categories":[6,10],"tags":[43,47,44],"class_list":["post-37925","post","type-post","status-publish","format-standard","has-post-thumbnail","hentry","category-sports","category-toutes-les-actualites","tag-africa-press-2","tag-africa-press-senegal","tag-senegal-2"],"yoast_head":"<!-- This site is optimized with the Yoast SEO Premium plugin v26.1 (Yoast SEO v27.0) - https:\/\/yoast.com\/product\/yoast-seo-premium-wordpress\/ -->\n<title>BAL 2023 : le &#039;&#039;Combine&#039;&#039; de la BAL pr\u00e9vu dimanche et lundi - Senegal<\/title>\n<meta name=\"description\" content=\"La ville de Paris abrite a\u0300 partir de dimanche un e\u0301ve\u0300nement de la Basketball Africa League (BAL) de\u0301nomme\u0301 &quot;Combine&quot; e ...\" \/>\n<meta name=\"robots\" content=\"index, follow, max-snippet:-1, max-image-preview:large, max-video-preview:-1\" \/>\n<link rel=\"canonical\" href=\"https:\/\/www.africa-press.net\/senegal\/sports\/bal-2023-le-combine-de-la-bal-prevu-dimanche-et-lundi\" \/>\n<meta property=\"og:locale\" content=\"fr_FR\" \/>\n<meta property=\"og:type\" content=\"article\" \/>\n<meta property=\"og:title\" content=\"BAL 2023 : le &#039;&#039;Combine&#039;&#039; de la BAL pr\u00e9vu dimanche et lundi\" \/>\n<meta property=\"og:description\" content=\"La ville de Paris abrite a\u0300 partir de dimanche un e\u0301ve\u0300nement de la Basketball Africa League (BAL) de\u0301nomme\u0301 &quot;Combine&quot; e ...\" \/>\n<meta property=\"og:url\" content=\"https:\/\/www.africa-press.net\/senegal\/sports\/bal-2023-le-combine-de-la-bal-prevu-dimanche-et-lundi\" \/>\n<meta property=\"og:site_name\" content=\"Senegal\" \/>\n<meta property=\"article:published_time\" content=\"2023-01-11T20:58:24+00:00\" \/>\n<meta property=\"article:modified_time\" content=\"2023-01-11T22:21:15+00:00\" \/>\n<meta property=\"og:image\" content=\"https:\/\/static.africa-press.net\/senegal\/sites\/13\/2023\/01\/postQueueImg_1673461933.11.jpg\" \/>\n\t<meta property=\"og:image:width\" content=\"899\" \/>\n\t<meta property=\"og:image:height\" content=\"497\" \/>\n\t<meta property=\"og:image:type\" content=\"image\/jpeg\" \/>\n<meta name=\"author\" content=\"cfeditorfr\" \/>\n<meta name=\"twitter:card\" content=\"summary_large_image\" \/>\n<meta name=\"twitter:label1\" content=\"\u00c9crit par\" \/>\n\t<meta name=\"twitter:data1\" content=\"cfeditorfr\" \/>\n\t<meta name=\"twitter:label2\" content=\"Dur\u00e9e de lecture estim\u00e9e\" \/>\n\t<meta name=\"twitter:data2\" content=\"2 minutes\" \/>\n<script type=\"application\/ld+json\" class=\"yoast-schema-graph\">{\"@context\":\"https:\/\/schema.org\",\"@graph\":[{\"@type\":\"Article\",\"@id\":\"https:\/\/www.africa-press.net\/senegal\/sports\/bal-2023-le-combine-de-la-bal-prevu-dimanche-et-lundi#article\",\"isPartOf\":{\"@id\":\"https:\/\/www.africa-press.net\/senegal\/sports\/bal-2023-le-combine-de-la-bal-prevu-dimanche-et-lundi\"},\"author\":{\"name\":\"cfeditorfr\",\"@id\":\"https:\/\/www.africa-press.net\/senegal\/#\/schema\/person\/2b1cf3cd81a31e3cd26889ca66d677f1\"},\"headline\":\"BAL 2023 : le \u00a0\u00bbCombine\u00a0\u00bb de la BAL pr\u00e9vu dimanche et lundi\",\"datePublished\":\"2023-01-11T20:58:24+00:00\",\"dateModified\":\"2023-01-11T22:21:15+00:00\",\"mainEntityOfPage\":{\"@id\":\"https:\/\/www.africa-press.net\/senegal\/sports\/bal-2023-le-combine-de-la-bal-prevu-dimanche-et-lundi\"},\"wordCount\":432,\"commentCount\":0,\"image\":{\"@id\":\"https:\/\/www.africa-press.net\/senegal\/sports\/bal-2023-le-combine-de-la-bal-prevu-dimanche-et-lundi#primaryimage\"},\"thumbnailUrl\":\"https:\/\/static.africa-press.net\/senegal\/sites\/13\/2023\/01\/postQueueImg_1673461933.11.jpg\",\"keywords\":[\"Africa Press\",\"Africa Press-Senegal\",\"Senegal\"],\"articleSection\":[\"Sports\",\"Toutes les actualit\u00e9s\"],\"inLanguage\":\"fr-FR\",\"potentialAction\":[{\"@type\":\"CommentAction\",\"name\":\"Comment\",\"target\":[\"https:\/\/www.africa-press.net\/senegal\/sports\/bal-2023-le-combine-de-la-bal-prevu-dimanche-et-lundi#respond\"]}]},{\"@type\":\"WebPage\",\"@id\":\"https:\/\/www.africa-press.net\/senegal\/sports\/bal-2023-le-combine-de-la-bal-prevu-dimanche-et-lundi\",\"url\":\"https:\/\/www.africa-press.net\/senegal\/sports\/bal-2023-le-combine-de-la-bal-prevu-dimanche-et-lundi\",\"name\":\"BAL 2023 : le ''Combine'' de la BAL pr\u00e9vu dimanche et lundi - Senegal\",\"isPartOf\":{\"@id\":\"https:\/\/www.africa-press.net\/senegal\/#website\"},\"primaryImageOfPage\":{\"@id\":\"https:\/\/www.africa-press.net\/senegal\/sports\/bal-2023-le-combine-de-la-bal-prevu-dimanche-et-lundi#primaryimage\"},\"image\":{\"@id\":\"https:\/\/www.africa-press.net\/senegal\/sports\/bal-2023-le-combine-de-la-bal-prevu-dimanche-et-lundi#primaryimage\"},\"thumbnailUrl\":\"https:\/\/static.africa-press.net\/senegal\/sites\/13\/2023\/01\/postQueueImg_1673461933.11.jpg\",\"datePublished\":\"2023-01-11T20:58:24+00:00\",\"dateModified\":\"2023-01-11T22:21:15+00:00\",\"author\":{\"@id\":\"https:\/\/www.africa-press.net\/senegal\/#\/schema\/person\/2b1cf3cd81a31e3cd26889ca66d677f1\"},\"description\":\"La ville de Paris abrite a\u0300 partir de dimanche un e\u0301ve\u0300nement de la Basketball Africa League (BAL) de\u0301nomme\u0301 \\\"Combine\\\" e ...\",\"breadcrumb\":{\"@id\":\"https:\/\/www.africa-press.net\/senegal\/sports\/bal-2023-le-combine-de-la-bal-prevu-dimanche-et-lundi#breadcrumb\"},\"inLanguage\":\"fr-FR\",\"potentialAction\":[{\"@type\":\"ReadAction\",\"target\":[\"https:\/\/www.africa-press.net\/senegal\/sports\/bal-2023-le-combine-de-la-bal-prevu-dimanche-et-lundi\"]}]},{\"@type\":\"ImageObject\",\"inLanguage\":\"fr-FR\",\"@id\":\"https:\/\/www.africa-press.net\/senegal\/sports\/bal-2023-le-combine-de-la-bal-prevu-dimanche-et-lundi#primaryimage\",\"url\":\"https:\/\/static.africa-press.net\/senegal\/sites\/13\/2023\/01\/postQueueImg_1673461933.11.jpg\",\"contentUrl\":\"https:\/\/static.africa-press.net\/senegal\/sites\/13\/2023\/01\/postQueueImg_1673461933.11.jpg\",\"width\":899,\"height\":497,\"caption\":\"BAL 2023 : le ''Combine'' de la BAL pr\u00e9vu dimanche et lundi\"},{\"@type\":\"BreadcrumbList\",\"@id\":\"https:\/\/www.africa-press.net\/senegal\/sports\/bal-2023-le-combine-de-la-bal-prevu-dimanche-et-lundi#breadcrumb\",\"itemListElement\":[{\"@type\":\"ListItem\",\"position\":1,\"name\":\"Accueil\",\"item\":\"https:\/\/www.africa-press.net\/senegal\/\"},{\"@type\":\"ListItem\",\"position\":2,\"name\":\"BAL 2023 : le \u00a0\u00bbCombine\u00a0\u00bb de la BAL pr\u00e9vu dimanche et lundi\"}]},{\"@type\":\"WebSite\",\"@id\":\"https:\/\/www.africa-press.net\/senegal\/#website\",\"url\":\"https:\/\/www.africa-press.net\/senegal\/\",\"name\":\"Africa Press | Senegal | Homepage\",\"description\":\"Just another Africa News Agency Sites site\",\"potentialAction\":[{\"@type\":\"SearchAction\",\"target\":{\"@type\":\"EntryPoint\",\"urlTemplate\":\"https:\/\/www.africa-press.net\/senegal\/?s={search_term_string}\"},\"query-input\":{\"@type\":\"PropertyValueSpecification\",\"valueRequired\":true,\"valueName\":\"search_term_string\"}}],\"inLanguage\":\"fr-FR\"},{\"@type\":\"Person\",\"@id\":\"https:\/\/www.africa-press.net\/senegal\/#\/schema\/person\/2b1cf3cd81a31e3cd26889ca66d677f1\",\"name\":\"cfeditorfr\",\"url\":\"https:\/\/www.africa-press.net\/senegal\/author\/cfeditorfr\"}]}<\/script>\n<!-- \/ Yoast SEO Premium plugin. -->","yoast_head_json":{"title":"BAL 2023 : le ''Combine'' de la BAL pr\u00e9vu dimanche et lundi - Senegal","description":"La ville de Paris abrite a\u0300 partir de dimanche un e\u0301ve\u0300nement de la Basketball Africa League (BAL) de\u0301nomme\u0301 \"Combine\" e ...","robots":{"index":"index","follow":"follow","max-snippet":"max-snippet:-1","max-image-preview":"max-image-preview:large","max-video-preview":"max-video-preview:-1"},"canonical":"https:\/\/www.africa-press.net\/senegal\/sports\/bal-2023-le-combine-de-la-bal-prevu-dimanche-et-lundi","og_locale":"fr_FR","og_type":"article","og_title":"BAL 2023 : le ''Combine'' de la BAL pr\u00e9vu dimanche et lundi","og_description":"La ville de Paris abrite a\u0300 partir de dimanche un e\u0301ve\u0300nement de la Basketball Africa League (BAL) de\u0301nomme\u0301 \"Combine\" e ...","og_url":"https:\/\/www.africa-press.net\/senegal\/sports\/bal-2023-le-combine-de-la-bal-prevu-dimanche-et-lundi","og_site_name":"Senegal","article_published_time":"2023-01-11T20:58:24+00:00","article_modified_time":"2023-01-11T22:21:15+00:00","og_image":[{"width":899,"height":497,"url":"https:\/\/static.africa-press.net\/senegal\/sites\/13\/2023\/01\/postQueueImg_1673461933.11.jpg","type":"image\/jpeg"}],"author":"cfeditorfr","twitter_card":"summary_large_image","twitter_misc":{"\u00c9crit par":"cfeditorfr","Dur\u00e9e de lecture estim\u00e9e":"2 minutes"},"schema":{"@context":"https:\/\/schema.org","@graph":[{"@type":"Article","@id":"https:\/\/www.africa-press.net\/senegal\/sports\/bal-2023-le-combine-de-la-bal-prevu-dimanche-et-lundi#article","isPartOf":{"@id":"https:\/\/www.africa-press.net\/senegal\/sports\/bal-2023-le-combine-de-la-bal-prevu-dimanche-et-lundi"},"author":{"name":"cfeditorfr","@id":"https:\/\/www.africa-press.net\/senegal\/#\/schema\/person\/2b1cf3cd81a31e3cd26889ca66d677f1"},"headline":"BAL 2023 : le \u00a0\u00bbCombine\u00a0\u00bb de la BAL pr\u00e9vu dimanche et lundi","datePublished":"2023-01-11T20:58:24+00:00","dateModified":"2023-01-11T22:21:15+00:00","mainEntityOfPage":{"@id":"https:\/\/www.africa-press.net\/senegal\/sports\/bal-2023-le-combine-de-la-bal-prevu-dimanche-et-lundi"},"wordCount":432,"commentCount":0,"image":{"@id":"https:\/\/www.africa-press.net\/senegal\/sports\/bal-2023-le-combine-de-la-bal-prevu-dimanche-et-lundi#primaryimage"},"thumbnailUrl":"https:\/\/static.africa-press.net\/senegal\/sites\/13\/2023\/01\/postQueueImg_1673461933.11.jpg","keywords":["Africa Press","Africa Press-Senegal","Senegal"],"articleSection":["Sports","Toutes les actualit\u00e9s"],"inLanguage":"fr-FR","potentialAction":[{"@type":"CommentAction","name":"Comment","target":["https:\/\/www.africa-press.net\/senegal\/sports\/bal-2023-le-combine-de-la-bal-prevu-dimanche-et-lundi#respond"]}]},{"@type":"WebPage","@id":"https:\/\/www.africa-press.net\/senegal\/sports\/bal-2023-le-combine-de-la-bal-prevu-dimanche-et-lundi","url":"https:\/\/www.africa-press.net\/senegal\/sports\/bal-2023-le-combine-de-la-bal-prevu-dimanche-et-lundi","name":"BAL 2023 : le ''Combine'' de la BAL pr\u00e9vu dimanche et lundi - Senegal","isPartOf":{"@id":"https:\/\/www.africa-press.net\/senegal\/#website"},"primaryImageOfPage":{"@id":"https:\/\/www.africa-press.net\/senegal\/sports\/bal-2023-le-combine-de-la-bal-prevu-dimanche-et-lundi#primaryimage"},"image":{"@id":"https:\/\/www.africa-press.net\/senegal\/sports\/bal-2023-le-combine-de-la-bal-prevu-dimanche-et-lundi#primaryimage"},"thumbnailUrl":"https:\/\/static.africa-press.net\/senegal\/sites\/13\/2023\/01\/postQueueImg_1673461933.11.jpg","datePublished":"2023-01-11T20:58:24+00:00","dateModified":"2023-01-11T22:21:15+00:00","author":{"@id":"https:\/\/www.africa-press.net\/senegal\/#\/schema\/person\/2b1cf3cd81a31e3cd26889ca66d677f1"},"description":"La ville de Paris abrite a\u0300 partir de dimanche un e\u0301ve\u0300nement de la Basketball Africa League (BAL) de\u0301nomme\u0301 \"Combine\" e ...","breadcrumb":{"@id":"https:\/\/www.africa-press.net\/senegal\/sports\/bal-2023-le-combine-de-la-bal-prevu-dimanche-et-lundi#breadcrumb"},"inLanguage":"fr-FR","potentialAction":[{"@type":"ReadAction","target":["https:\/\/www.africa-press.net\/senegal\/sports\/bal-2023-le-combine-de-la-bal-prevu-dimanche-et-lundi"]}]},{"@type":"ImageObject","inLanguage":"fr-FR","@id":"https:\/\/www.africa-press.net\/senegal\/sports\/bal-2023-le-combine-de-la-bal-prevu-dimanche-et-lundi#primaryimage","url":"https:\/\/static.africa-press.net\/senegal\/sites\/13\/2023\/01\/postQueueImg_1673461933.11.jpg","contentUrl":"https:\/\/static.africa-press.net\/senegal\/sites\/13\/2023\/01\/postQueueImg_1673461933.11.jpg","width":899,"height":497,"caption":"BAL 2023 : le ''Combine'' de la BAL pr\u00e9vu dimanche et lundi"},{"@type":"BreadcrumbList","@id":"https:\/\/www.africa-press.net\/senegal\/sports\/bal-2023-le-combine-de-la-bal-prevu-dimanche-et-lundi#breadcrumb","itemListElement":[{"@type":"ListItem","position":1,"name":"Accueil","item":"https:\/\/www.africa-press.net\/senegal\/"},{"@type":"ListItem","position":2,"name":"BAL 2023 : le \u00a0\u00bbCombine\u00a0\u00bb de la BAL pr\u00e9vu dimanche et lundi"}]},{"@type":"WebSite","@id":"https:\/\/www.africa-press.net\/senegal\/#website","url":"https:\/\/www.africa-press.net\/senegal\/","name":"Africa Press | Senegal | Homepage","description":"Just another Africa News Agency Sites site","potentialAction":[{"@type":"SearchAction","target":{"@type":"EntryPoint","urlTemplate":"https:\/\/www.africa-press.net\/senegal\/?s={search_term_string}"},"query-input":{"@type":"PropertyValueSpecification","valueRequired":true,"valueName":"search_term_string"}}],"inLanguage":"fr-FR"},{"@type":"Person","@id":"https:\/\/www.africa-press.net\/senegal\/#\/schema\/person\/2b1cf3cd81a31e3cd26889ca66d677f1","name":"cfeditorfr","url":"https:\/\/www.africa-press.net\/senegal\/author\/cfeditorfr"}]}},"_links":{"self":[{"href":"https:\/\/www.africa-press.net\/senegal\/wp-json\/wp\/v2\/posts\/37925","targetHints":{"allow":["GET"]}}],"collection":[{"href":"https:\/\/www.africa-press.net\/senegal\/wp-json\/wp\/v2\/posts"}],"about":[{"href":"https:\/\/www.africa-press.net\/senegal\/wp-json\/wp\/v2\/types\/post"}],"author":[{"embeddable":true,"href":"https:\/\/www.africa-press.net\/senegal\/wp-json\/wp\/v2\/users\/82"}],"replies":[{"embeddable":true,"href":"https:\/\/www.africa-press.net\/senegal\/wp-json\/wp\/v2\/comments?post=37925"}],"version-history":[{"count":0,"href":"https:\/\/www.africa-press.net\/senegal\/wp-json\/wp\/v2\/posts\/37925\/revisions"}],"wp:featuredmedia":[{"embeddable":true,"href":"https:\/\/www.africa-press.net\/senegal\/wp-json\/wp\/v2\/media\/37924"}],"wp:attachment":[{"href":"https:\/\/www.africa-press.net\/senegal\/wp-json\/wp\/v2\/media?parent=37925"}],"wp:term":[{"taxonomy":"category","embeddable":true,"href":"https:\/\/www.africa-press.net\/senegal\/wp-json\/wp\/v2\/categories?post=37925"},{"taxonomy":"post_tag","embeddable":true,"href":"https:\/\/www.africa-press.net\/senegal\/wp-json\/wp\/v2\/tags?post=37925"}],"curies":[{"name":"wp","href":"https:\/\/api.w.org\/{rel}","templated":true}]}}