{"id":37930,"date":"2023-01-11T23:02:28","date_gmt":"2023-01-11T23:02:28","guid":{"rendered":"https:\/\/www.africa-press.net\/senegal\/politique\/le-message-de-cheikh-oumar-diagne-aux-senegalais-apres-sa-liberation"},"modified":"2023-01-11T23:02:28","modified_gmt":"2023-01-11T23:02:28","slug":"le-message-de-cheikh-oumar-diagne-aux-senegalais-apres-sa-liberation","status":"publish","type":"post","link":"https:\/\/www.africa-press.net\/senegal\/politique\/le-message-de-cheikh-oumar-diagne-aux-senegalais-apres-sa-liberation","title":{"rendered":"Le message de Cheikh Oumar Diagne aux S\u00e9n\u00e9galais apr\u00e8s sa lib\u00e9ration"},"content":{"rendered":"<p><span style=\"color: #ff6600\"><strong>Africa-Press &#8211; Senegal. <\/strong><\/span><b>Le professeur Cheikh Oumar Diagne s\u2019est fendu d\u2019un post pour remercier les Se\u0301ne\u0301galais apre\u0300s sa libe\u0301ration, ce mardi 10 janvier 2023.<\/b><\/p>\n<p>\u00ab Merci a\u0300 tous, aux combattants dans le sentier de la ve\u0301rite\u0301, les jambars du COLIDEP, aux avocats qui se sont engage\u0301s be\u0301ne\u0301volement et a\u0300 tous ceux qui se sont de\u0301place\u0301s pour soutenir, re\u0301conforter et assister dans les liens de la de\u0301tention. Mention spe\u0301ciale a\u0300 Me Moussa Sarr et Me Patrick Kabou, qu\u2019Allah vous garde ! Les amis, la famille et les colle\u0300gues ont e\u0301te\u0301 omnipre\u0301sents, qu\u2019Allah soit satisfait d\u2019eux \u00bb, a e\u0301crit Cheikh Oumar Diagne.<\/p>\n<p>Selon Cheikh Oumar Diagne, ses pense\u0301es \u00ab vont a\u0300 l\u2019endroit de ces honne\u0302tes citoyens injustement de\u0301tenus dans les geo\u0302les de Macky.<\/p>\n<p>\u00ab Je rend un vibrant hommage a\u0300 l\u2019administration pe\u0301nitentiaire de Se\u0301bikotane; ils ont e\u0301te\u0301 courtois, corrects et disponibles. Mention spe\u0301ciale au Chef de Cour, une valeur remarquable, Latsouk Diouf et toute son e\u0301quipe \u00bb, ajoute-t-il.<\/p>\n<p>D\u2019apre\u0300s lui, il fera une importante de\u0301claration ce lundi 16 janvier 2023.<\/p>\n<p><strong>Pour plus d&rsquo;informations et d&rsquo;analyses sur la <a href=\"https:\/\/www.africa-press.net\/senegal\">Senegal<\/a>, suivez <a href=\"https:\/\/www.africa-press.net\/\">Africa-Press<\/a><\/strong><\/p>\n","protected":false},"excerpt":{"rendered":"<p>Africa-Press &#8211; Senegal. Le professeur Cheikh Oumar Diagne s\u2019est fendu d\u2019un post pour remercier les Se\u0301ne\u0301galais apre\u0300s sa libe\u0301ration, ce mardi 10 janvier 2023. \u00ab Merci a\u0300 tous, aux combattants dans le sentier de la ve\u0301rite\u0301, les jambars du COLIDEP, aux avocats qui se sont engage\u0301s be\u0301ne\u0301volement et a\u0300 tous ceux qui se sont de\u0301place\u0301s [&hellip;]<\/p>\n","protected":false},"author":82,"featured_media":37929,"comment_status":"open","ping_status":"closed","sticky":false,"template":"","format":"standard","meta":{"footnotes":""},"categories":[2,10],"tags":[43,47,44],"class_list":["post-37930","post","type-post","status-publish","format-standard","has-post-thumbnail","hentry","category-politique","category-toutes-les-actualites","tag-africa-press-2","tag-africa-press-senegal","tag-senegal-2"],"yoast_head":"<!-- This site is optimized with the Yoast SEO Premium plugin v26.1 (Yoast SEO v27.0) - https:\/\/yoast.com\/product\/yoast-seo-premium-wordpress\/ -->\n<title>Le message de Cheikh Oumar Diagne aux S\u00e9n\u00e9galais apr\u00e8s sa lib\u00e9ration - Senegal<\/title>\n<meta name=\"robots\" content=\"index, follow, max-snippet:-1, max-image-preview:large, max-video-preview:-1\" \/>\n<link rel=\"canonical\" href=\"https:\/\/www.africa-press.net\/senegal\/politique\/le-message-de-cheikh-oumar-diagne-aux-senegalais-apres-sa-liberation\" \/>\n<meta property=\"og:locale\" content=\"fr_FR\" \/>\n<meta property=\"og:type\" content=\"article\" \/>\n<meta property=\"og:title\" content=\"Le message de Cheikh Oumar Diagne aux S\u00e9n\u00e9galais apr\u00e8s sa lib\u00e9ration\" \/>\n<meta property=\"og:description\" content=\"Africa-Press &#8211; Senegal. Le professeur Cheikh Oumar Diagne s\u2019est fendu d\u2019un post pour remercier les Se\u0301ne\u0301galais apre\u0300s sa libe\u0301ration, ce mardi 10 janvier 2023. \u00ab Merci a\u0300 tous, aux combattants dans le sentier de la ve\u0301rite\u0301, les jambars du COLIDEP, aux avocats qui se sont engage\u0301s be\u0301ne\u0301volement et a\u0300 tous ceux qui se sont de\u0301place\u0301s [&hellip;]\" \/>\n<meta property=\"og:url\" content=\"https:\/\/www.africa-press.net\/senegal\/politique\/le-message-de-cheikh-oumar-diagne-aux-senegalais-apres-sa-liberation\" \/>\n<meta property=\"og:site_name\" content=\"Senegal\" \/>\n<meta property=\"article:published_time\" content=\"2023-01-11T23:02:28+00:00\" \/>\n<meta name=\"author\" content=\"cfeditorfr\" \/>\n<meta name=\"twitter:card\" content=\"summary_large_image\" \/>\n<meta name=\"twitter:label1\" content=\"\u00c9crit par\" \/>\n\t<meta name=\"twitter:data1\" content=\"cfeditorfr\" \/>\n\t<meta name=\"twitter:label2\" content=\"Dur\u00e9e de lecture estim\u00e9e\" \/>\n\t<meta name=\"twitter:data2\" content=\"1 minute\" \/>\n<script type=\"application\/ld+json\" class=\"yoast-schema-graph\">{\"@context\":\"https:\/\/schema.org\",\"@graph\":[{\"@type\":\"Article\",\"@id\":\"https:\/\/www.africa-press.net\/senegal\/politique\/le-message-de-cheikh-oumar-diagne-aux-senegalais-apres-sa-liberation#article\",\"isPartOf\":{\"@id\":\"https:\/\/www.africa-press.net\/senegal\/politique\/le-message-de-cheikh-oumar-diagne-aux-senegalais-apres-sa-liberation\"},\"author\":{\"name\":\"cfeditorfr\",\"@id\":\"https:\/\/www.africa-press.net\/senegal\/#\/schema\/person\/2b1cf3cd81a31e3cd26889ca66d677f1\"},\"headline\":\"Le message de Cheikh Oumar Diagne aux S\u00e9n\u00e9galais apr\u00e8s sa lib\u00e9ration\",\"datePublished\":\"2023-01-11T23:02:28+00:00\",\"mainEntityOfPage\":{\"@id\":\"https:\/\/www.africa-press.net\/senegal\/politique\/le-message-de-cheikh-oumar-diagne-aux-senegalais-apres-sa-liberation\"},\"wordCount\":221,\"commentCount\":0,\"image\":{\"@id\":\"https:\/\/www.africa-press.net\/senegal\/politique\/le-message-de-cheikh-oumar-diagne-aux-senegalais-apres-sa-liberation#primaryimage\"},\"thumbnailUrl\":\"https:\/\/static.africa-press.net\/senegal\/sites\/13\/2023\/01\/postQueueImg_1673465773.27.jpg\",\"keywords\":[\"Africa Press\",\"Africa Press-Senegal\",\"Senegal\"],\"articleSection\":[\"Politique\",\"Toutes les actualit\u00e9s\"],\"inLanguage\":\"fr-FR\",\"potentialAction\":[{\"@type\":\"CommentAction\",\"name\":\"Comment\",\"target\":[\"https:\/\/www.africa-press.net\/senegal\/politique\/le-message-de-cheikh-oumar-diagne-aux-senegalais-apres-sa-liberation#respond\"]}]},{\"@type\":\"WebPage\",\"@id\":\"https:\/\/www.africa-press.net\/senegal\/politique\/le-message-de-cheikh-oumar-diagne-aux-senegalais-apres-sa-liberation\",\"url\":\"https:\/\/www.africa-press.net\/senegal\/politique\/le-message-de-cheikh-oumar-diagne-aux-senegalais-apres-sa-liberation\",\"name\":\"Le message de Cheikh Oumar Diagne aux S\u00e9n\u00e9galais apr\u00e8s sa lib\u00e9ration - Senegal\",\"isPartOf\":{\"@id\":\"https:\/\/www.africa-press.net\/senegal\/#website\"},\"primaryImageOfPage\":{\"@id\":\"https:\/\/www.africa-press.net\/senegal\/politique\/le-message-de-cheikh-oumar-diagne-aux-senegalais-apres-sa-liberation#primaryimage\"},\"image\":{\"@id\":\"https:\/\/www.africa-press.net\/senegal\/politique\/le-message-de-cheikh-oumar-diagne-aux-senegalais-apres-sa-liberation#primaryimage\"},\"thumbnailUrl\":\"https:\/\/static.africa-press.net\/senegal\/sites\/13\/2023\/01\/postQueueImg_1673465773.27.jpg\",\"datePublished\":\"2023-01-11T23:02:28+00:00\",\"author\":{\"@id\":\"https:\/\/www.africa-press.net\/senegal\/#\/schema\/person\/2b1cf3cd81a31e3cd26889ca66d677f1\"},\"breadcrumb\":{\"@id\":\"https:\/\/www.africa-press.net\/senegal\/politique\/le-message-de-cheikh-oumar-diagne-aux-senegalais-apres-sa-liberation#breadcrumb\"},\"inLanguage\":\"fr-FR\",\"potentialAction\":[{\"@type\":\"ReadAction\",\"target\":[\"https:\/\/www.africa-press.net\/senegal\/politique\/le-message-de-cheikh-oumar-diagne-aux-senegalais-apres-sa-liberation\"]}]},{\"@type\":\"ImageObject\",\"inLanguage\":\"fr-FR\",\"@id\":\"https:\/\/www.africa-press.net\/senegal\/politique\/le-message-de-cheikh-oumar-diagne-aux-senegalais-apres-sa-liberation#primaryimage\",\"url\":\"https:\/\/static.africa-press.net\/senegal\/sites\/13\/2023\/01\/postQueueImg_1673465773.27.jpg\",\"contentUrl\":\"https:\/\/static.africa-press.net\/senegal\/sites\/13\/2023\/01\/postQueueImg_1673465773.27.jpg\",\"width\":860,\"height\":567,\"caption\":\"Le message de Cheikh Oumar Diagne aux S\u00e9n\u00e9galais apr\u00e8s sa lib\u00e9ration\"},{\"@type\":\"BreadcrumbList\",\"@id\":\"https:\/\/www.africa-press.net\/senegal\/politique\/le-message-de-cheikh-oumar-diagne-aux-senegalais-apres-sa-liberation#breadcrumb\",\"itemListElement\":[{\"@type\":\"ListItem\",\"position\":1,\"name\":\"Accueil\",\"item\":\"https:\/\/www.africa-press.net\/senegal\/\"},{\"@type\":\"ListItem\",\"position\":2,\"name\":\"Le message de Cheikh Oumar Diagne aux S\u00e9n\u00e9galais apr\u00e8s sa lib\u00e9ration\"}]},{\"@type\":\"WebSite\",\"@id\":\"https:\/\/www.africa-press.net\/senegal\/#website\",\"url\":\"https:\/\/www.africa-press.net\/senegal\/\",\"name\":\"Africa Press | Senegal | Homepage\",\"description\":\"Just another Africa News Agency Sites site\",\"potentialAction\":[{\"@type\":\"SearchAction\",\"target\":{\"@type\":\"EntryPoint\",\"urlTemplate\":\"https:\/\/www.africa-press.net\/senegal\/?s={search_term_string}\"},\"query-input\":{\"@type\":\"PropertyValueSpecification\",\"valueRequired\":true,\"valueName\":\"search_term_string\"}}],\"inLanguage\":\"fr-FR\"},{\"@type\":\"Person\",\"@id\":\"https:\/\/www.africa-press.net\/senegal\/#\/schema\/person\/2b1cf3cd81a31e3cd26889ca66d677f1\",\"name\":\"cfeditorfr\",\"url\":\"https:\/\/www.africa-press.net\/senegal\/author\/cfeditorfr\"}]}<\/script>\n<!-- \/ Yoast SEO Premium plugin. -->","yoast_head_json":{"title":"Le message de Cheikh Oumar Diagne aux S\u00e9n\u00e9galais apr\u00e8s sa lib\u00e9ration - Senegal","robots":{"index":"index","follow":"follow","max-snippet":"max-snippet:-1","max-image-preview":"max-image-preview:large","max-video-preview":"max-video-preview:-1"},"canonical":"https:\/\/www.africa-press.net\/senegal\/politique\/le-message-de-cheikh-oumar-diagne-aux-senegalais-apres-sa-liberation","og_locale":"fr_FR","og_type":"article","og_title":"Le message de Cheikh Oumar Diagne aux S\u00e9n\u00e9galais apr\u00e8s sa lib\u00e9ration","og_description":"Africa-Press &#8211; Senegal. Le professeur Cheikh Oumar Diagne s\u2019est fendu d\u2019un post pour remercier les Se\u0301ne\u0301galais apre\u0300s sa libe\u0301ration, ce mardi 10 janvier 2023. \u00ab Merci a\u0300 tous, aux combattants dans le sentier de la ve\u0301rite\u0301, les jambars du COLIDEP, aux avocats qui se sont engage\u0301s be\u0301ne\u0301volement et a\u0300 tous ceux qui se sont de\u0301place\u0301s [&hellip;]","og_url":"https:\/\/www.africa-press.net\/senegal\/politique\/le-message-de-cheikh-oumar-diagne-aux-senegalais-apres-sa-liberation","og_site_name":"Senegal","article_published_time":"2023-01-11T23:02:28+00:00","author":"cfeditorfr","twitter_card":"summary_large_image","twitter_misc":{"\u00c9crit par":"cfeditorfr","Dur\u00e9e de lecture estim\u00e9e":"1 minute"},"schema":{"@context":"https:\/\/schema.org","@graph":[{"@type":"Article","@id":"https:\/\/www.africa-press.net\/senegal\/politique\/le-message-de-cheikh-oumar-diagne-aux-senegalais-apres-sa-liberation#article","isPartOf":{"@id":"https:\/\/www.africa-press.net\/senegal\/politique\/le-message-de-cheikh-oumar-diagne-aux-senegalais-apres-sa-liberation"},"author":{"name":"cfeditorfr","@id":"https:\/\/www.africa-press.net\/senegal\/#\/schema\/person\/2b1cf3cd81a31e3cd26889ca66d677f1"},"headline":"Le message de Cheikh Oumar Diagne aux S\u00e9n\u00e9galais apr\u00e8s sa lib\u00e9ration","datePublished":"2023-01-11T23:02:28+00:00","mainEntityOfPage":{"@id":"https:\/\/www.africa-press.net\/senegal\/politique\/le-message-de-cheikh-oumar-diagne-aux-senegalais-apres-sa-liberation"},"wordCount":221,"commentCount":0,"image":{"@id":"https:\/\/www.africa-press.net\/senegal\/politique\/le-message-de-cheikh-oumar-diagne-aux-senegalais-apres-sa-liberation#primaryimage"},"thumbnailUrl":"https:\/\/static.africa-press.net\/senegal\/sites\/13\/2023\/01\/postQueueImg_1673465773.27.jpg","keywords":["Africa Press","Africa Press-Senegal","Senegal"],"articleSection":["Politique","Toutes les actualit\u00e9s"],"inLanguage":"fr-FR","potentialAction":[{"@type":"CommentAction","name":"Comment","target":["https:\/\/www.africa-press.net\/senegal\/politique\/le-message-de-cheikh-oumar-diagne-aux-senegalais-apres-sa-liberation#respond"]}]},{"@type":"WebPage","@id":"https:\/\/www.africa-press.net\/senegal\/politique\/le-message-de-cheikh-oumar-diagne-aux-senegalais-apres-sa-liberation","url":"https:\/\/www.africa-press.net\/senegal\/politique\/le-message-de-cheikh-oumar-diagne-aux-senegalais-apres-sa-liberation","name":"Le message de Cheikh Oumar Diagne aux S\u00e9n\u00e9galais apr\u00e8s sa lib\u00e9ration - Senegal","isPartOf":{"@id":"https:\/\/www.africa-press.net\/senegal\/#website"},"primaryImageOfPage":{"@id":"https:\/\/www.africa-press.net\/senegal\/politique\/le-message-de-cheikh-oumar-diagne-aux-senegalais-apres-sa-liberation#primaryimage"},"image":{"@id":"https:\/\/www.africa-press.net\/senegal\/politique\/le-message-de-cheikh-oumar-diagne-aux-senegalais-apres-sa-liberation#primaryimage"},"thumbnailUrl":"https:\/\/static.africa-press.net\/senegal\/sites\/13\/2023\/01\/postQueueImg_1673465773.27.jpg","datePublished":"2023-01-11T23:02:28+00:00","author":{"@id":"https:\/\/www.africa-press.net\/senegal\/#\/schema\/person\/2b1cf3cd81a31e3cd26889ca66d677f1"},"breadcrumb":{"@id":"https:\/\/www.africa-press.net\/senegal\/politique\/le-message-de-cheikh-oumar-diagne-aux-senegalais-apres-sa-liberation#breadcrumb"},"inLanguage":"fr-FR","potentialAction":[{"@type":"ReadAction","target":["https:\/\/www.africa-press.net\/senegal\/politique\/le-message-de-cheikh-oumar-diagne-aux-senegalais-apres-sa-liberation"]}]},{"@type":"ImageObject","inLanguage":"fr-FR","@id":"https:\/\/www.africa-press.net\/senegal\/politique\/le-message-de-cheikh-oumar-diagne-aux-senegalais-apres-sa-liberation#primaryimage","url":"https:\/\/static.africa-press.net\/senegal\/sites\/13\/2023\/01\/postQueueImg_1673465773.27.jpg","contentUrl":"https:\/\/static.africa-press.net\/senegal\/sites\/13\/2023\/01\/postQueueImg_1673465773.27.jpg","width":860,"height":567,"caption":"Le message de Cheikh Oumar Diagne aux S\u00e9n\u00e9galais apr\u00e8s sa lib\u00e9ration"},{"@type":"BreadcrumbList","@id":"https:\/\/www.africa-press.net\/senegal\/politique\/le-message-de-cheikh-oumar-diagne-aux-senegalais-apres-sa-liberation#breadcrumb","itemListElement":[{"@type":"ListItem","position":1,"name":"Accueil","item":"https:\/\/www.africa-press.net\/senegal\/"},{"@type":"ListItem","position":2,"name":"Le message de Cheikh Oumar Diagne aux S\u00e9n\u00e9galais apr\u00e8s sa lib\u00e9ration"}]},{"@type":"WebSite","@id":"https:\/\/www.africa-press.net\/senegal\/#website","url":"https:\/\/www.africa-press.net\/senegal\/","name":"Africa Press | Senegal | Homepage","description":"Just another Africa News Agency Sites site","potentialAction":[{"@type":"SearchAction","target":{"@type":"EntryPoint","urlTemplate":"https:\/\/www.africa-press.net\/senegal\/?s={search_term_string}"},"query-input":{"@type":"PropertyValueSpecification","valueRequired":true,"valueName":"search_term_string"}}],"inLanguage":"fr-FR"},{"@type":"Person","@id":"https:\/\/www.africa-press.net\/senegal\/#\/schema\/person\/2b1cf3cd81a31e3cd26889ca66d677f1","name":"cfeditorfr","url":"https:\/\/www.africa-press.net\/senegal\/author\/cfeditorfr"}]}},"_links":{"self":[{"href":"https:\/\/www.africa-press.net\/senegal\/wp-json\/wp\/v2\/posts\/37930","targetHints":{"allow":["GET"]}}],"collection":[{"href":"https:\/\/www.africa-press.net\/senegal\/wp-json\/wp\/v2\/posts"}],"about":[{"href":"https:\/\/www.africa-press.net\/senegal\/wp-json\/wp\/v2\/types\/post"}],"author":[{"embeddable":true,"href":"https:\/\/www.africa-press.net\/senegal\/wp-json\/wp\/v2\/users\/82"}],"replies":[{"embeddable":true,"href":"https:\/\/www.africa-press.net\/senegal\/wp-json\/wp\/v2\/comments?post=37930"}],"version-history":[{"count":0,"href":"https:\/\/www.africa-press.net\/senegal\/wp-json\/wp\/v2\/posts\/37930\/revisions"}],"wp:featuredmedia":[{"embeddable":true,"href":"https:\/\/www.africa-press.net\/senegal\/wp-json\/wp\/v2\/media\/37929"}],"wp:attachment":[{"href":"https:\/\/www.africa-press.net\/senegal\/wp-json\/wp\/v2\/media?parent=37930"}],"wp:term":[{"taxonomy":"category","embeddable":true,"href":"https:\/\/www.africa-press.net\/senegal\/wp-json\/wp\/v2\/categories?post=37930"},{"taxonomy":"post_tag","embeddable":true,"href":"https:\/\/www.africa-press.net\/senegal\/wp-json\/wp\/v2\/tags?post=37930"}],"curies":[{"name":"wp","href":"https:\/\/api.w.org\/{rel}","templated":true}]}}