{"id":37934,"date":"2023-01-11T23:09:58","date_gmt":"2023-01-11T23:09:58","guid":{"rendered":"https:\/\/www.africa-press.net\/senegal\/politique\/accident-a-kaffrine-la-fatwa-dun-fils-de-dabakh"},"modified":"2023-01-11T23:09:58","modified_gmt":"2023-01-11T23:09:58","slug":"accident-a-kaffrine-la-fatwa-dun-fils-de-dabakh","status":"publish","type":"post","link":"https:\/\/www.africa-press.net\/senegal\/toutes-les-actualites\/accident-a-kaffrine-la-fatwa-dun-fils-de-dabakh","title":{"rendered":"Accident \u00e0 Kaffrine : La fatwa d\u2019un fils de Dabakh\u2026"},"content":{"rendered":"<p><span style=\"color: #ff6600\"><strong>Africa-Press &#8211; Senegal. <\/strong><\/span><b>L\u2019accident de Sikilo, dans la re\u0301gion de Kaffrine, ayant enregistre\u0301 41 morts s\u2019est invite\u0301 au Crd spe\u0301cial tenu a\u0300 Thie\u0300s, ce mercredi et consacre\u0301 au Gamou de Diacksao. Serigne Sidi Ahmed Sy ibn Mame Abdou Aziz Sy Dabakh appelle a une prise de conscience. Le chef religieux a de\u0301nonce\u0301 l\u2019indiscipline de certains chauffeurs.<\/b><br \/>\n<b>Prise de conscience<\/b><\/p>\n<p>\u00ab Il faut que les chauffeurs adoptent des comportements responsables sur la route. Il ne faut pas verser dans des cas d\u2019indisciplines caracte\u0301rise\u0301s souvent source d\u2019accidents tragiques\u00ab , a de\u0301plore\u0301 Serigne Sidi Ahmed Sy.<\/p>\n<p><b>Le proble\u0300mes des re\u0301seau sociaux<\/b><\/p>\n<p>Le marabout a aussi condamne\u0301 les insanite\u0301s tenus par une certaine jeunesse a\u0300 travers les re\u0301seaux sociaux. \u00ab Le Se\u0301ne\u0301gal a toujours e\u0301te\u0301 un pays de paix et de stabilite\u0301. Malheureusement, une partie de la jeunesse est en train de de\u0301truire cette image d\u2019une beaute\u0301 exemplaire et s\u2019en prenne au guide religieux\u00ab , regrette le fils de Mame Abdoul Aziz Sy Dabakh.<\/p>\n<p><strong>Pour plus d&rsquo;informations et d&rsquo;analyses sur la <a href=\"https:\/\/www.africa-press.net\/senegal\">Senegal<\/a>, suivez <a href=\"https:\/\/www.africa-press.net\/\">Africa-Press<\/a><\/strong><\/p>\n","protected":false},"excerpt":{"rendered":"<p>Africa-Press &#8211; Senegal. L\u2019accident de Sikilo, dans la re\u0301gion de Kaffrine, ayant enregistre\u0301 41 morts s\u2019est invite\u0301 au Crd spe\u0301cial tenu a\u0300 Thie\u0300s, ce mercredi et consacre\u0301 au Gamou de Diacksao. Serigne Sidi Ahmed Sy ibn Mame Abdou Aziz Sy Dabakh appelle a une prise de conscience. Le chef religieux a de\u0301nonce\u0301 l\u2019indiscipline de certains [&hellip;]<\/p>\n","protected":false},"author":82,"featured_media":37933,"comment_status":"open","ping_status":"closed","sticky":false,"template":"","format":"standard","meta":{"footnotes":""},"categories":[21,10],"tags":[43,47,44],"class_list":["post-37934","post","type-post","status-publish","format-standard","has-post-thumbnail","hentry","category-communaute","category-toutes-les-actualites","tag-africa-press-2","tag-africa-press-senegal","tag-senegal-2"],"yoast_head":"<!-- This site is optimized with the Yoast SEO Premium plugin v26.1 (Yoast SEO v27.0) - https:\/\/yoast.com\/product\/yoast-seo-premium-wordpress\/ -->\n<title>Accident \u00e0 Kaffrine : La fatwa d\u2019un fils de Dabakh\u2026 - Senegal<\/title>\n<meta name=\"robots\" content=\"index, follow, max-snippet:-1, max-image-preview:large, max-video-preview:-1\" \/>\n<link rel=\"canonical\" href=\"https:\/\/www.africa-press.net\/senegal\/politique\/accident-a-kaffrine-la-fatwa-dun-fils-de-dabakh\" \/>\n<meta property=\"og:locale\" content=\"fr_FR\" \/>\n<meta property=\"og:type\" content=\"article\" \/>\n<meta property=\"og:title\" content=\"Accident \u00e0 Kaffrine : La fatwa d\u2019un fils de Dabakh\u2026\" \/>\n<meta property=\"og:description\" content=\"Africa-Press &#8211; Senegal. L\u2019accident de Sikilo, dans la re\u0301gion de Kaffrine, ayant enregistre\u0301 41 morts s\u2019est invite\u0301 au Crd spe\u0301cial tenu a\u0300 Thie\u0300s, ce mercredi et consacre\u0301 au Gamou de Diacksao. Serigne Sidi Ahmed Sy ibn Mame Abdou Aziz Sy Dabakh appelle a une prise de conscience. Le chef religieux a de\u0301nonce\u0301 l\u2019indiscipline de certains [&hellip;]\" \/>\n<meta property=\"og:url\" content=\"https:\/\/www.africa-press.net\/senegal\/politique\/accident-a-kaffrine-la-fatwa-dun-fils-de-dabakh\" \/>\n<meta property=\"og:site_name\" content=\"Senegal\" \/>\n<meta property=\"article:published_time\" content=\"2023-01-11T23:09:58+00:00\" \/>\n<meta name=\"author\" content=\"cfeditorfr\" \/>\n<meta name=\"twitter:card\" content=\"summary_large_image\" \/>\n<meta name=\"twitter:label1\" content=\"\u00c9crit par\" \/>\n\t<meta name=\"twitter:data1\" content=\"cfeditorfr\" \/>\n\t<meta name=\"twitter:label2\" content=\"Dur\u00e9e de lecture estim\u00e9e\" \/>\n\t<meta name=\"twitter:data2\" content=\"1 minute\" \/>\n<script type=\"application\/ld+json\" class=\"yoast-schema-graph\">{\"@context\":\"https:\/\/schema.org\",\"@graph\":[{\"@type\":\"Article\",\"@id\":\"https:\/\/www.africa-press.net\/senegal\/politique\/accident-a-kaffrine-la-fatwa-dun-fils-de-dabakh#article\",\"isPartOf\":{\"@id\":\"https:\/\/www.africa-press.net\/senegal\/politique\/accident-a-kaffrine-la-fatwa-dun-fils-de-dabakh\"},\"author\":{\"name\":\"cfeditorfr\",\"@id\":\"https:\/\/www.africa-press.net\/senegal\/#\/schema\/person\/2b1cf3cd81a31e3cd26889ca66d677f1\"},\"headline\":\"Accident \u00e0 Kaffrine : La fatwa d\u2019un fils de Dabakh\u2026\",\"datePublished\":\"2023-01-11T23:09:58+00:00\",\"mainEntityOfPage\":{\"@id\":\"https:\/\/www.africa-press.net\/senegal\/politique\/accident-a-kaffrine-la-fatwa-dun-fils-de-dabakh\"},\"wordCount\":198,\"commentCount\":0,\"image\":{\"@id\":\"https:\/\/www.africa-press.net\/senegal\/politique\/accident-a-kaffrine-la-fatwa-dun-fils-de-dabakh#primaryimage\"},\"thumbnailUrl\":\"https:\/\/static.africa-press.net\/senegal\/sites\/13\/2023\/01\/postQueueImg_1673466376.60.jpg\",\"keywords\":[\"Africa Press\",\"Africa Press-Senegal\",\"Senegal\"],\"articleSection\":[\"Communaut\u00e9\",\"Toutes les actualit\u00e9s\"],\"inLanguage\":\"fr-FR\",\"potentialAction\":[{\"@type\":\"CommentAction\",\"name\":\"Comment\",\"target\":[\"https:\/\/www.africa-press.net\/senegal\/politique\/accident-a-kaffrine-la-fatwa-dun-fils-de-dabakh#respond\"]}]},{\"@type\":\"WebPage\",\"@id\":\"https:\/\/www.africa-press.net\/senegal\/politique\/accident-a-kaffrine-la-fatwa-dun-fils-de-dabakh\",\"url\":\"https:\/\/www.africa-press.net\/senegal\/politique\/accident-a-kaffrine-la-fatwa-dun-fils-de-dabakh\",\"name\":\"Accident \u00e0 Kaffrine : La fatwa d\u2019un fils de Dabakh\u2026 - Senegal\",\"isPartOf\":{\"@id\":\"https:\/\/www.africa-press.net\/senegal\/#website\"},\"primaryImageOfPage\":{\"@id\":\"https:\/\/www.africa-press.net\/senegal\/politique\/accident-a-kaffrine-la-fatwa-dun-fils-de-dabakh#primaryimage\"},\"image\":{\"@id\":\"https:\/\/www.africa-press.net\/senegal\/politique\/accident-a-kaffrine-la-fatwa-dun-fils-de-dabakh#primaryimage\"},\"thumbnailUrl\":\"https:\/\/static.africa-press.net\/senegal\/sites\/13\/2023\/01\/postQueueImg_1673466376.60.jpg\",\"datePublished\":\"2023-01-11T23:09:58+00:00\",\"author\":{\"@id\":\"https:\/\/www.africa-press.net\/senegal\/#\/schema\/person\/2b1cf3cd81a31e3cd26889ca66d677f1\"},\"breadcrumb\":{\"@id\":\"https:\/\/www.africa-press.net\/senegal\/politique\/accident-a-kaffrine-la-fatwa-dun-fils-de-dabakh#breadcrumb\"},\"inLanguage\":\"fr-FR\",\"potentialAction\":[{\"@type\":\"ReadAction\",\"target\":[\"https:\/\/www.africa-press.net\/senegal\/politique\/accident-a-kaffrine-la-fatwa-dun-fils-de-dabakh\"]}]},{\"@type\":\"ImageObject\",\"inLanguage\":\"fr-FR\",\"@id\":\"https:\/\/www.africa-press.net\/senegal\/politique\/accident-a-kaffrine-la-fatwa-dun-fils-de-dabakh#primaryimage\",\"url\":\"https:\/\/static.africa-press.net\/senegal\/sites\/13\/2023\/01\/postQueueImg_1673466376.60.jpg\",\"contentUrl\":\"https:\/\/static.africa-press.net\/senegal\/sites\/13\/2023\/01\/postQueueImg_1673466376.60.jpg\",\"width\":1134,\"height\":634,\"caption\":\"Accident \u00e0 Kaffrine : La fatwa d\u2019un fils de Dabakh\u2026\"},{\"@type\":\"BreadcrumbList\",\"@id\":\"https:\/\/www.africa-press.net\/senegal\/politique\/accident-a-kaffrine-la-fatwa-dun-fils-de-dabakh#breadcrumb\",\"itemListElement\":[{\"@type\":\"ListItem\",\"position\":1,\"name\":\"Accueil\",\"item\":\"https:\/\/www.africa-press.net\/senegal\/\"},{\"@type\":\"ListItem\",\"position\":2,\"name\":\"Accident \u00e0 Kaffrine : La fatwa d\u2019un fils de Dabakh\u2026\"}]},{\"@type\":\"WebSite\",\"@id\":\"https:\/\/www.africa-press.net\/senegal\/#website\",\"url\":\"https:\/\/www.africa-press.net\/senegal\/\",\"name\":\"Africa Press | Senegal | Homepage\",\"description\":\"Just another Africa News Agency Sites site\",\"potentialAction\":[{\"@type\":\"SearchAction\",\"target\":{\"@type\":\"EntryPoint\",\"urlTemplate\":\"https:\/\/www.africa-press.net\/senegal\/?s={search_term_string}\"},\"query-input\":{\"@type\":\"PropertyValueSpecification\",\"valueRequired\":true,\"valueName\":\"search_term_string\"}}],\"inLanguage\":\"fr-FR\"},{\"@type\":\"Person\",\"@id\":\"https:\/\/www.africa-press.net\/senegal\/#\/schema\/person\/2b1cf3cd81a31e3cd26889ca66d677f1\",\"name\":\"cfeditorfr\",\"url\":\"https:\/\/www.africa-press.net\/senegal\/author\/cfeditorfr\"}]}<\/script>\n<!-- \/ Yoast SEO Premium plugin. -->","yoast_head_json":{"title":"Accident \u00e0 Kaffrine : La fatwa d\u2019un fils de Dabakh\u2026 - Senegal","robots":{"index":"index","follow":"follow","max-snippet":"max-snippet:-1","max-image-preview":"max-image-preview:large","max-video-preview":"max-video-preview:-1"},"canonical":"https:\/\/www.africa-press.net\/senegal\/politique\/accident-a-kaffrine-la-fatwa-dun-fils-de-dabakh","og_locale":"fr_FR","og_type":"article","og_title":"Accident \u00e0 Kaffrine : La fatwa d\u2019un fils de Dabakh\u2026","og_description":"Africa-Press &#8211; Senegal. L\u2019accident de Sikilo, dans la re\u0301gion de Kaffrine, ayant enregistre\u0301 41 morts s\u2019est invite\u0301 au Crd spe\u0301cial tenu a\u0300 Thie\u0300s, ce mercredi et consacre\u0301 au Gamou de Diacksao. Serigne Sidi Ahmed Sy ibn Mame Abdou Aziz Sy Dabakh appelle a une prise de conscience. Le chef religieux a de\u0301nonce\u0301 l\u2019indiscipline de certains [&hellip;]","og_url":"https:\/\/www.africa-press.net\/senegal\/politique\/accident-a-kaffrine-la-fatwa-dun-fils-de-dabakh","og_site_name":"Senegal","article_published_time":"2023-01-11T23:09:58+00:00","author":"cfeditorfr","twitter_card":"summary_large_image","twitter_misc":{"\u00c9crit par":"cfeditorfr","Dur\u00e9e de lecture estim\u00e9e":"1 minute"},"schema":{"@context":"https:\/\/schema.org","@graph":[{"@type":"Article","@id":"https:\/\/www.africa-press.net\/senegal\/politique\/accident-a-kaffrine-la-fatwa-dun-fils-de-dabakh#article","isPartOf":{"@id":"https:\/\/www.africa-press.net\/senegal\/politique\/accident-a-kaffrine-la-fatwa-dun-fils-de-dabakh"},"author":{"name":"cfeditorfr","@id":"https:\/\/www.africa-press.net\/senegal\/#\/schema\/person\/2b1cf3cd81a31e3cd26889ca66d677f1"},"headline":"Accident \u00e0 Kaffrine : La fatwa d\u2019un fils de Dabakh\u2026","datePublished":"2023-01-11T23:09:58+00:00","mainEntityOfPage":{"@id":"https:\/\/www.africa-press.net\/senegal\/politique\/accident-a-kaffrine-la-fatwa-dun-fils-de-dabakh"},"wordCount":198,"commentCount":0,"image":{"@id":"https:\/\/www.africa-press.net\/senegal\/politique\/accident-a-kaffrine-la-fatwa-dun-fils-de-dabakh#primaryimage"},"thumbnailUrl":"https:\/\/static.africa-press.net\/senegal\/sites\/13\/2023\/01\/postQueueImg_1673466376.60.jpg","keywords":["Africa Press","Africa Press-Senegal","Senegal"],"articleSection":["Communaut\u00e9","Toutes les actualit\u00e9s"],"inLanguage":"fr-FR","potentialAction":[{"@type":"CommentAction","name":"Comment","target":["https:\/\/www.africa-press.net\/senegal\/politique\/accident-a-kaffrine-la-fatwa-dun-fils-de-dabakh#respond"]}]},{"@type":"WebPage","@id":"https:\/\/www.africa-press.net\/senegal\/politique\/accident-a-kaffrine-la-fatwa-dun-fils-de-dabakh","url":"https:\/\/www.africa-press.net\/senegal\/politique\/accident-a-kaffrine-la-fatwa-dun-fils-de-dabakh","name":"Accident \u00e0 Kaffrine : La fatwa d\u2019un fils de Dabakh\u2026 - Senegal","isPartOf":{"@id":"https:\/\/www.africa-press.net\/senegal\/#website"},"primaryImageOfPage":{"@id":"https:\/\/www.africa-press.net\/senegal\/politique\/accident-a-kaffrine-la-fatwa-dun-fils-de-dabakh#primaryimage"},"image":{"@id":"https:\/\/www.africa-press.net\/senegal\/politique\/accident-a-kaffrine-la-fatwa-dun-fils-de-dabakh#primaryimage"},"thumbnailUrl":"https:\/\/static.africa-press.net\/senegal\/sites\/13\/2023\/01\/postQueueImg_1673466376.60.jpg","datePublished":"2023-01-11T23:09:58+00:00","author":{"@id":"https:\/\/www.africa-press.net\/senegal\/#\/schema\/person\/2b1cf3cd81a31e3cd26889ca66d677f1"},"breadcrumb":{"@id":"https:\/\/www.africa-press.net\/senegal\/politique\/accident-a-kaffrine-la-fatwa-dun-fils-de-dabakh#breadcrumb"},"inLanguage":"fr-FR","potentialAction":[{"@type":"ReadAction","target":["https:\/\/www.africa-press.net\/senegal\/politique\/accident-a-kaffrine-la-fatwa-dun-fils-de-dabakh"]}]},{"@type":"ImageObject","inLanguage":"fr-FR","@id":"https:\/\/www.africa-press.net\/senegal\/politique\/accident-a-kaffrine-la-fatwa-dun-fils-de-dabakh#primaryimage","url":"https:\/\/static.africa-press.net\/senegal\/sites\/13\/2023\/01\/postQueueImg_1673466376.60.jpg","contentUrl":"https:\/\/static.africa-press.net\/senegal\/sites\/13\/2023\/01\/postQueueImg_1673466376.60.jpg","width":1134,"height":634,"caption":"Accident \u00e0 Kaffrine : La fatwa d\u2019un fils de Dabakh\u2026"},{"@type":"BreadcrumbList","@id":"https:\/\/www.africa-press.net\/senegal\/politique\/accident-a-kaffrine-la-fatwa-dun-fils-de-dabakh#breadcrumb","itemListElement":[{"@type":"ListItem","position":1,"name":"Accueil","item":"https:\/\/www.africa-press.net\/senegal\/"},{"@type":"ListItem","position":2,"name":"Accident \u00e0 Kaffrine : La fatwa d\u2019un fils de Dabakh\u2026"}]},{"@type":"WebSite","@id":"https:\/\/www.africa-press.net\/senegal\/#website","url":"https:\/\/www.africa-press.net\/senegal\/","name":"Africa Press | Senegal | Homepage","description":"Just another Africa News Agency Sites site","potentialAction":[{"@type":"SearchAction","target":{"@type":"EntryPoint","urlTemplate":"https:\/\/www.africa-press.net\/senegal\/?s={search_term_string}"},"query-input":{"@type":"PropertyValueSpecification","valueRequired":true,"valueName":"search_term_string"}}],"inLanguage":"fr-FR"},{"@type":"Person","@id":"https:\/\/www.africa-press.net\/senegal\/#\/schema\/person\/2b1cf3cd81a31e3cd26889ca66d677f1","name":"cfeditorfr","url":"https:\/\/www.africa-press.net\/senegal\/author\/cfeditorfr"}]}},"_links":{"self":[{"href":"https:\/\/www.africa-press.net\/senegal\/wp-json\/wp\/v2\/posts\/37934","targetHints":{"allow":["GET"]}}],"collection":[{"href":"https:\/\/www.africa-press.net\/senegal\/wp-json\/wp\/v2\/posts"}],"about":[{"href":"https:\/\/www.africa-press.net\/senegal\/wp-json\/wp\/v2\/types\/post"}],"author":[{"embeddable":true,"href":"https:\/\/www.africa-press.net\/senegal\/wp-json\/wp\/v2\/users\/82"}],"replies":[{"embeddable":true,"href":"https:\/\/www.africa-press.net\/senegal\/wp-json\/wp\/v2\/comments?post=37934"}],"version-history":[{"count":0,"href":"https:\/\/www.africa-press.net\/senegal\/wp-json\/wp\/v2\/posts\/37934\/revisions"}],"wp:featuredmedia":[{"embeddable":true,"href":"https:\/\/www.africa-press.net\/senegal\/wp-json\/wp\/v2\/media\/37933"}],"wp:attachment":[{"href":"https:\/\/www.africa-press.net\/senegal\/wp-json\/wp\/v2\/media?parent=37934"}],"wp:term":[{"taxonomy":"category","embeddable":true,"href":"https:\/\/www.africa-press.net\/senegal\/wp-json\/wp\/v2\/categories?post=37934"},{"taxonomy":"post_tag","embeddable":true,"href":"https:\/\/www.africa-press.net\/senegal\/wp-json\/wp\/v2\/tags?post=37934"}],"curies":[{"name":"wp","href":"https:\/\/api.w.org\/{rel}","templated":true}]}}