{"id":37938,"date":"2023-01-11T23:25:52","date_gmt":"2023-01-11T23:25:52","guid":{"rendered":"https:\/\/www.africa-press.net\/senegal\/politique\/les-nominations-du-conseil-des-ministres-du-11-janvier-2023"},"modified":"2023-01-11T23:25:52","modified_gmt":"2023-01-11T23:25:52","slug":"les-nominations-du-conseil-des-ministres-du-11-janvier-2023","status":"publish","type":"post","link":"https:\/\/www.africa-press.net\/senegal\/politique\/les-nominations-du-conseil-des-ministres-du-11-janvier-2023","title":{"rendered":"Les nominations du Conseil des ministres du 11 Janvier 2023"},"content":{"rendered":"<p><span style=\"color: #ff6600\"><strong>Africa-Press &#8211; Senegal. <\/strong><\/span>Le Conseil des ministres s\u2019est tenu le mercredi 11 janvier 2023 au Palais<\/p>\n<p>de la Re\u0301publique, sous la pre\u0301sidence du Chef de l\u2019Etat, son Excellence,<\/p>\n<p>Monsieur Macky SALL.<\/p>\n<p>AU TITRE DES MESURES INDIVIDUELLES<\/p>\n<p>Le Pre\u0301sident de la Re\u0301publique a pris les de\u0301cisions suivantes :<\/p>\n<p>\u2022 Monsieur Mamadou Camara FALL, Inspecteur du Travail et de la Se\u0301curite\u0301<\/p>\n<p>sociale, est nomme\u0301 Secre\u0301taire ge\u0301ne\u0301ral du Ministe\u0300re de la Formation<\/p>\n<p>professionnelle, de l\u2019Apprentissage et de l\u2019Insertion, en remplacement<\/p>\n<p>de Monsieur Mouhamadou Moustapha Thioune, appele\u0301 a\u0300 d\u2019autres fonctions ;<\/p>\n<p>\u2022 Monsieur Serigne Ahmadou Bamba SY, Inge\u0301nieur centralien et<\/p>\n<p>ge\u0301ome\u0301canicien, pre\u0301ce\u0301demment Coordonnateur du po\u0302le Strate\u0301gie, Performance<\/p>\n<p>et Qualite\u0301 de Se\u0301ne\u0301gal Nume\u0301rique SA, est nomme\u0301 Secre\u0301taire ge\u0301ne\u0301ral du<\/p>\n<p>Ministe\u0300re des Transports ae\u0301riens et du De\u0301veloppement des Infrastructures<\/p>\n<p>ae\u0301roportuaires, poste vacant ;<\/p>\n<p>\u2022 Monsieur El Hadj Ndiogou DIOUF,<\/p>\n<p>Economiste, est nomme\u0301 Secre\u0301taire ge\u0301ne\u0301ral du Ministe\u0300re du De\u0301veloppement<\/p>\n<p>communautaire, de la Solidarite\u0301 nationale et de l\u2019Equite\u0301 sociale et<\/p>\n<p>territoriale, en remplacement de Madame Virginie Rachelle Fayc\u0327aline<\/p>\n<p>Coly, appele\u0301e a\u0300 d\u2019autres fonctions ;<\/p>\n<p>\u2022 Monsieur Hamade NDIAYE, Cadre<\/p>\n<p>d\u2019entreprise a\u0300 l\u2019Office des Forages ruraux (OFOR), est nomme\u0301 Directeur<\/p>\n<p>ge\u0301ne\u0301ral de l\u2019OFOR en remplacement de Monsieur Alpha Bayla Gueye, appele\u0301 a\u0300<\/p>\n<p>d\u2019autres fonctions ;<\/p>\n<p>\u2022 Madame Nafissatou DIOUF, Journaliste,<\/p>\n<p>Titulaire d\u2019un Doctorat de litte\u0301rature franc\u0327aise, est nomme\u0301e Directeur<\/p>\n<p>ge\u0301ne\u0301ral de la Socie\u0301te\u0301 de Te\u0301le\u0301diffusion du Se\u0301ne\u0301gal (TDS SA), en<\/p>\n<p>remplacement de Monsieur Amadou Abdoulaye Diop, appele\u0301 a\u0300 d\u2019autres<\/p>\n<p>fonctions ;<\/p>\n<p>\u2022 Monsieur Augustin NDIAYE, Professeur de l\u2019Enseignement<\/p>\n<p>secondaire de classe exceptionnelle, est nomme\u0301 Directeur ge\u0301ne\u0301ral du<\/p>\n<p>Centre national de Qualification professionnelle (CNQP) au Ministe\u0300re de<\/p>\n<p>la Formation professionnelle, de l\u2019Apprentissage et de l\u2019Insertion, en<\/p>\n<p>remplacement de Monsieur Zacharia Sall, admis a\u0300 faire valoir ses droits a\u0300<\/p>\n<p>une pension de retraite ;<\/p>\n<p>\u2022 Monsieur Mounirou LY, Planificateur,<\/p>\n<p>pre\u0301ce\u0301demment Directeur de la Promotion de l\u2019Habitat social, est nomme\u0301,<\/p>\n<p>Directeur ge\u0301ne\u0301ral de l\u2019Office national de Formation professionnelle au<\/p>\n<p>Ministe\u0300re de la Formation professionnelle, de l\u2019Apprentissage et de<\/p>\n<p>l\u2019Insertion, en remplacement de Monsieur Souleymane Soumare\u0301, appele\u0301 a\u0300<\/p>\n<p>d\u2019autres fonctions ;<\/p>\n<p>\u2022 Monsieur Mamadou MBATHIE, Titulaire d\u2019un<\/p>\n<p>Diplo\u0302me d\u2019e\u0301tudes approfondies d\u2019Episte\u0301mologie et d\u2019Histoire des Sciences<\/p>\n<p>exactes et des institutions scientifiques, est nomme\u0301 Pre\u0301sident du<\/p>\n<p>Conseil d\u2019Orientation du Programme de formation Ecole-entreprise, en<\/p>\n<p>remplacement de Monsieur Papa Abou Camara, appele\u0301 a\u0300 d\u2019autres fonctions ;<\/p>\n<p>\u2022 Madame Die\u0300gane WANE, Titulaire d\u2019un Master en Finances et Gestion<\/p>\n<p>publiques, est nomme\u0301e Coordonnateur du Programme de Formation<\/p>\n<p>Ecole-Entreprise, en remplacement de Monsieur Ousmane Die\u0301dhiou, appele\u0301 a\u0300<\/p>\n<p>d\u2019autres fonctions ;<\/p>\n<p>\u2022 Madame Mai\u0308mouna KANTE, pre\u0301ce\u0301demment Directeur<\/p>\n<p>de l\u2019Ecole nationale de Formation en Economie familiale et sociale, est<\/p>\n<p>nomme\u0301e Directeur de la Formation professionnelle, de l\u2019Apprentissage et<\/p>\n<p>de l\u2019Insertion, en remplacement de Monsieur Abdou Fall, admis a\u0300 faire<\/p>\n<p>valoir ses droits a\u0300 une pension de retraite.<\/p>\n<p><strong>Pour plus d&rsquo;informations et d&rsquo;analyses sur la <a href=\"https:\/\/www.africa-press.net\/senegal\">Senegal<\/a>, suivez <a href=\"https:\/\/www.africa-press.net\/\">Africa-Press<\/a><\/strong><\/p>\n","protected":false},"excerpt":{"rendered":"<p>Africa-Press &#8211; Senegal. Le Conseil des ministres s\u2019est tenu le mercredi 11 janvier 2023 au Palais de la Re\u0301publique, sous la pre\u0301sidence du Chef de l\u2019Etat, son Excellence, Monsieur Macky SALL. AU TITRE DES MESURES INDIVIDUELLES Le Pre\u0301sident de la Re\u0301publique a pris les de\u0301cisions suivantes : \u2022 Monsieur Mamadou Camara FALL, Inspecteur du Travail [&hellip;]<\/p>\n","protected":false},"author":82,"featured_media":37937,"comment_status":"open","ping_status":"closed","sticky":false,"template":"","format":"standard","meta":{"footnotes":""},"categories":[2,20,10],"tags":[43,47,44],"class_list":["post-37938","post","type-post","status-publish","format-standard","has-post-thumbnail","hentry","category-politique","category-top-nouvelles","category-toutes-les-actualites","tag-africa-press-2","tag-africa-press-senegal","tag-senegal-2"],"yoast_head":"<!-- This site is optimized with the Yoast SEO Premium plugin v26.1 (Yoast SEO v27.0) - https:\/\/yoast.com\/product\/yoast-seo-premium-wordpress\/ -->\n<title>Les nominations du Conseil des ministres du 11 Janvier 2023 - Senegal<\/title>\n<meta name=\"robots\" content=\"index, follow, max-snippet:-1, max-image-preview:large, max-video-preview:-1\" \/>\n<link rel=\"canonical\" href=\"https:\/\/www.africa-press.net\/senegal\/politique\/les-nominations-du-conseil-des-ministres-du-11-janvier-2023\" \/>\n<meta property=\"og:locale\" content=\"fr_FR\" \/>\n<meta property=\"og:type\" content=\"article\" \/>\n<meta property=\"og:title\" content=\"Les nominations du Conseil des ministres du 11 Janvier 2023\" \/>\n<meta property=\"og:description\" content=\"Africa-Press &#8211; Senegal. Le Conseil des ministres s\u2019est tenu le mercredi 11 janvier 2023 au Palais de la Re\u0301publique, sous la pre\u0301sidence du Chef de l\u2019Etat, son Excellence, Monsieur Macky SALL. AU TITRE DES MESURES INDIVIDUELLES Le Pre\u0301sident de la Re\u0301publique a pris les de\u0301cisions suivantes : \u2022 Monsieur Mamadou Camara FALL, Inspecteur du Travail [&hellip;]\" \/>\n<meta property=\"og:url\" content=\"https:\/\/www.africa-press.net\/senegal\/politique\/les-nominations-du-conseil-des-ministres-du-11-janvier-2023\" \/>\n<meta property=\"og:site_name\" content=\"Senegal\" \/>\n<meta property=\"article:published_time\" content=\"2023-01-11T23:25:52+00:00\" \/>\n<meta name=\"author\" content=\"cfeditorfr\" \/>\n<meta name=\"twitter:card\" content=\"summary_large_image\" \/>\n<meta name=\"twitter:label1\" content=\"\u00c9crit par\" \/>\n\t<meta name=\"twitter:data1\" content=\"cfeditorfr\" \/>\n\t<meta name=\"twitter:label2\" content=\"Dur\u00e9e de lecture estim\u00e9e\" \/>\n\t<meta name=\"twitter:data2\" content=\"3 minutes\" \/>\n<script type=\"application\/ld+json\" class=\"yoast-schema-graph\">{\"@context\":\"https:\/\/schema.org\",\"@graph\":[{\"@type\":\"Article\",\"@id\":\"https:\/\/www.africa-press.net\/senegal\/politique\/les-nominations-du-conseil-des-ministres-du-11-janvier-2023#article\",\"isPartOf\":{\"@id\":\"https:\/\/www.africa-press.net\/senegal\/politique\/les-nominations-du-conseil-des-ministres-du-11-janvier-2023\"},\"author\":{\"name\":\"cfeditorfr\",\"@id\":\"https:\/\/www.africa-press.net\/senegal\/#\/schema\/person\/2b1cf3cd81a31e3cd26889ca66d677f1\"},\"headline\":\"Les nominations du Conseil des ministres du 11 Janvier 2023\",\"datePublished\":\"2023-01-11T23:25:52+00:00\",\"mainEntityOfPage\":{\"@id\":\"https:\/\/www.africa-press.net\/senegal\/politique\/les-nominations-du-conseil-des-ministres-du-11-janvier-2023\"},\"wordCount\":541,\"commentCount\":0,\"image\":{\"@id\":\"https:\/\/www.africa-press.net\/senegal\/politique\/les-nominations-du-conseil-des-ministres-du-11-janvier-2023#primaryimage\"},\"thumbnailUrl\":\"https:\/\/static.africa-press.net\/senegal\/sites\/13\/2023\/01\/postQueueImg_1673467033.20.jpg\",\"keywords\":[\"Africa Press\",\"Africa Press-Senegal\",\"Senegal\"],\"articleSection\":[\"Politique\",\"Top Nouvelles\",\"Toutes les actualit\u00e9s\"],\"inLanguage\":\"fr-FR\",\"potentialAction\":[{\"@type\":\"CommentAction\",\"name\":\"Comment\",\"target\":[\"https:\/\/www.africa-press.net\/senegal\/politique\/les-nominations-du-conseil-des-ministres-du-11-janvier-2023#respond\"]}]},{\"@type\":\"WebPage\",\"@id\":\"https:\/\/www.africa-press.net\/senegal\/politique\/les-nominations-du-conseil-des-ministres-du-11-janvier-2023\",\"url\":\"https:\/\/www.africa-press.net\/senegal\/politique\/les-nominations-du-conseil-des-ministres-du-11-janvier-2023\",\"name\":\"Les nominations du Conseil des ministres du 11 Janvier 2023 - Senegal\",\"isPartOf\":{\"@id\":\"https:\/\/www.africa-press.net\/senegal\/#website\"},\"primaryImageOfPage\":{\"@id\":\"https:\/\/www.africa-press.net\/senegal\/politique\/les-nominations-du-conseil-des-ministres-du-11-janvier-2023#primaryimage\"},\"image\":{\"@id\":\"https:\/\/www.africa-press.net\/senegal\/politique\/les-nominations-du-conseil-des-ministres-du-11-janvier-2023#primaryimage\"},\"thumbnailUrl\":\"https:\/\/static.africa-press.net\/senegal\/sites\/13\/2023\/01\/postQueueImg_1673467033.20.jpg\",\"datePublished\":\"2023-01-11T23:25:52+00:00\",\"author\":{\"@id\":\"https:\/\/www.africa-press.net\/senegal\/#\/schema\/person\/2b1cf3cd81a31e3cd26889ca66d677f1\"},\"breadcrumb\":{\"@id\":\"https:\/\/www.africa-press.net\/senegal\/politique\/les-nominations-du-conseil-des-ministres-du-11-janvier-2023#breadcrumb\"},\"inLanguage\":\"fr-FR\",\"potentialAction\":[{\"@type\":\"ReadAction\",\"target\":[\"https:\/\/www.africa-press.net\/senegal\/politique\/les-nominations-du-conseil-des-ministres-du-11-janvier-2023\"]}]},{\"@type\":\"ImageObject\",\"inLanguage\":\"fr-FR\",\"@id\":\"https:\/\/www.africa-press.net\/senegal\/politique\/les-nominations-du-conseil-des-ministres-du-11-janvier-2023#primaryimage\",\"url\":\"https:\/\/static.africa-press.net\/senegal\/sites\/13\/2023\/01\/postQueueImg_1673467033.20.jpg\",\"contentUrl\":\"https:\/\/static.africa-press.net\/senegal\/sites\/13\/2023\/01\/postQueueImg_1673467033.20.jpg\",\"width\":720,\"height\":350,\"caption\":\"Les nominations du Conseil des ministres du 11 Janvier 2023\"},{\"@type\":\"BreadcrumbList\",\"@id\":\"https:\/\/www.africa-press.net\/senegal\/politique\/les-nominations-du-conseil-des-ministres-du-11-janvier-2023#breadcrumb\",\"itemListElement\":[{\"@type\":\"ListItem\",\"position\":1,\"name\":\"Accueil\",\"item\":\"https:\/\/www.africa-press.net\/senegal\/\"},{\"@type\":\"ListItem\",\"position\":2,\"name\":\"Les nominations du Conseil des ministres du 11 Janvier 2023\"}]},{\"@type\":\"WebSite\",\"@id\":\"https:\/\/www.africa-press.net\/senegal\/#website\",\"url\":\"https:\/\/www.africa-press.net\/senegal\/\",\"name\":\"Africa Press | Senegal | Homepage\",\"description\":\"Just another Africa News Agency Sites site\",\"potentialAction\":[{\"@type\":\"SearchAction\",\"target\":{\"@type\":\"EntryPoint\",\"urlTemplate\":\"https:\/\/www.africa-press.net\/senegal\/?s={search_term_string}\"},\"query-input\":{\"@type\":\"PropertyValueSpecification\",\"valueRequired\":true,\"valueName\":\"search_term_string\"}}],\"inLanguage\":\"fr-FR\"},{\"@type\":\"Person\",\"@id\":\"https:\/\/www.africa-press.net\/senegal\/#\/schema\/person\/2b1cf3cd81a31e3cd26889ca66d677f1\",\"name\":\"cfeditorfr\",\"url\":\"https:\/\/www.africa-press.net\/senegal\/author\/cfeditorfr\"}]}<\/script>\n<!-- \/ Yoast SEO Premium plugin. -->","yoast_head_json":{"title":"Les nominations du Conseil des ministres du 11 Janvier 2023 - Senegal","robots":{"index":"index","follow":"follow","max-snippet":"max-snippet:-1","max-image-preview":"max-image-preview:large","max-video-preview":"max-video-preview:-1"},"canonical":"https:\/\/www.africa-press.net\/senegal\/politique\/les-nominations-du-conseil-des-ministres-du-11-janvier-2023","og_locale":"fr_FR","og_type":"article","og_title":"Les nominations du Conseil des ministres du 11 Janvier 2023","og_description":"Africa-Press &#8211; Senegal. Le Conseil des ministres s\u2019est tenu le mercredi 11 janvier 2023 au Palais de la Re\u0301publique, sous la pre\u0301sidence du Chef de l\u2019Etat, son Excellence, Monsieur Macky SALL. AU TITRE DES MESURES INDIVIDUELLES Le Pre\u0301sident de la Re\u0301publique a pris les de\u0301cisions suivantes : \u2022 Monsieur Mamadou Camara FALL, Inspecteur du Travail [&hellip;]","og_url":"https:\/\/www.africa-press.net\/senegal\/politique\/les-nominations-du-conseil-des-ministres-du-11-janvier-2023","og_site_name":"Senegal","article_published_time":"2023-01-11T23:25:52+00:00","author":"cfeditorfr","twitter_card":"summary_large_image","twitter_misc":{"\u00c9crit par":"cfeditorfr","Dur\u00e9e de lecture estim\u00e9e":"3 minutes"},"schema":{"@context":"https:\/\/schema.org","@graph":[{"@type":"Article","@id":"https:\/\/www.africa-press.net\/senegal\/politique\/les-nominations-du-conseil-des-ministres-du-11-janvier-2023#article","isPartOf":{"@id":"https:\/\/www.africa-press.net\/senegal\/politique\/les-nominations-du-conseil-des-ministres-du-11-janvier-2023"},"author":{"name":"cfeditorfr","@id":"https:\/\/www.africa-press.net\/senegal\/#\/schema\/person\/2b1cf3cd81a31e3cd26889ca66d677f1"},"headline":"Les nominations du Conseil des ministres du 11 Janvier 2023","datePublished":"2023-01-11T23:25:52+00:00","mainEntityOfPage":{"@id":"https:\/\/www.africa-press.net\/senegal\/politique\/les-nominations-du-conseil-des-ministres-du-11-janvier-2023"},"wordCount":541,"commentCount":0,"image":{"@id":"https:\/\/www.africa-press.net\/senegal\/politique\/les-nominations-du-conseil-des-ministres-du-11-janvier-2023#primaryimage"},"thumbnailUrl":"https:\/\/static.africa-press.net\/senegal\/sites\/13\/2023\/01\/postQueueImg_1673467033.20.jpg","keywords":["Africa Press","Africa Press-Senegal","Senegal"],"articleSection":["Politique","Top Nouvelles","Toutes les actualit\u00e9s"],"inLanguage":"fr-FR","potentialAction":[{"@type":"CommentAction","name":"Comment","target":["https:\/\/www.africa-press.net\/senegal\/politique\/les-nominations-du-conseil-des-ministres-du-11-janvier-2023#respond"]}]},{"@type":"WebPage","@id":"https:\/\/www.africa-press.net\/senegal\/politique\/les-nominations-du-conseil-des-ministres-du-11-janvier-2023","url":"https:\/\/www.africa-press.net\/senegal\/politique\/les-nominations-du-conseil-des-ministres-du-11-janvier-2023","name":"Les nominations du Conseil des ministres du 11 Janvier 2023 - Senegal","isPartOf":{"@id":"https:\/\/www.africa-press.net\/senegal\/#website"},"primaryImageOfPage":{"@id":"https:\/\/www.africa-press.net\/senegal\/politique\/les-nominations-du-conseil-des-ministres-du-11-janvier-2023#primaryimage"},"image":{"@id":"https:\/\/www.africa-press.net\/senegal\/politique\/les-nominations-du-conseil-des-ministres-du-11-janvier-2023#primaryimage"},"thumbnailUrl":"https:\/\/static.africa-press.net\/senegal\/sites\/13\/2023\/01\/postQueueImg_1673467033.20.jpg","datePublished":"2023-01-11T23:25:52+00:00","author":{"@id":"https:\/\/www.africa-press.net\/senegal\/#\/schema\/person\/2b1cf3cd81a31e3cd26889ca66d677f1"},"breadcrumb":{"@id":"https:\/\/www.africa-press.net\/senegal\/politique\/les-nominations-du-conseil-des-ministres-du-11-janvier-2023#breadcrumb"},"inLanguage":"fr-FR","potentialAction":[{"@type":"ReadAction","target":["https:\/\/www.africa-press.net\/senegal\/politique\/les-nominations-du-conseil-des-ministres-du-11-janvier-2023"]}]},{"@type":"ImageObject","inLanguage":"fr-FR","@id":"https:\/\/www.africa-press.net\/senegal\/politique\/les-nominations-du-conseil-des-ministres-du-11-janvier-2023#primaryimage","url":"https:\/\/static.africa-press.net\/senegal\/sites\/13\/2023\/01\/postQueueImg_1673467033.20.jpg","contentUrl":"https:\/\/static.africa-press.net\/senegal\/sites\/13\/2023\/01\/postQueueImg_1673467033.20.jpg","width":720,"height":350,"caption":"Les nominations du Conseil des ministres du 11 Janvier 2023"},{"@type":"BreadcrumbList","@id":"https:\/\/www.africa-press.net\/senegal\/politique\/les-nominations-du-conseil-des-ministres-du-11-janvier-2023#breadcrumb","itemListElement":[{"@type":"ListItem","position":1,"name":"Accueil","item":"https:\/\/www.africa-press.net\/senegal\/"},{"@type":"ListItem","position":2,"name":"Les nominations du Conseil des ministres du 11 Janvier 2023"}]},{"@type":"WebSite","@id":"https:\/\/www.africa-press.net\/senegal\/#website","url":"https:\/\/www.africa-press.net\/senegal\/","name":"Africa Press | Senegal | Homepage","description":"Just another Africa News Agency Sites site","potentialAction":[{"@type":"SearchAction","target":{"@type":"EntryPoint","urlTemplate":"https:\/\/www.africa-press.net\/senegal\/?s={search_term_string}"},"query-input":{"@type":"PropertyValueSpecification","valueRequired":true,"valueName":"search_term_string"}}],"inLanguage":"fr-FR"},{"@type":"Person","@id":"https:\/\/www.africa-press.net\/senegal\/#\/schema\/person\/2b1cf3cd81a31e3cd26889ca66d677f1","name":"cfeditorfr","url":"https:\/\/www.africa-press.net\/senegal\/author\/cfeditorfr"}]}},"_links":{"self":[{"href":"https:\/\/www.africa-press.net\/senegal\/wp-json\/wp\/v2\/posts\/37938","targetHints":{"allow":["GET"]}}],"collection":[{"href":"https:\/\/www.africa-press.net\/senegal\/wp-json\/wp\/v2\/posts"}],"about":[{"href":"https:\/\/www.africa-press.net\/senegal\/wp-json\/wp\/v2\/types\/post"}],"author":[{"embeddable":true,"href":"https:\/\/www.africa-press.net\/senegal\/wp-json\/wp\/v2\/users\/82"}],"replies":[{"embeddable":true,"href":"https:\/\/www.africa-press.net\/senegal\/wp-json\/wp\/v2\/comments?post=37938"}],"version-history":[{"count":0,"href":"https:\/\/www.africa-press.net\/senegal\/wp-json\/wp\/v2\/posts\/37938\/revisions"}],"wp:featuredmedia":[{"embeddable":true,"href":"https:\/\/www.africa-press.net\/senegal\/wp-json\/wp\/v2\/media\/37937"}],"wp:attachment":[{"href":"https:\/\/www.africa-press.net\/senegal\/wp-json\/wp\/v2\/media?parent=37938"}],"wp:term":[{"taxonomy":"category","embeddable":true,"href":"https:\/\/www.africa-press.net\/senegal\/wp-json\/wp\/v2\/categories?post=37938"},{"taxonomy":"post_tag","embeddable":true,"href":"https:\/\/www.africa-press.net\/senegal\/wp-json\/wp\/v2\/tags?post=37938"}],"curies":[{"name":"wp","href":"https:\/\/api.w.org\/{rel}","templated":true}]}}