{"id":37954,"date":"2023-01-12T18:33:11","date_gmt":"2023-01-12T18:33:11","guid":{"rendered":"https:\/\/www.africa-press.net\/senegal\/politique\/deces-ce-jeudi-a-paris-du-financier-senegalais-pathe-dione"},"modified":"2023-01-12T18:33:11","modified_gmt":"2023-01-12T18:33:11","slug":"deces-ce-jeudi-a-paris-du-financier-senegalais-pathe-dione","status":"publish","type":"post","link":"https:\/\/www.africa-press.net\/senegal\/toutes-les-actualites\/deces-ce-jeudi-a-paris-du-financier-senegalais-pathe-dione","title":{"rendered":"D\u00e9c\u00e8s, ce jeudi, \u00e0 Paris, du financier s\u00e9n\u00e9galais Path\u00e9 Dione"},"content":{"rendered":"<p><span style=\"color: #ff6600\"><strong>Africa-Press &#8211; Senegal. <\/strong><\/span>Le financier se\u0301ne\u0301galais Pathe\u0301 Dione, fondateur du groupe Sunu, spe\u0301cialise\u0301 dans l&rsquo;assurance-vie, est de\u0301ce\u0301de\u0301 jeudi a\u0300 Paris, a\u0300 l&rsquo;a\u0302ge de 81 ans, a-t-on appris de plusieurs me\u0301dias.<\/p>\n<p>Conside\u0301re\u0301 comme \u2018\u2019un monument\u2019\u2019 de la finance africaine, Pathe\u0301 Dione dirigeait jusqu&rsquo;a\u0300 sa mort le groupe Sunu qu&rsquo;il a fonde\u0301 a\u0300 la fin des anne\u0301es 1990, lequel coiffe de\u0301sormais 15 socie\u0301te\u0301s d&rsquo;assurances re\u0301parties dans neuf pays d&rsquo;Afrique francophone.<\/p>\n<p>Il e\u0301tait re\u0301pute\u0301 pour sa rigueur toute militaire, un trait de caracte\u0300re qu&rsquo;il tient peut-e\u0302tre de son pe\u0300re, un ancien de l&rsquo;arme\u0301e franc\u0327aise.<\/p>\n<p>C&rsquo;est a\u0300 partir de la France que Pathe\u0301 Dione a construit sa vie et sa carrie\u0300re professionnelle. D&rsquo;abord par l&rsquo;enseignement des mathe\u0301matiques, jusqu&rsquo;au de\u0301but des anne\u0301es 1970.<\/p>\n<p>Il a ensuite travaille\u0301 pendant cinq ans pour le compte de la coope\u0301ration franc\u0327aise au Tchad, avant de reprendre ses e\u0301tudes d&rsquo;e\u0301conomie a\u0300 l&rsquo;universite\u0301 Panthe\u0301on-Sorbonne, jusqu&rsquo;a\u0300 obtenir une mai\u0302trise et un diplo\u0302me d\u2019e\u0301tudes approfondies. En 1980, il soutient une the\u0300se de doctorat.<\/p>\n<p>Pathe\u0301 Dione fre\u0301quente aussi l&rsquo;Ecole nationale d&rsquo;assurances de France, puis le Centre des hautes e\u0301tudes d&rsquo;assurances de Paris.<\/p>\n<p>Il est recrute\u0301 en 1984 par l&rsquo;Union des assurances de Paris (UAP), qui en fait son directeur pour tout le continent africain. Une responsabilite\u0301 qu&rsquo;il assume jusqu\u2019en 1997, avant que l&rsquo;UAP ne soit absorbe\u0301e par Axa.<\/p>\n<p>L&rsquo;Afrique ne faisant pas partie des priorite\u0301s d&rsquo;Axa, Pathe\u0301 Dione a eu l&rsquo;ide\u0301e de cre\u0301er une nouvelle socie\u0301te\u0301 qui reprendrait les filiales africaines de l&rsquo;ex-UAP. Le groupe Sunu voit ainsi officiellement le jour, en 1998.<\/p>\n<p>Il s&rsquo;est depuis e\u0301toffe\u0301, jusqu&rsquo;a\u0300 rassembler 15 compagnies en profitant de l&rsquo;expertise de son fondateur et de ses liens e\u0301troits avec des e\u0301tablissements tels qu&rsquo;Ecobank et la Bank of Africa.<\/p>\n<p><strong>Pour plus d&rsquo;informations et d&rsquo;analyses sur la <a href=\"https:\/\/www.africa-press.net\/senegal\">Senegal<\/a>, suivez <a href=\"https:\/\/www.africa-press.net\/\">Africa-Press<\/a><\/strong><\/p>\n","protected":false},"excerpt":{"rendered":"<p>Africa-Press &#8211; Senegal. Le financier se\u0301ne\u0301galais Pathe\u0301 Dione, fondateur du groupe Sunu, spe\u0301cialise\u0301 dans l&rsquo;assurance-vie, est de\u0301ce\u0301de\u0301 jeudi a\u0300 Paris, a\u0300 l&rsquo;a\u0302ge de 81 ans, a-t-on appris de plusieurs me\u0301dias. Conside\u0301re\u0301 comme \u2018\u2019un monument\u2019\u2019 de la finance africaine, Pathe\u0301 Dione dirigeait jusqu&rsquo;a\u0300 sa mort le groupe Sunu qu&rsquo;il a fonde\u0301 a\u0300 la fin des anne\u0301es [&hellip;]<\/p>\n","protected":false},"author":82,"featured_media":37953,"comment_status":"open","ping_status":"closed","sticky":false,"template":"","format":"standard","meta":{"footnotes":""},"categories":[21,10],"tags":[43,47,44],"class_list":["post-37954","post","type-post","status-publish","format-standard","has-post-thumbnail","hentry","category-communaute","category-toutes-les-actualites","tag-africa-press-2","tag-africa-press-senegal","tag-senegal-2"],"yoast_head":"<!-- This site is optimized with the Yoast SEO Premium plugin v26.1 (Yoast SEO v27.0) - https:\/\/yoast.com\/product\/yoast-seo-premium-wordpress\/ -->\n<title>D\u00e9c\u00e8s, ce jeudi, \u00e0 Paris, du financier s\u00e9n\u00e9galais Path\u00e9 Dione - Senegal<\/title>\n<meta name=\"robots\" content=\"index, follow, max-snippet:-1, max-image-preview:large, max-video-preview:-1\" \/>\n<link rel=\"canonical\" href=\"https:\/\/www.africa-press.net\/senegal\/politique\/deces-ce-jeudi-a-paris-du-financier-senegalais-pathe-dione\" \/>\n<meta property=\"og:locale\" content=\"fr_FR\" \/>\n<meta property=\"og:type\" content=\"article\" \/>\n<meta property=\"og:title\" content=\"D\u00e9c\u00e8s, ce jeudi, \u00e0 Paris, du financier s\u00e9n\u00e9galais Path\u00e9 Dione\" \/>\n<meta property=\"og:description\" content=\"Africa-Press &#8211; Senegal. Le financier se\u0301ne\u0301galais Pathe\u0301 Dione, fondateur du groupe Sunu, spe\u0301cialise\u0301 dans l&rsquo;assurance-vie, est de\u0301ce\u0301de\u0301 jeudi a\u0300 Paris, a\u0300 l&rsquo;a\u0302ge de 81 ans, a-t-on appris de plusieurs me\u0301dias. Conside\u0301re\u0301 comme \u2018\u2019un monument\u2019\u2019 de la finance africaine, Pathe\u0301 Dione dirigeait jusqu&rsquo;a\u0300 sa mort le groupe Sunu qu&rsquo;il a fonde\u0301 a\u0300 la fin des anne\u0301es [&hellip;]\" \/>\n<meta property=\"og:url\" content=\"https:\/\/www.africa-press.net\/senegal\/politique\/deces-ce-jeudi-a-paris-du-financier-senegalais-pathe-dione\" \/>\n<meta property=\"og:site_name\" content=\"Senegal\" \/>\n<meta property=\"article:published_time\" content=\"2023-01-12T18:33:11+00:00\" \/>\n<meta name=\"author\" content=\"cfeditorfr\" \/>\n<meta name=\"twitter:card\" content=\"summary_large_image\" \/>\n<meta name=\"twitter:label1\" content=\"\u00c9crit par\" \/>\n\t<meta name=\"twitter:data1\" content=\"cfeditorfr\" \/>\n\t<meta name=\"twitter:label2\" content=\"Dur\u00e9e de lecture estim\u00e9e\" \/>\n\t<meta name=\"twitter:data2\" content=\"2 minutes\" \/>\n<script type=\"application\/ld+json\" class=\"yoast-schema-graph\">{\"@context\":\"https:\/\/schema.org\",\"@graph\":[{\"@type\":\"Article\",\"@id\":\"https:\/\/www.africa-press.net\/senegal\/politique\/deces-ce-jeudi-a-paris-du-financier-senegalais-pathe-dione#article\",\"isPartOf\":{\"@id\":\"https:\/\/www.africa-press.net\/senegal\/politique\/deces-ce-jeudi-a-paris-du-financier-senegalais-pathe-dione\"},\"author\":{\"name\":\"cfeditorfr\",\"@id\":\"https:\/\/www.africa-press.net\/senegal\/#\/schema\/person\/2b1cf3cd81a31e3cd26889ca66d677f1\"},\"headline\":\"D\u00e9c\u00e8s, ce jeudi, \u00e0 Paris, du financier s\u00e9n\u00e9galais Path\u00e9 Dione\",\"datePublished\":\"2023-01-12T18:33:11+00:00\",\"mainEntityOfPage\":{\"@id\":\"https:\/\/www.africa-press.net\/senegal\/politique\/deces-ce-jeudi-a-paris-du-financier-senegalais-pathe-dione\"},\"wordCount\":369,\"commentCount\":0,\"image\":{\"@id\":\"https:\/\/www.africa-press.net\/senegal\/politique\/deces-ce-jeudi-a-paris-du-financier-senegalais-pathe-dione#primaryimage\"},\"thumbnailUrl\":\"https:\/\/static.africa-press.net\/senegal\/sites\/13\/2023\/01\/postQueueImg_1673535926.83.jpg\",\"keywords\":[\"Africa Press\",\"Africa Press-Senegal\",\"Senegal\"],\"articleSection\":[\"Communaut\u00e9\",\"Toutes les actualit\u00e9s\"],\"inLanguage\":\"fr-FR\",\"potentialAction\":[{\"@type\":\"CommentAction\",\"name\":\"Comment\",\"target\":[\"https:\/\/www.africa-press.net\/senegal\/politique\/deces-ce-jeudi-a-paris-du-financier-senegalais-pathe-dione#respond\"]}]},{\"@type\":\"WebPage\",\"@id\":\"https:\/\/www.africa-press.net\/senegal\/politique\/deces-ce-jeudi-a-paris-du-financier-senegalais-pathe-dione\",\"url\":\"https:\/\/www.africa-press.net\/senegal\/politique\/deces-ce-jeudi-a-paris-du-financier-senegalais-pathe-dione\",\"name\":\"D\u00e9c\u00e8s, ce jeudi, \u00e0 Paris, du financier s\u00e9n\u00e9galais Path\u00e9 Dione - Senegal\",\"isPartOf\":{\"@id\":\"https:\/\/www.africa-press.net\/senegal\/#website\"},\"primaryImageOfPage\":{\"@id\":\"https:\/\/www.africa-press.net\/senegal\/politique\/deces-ce-jeudi-a-paris-du-financier-senegalais-pathe-dione#primaryimage\"},\"image\":{\"@id\":\"https:\/\/www.africa-press.net\/senegal\/politique\/deces-ce-jeudi-a-paris-du-financier-senegalais-pathe-dione#primaryimage\"},\"thumbnailUrl\":\"https:\/\/static.africa-press.net\/senegal\/sites\/13\/2023\/01\/postQueueImg_1673535926.83.jpg\",\"datePublished\":\"2023-01-12T18:33:11+00:00\",\"author\":{\"@id\":\"https:\/\/www.africa-press.net\/senegal\/#\/schema\/person\/2b1cf3cd81a31e3cd26889ca66d677f1\"},\"breadcrumb\":{\"@id\":\"https:\/\/www.africa-press.net\/senegal\/politique\/deces-ce-jeudi-a-paris-du-financier-senegalais-pathe-dione#breadcrumb\"},\"inLanguage\":\"fr-FR\",\"potentialAction\":[{\"@type\":\"ReadAction\",\"target\":[\"https:\/\/www.africa-press.net\/senegal\/politique\/deces-ce-jeudi-a-paris-du-financier-senegalais-pathe-dione\"]}]},{\"@type\":\"ImageObject\",\"inLanguage\":\"fr-FR\",\"@id\":\"https:\/\/www.africa-press.net\/senegal\/politique\/deces-ce-jeudi-a-paris-du-financier-senegalais-pathe-dione#primaryimage\",\"url\":\"https:\/\/static.africa-press.net\/senegal\/sites\/13\/2023\/01\/postQueueImg_1673535926.83.jpg\",\"contentUrl\":\"https:\/\/static.africa-press.net\/senegal\/sites\/13\/2023\/01\/postQueueImg_1673535926.83.jpg\",\"width\":1728,\"height\":986,\"caption\":\"D\u00e9c\u00e8s, ce jeudi, \u00e0 Paris, du financier s\u00e9n\u00e9galais Path\u00e9 Dione\"},{\"@type\":\"BreadcrumbList\",\"@id\":\"https:\/\/www.africa-press.net\/senegal\/politique\/deces-ce-jeudi-a-paris-du-financier-senegalais-pathe-dione#breadcrumb\",\"itemListElement\":[{\"@type\":\"ListItem\",\"position\":1,\"name\":\"Accueil\",\"item\":\"https:\/\/www.africa-press.net\/senegal\/\"},{\"@type\":\"ListItem\",\"position\":2,\"name\":\"D\u00e9c\u00e8s, ce jeudi, \u00e0 Paris, du financier s\u00e9n\u00e9galais Path\u00e9 Dione\"}]},{\"@type\":\"WebSite\",\"@id\":\"https:\/\/www.africa-press.net\/senegal\/#website\",\"url\":\"https:\/\/www.africa-press.net\/senegal\/\",\"name\":\"Africa Press | Senegal | Homepage\",\"description\":\"Just another Africa News Agency Sites site\",\"potentialAction\":[{\"@type\":\"SearchAction\",\"target\":{\"@type\":\"EntryPoint\",\"urlTemplate\":\"https:\/\/www.africa-press.net\/senegal\/?s={search_term_string}\"},\"query-input\":{\"@type\":\"PropertyValueSpecification\",\"valueRequired\":true,\"valueName\":\"search_term_string\"}}],\"inLanguage\":\"fr-FR\"},{\"@type\":\"Person\",\"@id\":\"https:\/\/www.africa-press.net\/senegal\/#\/schema\/person\/2b1cf3cd81a31e3cd26889ca66d677f1\",\"name\":\"cfeditorfr\",\"url\":\"https:\/\/www.africa-press.net\/senegal\/author\/cfeditorfr\"}]}<\/script>\n<!-- \/ Yoast SEO Premium plugin. -->","yoast_head_json":{"title":"D\u00e9c\u00e8s, ce jeudi, \u00e0 Paris, du financier s\u00e9n\u00e9galais Path\u00e9 Dione - Senegal","robots":{"index":"index","follow":"follow","max-snippet":"max-snippet:-1","max-image-preview":"max-image-preview:large","max-video-preview":"max-video-preview:-1"},"canonical":"https:\/\/www.africa-press.net\/senegal\/politique\/deces-ce-jeudi-a-paris-du-financier-senegalais-pathe-dione","og_locale":"fr_FR","og_type":"article","og_title":"D\u00e9c\u00e8s, ce jeudi, \u00e0 Paris, du financier s\u00e9n\u00e9galais Path\u00e9 Dione","og_description":"Africa-Press &#8211; Senegal. Le financier se\u0301ne\u0301galais Pathe\u0301 Dione, fondateur du groupe Sunu, spe\u0301cialise\u0301 dans l&rsquo;assurance-vie, est de\u0301ce\u0301de\u0301 jeudi a\u0300 Paris, a\u0300 l&rsquo;a\u0302ge de 81 ans, a-t-on appris de plusieurs me\u0301dias. Conside\u0301re\u0301 comme \u2018\u2019un monument\u2019\u2019 de la finance africaine, Pathe\u0301 Dione dirigeait jusqu&rsquo;a\u0300 sa mort le groupe Sunu qu&rsquo;il a fonde\u0301 a\u0300 la fin des anne\u0301es [&hellip;]","og_url":"https:\/\/www.africa-press.net\/senegal\/politique\/deces-ce-jeudi-a-paris-du-financier-senegalais-pathe-dione","og_site_name":"Senegal","article_published_time":"2023-01-12T18:33:11+00:00","author":"cfeditorfr","twitter_card":"summary_large_image","twitter_misc":{"\u00c9crit par":"cfeditorfr","Dur\u00e9e de lecture estim\u00e9e":"2 minutes"},"schema":{"@context":"https:\/\/schema.org","@graph":[{"@type":"Article","@id":"https:\/\/www.africa-press.net\/senegal\/politique\/deces-ce-jeudi-a-paris-du-financier-senegalais-pathe-dione#article","isPartOf":{"@id":"https:\/\/www.africa-press.net\/senegal\/politique\/deces-ce-jeudi-a-paris-du-financier-senegalais-pathe-dione"},"author":{"name":"cfeditorfr","@id":"https:\/\/www.africa-press.net\/senegal\/#\/schema\/person\/2b1cf3cd81a31e3cd26889ca66d677f1"},"headline":"D\u00e9c\u00e8s, ce jeudi, \u00e0 Paris, du financier s\u00e9n\u00e9galais Path\u00e9 Dione","datePublished":"2023-01-12T18:33:11+00:00","mainEntityOfPage":{"@id":"https:\/\/www.africa-press.net\/senegal\/politique\/deces-ce-jeudi-a-paris-du-financier-senegalais-pathe-dione"},"wordCount":369,"commentCount":0,"image":{"@id":"https:\/\/www.africa-press.net\/senegal\/politique\/deces-ce-jeudi-a-paris-du-financier-senegalais-pathe-dione#primaryimage"},"thumbnailUrl":"https:\/\/static.africa-press.net\/senegal\/sites\/13\/2023\/01\/postQueueImg_1673535926.83.jpg","keywords":["Africa Press","Africa Press-Senegal","Senegal"],"articleSection":["Communaut\u00e9","Toutes les actualit\u00e9s"],"inLanguage":"fr-FR","potentialAction":[{"@type":"CommentAction","name":"Comment","target":["https:\/\/www.africa-press.net\/senegal\/politique\/deces-ce-jeudi-a-paris-du-financier-senegalais-pathe-dione#respond"]}]},{"@type":"WebPage","@id":"https:\/\/www.africa-press.net\/senegal\/politique\/deces-ce-jeudi-a-paris-du-financier-senegalais-pathe-dione","url":"https:\/\/www.africa-press.net\/senegal\/politique\/deces-ce-jeudi-a-paris-du-financier-senegalais-pathe-dione","name":"D\u00e9c\u00e8s, ce jeudi, \u00e0 Paris, du financier s\u00e9n\u00e9galais Path\u00e9 Dione - Senegal","isPartOf":{"@id":"https:\/\/www.africa-press.net\/senegal\/#website"},"primaryImageOfPage":{"@id":"https:\/\/www.africa-press.net\/senegal\/politique\/deces-ce-jeudi-a-paris-du-financier-senegalais-pathe-dione#primaryimage"},"image":{"@id":"https:\/\/www.africa-press.net\/senegal\/politique\/deces-ce-jeudi-a-paris-du-financier-senegalais-pathe-dione#primaryimage"},"thumbnailUrl":"https:\/\/static.africa-press.net\/senegal\/sites\/13\/2023\/01\/postQueueImg_1673535926.83.jpg","datePublished":"2023-01-12T18:33:11+00:00","author":{"@id":"https:\/\/www.africa-press.net\/senegal\/#\/schema\/person\/2b1cf3cd81a31e3cd26889ca66d677f1"},"breadcrumb":{"@id":"https:\/\/www.africa-press.net\/senegal\/politique\/deces-ce-jeudi-a-paris-du-financier-senegalais-pathe-dione#breadcrumb"},"inLanguage":"fr-FR","potentialAction":[{"@type":"ReadAction","target":["https:\/\/www.africa-press.net\/senegal\/politique\/deces-ce-jeudi-a-paris-du-financier-senegalais-pathe-dione"]}]},{"@type":"ImageObject","inLanguage":"fr-FR","@id":"https:\/\/www.africa-press.net\/senegal\/politique\/deces-ce-jeudi-a-paris-du-financier-senegalais-pathe-dione#primaryimage","url":"https:\/\/static.africa-press.net\/senegal\/sites\/13\/2023\/01\/postQueueImg_1673535926.83.jpg","contentUrl":"https:\/\/static.africa-press.net\/senegal\/sites\/13\/2023\/01\/postQueueImg_1673535926.83.jpg","width":1728,"height":986,"caption":"D\u00e9c\u00e8s, ce jeudi, \u00e0 Paris, du financier s\u00e9n\u00e9galais Path\u00e9 Dione"},{"@type":"BreadcrumbList","@id":"https:\/\/www.africa-press.net\/senegal\/politique\/deces-ce-jeudi-a-paris-du-financier-senegalais-pathe-dione#breadcrumb","itemListElement":[{"@type":"ListItem","position":1,"name":"Accueil","item":"https:\/\/www.africa-press.net\/senegal\/"},{"@type":"ListItem","position":2,"name":"D\u00e9c\u00e8s, ce jeudi, \u00e0 Paris, du financier s\u00e9n\u00e9galais Path\u00e9 Dione"}]},{"@type":"WebSite","@id":"https:\/\/www.africa-press.net\/senegal\/#website","url":"https:\/\/www.africa-press.net\/senegal\/","name":"Africa Press | Senegal | Homepage","description":"Just another Africa News Agency Sites site","potentialAction":[{"@type":"SearchAction","target":{"@type":"EntryPoint","urlTemplate":"https:\/\/www.africa-press.net\/senegal\/?s={search_term_string}"},"query-input":{"@type":"PropertyValueSpecification","valueRequired":true,"valueName":"search_term_string"}}],"inLanguage":"fr-FR"},{"@type":"Person","@id":"https:\/\/www.africa-press.net\/senegal\/#\/schema\/person\/2b1cf3cd81a31e3cd26889ca66d677f1","name":"cfeditorfr","url":"https:\/\/www.africa-press.net\/senegal\/author\/cfeditorfr"}]}},"_links":{"self":[{"href":"https:\/\/www.africa-press.net\/senegal\/wp-json\/wp\/v2\/posts\/37954","targetHints":{"allow":["GET"]}}],"collection":[{"href":"https:\/\/www.africa-press.net\/senegal\/wp-json\/wp\/v2\/posts"}],"about":[{"href":"https:\/\/www.africa-press.net\/senegal\/wp-json\/wp\/v2\/types\/post"}],"author":[{"embeddable":true,"href":"https:\/\/www.africa-press.net\/senegal\/wp-json\/wp\/v2\/users\/82"}],"replies":[{"embeddable":true,"href":"https:\/\/www.africa-press.net\/senegal\/wp-json\/wp\/v2\/comments?post=37954"}],"version-history":[{"count":0,"href":"https:\/\/www.africa-press.net\/senegal\/wp-json\/wp\/v2\/posts\/37954\/revisions"}],"wp:featuredmedia":[{"embeddable":true,"href":"https:\/\/www.africa-press.net\/senegal\/wp-json\/wp\/v2\/media\/37953"}],"wp:attachment":[{"href":"https:\/\/www.africa-press.net\/senegal\/wp-json\/wp\/v2\/media?parent=37954"}],"wp:term":[{"taxonomy":"category","embeddable":true,"href":"https:\/\/www.africa-press.net\/senegal\/wp-json\/wp\/v2\/categories?post=37954"},{"taxonomy":"post_tag","embeddable":true,"href":"https:\/\/www.africa-press.net\/senegal\/wp-json\/wp\/v2\/tags?post=37954"}],"curies":[{"name":"wp","href":"https:\/\/api.w.org\/{rel}","templated":true}]}}