{"id":37956,"date":"2023-01-12T18:45:25","date_gmt":"2023-01-12T18:45:25","guid":{"rendered":"https:\/\/www.africa-press.net\/senegal\/politique\/le-pape-francois-accepte-la-demission-de-leveque-de-saint-louis-mgr-ernest-samboudocument"},"modified":"2023-01-12T18:45:25","modified_gmt":"2023-01-12T18:45:25","slug":"le-pape-francois-accepte-la-demission-de-leveque-de-saint-louis-mgr-ernest-samboudocument","status":"publish","type":"post","link":"https:\/\/www.africa-press.net\/senegal\/toutes-les-actualites\/le-pape-francois-accepte-la-demission-de-leveque-de-saint-louis-mgr-ernest-samboudocument","title":{"rendered":"Le Pape Fran\u00e7ois accepte la d\u00e9mission de l&rsquo;Ev\u00eaque de Saint-Louis Mgr Ernest Sambou(document)"},"content":{"rendered":"<p><span style=\"color: #ff6600\"><strong>Africa-Press &#8211; Senegal. <\/strong><\/span>Le Pape Franc\u0327ois a accepte\u0301 la de\u0301mission de Mgr Ernest Sambou, Eve\u0302que de Saint-Louis et de\u0301signe\u0301 Mgr Andre\u0301 Gue\u0300ye comme Administrateur apostolique \u00ab\u00a0sede vacante\u00a0\u00bb du Dioce\u0300se de Saint-Louis, a t-on appris du Nonce Apostolique Waldemar St Sommertag.<\/p>\n<p>\u2018\u2019J\u2019ai le devoir de vous informer que le Pape Franc\u0327ois a accepte\u0301 la de\u0301mission au gouvernement pastoral du Dioce\u0300se de Saint-Louis du Se\u0301ne\u0301gal, pre\u0301sente\u0301e par S.E Mgr Ernest Sambou, conforme\u0301ment au Can. 401\u00a7 1 de Droit canonique\u2019\u2019, e\u0301crit le Nonce dans une correspondance dont l&rsquo;APS a eu connaissance.<\/p>\n<p>Il a ajoute\u0301 que \u2018\u2019la nouvelle sera rendue publique, le jeudi 12 janvier, a\u0300 12heures de Rome (11heures de Dakar) et parrai\u0302tra dans L&rsquo;Osservatore romano (quotidien italien) (&#8230;.)\u00a0\u00bb.<\/p>\n<p>Selon le Nonce Apostolique, \u2018\u2019en me\u0302me temps, le Saint-Pe\u0300re, a\u0300 travers le Dicaste\u0300re pour l\u2019Evange\u0301lisation, a de\u0301signe\u0301 S.E Mgr Andre\u0301 Gue\u0300ye, Eve\u0302que de Thie\u0300s, comme Administrateur Apostolique sede vacante du Dioce\u0300se de Saint-Louis\u2019\u2019.<\/p>\n<p>Il pre\u0301cise que \u2018\u2019Monseigneur Gue\u0300ye exercera sa fonction, avec tous les droits et devoirs propres prescrites par le code du Droit canonique jusqu\u2019a\u0300 la nomination par le Saint-Pe\u0300re d\u2019un nouvel e\u0301ve\u0302que pour le Dioce\u0300se de Saint-Louis\u2019\u2019.<\/p>\n<p><strong>Pour plus d&rsquo;informations et d&rsquo;analyses sur la <a href=\"https:\/\/www.africa-press.net\/senegal\">Senegal<\/a>, suivez <a href=\"https:\/\/www.africa-press.net\/\">Africa-Press<\/a><\/strong><\/p>\n","protected":false},"excerpt":{"rendered":"<p>Africa-Press &#8211; Senegal. Le Pape Franc\u0327ois a accepte\u0301 la de\u0301mission de Mgr Ernest Sambou, Eve\u0302que de Saint-Louis et de\u0301signe\u0301 Mgr Andre\u0301 Gue\u0300ye comme Administrateur apostolique \u00ab\u00a0sede vacante\u00a0\u00bb du Dioce\u0300se de Saint-Louis, a t-on appris du Nonce Apostolique Waldemar St Sommertag. \u2018\u2019J\u2019ai le devoir de vous informer que le Pape Franc\u0327ois a accepte\u0301 la de\u0301mission au [&hellip;]<\/p>\n","protected":false},"author":82,"featured_media":37955,"comment_status":"open","ping_status":"closed","sticky":false,"template":"","format":"standard","meta":{"footnotes":""},"categories":[21,10],"tags":[43,47,44],"class_list":["post-37956","post","type-post","status-publish","format-standard","has-post-thumbnail","hentry","category-communaute","category-toutes-les-actualites","tag-africa-press-2","tag-africa-press-senegal","tag-senegal-2"],"yoast_head":"<!-- This site is optimized with the Yoast SEO Premium plugin v26.1 (Yoast SEO v27.0) - https:\/\/yoast.com\/product\/yoast-seo-premium-wordpress\/ -->\n<title>Le Pape Fran\u00e7ois accepte la d\u00e9mission de l&#039;Ev\u00eaque de Saint-Louis Mgr Ernest Sambou(document) - Senegal<\/title>\n<meta name=\"robots\" content=\"index, follow, max-snippet:-1, max-image-preview:large, max-video-preview:-1\" \/>\n<link rel=\"canonical\" href=\"https:\/\/www.africa-press.net\/senegal\/politique\/le-pape-francois-accepte-la-demission-de-leveque-de-saint-louis-mgr-ernest-samboudocument\" \/>\n<meta property=\"og:locale\" content=\"fr_FR\" \/>\n<meta property=\"og:type\" content=\"article\" \/>\n<meta property=\"og:title\" content=\"Le Pape Fran\u00e7ois accepte la d\u00e9mission de l&#039;Ev\u00eaque de Saint-Louis Mgr Ernest Sambou(document)\" \/>\n<meta property=\"og:description\" content=\"Africa-Press &#8211; Senegal. Le Pape Franc\u0327ois a accepte\u0301 la de\u0301mission de Mgr Ernest Sambou, Eve\u0302que de Saint-Louis et de\u0301signe\u0301 Mgr Andre\u0301 Gue\u0300ye comme Administrateur apostolique \u00ab\u00a0sede vacante\u00a0\u00bb du Dioce\u0300se de Saint-Louis, a t-on appris du Nonce Apostolique Waldemar St Sommertag. \u2018\u2019J\u2019ai le devoir de vous informer que le Pape Franc\u0327ois a accepte\u0301 la de\u0301mission au [&hellip;]\" \/>\n<meta property=\"og:url\" content=\"https:\/\/www.africa-press.net\/senegal\/politique\/le-pape-francois-accepte-la-demission-de-leveque-de-saint-louis-mgr-ernest-samboudocument\" \/>\n<meta property=\"og:site_name\" content=\"Senegal\" \/>\n<meta property=\"article:published_time\" content=\"2023-01-12T18:45:25+00:00\" \/>\n<meta name=\"author\" content=\"cfeditorfr\" \/>\n<meta name=\"twitter:card\" content=\"summary_large_image\" \/>\n<meta name=\"twitter:label1\" content=\"\u00c9crit par\" \/>\n\t<meta name=\"twitter:data1\" content=\"cfeditorfr\" \/>\n\t<meta name=\"twitter:label2\" content=\"Dur\u00e9e de lecture estim\u00e9e\" \/>\n\t<meta name=\"twitter:data2\" content=\"1 minute\" \/>\n<script type=\"application\/ld+json\" class=\"yoast-schema-graph\">{\"@context\":\"https:\/\/schema.org\",\"@graph\":[{\"@type\":\"Article\",\"@id\":\"https:\/\/www.africa-press.net\/senegal\/politique\/le-pape-francois-accepte-la-demission-de-leveque-de-saint-louis-mgr-ernest-samboudocument#article\",\"isPartOf\":{\"@id\":\"https:\/\/www.africa-press.net\/senegal\/politique\/le-pape-francois-accepte-la-demission-de-leveque-de-saint-louis-mgr-ernest-samboudocument\"},\"author\":{\"name\":\"cfeditorfr\",\"@id\":\"https:\/\/www.africa-press.net\/senegal\/#\/schema\/person\/2b1cf3cd81a31e3cd26889ca66d677f1\"},\"headline\":\"Le Pape Fran\u00e7ois accepte la d\u00e9mission de l&rsquo;Ev\u00eaque de Saint-Louis Mgr Ernest Sambou(document)\",\"datePublished\":\"2023-01-12T18:45:25+00:00\",\"mainEntityOfPage\":{\"@id\":\"https:\/\/www.africa-press.net\/senegal\/politique\/le-pape-francois-accepte-la-demission-de-leveque-de-saint-louis-mgr-ernest-samboudocument\"},\"wordCount\":250,\"commentCount\":0,\"image\":{\"@id\":\"https:\/\/www.africa-press.net\/senegal\/politique\/le-pape-francois-accepte-la-demission-de-leveque-de-saint-louis-mgr-ernest-samboudocument#primaryimage\"},\"thumbnailUrl\":\"https:\/\/static.africa-press.net\/senegal\/sites\/13\/2023\/01\/postQueueImg_1673536534.52.jpg\",\"keywords\":[\"Africa Press\",\"Africa Press-Senegal\",\"Senegal\"],\"articleSection\":[\"Communaut\u00e9\",\"Toutes les actualit\u00e9s\"],\"inLanguage\":\"fr-FR\",\"potentialAction\":[{\"@type\":\"CommentAction\",\"name\":\"Comment\",\"target\":[\"https:\/\/www.africa-press.net\/senegal\/politique\/le-pape-francois-accepte-la-demission-de-leveque-de-saint-louis-mgr-ernest-samboudocument#respond\"]}]},{\"@type\":\"WebPage\",\"@id\":\"https:\/\/www.africa-press.net\/senegal\/politique\/le-pape-francois-accepte-la-demission-de-leveque-de-saint-louis-mgr-ernest-samboudocument\",\"url\":\"https:\/\/www.africa-press.net\/senegal\/politique\/le-pape-francois-accepte-la-demission-de-leveque-de-saint-louis-mgr-ernest-samboudocument\",\"name\":\"Le Pape Fran\u00e7ois accepte la d\u00e9mission de l'Ev\u00eaque de Saint-Louis Mgr Ernest Sambou(document) - Senegal\",\"isPartOf\":{\"@id\":\"https:\/\/www.africa-press.net\/senegal\/#website\"},\"primaryImageOfPage\":{\"@id\":\"https:\/\/www.africa-press.net\/senegal\/politique\/le-pape-francois-accepte-la-demission-de-leveque-de-saint-louis-mgr-ernest-samboudocument#primaryimage\"},\"image\":{\"@id\":\"https:\/\/www.africa-press.net\/senegal\/politique\/le-pape-francois-accepte-la-demission-de-leveque-de-saint-louis-mgr-ernest-samboudocument#primaryimage\"},\"thumbnailUrl\":\"https:\/\/static.africa-press.net\/senegal\/sites\/13\/2023\/01\/postQueueImg_1673536534.52.jpg\",\"datePublished\":\"2023-01-12T18:45:25+00:00\",\"author\":{\"@id\":\"https:\/\/www.africa-press.net\/senegal\/#\/schema\/person\/2b1cf3cd81a31e3cd26889ca66d677f1\"},\"breadcrumb\":{\"@id\":\"https:\/\/www.africa-press.net\/senegal\/politique\/le-pape-francois-accepte-la-demission-de-leveque-de-saint-louis-mgr-ernest-samboudocument#breadcrumb\"},\"inLanguage\":\"fr-FR\",\"potentialAction\":[{\"@type\":\"ReadAction\",\"target\":[\"https:\/\/www.africa-press.net\/senegal\/politique\/le-pape-francois-accepte-la-demission-de-leveque-de-saint-louis-mgr-ernest-samboudocument\"]}]},{\"@type\":\"ImageObject\",\"inLanguage\":\"fr-FR\",\"@id\":\"https:\/\/www.africa-press.net\/senegal\/politique\/le-pape-francois-accepte-la-demission-de-leveque-de-saint-louis-mgr-ernest-samboudocument#primaryimage\",\"url\":\"https:\/\/static.africa-press.net\/senegal\/sites\/13\/2023\/01\/postQueueImg_1673536534.52.jpg\",\"contentUrl\":\"https:\/\/static.africa-press.net\/senegal\/sites\/13\/2023\/01\/postQueueImg_1673536534.52.jpg\",\"width\":1620,\"height\":925,\"caption\":\"Le Pape Fran\u00e7ois accepte la d\u00e9mission de l'Ev\u00eaque de Saint-Louis Mgr Ernest Sambou(document)\"},{\"@type\":\"BreadcrumbList\",\"@id\":\"https:\/\/www.africa-press.net\/senegal\/politique\/le-pape-francois-accepte-la-demission-de-leveque-de-saint-louis-mgr-ernest-samboudocument#breadcrumb\",\"itemListElement\":[{\"@type\":\"ListItem\",\"position\":1,\"name\":\"Accueil\",\"item\":\"https:\/\/www.africa-press.net\/senegal\/\"},{\"@type\":\"ListItem\",\"position\":2,\"name\":\"Le Pape Fran\u00e7ois accepte la d\u00e9mission de l&rsquo;Ev\u00eaque de Saint-Louis Mgr Ernest Sambou(document)\"}]},{\"@type\":\"WebSite\",\"@id\":\"https:\/\/www.africa-press.net\/senegal\/#website\",\"url\":\"https:\/\/www.africa-press.net\/senegal\/\",\"name\":\"Africa Press | Senegal | Homepage\",\"description\":\"Just another Africa News Agency Sites site\",\"potentialAction\":[{\"@type\":\"SearchAction\",\"target\":{\"@type\":\"EntryPoint\",\"urlTemplate\":\"https:\/\/www.africa-press.net\/senegal\/?s={search_term_string}\"},\"query-input\":{\"@type\":\"PropertyValueSpecification\",\"valueRequired\":true,\"valueName\":\"search_term_string\"}}],\"inLanguage\":\"fr-FR\"},{\"@type\":\"Person\",\"@id\":\"https:\/\/www.africa-press.net\/senegal\/#\/schema\/person\/2b1cf3cd81a31e3cd26889ca66d677f1\",\"name\":\"cfeditorfr\",\"url\":\"https:\/\/www.africa-press.net\/senegal\/author\/cfeditorfr\"}]}<\/script>\n<!-- \/ Yoast SEO Premium plugin. -->","yoast_head_json":{"title":"Le Pape Fran\u00e7ois accepte la d\u00e9mission de l'Ev\u00eaque de Saint-Louis Mgr Ernest Sambou(document) - Senegal","robots":{"index":"index","follow":"follow","max-snippet":"max-snippet:-1","max-image-preview":"max-image-preview:large","max-video-preview":"max-video-preview:-1"},"canonical":"https:\/\/www.africa-press.net\/senegal\/politique\/le-pape-francois-accepte-la-demission-de-leveque-de-saint-louis-mgr-ernest-samboudocument","og_locale":"fr_FR","og_type":"article","og_title":"Le Pape Fran\u00e7ois accepte la d\u00e9mission de l'Ev\u00eaque de Saint-Louis Mgr Ernest Sambou(document)","og_description":"Africa-Press &#8211; Senegal. Le Pape Franc\u0327ois a accepte\u0301 la de\u0301mission de Mgr Ernest Sambou, Eve\u0302que de Saint-Louis et de\u0301signe\u0301 Mgr Andre\u0301 Gue\u0300ye comme Administrateur apostolique \u00ab\u00a0sede vacante\u00a0\u00bb du Dioce\u0300se de Saint-Louis, a t-on appris du Nonce Apostolique Waldemar St Sommertag. \u2018\u2019J\u2019ai le devoir de vous informer que le Pape Franc\u0327ois a accepte\u0301 la de\u0301mission au [&hellip;]","og_url":"https:\/\/www.africa-press.net\/senegal\/politique\/le-pape-francois-accepte-la-demission-de-leveque-de-saint-louis-mgr-ernest-samboudocument","og_site_name":"Senegal","article_published_time":"2023-01-12T18:45:25+00:00","author":"cfeditorfr","twitter_card":"summary_large_image","twitter_misc":{"\u00c9crit par":"cfeditorfr","Dur\u00e9e de lecture estim\u00e9e":"1 minute"},"schema":{"@context":"https:\/\/schema.org","@graph":[{"@type":"Article","@id":"https:\/\/www.africa-press.net\/senegal\/politique\/le-pape-francois-accepte-la-demission-de-leveque-de-saint-louis-mgr-ernest-samboudocument#article","isPartOf":{"@id":"https:\/\/www.africa-press.net\/senegal\/politique\/le-pape-francois-accepte-la-demission-de-leveque-de-saint-louis-mgr-ernest-samboudocument"},"author":{"name":"cfeditorfr","@id":"https:\/\/www.africa-press.net\/senegal\/#\/schema\/person\/2b1cf3cd81a31e3cd26889ca66d677f1"},"headline":"Le Pape Fran\u00e7ois accepte la d\u00e9mission de l&rsquo;Ev\u00eaque de Saint-Louis Mgr Ernest Sambou(document)","datePublished":"2023-01-12T18:45:25+00:00","mainEntityOfPage":{"@id":"https:\/\/www.africa-press.net\/senegal\/politique\/le-pape-francois-accepte-la-demission-de-leveque-de-saint-louis-mgr-ernest-samboudocument"},"wordCount":250,"commentCount":0,"image":{"@id":"https:\/\/www.africa-press.net\/senegal\/politique\/le-pape-francois-accepte-la-demission-de-leveque-de-saint-louis-mgr-ernest-samboudocument#primaryimage"},"thumbnailUrl":"https:\/\/static.africa-press.net\/senegal\/sites\/13\/2023\/01\/postQueueImg_1673536534.52.jpg","keywords":["Africa Press","Africa Press-Senegal","Senegal"],"articleSection":["Communaut\u00e9","Toutes les actualit\u00e9s"],"inLanguage":"fr-FR","potentialAction":[{"@type":"CommentAction","name":"Comment","target":["https:\/\/www.africa-press.net\/senegal\/politique\/le-pape-francois-accepte-la-demission-de-leveque-de-saint-louis-mgr-ernest-samboudocument#respond"]}]},{"@type":"WebPage","@id":"https:\/\/www.africa-press.net\/senegal\/politique\/le-pape-francois-accepte-la-demission-de-leveque-de-saint-louis-mgr-ernest-samboudocument","url":"https:\/\/www.africa-press.net\/senegal\/politique\/le-pape-francois-accepte-la-demission-de-leveque-de-saint-louis-mgr-ernest-samboudocument","name":"Le Pape Fran\u00e7ois accepte la d\u00e9mission de l'Ev\u00eaque de Saint-Louis Mgr Ernest Sambou(document) - Senegal","isPartOf":{"@id":"https:\/\/www.africa-press.net\/senegal\/#website"},"primaryImageOfPage":{"@id":"https:\/\/www.africa-press.net\/senegal\/politique\/le-pape-francois-accepte-la-demission-de-leveque-de-saint-louis-mgr-ernest-samboudocument#primaryimage"},"image":{"@id":"https:\/\/www.africa-press.net\/senegal\/politique\/le-pape-francois-accepte-la-demission-de-leveque-de-saint-louis-mgr-ernest-samboudocument#primaryimage"},"thumbnailUrl":"https:\/\/static.africa-press.net\/senegal\/sites\/13\/2023\/01\/postQueueImg_1673536534.52.jpg","datePublished":"2023-01-12T18:45:25+00:00","author":{"@id":"https:\/\/www.africa-press.net\/senegal\/#\/schema\/person\/2b1cf3cd81a31e3cd26889ca66d677f1"},"breadcrumb":{"@id":"https:\/\/www.africa-press.net\/senegal\/politique\/le-pape-francois-accepte-la-demission-de-leveque-de-saint-louis-mgr-ernest-samboudocument#breadcrumb"},"inLanguage":"fr-FR","potentialAction":[{"@type":"ReadAction","target":["https:\/\/www.africa-press.net\/senegal\/politique\/le-pape-francois-accepte-la-demission-de-leveque-de-saint-louis-mgr-ernest-samboudocument"]}]},{"@type":"ImageObject","inLanguage":"fr-FR","@id":"https:\/\/www.africa-press.net\/senegal\/politique\/le-pape-francois-accepte-la-demission-de-leveque-de-saint-louis-mgr-ernest-samboudocument#primaryimage","url":"https:\/\/static.africa-press.net\/senegal\/sites\/13\/2023\/01\/postQueueImg_1673536534.52.jpg","contentUrl":"https:\/\/static.africa-press.net\/senegal\/sites\/13\/2023\/01\/postQueueImg_1673536534.52.jpg","width":1620,"height":925,"caption":"Le Pape Fran\u00e7ois accepte la d\u00e9mission de l'Ev\u00eaque de Saint-Louis Mgr Ernest Sambou(document)"},{"@type":"BreadcrumbList","@id":"https:\/\/www.africa-press.net\/senegal\/politique\/le-pape-francois-accepte-la-demission-de-leveque-de-saint-louis-mgr-ernest-samboudocument#breadcrumb","itemListElement":[{"@type":"ListItem","position":1,"name":"Accueil","item":"https:\/\/www.africa-press.net\/senegal\/"},{"@type":"ListItem","position":2,"name":"Le Pape Fran\u00e7ois accepte la d\u00e9mission de l&rsquo;Ev\u00eaque de Saint-Louis Mgr Ernest Sambou(document)"}]},{"@type":"WebSite","@id":"https:\/\/www.africa-press.net\/senegal\/#website","url":"https:\/\/www.africa-press.net\/senegal\/","name":"Africa Press | Senegal | Homepage","description":"Just another Africa News Agency Sites site","potentialAction":[{"@type":"SearchAction","target":{"@type":"EntryPoint","urlTemplate":"https:\/\/www.africa-press.net\/senegal\/?s={search_term_string}"},"query-input":{"@type":"PropertyValueSpecification","valueRequired":true,"valueName":"search_term_string"}}],"inLanguage":"fr-FR"},{"@type":"Person","@id":"https:\/\/www.africa-press.net\/senegal\/#\/schema\/person\/2b1cf3cd81a31e3cd26889ca66d677f1","name":"cfeditorfr","url":"https:\/\/www.africa-press.net\/senegal\/author\/cfeditorfr"}]}},"_links":{"self":[{"href":"https:\/\/www.africa-press.net\/senegal\/wp-json\/wp\/v2\/posts\/37956","targetHints":{"allow":["GET"]}}],"collection":[{"href":"https:\/\/www.africa-press.net\/senegal\/wp-json\/wp\/v2\/posts"}],"about":[{"href":"https:\/\/www.africa-press.net\/senegal\/wp-json\/wp\/v2\/types\/post"}],"author":[{"embeddable":true,"href":"https:\/\/www.africa-press.net\/senegal\/wp-json\/wp\/v2\/users\/82"}],"replies":[{"embeddable":true,"href":"https:\/\/www.africa-press.net\/senegal\/wp-json\/wp\/v2\/comments?post=37956"}],"version-history":[{"count":0,"href":"https:\/\/www.africa-press.net\/senegal\/wp-json\/wp\/v2\/posts\/37956\/revisions"}],"wp:featuredmedia":[{"embeddable":true,"href":"https:\/\/www.africa-press.net\/senegal\/wp-json\/wp\/v2\/media\/37955"}],"wp:attachment":[{"href":"https:\/\/www.africa-press.net\/senegal\/wp-json\/wp\/v2\/media?parent=37956"}],"wp:term":[{"taxonomy":"category","embeddable":true,"href":"https:\/\/www.africa-press.net\/senegal\/wp-json\/wp\/v2\/categories?post=37956"},{"taxonomy":"post_tag","embeddable":true,"href":"https:\/\/www.africa-press.net\/senegal\/wp-json\/wp\/v2\/tags?post=37956"}],"curies":[{"name":"wp","href":"https:\/\/api.w.org\/{rel}","templated":true}]}}