{"id":37958,"date":"2023-01-12T18:46:14","date_gmt":"2023-01-12T18:46:14","guid":{"rendered":"https:\/\/www.africa-press.net\/senegal\/politique\/un-projet-dune-ecole-des-metiers-de-la-reeducation-et-de-la-readaptation-en-gestation"},"modified":"2023-01-12T18:46:14","modified_gmt":"2023-01-12T18:46:14","slug":"un-projet-dune-ecole-des-metiers-de-la-reeducation-et-de-la-readaptation-en-gestation","status":"publish","type":"post","link":"https:\/\/www.africa-press.net\/senegal\/toutes-les-actualites\/un-projet-dune-ecole-des-metiers-de-la-reeducation-et-de-la-readaptation-en-gestation","title":{"rendered":"Un projet d&rsquo;une \u00e9cole des m\u00e9tiers de la r\u00e9\u00e9ducation et de la r\u00e9adaptation en gestation"},"content":{"rendered":"<p><span style=\"color: #ff6600\"><strong>Africa-Press &#8211; Senegal. <\/strong><\/span>Le directeur des Etablissements publics de sante\u0301, Dr Ousmane Dia, a de\u0301plore\u0301 jeudi, le manque d&rsquo;expertise dans le domaine de la me\u0301decine physique au Se\u0301ne\u0301gal, annonc\u0327ant un projet d&rsquo;ouverture d&rsquo;une e\u0301cole des me\u0301tiers de re\u0301e\u0301ducation et de re\u0301adaptation en vue de re\u0301inscrire le Centre national d&rsquo;appareillage orthope\u0301dique (CNAO) dans la pyramide sanitaire.<\/p>\n<p>\u00ab\u00a0Le Se\u0301ne\u0301gal souffre en expertise dans le domaine de la me\u0301decine physique. Il va falloir que nous re\u0301fle\u0301chissions avec l\u2019ouverture d\u2019une e\u0301cole de re\u0301e\u0301ducation et de re\u0301adaptation pour optimiser les ressources humaines afin d\u2019arriver a\u0300 re\u0301inscrire le CNAO dans la pyramide sanitaire\u2019\u2019, a-t-il dit.<\/p>\n<p>Intervenant a\u0300 la ce\u0301re\u0301monie de pre\u0301sentation du nouveau logo du Centre national d\u2019appareillage orthope\u0301dique (CNAO), Dr Dia a e\u0301voque\u0301 \u201c des proble\u0300mes lombaires\u201d et de prise en charge auxquels beaucoup de Se\u0301ne\u0301galais sont confronte\u0301s actuellement.<\/p>\n<p>\u201cLes personnes qui sont victimes d\u2019accidents ou d\u2019Avc ou les ope\u0301re\u0301s au niveau des ho\u0302pitaux, ont envie d\u2019e\u0302tre pris en charge\u201d, a-t-il ajoute\u0301.<\/p>\n<p>\u201cNous avons un projet ou\u0300 il est pre\u0301vu de mettre en place une e\u0301cole des me\u0301tiers de la re\u0301e\u0301ducation et de la re\u0301adaptation. Et le Se\u0301ne\u0301gal en a besoin pour re\u0301soudre les besoins en re\u0301e\u0301ducation et re\u0301adaptation\u201d, a fait savoir Djibril Be\u0300ye, le directeur du Centre national d\u2019appareillage orthope\u0301dique (CNAO).<\/p>\n<p>M. Be\u0300ye a aussi signale\u0301 \u201cun de\u0301ficit de ressources humaines\u201d en matie\u0300re de re\u0301e\u0301ducation et de re\u0301adaptation.<\/p>\n<p>\u201cIl y a une pe\u0301nurie mondiale de kine\u0301sithe\u0301rapeutes, des podologues qui sont des spe\u0301cialite\u0301s tre\u0300s importantes. Mais nous sommes en train de redresser la barre, parce que nous sommes appuye\u0301s par les autorite\u0301s\u201d, a-t-il assure\u0301.<\/p>\n<p>\u2018\u2019Les prote\u0300ges importe\u0301s cou\u0302tent chers pour nos patients et nous sommes en train de travailler pour la valorisation du prote\u0300ge local accessible a\u0300 toutes les populations\u201d, a t-il souligne\u0301.<\/p>\n<p>Les patients \u2018\u2019attendaient presque 45 jours avant d\u2019e\u0302tre pris en charge. Nous avons re\u0301duit ce temps d\u2019attente en une semaine\u00a0\u00bb, a t-il dit, pre\u0301cisant que le centre ne fait pas que l\u2019appareillage et la re\u0301e\u0301ducation et que les enfants victimes de malformation sont aussi pris en charge.<\/p>\n<p>Selon lui, \u201csi l\u2019ho\u0302pital de Kaffrine a pu re\u0301soudre l\u2019e\u0301quation du nombre de victimes du dernier accident a\u0300 Sikilo en deux ou trois jours, c\u2019est gra\u0302ce a\u0300 des infrastructures de nouvelle ge\u0301ne\u0301ration mais aussi a\u0300 des ressources humaines de qualite\u0301\u201d.<\/p>\n<p><strong>Pour plus d&rsquo;informations et d&rsquo;analyses sur la <a href=\"https:\/\/www.africa-press.net\/senegal\">Senegal<\/a>, suivez <a href=\"https:\/\/www.africa-press.net\/\">Africa-Press<\/a><\/strong><\/p>\n","protected":false},"excerpt":{"rendered":"<p>Africa-Press &#8211; Senegal. Le directeur des Etablissements publics de sante\u0301, Dr Ousmane Dia, a de\u0301plore\u0301 jeudi, le manque d&rsquo;expertise dans le domaine de la me\u0301decine physique au Se\u0301ne\u0301gal, annonc\u0327ant un projet d&rsquo;ouverture d&rsquo;une e\u0301cole des me\u0301tiers de re\u0301e\u0301ducation et de re\u0301adaptation en vue de re\u0301inscrire le Centre national d&rsquo;appareillage orthope\u0301dique (CNAO) dans la pyramide sanitaire. [&hellip;]<\/p>\n","protected":false},"author":82,"featured_media":37957,"comment_status":"open","ping_status":"closed","sticky":false,"template":"","format":"standard","meta":{"footnotes":""},"categories":[21,10],"tags":[43,47,44],"class_list":["post-37958","post","type-post","status-publish","format-standard","has-post-thumbnail","hentry","category-communaute","category-toutes-les-actualites","tag-africa-press-2","tag-africa-press-senegal","tag-senegal-2"],"yoast_head":"<!-- This site is optimized with the Yoast SEO Premium plugin v26.1 (Yoast SEO v27.0) - https:\/\/yoast.com\/product\/yoast-seo-premium-wordpress\/ -->\n<title>Un projet d&#039;une \u00e9cole des m\u00e9tiers de la r\u00e9\u00e9ducation et de la r\u00e9adaptation en gestation - Senegal<\/title>\n<meta name=\"robots\" content=\"index, follow, max-snippet:-1, max-image-preview:large, max-video-preview:-1\" \/>\n<link rel=\"canonical\" href=\"https:\/\/www.africa-press.net\/senegal\/politique\/un-projet-dune-ecole-des-metiers-de-la-reeducation-et-de-la-readaptation-en-gestation\" \/>\n<meta property=\"og:locale\" content=\"fr_FR\" \/>\n<meta property=\"og:type\" content=\"article\" \/>\n<meta property=\"og:title\" content=\"Un projet d&#039;une \u00e9cole des m\u00e9tiers de la r\u00e9\u00e9ducation et de la r\u00e9adaptation en gestation\" \/>\n<meta property=\"og:description\" content=\"Africa-Press &#8211; Senegal. Le directeur des Etablissements publics de sante\u0301, Dr Ousmane Dia, a de\u0301plore\u0301 jeudi, le manque d&rsquo;expertise dans le domaine de la me\u0301decine physique au Se\u0301ne\u0301gal, annonc\u0327ant un projet d&rsquo;ouverture d&rsquo;une e\u0301cole des me\u0301tiers de re\u0301e\u0301ducation et de re\u0301adaptation en vue de re\u0301inscrire le Centre national d&rsquo;appareillage orthope\u0301dique (CNAO) dans la pyramide sanitaire. [&hellip;]\" \/>\n<meta property=\"og:url\" content=\"https:\/\/www.africa-press.net\/senegal\/politique\/un-projet-dune-ecole-des-metiers-de-la-reeducation-et-de-la-readaptation-en-gestation\" \/>\n<meta property=\"og:site_name\" content=\"Senegal\" \/>\n<meta property=\"article:published_time\" content=\"2023-01-12T18:46:14+00:00\" \/>\n<meta name=\"author\" content=\"cfeditorfr\" \/>\n<meta name=\"twitter:card\" content=\"summary_large_image\" \/>\n<meta name=\"twitter:label1\" content=\"\u00c9crit par\" \/>\n\t<meta name=\"twitter:data1\" content=\"cfeditorfr\" \/>\n\t<meta name=\"twitter:label2\" content=\"Dur\u00e9e de lecture estim\u00e9e\" \/>\n\t<meta name=\"twitter:data2\" content=\"2 minutes\" \/>\n<script type=\"application\/ld+json\" class=\"yoast-schema-graph\">{\"@context\":\"https:\/\/schema.org\",\"@graph\":[{\"@type\":\"Article\",\"@id\":\"https:\/\/www.africa-press.net\/senegal\/politique\/un-projet-dune-ecole-des-metiers-de-la-reeducation-et-de-la-readaptation-en-gestation#article\",\"isPartOf\":{\"@id\":\"https:\/\/www.africa-press.net\/senegal\/politique\/un-projet-dune-ecole-des-metiers-de-la-reeducation-et-de-la-readaptation-en-gestation\"},\"author\":{\"name\":\"cfeditorfr\",\"@id\":\"https:\/\/www.africa-press.net\/senegal\/#\/schema\/person\/2b1cf3cd81a31e3cd26889ca66d677f1\"},\"headline\":\"Un projet d&rsquo;une \u00e9cole des m\u00e9tiers de la r\u00e9\u00e9ducation et de la r\u00e9adaptation en gestation\",\"datePublished\":\"2023-01-12T18:46:14+00:00\",\"mainEntityOfPage\":{\"@id\":\"https:\/\/www.africa-press.net\/senegal\/politique\/un-projet-dune-ecole-des-metiers-de-la-reeducation-et-de-la-readaptation-en-gestation\"},\"wordCount\":500,\"commentCount\":0,\"image\":{\"@id\":\"https:\/\/www.africa-press.net\/senegal\/politique\/un-projet-dune-ecole-des-metiers-de-la-reeducation-et-de-la-readaptation-en-gestation#primaryimage\"},\"thumbnailUrl\":\"https:\/\/static.africa-press.net\/senegal\/sites\/13\/2023\/01\/postQueueImg_1673536585.71.jpg\",\"keywords\":[\"Africa Press\",\"Africa Press-Senegal\",\"Senegal\"],\"articleSection\":[\"Communaut\u00e9\",\"Toutes les actualit\u00e9s\"],\"inLanguage\":\"fr-FR\",\"potentialAction\":[{\"@type\":\"CommentAction\",\"name\":\"Comment\",\"target\":[\"https:\/\/www.africa-press.net\/senegal\/politique\/un-projet-dune-ecole-des-metiers-de-la-reeducation-et-de-la-readaptation-en-gestation#respond\"]}]},{\"@type\":\"WebPage\",\"@id\":\"https:\/\/www.africa-press.net\/senegal\/politique\/un-projet-dune-ecole-des-metiers-de-la-reeducation-et-de-la-readaptation-en-gestation\",\"url\":\"https:\/\/www.africa-press.net\/senegal\/politique\/un-projet-dune-ecole-des-metiers-de-la-reeducation-et-de-la-readaptation-en-gestation\",\"name\":\"Un projet d'une \u00e9cole des m\u00e9tiers de la r\u00e9\u00e9ducation et de la r\u00e9adaptation en gestation - Senegal\",\"isPartOf\":{\"@id\":\"https:\/\/www.africa-press.net\/senegal\/#website\"},\"primaryImageOfPage\":{\"@id\":\"https:\/\/www.africa-press.net\/senegal\/politique\/un-projet-dune-ecole-des-metiers-de-la-reeducation-et-de-la-readaptation-en-gestation#primaryimage\"},\"image\":{\"@id\":\"https:\/\/www.africa-press.net\/senegal\/politique\/un-projet-dune-ecole-des-metiers-de-la-reeducation-et-de-la-readaptation-en-gestation#primaryimage\"},\"thumbnailUrl\":\"https:\/\/static.africa-press.net\/senegal\/sites\/13\/2023\/01\/postQueueImg_1673536585.71.jpg\",\"datePublished\":\"2023-01-12T18:46:14+00:00\",\"author\":{\"@id\":\"https:\/\/www.africa-press.net\/senegal\/#\/schema\/person\/2b1cf3cd81a31e3cd26889ca66d677f1\"},\"breadcrumb\":{\"@id\":\"https:\/\/www.africa-press.net\/senegal\/politique\/un-projet-dune-ecole-des-metiers-de-la-reeducation-et-de-la-readaptation-en-gestation#breadcrumb\"},\"inLanguage\":\"fr-FR\",\"potentialAction\":[{\"@type\":\"ReadAction\",\"target\":[\"https:\/\/www.africa-press.net\/senegal\/politique\/un-projet-dune-ecole-des-metiers-de-la-reeducation-et-de-la-readaptation-en-gestation\"]}]},{\"@type\":\"ImageObject\",\"inLanguage\":\"fr-FR\",\"@id\":\"https:\/\/www.africa-press.net\/senegal\/politique\/un-projet-dune-ecole-des-metiers-de-la-reeducation-et-de-la-readaptation-en-gestation#primaryimage\",\"url\":\"https:\/\/static.africa-press.net\/senegal\/sites\/13\/2023\/01\/postQueueImg_1673536585.71.jpg\",\"contentUrl\":\"https:\/\/static.africa-press.net\/senegal\/sites\/13\/2023\/01\/postQueueImg_1673536585.71.jpg\",\"width\":1728,\"height\":986,\"caption\":\"Un projet d'une \u00e9cole des m\u00e9tiers de la r\u00e9\u00e9ducation et de la r\u00e9adaptation en gestation\"},{\"@type\":\"BreadcrumbList\",\"@id\":\"https:\/\/www.africa-press.net\/senegal\/politique\/un-projet-dune-ecole-des-metiers-de-la-reeducation-et-de-la-readaptation-en-gestation#breadcrumb\",\"itemListElement\":[{\"@type\":\"ListItem\",\"position\":1,\"name\":\"Accueil\",\"item\":\"https:\/\/www.africa-press.net\/senegal\/\"},{\"@type\":\"ListItem\",\"position\":2,\"name\":\"Un projet d&rsquo;une \u00e9cole des m\u00e9tiers de la r\u00e9\u00e9ducation et de la r\u00e9adaptation en gestation\"}]},{\"@type\":\"WebSite\",\"@id\":\"https:\/\/www.africa-press.net\/senegal\/#website\",\"url\":\"https:\/\/www.africa-press.net\/senegal\/\",\"name\":\"Africa Press | Senegal | Homepage\",\"description\":\"Just another Africa News Agency Sites site\",\"potentialAction\":[{\"@type\":\"SearchAction\",\"target\":{\"@type\":\"EntryPoint\",\"urlTemplate\":\"https:\/\/www.africa-press.net\/senegal\/?s={search_term_string}\"},\"query-input\":{\"@type\":\"PropertyValueSpecification\",\"valueRequired\":true,\"valueName\":\"search_term_string\"}}],\"inLanguage\":\"fr-FR\"},{\"@type\":\"Person\",\"@id\":\"https:\/\/www.africa-press.net\/senegal\/#\/schema\/person\/2b1cf3cd81a31e3cd26889ca66d677f1\",\"name\":\"cfeditorfr\",\"url\":\"https:\/\/www.africa-press.net\/senegal\/author\/cfeditorfr\"}]}<\/script>\n<!-- \/ Yoast SEO Premium plugin. -->","yoast_head_json":{"title":"Un projet d'une \u00e9cole des m\u00e9tiers de la r\u00e9\u00e9ducation et de la r\u00e9adaptation en gestation - Senegal","robots":{"index":"index","follow":"follow","max-snippet":"max-snippet:-1","max-image-preview":"max-image-preview:large","max-video-preview":"max-video-preview:-1"},"canonical":"https:\/\/www.africa-press.net\/senegal\/politique\/un-projet-dune-ecole-des-metiers-de-la-reeducation-et-de-la-readaptation-en-gestation","og_locale":"fr_FR","og_type":"article","og_title":"Un projet d'une \u00e9cole des m\u00e9tiers de la r\u00e9\u00e9ducation et de la r\u00e9adaptation en gestation","og_description":"Africa-Press &#8211; Senegal. Le directeur des Etablissements publics de sante\u0301, Dr Ousmane Dia, a de\u0301plore\u0301 jeudi, le manque d&rsquo;expertise dans le domaine de la me\u0301decine physique au Se\u0301ne\u0301gal, annonc\u0327ant un projet d&rsquo;ouverture d&rsquo;une e\u0301cole des me\u0301tiers de re\u0301e\u0301ducation et de re\u0301adaptation en vue de re\u0301inscrire le Centre national d&rsquo;appareillage orthope\u0301dique (CNAO) dans la pyramide sanitaire. [&hellip;]","og_url":"https:\/\/www.africa-press.net\/senegal\/politique\/un-projet-dune-ecole-des-metiers-de-la-reeducation-et-de-la-readaptation-en-gestation","og_site_name":"Senegal","article_published_time":"2023-01-12T18:46:14+00:00","author":"cfeditorfr","twitter_card":"summary_large_image","twitter_misc":{"\u00c9crit par":"cfeditorfr","Dur\u00e9e de lecture estim\u00e9e":"2 minutes"},"schema":{"@context":"https:\/\/schema.org","@graph":[{"@type":"Article","@id":"https:\/\/www.africa-press.net\/senegal\/politique\/un-projet-dune-ecole-des-metiers-de-la-reeducation-et-de-la-readaptation-en-gestation#article","isPartOf":{"@id":"https:\/\/www.africa-press.net\/senegal\/politique\/un-projet-dune-ecole-des-metiers-de-la-reeducation-et-de-la-readaptation-en-gestation"},"author":{"name":"cfeditorfr","@id":"https:\/\/www.africa-press.net\/senegal\/#\/schema\/person\/2b1cf3cd81a31e3cd26889ca66d677f1"},"headline":"Un projet d&rsquo;une \u00e9cole des m\u00e9tiers de la r\u00e9\u00e9ducation et de la r\u00e9adaptation en gestation","datePublished":"2023-01-12T18:46:14+00:00","mainEntityOfPage":{"@id":"https:\/\/www.africa-press.net\/senegal\/politique\/un-projet-dune-ecole-des-metiers-de-la-reeducation-et-de-la-readaptation-en-gestation"},"wordCount":500,"commentCount":0,"image":{"@id":"https:\/\/www.africa-press.net\/senegal\/politique\/un-projet-dune-ecole-des-metiers-de-la-reeducation-et-de-la-readaptation-en-gestation#primaryimage"},"thumbnailUrl":"https:\/\/static.africa-press.net\/senegal\/sites\/13\/2023\/01\/postQueueImg_1673536585.71.jpg","keywords":["Africa Press","Africa Press-Senegal","Senegal"],"articleSection":["Communaut\u00e9","Toutes les actualit\u00e9s"],"inLanguage":"fr-FR","potentialAction":[{"@type":"CommentAction","name":"Comment","target":["https:\/\/www.africa-press.net\/senegal\/politique\/un-projet-dune-ecole-des-metiers-de-la-reeducation-et-de-la-readaptation-en-gestation#respond"]}]},{"@type":"WebPage","@id":"https:\/\/www.africa-press.net\/senegal\/politique\/un-projet-dune-ecole-des-metiers-de-la-reeducation-et-de-la-readaptation-en-gestation","url":"https:\/\/www.africa-press.net\/senegal\/politique\/un-projet-dune-ecole-des-metiers-de-la-reeducation-et-de-la-readaptation-en-gestation","name":"Un projet d'une \u00e9cole des m\u00e9tiers de la r\u00e9\u00e9ducation et de la r\u00e9adaptation en gestation - Senegal","isPartOf":{"@id":"https:\/\/www.africa-press.net\/senegal\/#website"},"primaryImageOfPage":{"@id":"https:\/\/www.africa-press.net\/senegal\/politique\/un-projet-dune-ecole-des-metiers-de-la-reeducation-et-de-la-readaptation-en-gestation#primaryimage"},"image":{"@id":"https:\/\/www.africa-press.net\/senegal\/politique\/un-projet-dune-ecole-des-metiers-de-la-reeducation-et-de-la-readaptation-en-gestation#primaryimage"},"thumbnailUrl":"https:\/\/static.africa-press.net\/senegal\/sites\/13\/2023\/01\/postQueueImg_1673536585.71.jpg","datePublished":"2023-01-12T18:46:14+00:00","author":{"@id":"https:\/\/www.africa-press.net\/senegal\/#\/schema\/person\/2b1cf3cd81a31e3cd26889ca66d677f1"},"breadcrumb":{"@id":"https:\/\/www.africa-press.net\/senegal\/politique\/un-projet-dune-ecole-des-metiers-de-la-reeducation-et-de-la-readaptation-en-gestation#breadcrumb"},"inLanguage":"fr-FR","potentialAction":[{"@type":"ReadAction","target":["https:\/\/www.africa-press.net\/senegal\/politique\/un-projet-dune-ecole-des-metiers-de-la-reeducation-et-de-la-readaptation-en-gestation"]}]},{"@type":"ImageObject","inLanguage":"fr-FR","@id":"https:\/\/www.africa-press.net\/senegal\/politique\/un-projet-dune-ecole-des-metiers-de-la-reeducation-et-de-la-readaptation-en-gestation#primaryimage","url":"https:\/\/static.africa-press.net\/senegal\/sites\/13\/2023\/01\/postQueueImg_1673536585.71.jpg","contentUrl":"https:\/\/static.africa-press.net\/senegal\/sites\/13\/2023\/01\/postQueueImg_1673536585.71.jpg","width":1728,"height":986,"caption":"Un projet d'une \u00e9cole des m\u00e9tiers de la r\u00e9\u00e9ducation et de la r\u00e9adaptation en gestation"},{"@type":"BreadcrumbList","@id":"https:\/\/www.africa-press.net\/senegal\/politique\/un-projet-dune-ecole-des-metiers-de-la-reeducation-et-de-la-readaptation-en-gestation#breadcrumb","itemListElement":[{"@type":"ListItem","position":1,"name":"Accueil","item":"https:\/\/www.africa-press.net\/senegal\/"},{"@type":"ListItem","position":2,"name":"Un projet d&rsquo;une \u00e9cole des m\u00e9tiers de la r\u00e9\u00e9ducation et de la r\u00e9adaptation en gestation"}]},{"@type":"WebSite","@id":"https:\/\/www.africa-press.net\/senegal\/#website","url":"https:\/\/www.africa-press.net\/senegal\/","name":"Africa Press | Senegal | Homepage","description":"Just another Africa News Agency Sites site","potentialAction":[{"@type":"SearchAction","target":{"@type":"EntryPoint","urlTemplate":"https:\/\/www.africa-press.net\/senegal\/?s={search_term_string}"},"query-input":{"@type":"PropertyValueSpecification","valueRequired":true,"valueName":"search_term_string"}}],"inLanguage":"fr-FR"},{"@type":"Person","@id":"https:\/\/www.africa-press.net\/senegal\/#\/schema\/person\/2b1cf3cd81a31e3cd26889ca66d677f1","name":"cfeditorfr","url":"https:\/\/www.africa-press.net\/senegal\/author\/cfeditorfr"}]}},"_links":{"self":[{"href":"https:\/\/www.africa-press.net\/senegal\/wp-json\/wp\/v2\/posts\/37958","targetHints":{"allow":["GET"]}}],"collection":[{"href":"https:\/\/www.africa-press.net\/senegal\/wp-json\/wp\/v2\/posts"}],"about":[{"href":"https:\/\/www.africa-press.net\/senegal\/wp-json\/wp\/v2\/types\/post"}],"author":[{"embeddable":true,"href":"https:\/\/www.africa-press.net\/senegal\/wp-json\/wp\/v2\/users\/82"}],"replies":[{"embeddable":true,"href":"https:\/\/www.africa-press.net\/senegal\/wp-json\/wp\/v2\/comments?post=37958"}],"version-history":[{"count":0,"href":"https:\/\/www.africa-press.net\/senegal\/wp-json\/wp\/v2\/posts\/37958\/revisions"}],"wp:featuredmedia":[{"embeddable":true,"href":"https:\/\/www.africa-press.net\/senegal\/wp-json\/wp\/v2\/media\/37957"}],"wp:attachment":[{"href":"https:\/\/www.africa-press.net\/senegal\/wp-json\/wp\/v2\/media?parent=37958"}],"wp:term":[{"taxonomy":"category","embeddable":true,"href":"https:\/\/www.africa-press.net\/senegal\/wp-json\/wp\/v2\/categories?post=37958"},{"taxonomy":"post_tag","embeddable":true,"href":"https:\/\/www.africa-press.net\/senegal\/wp-json\/wp\/v2\/tags?post=37958"}],"curies":[{"name":"wp","href":"https:\/\/api.w.org\/{rel}","templated":true}]}}