{"id":37960,"date":"2023-01-12T18:47:44","date_gmt":"2023-01-12T18:47:44","guid":{"rendered":"https:\/\/www.africa-press.net\/senegal\/politique\/un-specialiste-appelle-a-investir-dans-la-medecine-physique-et-de-readaptation"},"modified":"2023-01-12T18:47:44","modified_gmt":"2023-01-12T18:47:44","slug":"un-specialiste-appelle-a-investir-dans-la-medecine-physique-et-de-readaptation","status":"publish","type":"post","link":"https:\/\/www.africa-press.net\/senegal\/toutes-les-actualites\/un-specialiste-appelle-a-investir-dans-la-medecine-physique-et-de-readaptation","title":{"rendered":"Un sp\u00e9cialiste appelle \u00e0 investir dans la m\u00e9decine physique et de r\u00e9adaptation"},"content":{"rendered":"<p><span style=\"color: #ff6600\"><strong>Africa-Press &#8211; Senegal. <\/strong><\/span>Le responsable de la cellule de me\u0301decine physique et de re\u0301adaptation du Centre national d&rsquo;appareillage et orthope\u0301dique (CNAO), Professeur Ngor Side Diagne, a appele\u0301 jeudi, a\u0300 investir dans cette spe\u0301cialite\u0301 importante mais qui est en retard au Se\u0301ne\u0301gal.<\/p>\n<p>\u2018\u2019Nous estimons qu&rsquo;il faut qu&rsquo;on investisse pour que cette spe\u0301cialite\u0301 puisque gagner du terrain au Se\u0301ne\u0301gal. Nous sommes en retard dans ce domaine mais les lignes commencent a\u0300 bouger dans les autres structures sanitaires\u2019\u2019, a indique\u0301 le professeur Diagne.<\/p>\n<p>Il s&rsquo;exprimait lors de la ce\u0301re\u0301monie de pre\u0301sentation du nouveau logo du CNAO.<\/p>\n<p>Parlant de la me\u0301decine physique, Professeur Ngor Side Diagne a souligne\u0301 que \u2018\u2019c\u2019est un domaine qui est assez transversal et un passage obligatoire pour tout individu\u00a0\u00bb.<\/p>\n<p>\u2018\u2019On peut vivre sans avoir besoin d&rsquo;un neurologue, d&rsquo;un cardiologue mais un me\u0301decin physique est obligatoire. La me\u0301decine physique est tre\u0300s importante\u2019\u2019, a-t-il soutenu.<\/p>\n<p>\u2018\u2019C&rsquo;est un domaine me\u0301connu me\u0302me des acteurs de la sante\u0301. Et il y a assez de paradoxes au sein de cette spe\u0301cialite\u0301. La logique voudrait qu&rsquo;une telle spe\u0301cialite\u0301 soit connue des acteurs. Mais le manque de ressources humaines fait que le centre est confronte\u0301 a\u0300 un de\u0301faut de collaboration entre les acteurs\u00a0\u00bb, a-t-il releve\u0301.<\/p>\n<p>Il s&rsquo;agit, selon lui, d&rsquo;une spe\u0301cialite\u0301 \u2018\u2019qui est tellement importante car durant les catastrophes, la me\u0301decine physique et de re\u0301adaptation joue un ro\u0302le important\u00a0\u00bb.<\/p>\n<p>\u2018\u2019Nous pouvons parler de la pande\u0301mie de la Covid-19 car la re\u0301adaptation a sauve\u0301 des patients qui ont eu des formes graves\u2019\u2019, a-t-il explique\u0301.<\/p>\n<p>Pour sa part, Ousmane Dia, Directeur des e\u0301tablissements de sante\u0301 publique a admis que \u2018\u2019les soins de re\u0301e\u0301ducation et d\u2019adaptation sont les parents pauvres au Se\u0301ne\u0301gal\u00a0\u00bb.<\/p>\n<p>\u2018\u2019Et cela en te\u0301moigne la floraison de cabinets ou de salons de massage qui sont en train me\u0302me de causer d\u2019e\u0301normes difficulte\u0301s et beaucoup de proble\u0300mes de sante\u0301 pour les populations\u2019\u2019, a-t-il souligne\u0301.<\/p>\n<p>Selon lui, \u2018\u2019la kine\u0301sithe\u0301rapie est un art et il faudrait qu\u2019on consacre cet art a\u0300 travers un de\u0301veloppement et une re\u0301silience au niveau du Centre national d\u2019appareillage et orthope\u0301dique\u00a0\u00bb.<\/p>\n<p>\u2018\u2019Il faudra me\u0302me qu\u2019on e\u0301volue vers un changement de nom du Centre qui va inte\u0301grer, au-dela\u0300 des centres d\u2019appareillage, d\u2019autres soins\u2019\u2019, a soutenu M. Dia.<\/p>\n<p><strong>Pour plus d&rsquo;informations et d&rsquo;analyses sur la <a href=\"https:\/\/www.africa-press.net\/senegal\">Senegal<\/a>, suivez <a href=\"https:\/\/www.africa-press.net\/\">Africa-Press<\/a><\/strong><\/p>\n","protected":false},"excerpt":{"rendered":"<p>Africa-Press &#8211; Senegal. Le responsable de la cellule de me\u0301decine physique et de re\u0301adaptation du Centre national d&rsquo;appareillage et orthope\u0301dique (CNAO), Professeur Ngor Side Diagne, a appele\u0301 jeudi, a\u0300 investir dans cette spe\u0301cialite\u0301 importante mais qui est en retard au Se\u0301ne\u0301gal. \u2018\u2019Nous estimons qu&rsquo;il faut qu&rsquo;on investisse pour que cette spe\u0301cialite\u0301 puisque gagner du terrain [&hellip;]<\/p>\n","protected":false},"author":82,"featured_media":37959,"comment_status":"open","ping_status":"closed","sticky":false,"template":"","format":"standard","meta":{"footnotes":""},"categories":[21,10],"tags":[43,47,44],"class_list":["post-37960","post","type-post","status-publish","format-standard","has-post-thumbnail","hentry","category-communaute","category-toutes-les-actualites","tag-africa-press-2","tag-africa-press-senegal","tag-senegal-2"],"yoast_head":"<!-- This site is optimized with the Yoast SEO Premium plugin v26.1 (Yoast SEO v27.0) - https:\/\/yoast.com\/product\/yoast-seo-premium-wordpress\/ -->\n<title>Un sp\u00e9cialiste appelle \u00e0 investir dans la m\u00e9decine physique et de r\u00e9adaptation - Senegal<\/title>\n<meta name=\"robots\" content=\"index, follow, max-snippet:-1, max-image-preview:large, max-video-preview:-1\" \/>\n<link rel=\"canonical\" href=\"https:\/\/www.africa-press.net\/senegal\/politique\/un-specialiste-appelle-a-investir-dans-la-medecine-physique-et-de-readaptation\" \/>\n<meta property=\"og:locale\" content=\"fr_FR\" \/>\n<meta property=\"og:type\" content=\"article\" \/>\n<meta property=\"og:title\" content=\"Un sp\u00e9cialiste appelle \u00e0 investir dans la m\u00e9decine physique et de r\u00e9adaptation\" \/>\n<meta property=\"og:description\" content=\"Africa-Press &#8211; Senegal. Le responsable de la cellule de me\u0301decine physique et de re\u0301adaptation du Centre national d&rsquo;appareillage et orthope\u0301dique (CNAO), Professeur Ngor Side Diagne, a appele\u0301 jeudi, a\u0300 investir dans cette spe\u0301cialite\u0301 importante mais qui est en retard au Se\u0301ne\u0301gal. \u2018\u2019Nous estimons qu&rsquo;il faut qu&rsquo;on investisse pour que cette spe\u0301cialite\u0301 puisque gagner du terrain [&hellip;]\" \/>\n<meta property=\"og:url\" content=\"https:\/\/www.africa-press.net\/senegal\/politique\/un-specialiste-appelle-a-investir-dans-la-medecine-physique-et-de-readaptation\" \/>\n<meta property=\"og:site_name\" content=\"Senegal\" \/>\n<meta property=\"article:published_time\" content=\"2023-01-12T18:47:44+00:00\" \/>\n<meta name=\"author\" content=\"cfeditorfr\" \/>\n<meta name=\"twitter:card\" content=\"summary_large_image\" \/>\n<meta name=\"twitter:label1\" content=\"\u00c9crit par\" \/>\n\t<meta name=\"twitter:data1\" content=\"cfeditorfr\" \/>\n\t<meta name=\"twitter:label2\" content=\"Dur\u00e9e de lecture estim\u00e9e\" \/>\n\t<meta name=\"twitter:data2\" content=\"2 minutes\" \/>\n<script type=\"application\/ld+json\" class=\"yoast-schema-graph\">{\"@context\":\"https:\/\/schema.org\",\"@graph\":[{\"@type\":\"Article\",\"@id\":\"https:\/\/www.africa-press.net\/senegal\/politique\/un-specialiste-appelle-a-investir-dans-la-medecine-physique-et-de-readaptation#article\",\"isPartOf\":{\"@id\":\"https:\/\/www.africa-press.net\/senegal\/politique\/un-specialiste-appelle-a-investir-dans-la-medecine-physique-et-de-readaptation\"},\"author\":{\"name\":\"cfeditorfr\",\"@id\":\"https:\/\/www.africa-press.net\/senegal\/#\/schema\/person\/2b1cf3cd81a31e3cd26889ca66d677f1\"},\"headline\":\"Un sp\u00e9cialiste appelle \u00e0 investir dans la m\u00e9decine physique et de r\u00e9adaptation\",\"datePublished\":\"2023-01-12T18:47:44+00:00\",\"mainEntityOfPage\":{\"@id\":\"https:\/\/www.africa-press.net\/senegal\/politique\/un-specialiste-appelle-a-investir-dans-la-medecine-physique-et-de-readaptation\"},\"wordCount\":447,\"commentCount\":0,\"image\":{\"@id\":\"https:\/\/www.africa-press.net\/senegal\/politique\/un-specialiste-appelle-a-investir-dans-la-medecine-physique-et-de-readaptation#primaryimage\"},\"thumbnailUrl\":\"https:\/\/static.africa-press.net\/senegal\/sites\/13\/2023\/01\/postQueueImg_1673536675.85.jpg\",\"keywords\":[\"Africa Press\",\"Africa Press-Senegal\",\"Senegal\"],\"articleSection\":[\"Communaut\u00e9\",\"Toutes les actualit\u00e9s\"],\"inLanguage\":\"fr-FR\",\"potentialAction\":[{\"@type\":\"CommentAction\",\"name\":\"Comment\",\"target\":[\"https:\/\/www.africa-press.net\/senegal\/politique\/un-specialiste-appelle-a-investir-dans-la-medecine-physique-et-de-readaptation#respond\"]}]},{\"@type\":\"WebPage\",\"@id\":\"https:\/\/www.africa-press.net\/senegal\/politique\/un-specialiste-appelle-a-investir-dans-la-medecine-physique-et-de-readaptation\",\"url\":\"https:\/\/www.africa-press.net\/senegal\/politique\/un-specialiste-appelle-a-investir-dans-la-medecine-physique-et-de-readaptation\",\"name\":\"Un sp\u00e9cialiste appelle \u00e0 investir dans la m\u00e9decine physique et de r\u00e9adaptation - Senegal\",\"isPartOf\":{\"@id\":\"https:\/\/www.africa-press.net\/senegal\/#website\"},\"primaryImageOfPage\":{\"@id\":\"https:\/\/www.africa-press.net\/senegal\/politique\/un-specialiste-appelle-a-investir-dans-la-medecine-physique-et-de-readaptation#primaryimage\"},\"image\":{\"@id\":\"https:\/\/www.africa-press.net\/senegal\/politique\/un-specialiste-appelle-a-investir-dans-la-medecine-physique-et-de-readaptation#primaryimage\"},\"thumbnailUrl\":\"https:\/\/static.africa-press.net\/senegal\/sites\/13\/2023\/01\/postQueueImg_1673536675.85.jpg\",\"datePublished\":\"2023-01-12T18:47:44+00:00\",\"author\":{\"@id\":\"https:\/\/www.africa-press.net\/senegal\/#\/schema\/person\/2b1cf3cd81a31e3cd26889ca66d677f1\"},\"breadcrumb\":{\"@id\":\"https:\/\/www.africa-press.net\/senegal\/politique\/un-specialiste-appelle-a-investir-dans-la-medecine-physique-et-de-readaptation#breadcrumb\"},\"inLanguage\":\"fr-FR\",\"potentialAction\":[{\"@type\":\"ReadAction\",\"target\":[\"https:\/\/www.africa-press.net\/senegal\/politique\/un-specialiste-appelle-a-investir-dans-la-medecine-physique-et-de-readaptation\"]}]},{\"@type\":\"ImageObject\",\"inLanguage\":\"fr-FR\",\"@id\":\"https:\/\/www.africa-press.net\/senegal\/politique\/un-specialiste-appelle-a-investir-dans-la-medecine-physique-et-de-readaptation#primaryimage\",\"url\":\"https:\/\/static.africa-press.net\/senegal\/sites\/13\/2023\/01\/postQueueImg_1673536675.85.jpg\",\"contentUrl\":\"https:\/\/static.africa-press.net\/senegal\/sites\/13\/2023\/01\/postQueueImg_1673536675.85.jpg\",\"width\":1620,\"height\":925,\"caption\":\"Un sp\u00e9cialiste appelle \u00e0 investir dans la m\u00e9decine physique et de r\u00e9adaptation\"},{\"@type\":\"BreadcrumbList\",\"@id\":\"https:\/\/www.africa-press.net\/senegal\/politique\/un-specialiste-appelle-a-investir-dans-la-medecine-physique-et-de-readaptation#breadcrumb\",\"itemListElement\":[{\"@type\":\"ListItem\",\"position\":1,\"name\":\"Accueil\",\"item\":\"https:\/\/www.africa-press.net\/senegal\/\"},{\"@type\":\"ListItem\",\"position\":2,\"name\":\"Un sp\u00e9cialiste appelle \u00e0 investir dans la m\u00e9decine physique et de r\u00e9adaptation\"}]},{\"@type\":\"WebSite\",\"@id\":\"https:\/\/www.africa-press.net\/senegal\/#website\",\"url\":\"https:\/\/www.africa-press.net\/senegal\/\",\"name\":\"Africa Press | Senegal | Homepage\",\"description\":\"Just another Africa News Agency Sites site\",\"potentialAction\":[{\"@type\":\"SearchAction\",\"target\":{\"@type\":\"EntryPoint\",\"urlTemplate\":\"https:\/\/www.africa-press.net\/senegal\/?s={search_term_string}\"},\"query-input\":{\"@type\":\"PropertyValueSpecification\",\"valueRequired\":true,\"valueName\":\"search_term_string\"}}],\"inLanguage\":\"fr-FR\"},{\"@type\":\"Person\",\"@id\":\"https:\/\/www.africa-press.net\/senegal\/#\/schema\/person\/2b1cf3cd81a31e3cd26889ca66d677f1\",\"name\":\"cfeditorfr\",\"url\":\"https:\/\/www.africa-press.net\/senegal\/author\/cfeditorfr\"}]}<\/script>\n<!-- \/ Yoast SEO Premium plugin. -->","yoast_head_json":{"title":"Un sp\u00e9cialiste appelle \u00e0 investir dans la m\u00e9decine physique et de r\u00e9adaptation - Senegal","robots":{"index":"index","follow":"follow","max-snippet":"max-snippet:-1","max-image-preview":"max-image-preview:large","max-video-preview":"max-video-preview:-1"},"canonical":"https:\/\/www.africa-press.net\/senegal\/politique\/un-specialiste-appelle-a-investir-dans-la-medecine-physique-et-de-readaptation","og_locale":"fr_FR","og_type":"article","og_title":"Un sp\u00e9cialiste appelle \u00e0 investir dans la m\u00e9decine physique et de r\u00e9adaptation","og_description":"Africa-Press &#8211; Senegal. Le responsable de la cellule de me\u0301decine physique et de re\u0301adaptation du Centre national d&rsquo;appareillage et orthope\u0301dique (CNAO), Professeur Ngor Side Diagne, a appele\u0301 jeudi, a\u0300 investir dans cette spe\u0301cialite\u0301 importante mais qui est en retard au Se\u0301ne\u0301gal. \u2018\u2019Nous estimons qu&rsquo;il faut qu&rsquo;on investisse pour que cette spe\u0301cialite\u0301 puisque gagner du terrain [&hellip;]","og_url":"https:\/\/www.africa-press.net\/senegal\/politique\/un-specialiste-appelle-a-investir-dans-la-medecine-physique-et-de-readaptation","og_site_name":"Senegal","article_published_time":"2023-01-12T18:47:44+00:00","author":"cfeditorfr","twitter_card":"summary_large_image","twitter_misc":{"\u00c9crit par":"cfeditorfr","Dur\u00e9e de lecture estim\u00e9e":"2 minutes"},"schema":{"@context":"https:\/\/schema.org","@graph":[{"@type":"Article","@id":"https:\/\/www.africa-press.net\/senegal\/politique\/un-specialiste-appelle-a-investir-dans-la-medecine-physique-et-de-readaptation#article","isPartOf":{"@id":"https:\/\/www.africa-press.net\/senegal\/politique\/un-specialiste-appelle-a-investir-dans-la-medecine-physique-et-de-readaptation"},"author":{"name":"cfeditorfr","@id":"https:\/\/www.africa-press.net\/senegal\/#\/schema\/person\/2b1cf3cd81a31e3cd26889ca66d677f1"},"headline":"Un sp\u00e9cialiste appelle \u00e0 investir dans la m\u00e9decine physique et de r\u00e9adaptation","datePublished":"2023-01-12T18:47:44+00:00","mainEntityOfPage":{"@id":"https:\/\/www.africa-press.net\/senegal\/politique\/un-specialiste-appelle-a-investir-dans-la-medecine-physique-et-de-readaptation"},"wordCount":447,"commentCount":0,"image":{"@id":"https:\/\/www.africa-press.net\/senegal\/politique\/un-specialiste-appelle-a-investir-dans-la-medecine-physique-et-de-readaptation#primaryimage"},"thumbnailUrl":"https:\/\/static.africa-press.net\/senegal\/sites\/13\/2023\/01\/postQueueImg_1673536675.85.jpg","keywords":["Africa Press","Africa Press-Senegal","Senegal"],"articleSection":["Communaut\u00e9","Toutes les actualit\u00e9s"],"inLanguage":"fr-FR","potentialAction":[{"@type":"CommentAction","name":"Comment","target":["https:\/\/www.africa-press.net\/senegal\/politique\/un-specialiste-appelle-a-investir-dans-la-medecine-physique-et-de-readaptation#respond"]}]},{"@type":"WebPage","@id":"https:\/\/www.africa-press.net\/senegal\/politique\/un-specialiste-appelle-a-investir-dans-la-medecine-physique-et-de-readaptation","url":"https:\/\/www.africa-press.net\/senegal\/politique\/un-specialiste-appelle-a-investir-dans-la-medecine-physique-et-de-readaptation","name":"Un sp\u00e9cialiste appelle \u00e0 investir dans la m\u00e9decine physique et de r\u00e9adaptation - Senegal","isPartOf":{"@id":"https:\/\/www.africa-press.net\/senegal\/#website"},"primaryImageOfPage":{"@id":"https:\/\/www.africa-press.net\/senegal\/politique\/un-specialiste-appelle-a-investir-dans-la-medecine-physique-et-de-readaptation#primaryimage"},"image":{"@id":"https:\/\/www.africa-press.net\/senegal\/politique\/un-specialiste-appelle-a-investir-dans-la-medecine-physique-et-de-readaptation#primaryimage"},"thumbnailUrl":"https:\/\/static.africa-press.net\/senegal\/sites\/13\/2023\/01\/postQueueImg_1673536675.85.jpg","datePublished":"2023-01-12T18:47:44+00:00","author":{"@id":"https:\/\/www.africa-press.net\/senegal\/#\/schema\/person\/2b1cf3cd81a31e3cd26889ca66d677f1"},"breadcrumb":{"@id":"https:\/\/www.africa-press.net\/senegal\/politique\/un-specialiste-appelle-a-investir-dans-la-medecine-physique-et-de-readaptation#breadcrumb"},"inLanguage":"fr-FR","potentialAction":[{"@type":"ReadAction","target":["https:\/\/www.africa-press.net\/senegal\/politique\/un-specialiste-appelle-a-investir-dans-la-medecine-physique-et-de-readaptation"]}]},{"@type":"ImageObject","inLanguage":"fr-FR","@id":"https:\/\/www.africa-press.net\/senegal\/politique\/un-specialiste-appelle-a-investir-dans-la-medecine-physique-et-de-readaptation#primaryimage","url":"https:\/\/static.africa-press.net\/senegal\/sites\/13\/2023\/01\/postQueueImg_1673536675.85.jpg","contentUrl":"https:\/\/static.africa-press.net\/senegal\/sites\/13\/2023\/01\/postQueueImg_1673536675.85.jpg","width":1620,"height":925,"caption":"Un sp\u00e9cialiste appelle \u00e0 investir dans la m\u00e9decine physique et de r\u00e9adaptation"},{"@type":"BreadcrumbList","@id":"https:\/\/www.africa-press.net\/senegal\/politique\/un-specialiste-appelle-a-investir-dans-la-medecine-physique-et-de-readaptation#breadcrumb","itemListElement":[{"@type":"ListItem","position":1,"name":"Accueil","item":"https:\/\/www.africa-press.net\/senegal\/"},{"@type":"ListItem","position":2,"name":"Un sp\u00e9cialiste appelle \u00e0 investir dans la m\u00e9decine physique et de r\u00e9adaptation"}]},{"@type":"WebSite","@id":"https:\/\/www.africa-press.net\/senegal\/#website","url":"https:\/\/www.africa-press.net\/senegal\/","name":"Africa Press | Senegal | Homepage","description":"Just another Africa News Agency Sites site","potentialAction":[{"@type":"SearchAction","target":{"@type":"EntryPoint","urlTemplate":"https:\/\/www.africa-press.net\/senegal\/?s={search_term_string}"},"query-input":{"@type":"PropertyValueSpecification","valueRequired":true,"valueName":"search_term_string"}}],"inLanguage":"fr-FR"},{"@type":"Person","@id":"https:\/\/www.africa-press.net\/senegal\/#\/schema\/person\/2b1cf3cd81a31e3cd26889ca66d677f1","name":"cfeditorfr","url":"https:\/\/www.africa-press.net\/senegal\/author\/cfeditorfr"}]}},"_links":{"self":[{"href":"https:\/\/www.africa-press.net\/senegal\/wp-json\/wp\/v2\/posts\/37960","targetHints":{"allow":["GET"]}}],"collection":[{"href":"https:\/\/www.africa-press.net\/senegal\/wp-json\/wp\/v2\/posts"}],"about":[{"href":"https:\/\/www.africa-press.net\/senegal\/wp-json\/wp\/v2\/types\/post"}],"author":[{"embeddable":true,"href":"https:\/\/www.africa-press.net\/senegal\/wp-json\/wp\/v2\/users\/82"}],"replies":[{"embeddable":true,"href":"https:\/\/www.africa-press.net\/senegal\/wp-json\/wp\/v2\/comments?post=37960"}],"version-history":[{"count":0,"href":"https:\/\/www.africa-press.net\/senegal\/wp-json\/wp\/v2\/posts\/37960\/revisions"}],"wp:featuredmedia":[{"embeddable":true,"href":"https:\/\/www.africa-press.net\/senegal\/wp-json\/wp\/v2\/media\/37959"}],"wp:attachment":[{"href":"https:\/\/www.africa-press.net\/senegal\/wp-json\/wp\/v2\/media?parent=37960"}],"wp:term":[{"taxonomy":"category","embeddable":true,"href":"https:\/\/www.africa-press.net\/senegal\/wp-json\/wp\/v2\/categories?post=37960"},{"taxonomy":"post_tag","embeddable":true,"href":"https:\/\/www.africa-press.net\/senegal\/wp-json\/wp\/v2\/tags?post=37960"}],"curies":[{"name":"wp","href":"https:\/\/api.w.org\/{rel}","templated":true}]}}