{"id":37962,"date":"2023-01-12T18:48:52","date_gmt":"2023-01-12T18:48:52","guid":{"rendered":"https:\/\/www.africa-press.net\/senegal\/politique\/sadio-mane-pourrait-jouer-contre-le-psg-en-fevrier-entraineur"},"modified":"2023-01-12T18:48:52","modified_gmt":"2023-01-12T18:48:52","slug":"sadio-mane-pourrait-jouer-contre-le-psg-en-fevrier-entraineur","status":"publish","type":"post","link":"https:\/\/www.africa-press.net\/senegal\/sports\/sadio-mane-pourrait-jouer-contre-le-psg-en-fevrier-entraineur","title":{"rendered":"\u00ab\u00a0Sadio Man\u00e9 pourrait jouer contre le PSG\u00a0\u00bb, en f\u00e9vrier (entraineur)"},"content":{"rendered":"<p><span style=\"color: #ff6600\"><strong>Africa-Press &#8211; Senegal. <\/strong><\/span>L&rsquo;international se\u0301ne\u0301galais Sadio Mane\u0301, ope\u0301re\u0301 d&rsquo;une blessure au genou en novembre dernier, est en \u00ab\u00a0bonne voie\u00a0\u00bb de gue\u0301rison et pourrait me\u0302me faire son retour a\u0300 l&rsquo;occasion du match de huitie\u0300mes de finale de Ligue des champions devant opposer en fe\u0301vrier son e\u0301quipe au Paris-Saint Germain, a indique\u0301, jeudi, son entraineur Julian Nagelsmann.<\/p>\n<p>\u00ab\u00a0C&rsquo;est un joueur important, c&rsquo;est pourquoi nous l&rsquo;avons recrute\u0301. Si tout se passe ide\u0301alement, il pourrait jouer contre Paris, mais il faudrait que tout se passe tre\u0300s, tre\u0300s bien. Il y a encore un petit risque\u00a0\u00bb, a-t-il dit.<\/p>\n<p>L&rsquo;entraineur bavarois s&rsquo;exprimait en confe\u0301rence de presse a\u0300 Munich, en perspective de la rencontre devant opposer vendredi le Bayer Munich au Red Bull Salzbourg, en match amical.<\/p>\n<p>\u00ab\u00a0Nous allons voir quel est le processus actuel de re\u0301cupe\u0301ration. Il a couru a\u0300 70 % hier (mercredi). Il est de\u0301ja\u0300 plus rapide que ce que nous attendions. Mais je ne donnerai pas de pre\u0301visions exactes car je ne suis pas non plus en mesure de le faire\u00a0\u00bb, a de\u0301clare\u0301 le technicien allemand.<\/p>\n<p>Selon Nagelsmann, le service me\u0301dical du Bayern Munich va pre\u0301alablement e\u0301valuer la re\u0301action de Sadio Mane\u0301 \u00ab\u00a0a\u0300 une charge maximale de travail\u00a0\u00bb, avant de l&rsquo;autoriser ou non a\u0300 jouer.<\/p>\n<p>\u00ab\u00a0Il y a une petite chance pour qu&rsquo;il puisse jouer le match aller contre Paris, mais dans ma te\u0302te, je n&rsquo;ai pas encore pre\u0301vu de le faire jouer ce match. Simplement pour ne pas lui mettre la pression, comme je le fais toujours avec les joueurs blesse\u0301s. Mais il est assure\u0301ment sur la bonne voie\u00a0\u00bb, a-t-il assure\u0301.<\/p>\n<p>Le club allemand a publie\u0301, mardi, sur ses re\u0301seaux sociaux, des images de Sadio Mane\u0301 en pleine se\u0301ance d&rsquo;entrai\u0302nement, avec les mots suivants en le\u0301gende : \u00ab\u00a0Sadio Mane\u0301 travaille dur pour son retour\u00a0\u00bb.<\/p>\n<p><strong>Pour plus d&rsquo;informations et d&rsquo;analyses sur la <a href=\"https:\/\/www.africa-press.net\/senegal\">Senegal<\/a>, suivez <a href=\"https:\/\/www.africa-press.net\/\">Africa-Press<\/a><\/strong><\/p>\n","protected":false},"excerpt":{"rendered":"<p>Africa-Press &#8211; Senegal. L&rsquo;international se\u0301ne\u0301galais Sadio Mane\u0301, ope\u0301re\u0301 d&rsquo;une blessure au genou en novembre dernier, est en \u00ab\u00a0bonne voie\u00a0\u00bb de gue\u0301rison et pourrait me\u0302me faire son retour a\u0300 l&rsquo;occasion du match de huitie\u0300mes de finale de Ligue des champions devant opposer en fe\u0301vrier son e\u0301quipe au Paris-Saint Germain, a indique\u0301, jeudi, son entraineur Julian Nagelsmann. [&hellip;]<\/p>\n","protected":false},"author":82,"featured_media":37961,"comment_status":"open","ping_status":"closed","sticky":false,"template":"","format":"standard","meta":{"footnotes":""},"categories":[6,10],"tags":[43,47,44],"class_list":["post-37962","post","type-post","status-publish","format-standard","has-post-thumbnail","hentry","category-sports","category-toutes-les-actualites","tag-africa-press-2","tag-africa-press-senegal","tag-senegal-2"],"yoast_head":"<!-- This site is optimized with the Yoast SEO Premium plugin v26.1 (Yoast SEO v27.0) - https:\/\/yoast.com\/product\/yoast-seo-premium-wordpress\/ -->\n<title>&quot;Sadio Man\u00e9 pourrait jouer contre le PSG&quot;, en f\u00e9vrier (entraineur) - Senegal<\/title>\n<meta name=\"robots\" content=\"index, follow, max-snippet:-1, max-image-preview:large, max-video-preview:-1\" \/>\n<link rel=\"canonical\" href=\"https:\/\/www.africa-press.net\/senegal\/politique\/sadio-mane-pourrait-jouer-contre-le-psg-en-fevrier-entraineur\" \/>\n<meta property=\"og:locale\" content=\"fr_FR\" \/>\n<meta property=\"og:type\" content=\"article\" \/>\n<meta property=\"og:title\" content=\"&quot;Sadio Man\u00e9 pourrait jouer contre le PSG&quot;, en f\u00e9vrier (entraineur)\" \/>\n<meta property=\"og:description\" content=\"Africa-Press &#8211; Senegal. L&rsquo;international se\u0301ne\u0301galais Sadio Mane\u0301, ope\u0301re\u0301 d&rsquo;une blessure au genou en novembre dernier, est en \u00ab\u00a0bonne voie\u00a0\u00bb de gue\u0301rison et pourrait me\u0302me faire son retour a\u0300 l&rsquo;occasion du match de huitie\u0300mes de finale de Ligue des champions devant opposer en fe\u0301vrier son e\u0301quipe au Paris-Saint Germain, a indique\u0301, jeudi, son entraineur Julian Nagelsmann. [&hellip;]\" \/>\n<meta property=\"og:url\" content=\"https:\/\/www.africa-press.net\/senegal\/politique\/sadio-mane-pourrait-jouer-contre-le-psg-en-fevrier-entraineur\" \/>\n<meta property=\"og:site_name\" content=\"Senegal\" \/>\n<meta property=\"article:published_time\" content=\"2023-01-12T18:48:52+00:00\" \/>\n<meta name=\"author\" content=\"cfeditorfr\" \/>\n<meta name=\"twitter:card\" content=\"summary_large_image\" \/>\n<meta name=\"twitter:label1\" content=\"\u00c9crit par\" \/>\n\t<meta name=\"twitter:data1\" content=\"cfeditorfr\" \/>\n\t<meta name=\"twitter:label2\" content=\"Dur\u00e9e de lecture estim\u00e9e\" \/>\n\t<meta name=\"twitter:data2\" content=\"2 minutes\" \/>\n<script type=\"application\/ld+json\" class=\"yoast-schema-graph\">{\"@context\":\"https:\/\/schema.org\",\"@graph\":[{\"@type\":\"Article\",\"@id\":\"https:\/\/www.africa-press.net\/senegal\/politique\/sadio-mane-pourrait-jouer-contre-le-psg-en-fevrier-entraineur#article\",\"isPartOf\":{\"@id\":\"https:\/\/www.africa-press.net\/senegal\/politique\/sadio-mane-pourrait-jouer-contre-le-psg-en-fevrier-entraineur\"},\"author\":{\"name\":\"cfeditorfr\",\"@id\":\"https:\/\/www.africa-press.net\/senegal\/#\/schema\/person\/2b1cf3cd81a31e3cd26889ca66d677f1\"},\"headline\":\"\u00ab\u00a0Sadio Man\u00e9 pourrait jouer contre le PSG\u00a0\u00bb, en f\u00e9vrier (entraineur)\",\"datePublished\":\"2023-01-12T18:48:52+00:00\",\"mainEntityOfPage\":{\"@id\":\"https:\/\/www.africa-press.net\/senegal\/politique\/sadio-mane-pourrait-jouer-contre-le-psg-en-fevrier-entraineur\"},\"wordCount\":353,\"commentCount\":0,\"image\":{\"@id\":\"https:\/\/www.africa-press.net\/senegal\/politique\/sadio-mane-pourrait-jouer-contre-le-psg-en-fevrier-entraineur#primaryimage\"},\"thumbnailUrl\":\"https:\/\/static.africa-press.net\/senegal\/sites\/13\/2023\/01\/postQueueImg_1673536743.47.jpg\",\"keywords\":[\"Africa Press\",\"Africa Press-Senegal\",\"Senegal\"],\"articleSection\":[\"Sports\",\"Toutes les actualit\u00e9s\"],\"inLanguage\":\"fr-FR\",\"potentialAction\":[{\"@type\":\"CommentAction\",\"name\":\"Comment\",\"target\":[\"https:\/\/www.africa-press.net\/senegal\/politique\/sadio-mane-pourrait-jouer-contre-le-psg-en-fevrier-entraineur#respond\"]}]},{\"@type\":\"WebPage\",\"@id\":\"https:\/\/www.africa-press.net\/senegal\/politique\/sadio-mane-pourrait-jouer-contre-le-psg-en-fevrier-entraineur\",\"url\":\"https:\/\/www.africa-press.net\/senegal\/politique\/sadio-mane-pourrait-jouer-contre-le-psg-en-fevrier-entraineur\",\"name\":\"\\\"Sadio Man\u00e9 pourrait jouer contre le PSG\\\", en f\u00e9vrier (entraineur) - Senegal\",\"isPartOf\":{\"@id\":\"https:\/\/www.africa-press.net\/senegal\/#website\"},\"primaryImageOfPage\":{\"@id\":\"https:\/\/www.africa-press.net\/senegal\/politique\/sadio-mane-pourrait-jouer-contre-le-psg-en-fevrier-entraineur#primaryimage\"},\"image\":{\"@id\":\"https:\/\/www.africa-press.net\/senegal\/politique\/sadio-mane-pourrait-jouer-contre-le-psg-en-fevrier-entraineur#primaryimage\"},\"thumbnailUrl\":\"https:\/\/static.africa-press.net\/senegal\/sites\/13\/2023\/01\/postQueueImg_1673536743.47.jpg\",\"datePublished\":\"2023-01-12T18:48:52+00:00\",\"author\":{\"@id\":\"https:\/\/www.africa-press.net\/senegal\/#\/schema\/person\/2b1cf3cd81a31e3cd26889ca66d677f1\"},\"breadcrumb\":{\"@id\":\"https:\/\/www.africa-press.net\/senegal\/politique\/sadio-mane-pourrait-jouer-contre-le-psg-en-fevrier-entraineur#breadcrumb\"},\"inLanguage\":\"fr-FR\",\"potentialAction\":[{\"@type\":\"ReadAction\",\"target\":[\"https:\/\/www.africa-press.net\/senegal\/politique\/sadio-mane-pourrait-jouer-contre-le-psg-en-fevrier-entraineur\"]}]},{\"@type\":\"ImageObject\",\"inLanguage\":\"fr-FR\",\"@id\":\"https:\/\/www.africa-press.net\/senegal\/politique\/sadio-mane-pourrait-jouer-contre-le-psg-en-fevrier-entraineur#primaryimage\",\"url\":\"https:\/\/static.africa-press.net\/senegal\/sites\/13\/2023\/01\/postQueueImg_1673536743.47.jpg\",\"contentUrl\":\"https:\/\/static.africa-press.net\/senegal\/sites\/13\/2023\/01\/postQueueImg_1673536743.47.jpg\",\"width\":1728,\"height\":986,\"caption\":\"\\\"Sadio Man\u00e9 pourrait jouer contre le PSG\\\", en f\u00e9vrier (entraineur)\"},{\"@type\":\"BreadcrumbList\",\"@id\":\"https:\/\/www.africa-press.net\/senegal\/politique\/sadio-mane-pourrait-jouer-contre-le-psg-en-fevrier-entraineur#breadcrumb\",\"itemListElement\":[{\"@type\":\"ListItem\",\"position\":1,\"name\":\"Accueil\",\"item\":\"https:\/\/www.africa-press.net\/senegal\/\"},{\"@type\":\"ListItem\",\"position\":2,\"name\":\"\u00ab\u00a0Sadio Man\u00e9 pourrait jouer contre le PSG\u00a0\u00bb, en f\u00e9vrier (entraineur)\"}]},{\"@type\":\"WebSite\",\"@id\":\"https:\/\/www.africa-press.net\/senegal\/#website\",\"url\":\"https:\/\/www.africa-press.net\/senegal\/\",\"name\":\"Africa Press | Senegal | Homepage\",\"description\":\"Just another Africa News Agency Sites site\",\"potentialAction\":[{\"@type\":\"SearchAction\",\"target\":{\"@type\":\"EntryPoint\",\"urlTemplate\":\"https:\/\/www.africa-press.net\/senegal\/?s={search_term_string}\"},\"query-input\":{\"@type\":\"PropertyValueSpecification\",\"valueRequired\":true,\"valueName\":\"search_term_string\"}}],\"inLanguage\":\"fr-FR\"},{\"@type\":\"Person\",\"@id\":\"https:\/\/www.africa-press.net\/senegal\/#\/schema\/person\/2b1cf3cd81a31e3cd26889ca66d677f1\",\"name\":\"cfeditorfr\",\"url\":\"https:\/\/www.africa-press.net\/senegal\/author\/cfeditorfr\"}]}<\/script>\n<!-- \/ Yoast SEO Premium plugin. -->","yoast_head_json":{"title":"\"Sadio Man\u00e9 pourrait jouer contre le PSG\", en f\u00e9vrier (entraineur) - Senegal","robots":{"index":"index","follow":"follow","max-snippet":"max-snippet:-1","max-image-preview":"max-image-preview:large","max-video-preview":"max-video-preview:-1"},"canonical":"https:\/\/www.africa-press.net\/senegal\/politique\/sadio-mane-pourrait-jouer-contre-le-psg-en-fevrier-entraineur","og_locale":"fr_FR","og_type":"article","og_title":"\"Sadio Man\u00e9 pourrait jouer contre le PSG\", en f\u00e9vrier (entraineur)","og_description":"Africa-Press &#8211; Senegal. L&rsquo;international se\u0301ne\u0301galais Sadio Mane\u0301, ope\u0301re\u0301 d&rsquo;une blessure au genou en novembre dernier, est en \u00ab\u00a0bonne voie\u00a0\u00bb de gue\u0301rison et pourrait me\u0302me faire son retour a\u0300 l&rsquo;occasion du match de huitie\u0300mes de finale de Ligue des champions devant opposer en fe\u0301vrier son e\u0301quipe au Paris-Saint Germain, a indique\u0301, jeudi, son entraineur Julian Nagelsmann. [&hellip;]","og_url":"https:\/\/www.africa-press.net\/senegal\/politique\/sadio-mane-pourrait-jouer-contre-le-psg-en-fevrier-entraineur","og_site_name":"Senegal","article_published_time":"2023-01-12T18:48:52+00:00","author":"cfeditorfr","twitter_card":"summary_large_image","twitter_misc":{"\u00c9crit par":"cfeditorfr","Dur\u00e9e de lecture estim\u00e9e":"2 minutes"},"schema":{"@context":"https:\/\/schema.org","@graph":[{"@type":"Article","@id":"https:\/\/www.africa-press.net\/senegal\/politique\/sadio-mane-pourrait-jouer-contre-le-psg-en-fevrier-entraineur#article","isPartOf":{"@id":"https:\/\/www.africa-press.net\/senegal\/politique\/sadio-mane-pourrait-jouer-contre-le-psg-en-fevrier-entraineur"},"author":{"name":"cfeditorfr","@id":"https:\/\/www.africa-press.net\/senegal\/#\/schema\/person\/2b1cf3cd81a31e3cd26889ca66d677f1"},"headline":"\u00ab\u00a0Sadio Man\u00e9 pourrait jouer contre le PSG\u00a0\u00bb, en f\u00e9vrier (entraineur)","datePublished":"2023-01-12T18:48:52+00:00","mainEntityOfPage":{"@id":"https:\/\/www.africa-press.net\/senegal\/politique\/sadio-mane-pourrait-jouer-contre-le-psg-en-fevrier-entraineur"},"wordCount":353,"commentCount":0,"image":{"@id":"https:\/\/www.africa-press.net\/senegal\/politique\/sadio-mane-pourrait-jouer-contre-le-psg-en-fevrier-entraineur#primaryimage"},"thumbnailUrl":"https:\/\/static.africa-press.net\/senegal\/sites\/13\/2023\/01\/postQueueImg_1673536743.47.jpg","keywords":["Africa Press","Africa Press-Senegal","Senegal"],"articleSection":["Sports","Toutes les actualit\u00e9s"],"inLanguage":"fr-FR","potentialAction":[{"@type":"CommentAction","name":"Comment","target":["https:\/\/www.africa-press.net\/senegal\/politique\/sadio-mane-pourrait-jouer-contre-le-psg-en-fevrier-entraineur#respond"]}]},{"@type":"WebPage","@id":"https:\/\/www.africa-press.net\/senegal\/politique\/sadio-mane-pourrait-jouer-contre-le-psg-en-fevrier-entraineur","url":"https:\/\/www.africa-press.net\/senegal\/politique\/sadio-mane-pourrait-jouer-contre-le-psg-en-fevrier-entraineur","name":"\"Sadio Man\u00e9 pourrait jouer contre le PSG\", en f\u00e9vrier (entraineur) - Senegal","isPartOf":{"@id":"https:\/\/www.africa-press.net\/senegal\/#website"},"primaryImageOfPage":{"@id":"https:\/\/www.africa-press.net\/senegal\/politique\/sadio-mane-pourrait-jouer-contre-le-psg-en-fevrier-entraineur#primaryimage"},"image":{"@id":"https:\/\/www.africa-press.net\/senegal\/politique\/sadio-mane-pourrait-jouer-contre-le-psg-en-fevrier-entraineur#primaryimage"},"thumbnailUrl":"https:\/\/static.africa-press.net\/senegal\/sites\/13\/2023\/01\/postQueueImg_1673536743.47.jpg","datePublished":"2023-01-12T18:48:52+00:00","author":{"@id":"https:\/\/www.africa-press.net\/senegal\/#\/schema\/person\/2b1cf3cd81a31e3cd26889ca66d677f1"},"breadcrumb":{"@id":"https:\/\/www.africa-press.net\/senegal\/politique\/sadio-mane-pourrait-jouer-contre-le-psg-en-fevrier-entraineur#breadcrumb"},"inLanguage":"fr-FR","potentialAction":[{"@type":"ReadAction","target":["https:\/\/www.africa-press.net\/senegal\/politique\/sadio-mane-pourrait-jouer-contre-le-psg-en-fevrier-entraineur"]}]},{"@type":"ImageObject","inLanguage":"fr-FR","@id":"https:\/\/www.africa-press.net\/senegal\/politique\/sadio-mane-pourrait-jouer-contre-le-psg-en-fevrier-entraineur#primaryimage","url":"https:\/\/static.africa-press.net\/senegal\/sites\/13\/2023\/01\/postQueueImg_1673536743.47.jpg","contentUrl":"https:\/\/static.africa-press.net\/senegal\/sites\/13\/2023\/01\/postQueueImg_1673536743.47.jpg","width":1728,"height":986,"caption":"\"Sadio Man\u00e9 pourrait jouer contre le PSG\", en f\u00e9vrier (entraineur)"},{"@type":"BreadcrumbList","@id":"https:\/\/www.africa-press.net\/senegal\/politique\/sadio-mane-pourrait-jouer-contre-le-psg-en-fevrier-entraineur#breadcrumb","itemListElement":[{"@type":"ListItem","position":1,"name":"Accueil","item":"https:\/\/www.africa-press.net\/senegal\/"},{"@type":"ListItem","position":2,"name":"\u00ab\u00a0Sadio Man\u00e9 pourrait jouer contre le PSG\u00a0\u00bb, en f\u00e9vrier (entraineur)"}]},{"@type":"WebSite","@id":"https:\/\/www.africa-press.net\/senegal\/#website","url":"https:\/\/www.africa-press.net\/senegal\/","name":"Africa Press | Senegal | Homepage","description":"Just another Africa News Agency Sites site","potentialAction":[{"@type":"SearchAction","target":{"@type":"EntryPoint","urlTemplate":"https:\/\/www.africa-press.net\/senegal\/?s={search_term_string}"},"query-input":{"@type":"PropertyValueSpecification","valueRequired":true,"valueName":"search_term_string"}}],"inLanguage":"fr-FR"},{"@type":"Person","@id":"https:\/\/www.africa-press.net\/senegal\/#\/schema\/person\/2b1cf3cd81a31e3cd26889ca66d677f1","name":"cfeditorfr","url":"https:\/\/www.africa-press.net\/senegal\/author\/cfeditorfr"}]}},"_links":{"self":[{"href":"https:\/\/www.africa-press.net\/senegal\/wp-json\/wp\/v2\/posts\/37962","targetHints":{"allow":["GET"]}}],"collection":[{"href":"https:\/\/www.africa-press.net\/senegal\/wp-json\/wp\/v2\/posts"}],"about":[{"href":"https:\/\/www.africa-press.net\/senegal\/wp-json\/wp\/v2\/types\/post"}],"author":[{"embeddable":true,"href":"https:\/\/www.africa-press.net\/senegal\/wp-json\/wp\/v2\/users\/82"}],"replies":[{"embeddable":true,"href":"https:\/\/www.africa-press.net\/senegal\/wp-json\/wp\/v2\/comments?post=37962"}],"version-history":[{"count":0,"href":"https:\/\/www.africa-press.net\/senegal\/wp-json\/wp\/v2\/posts\/37962\/revisions"}],"wp:featuredmedia":[{"embeddable":true,"href":"https:\/\/www.africa-press.net\/senegal\/wp-json\/wp\/v2\/media\/37961"}],"wp:attachment":[{"href":"https:\/\/www.africa-press.net\/senegal\/wp-json\/wp\/v2\/media?parent=37962"}],"wp:term":[{"taxonomy":"category","embeddable":true,"href":"https:\/\/www.africa-press.net\/senegal\/wp-json\/wp\/v2\/categories?post=37962"},{"taxonomy":"post_tag","embeddable":true,"href":"https:\/\/www.africa-press.net\/senegal\/wp-json\/wp\/v2\/tags?post=37962"}],"curies":[{"name":"wp","href":"https:\/\/api.w.org\/{rel}","templated":true}]}}