{"id":38012,"date":"2023-01-13T17:53:24","date_gmt":"2023-01-13T17:53:24","guid":{"rendered":"https:\/\/www.africa-press.net\/senegal\/politique\/le-salon-international-du-livre-de-thies-delocalise-cette-annee-a-saly-avec-boubacar-boris-diop-comme-parrain"},"modified":"2023-01-13T17:53:24","modified_gmt":"2023-01-13T17:53:24","slug":"le-salon-international-du-livre-de-thies-delocalise-cette-annee-a-saly-avec-boubacar-boris-diop-comme-parrain","status":"publish","type":"post","link":"https:\/\/www.africa-press.net\/senegal\/culture-et-art\/le-salon-international-du-livre-de-thies-delocalise-cette-annee-a-saly-avec-boubacar-boris-diop-comme-parrain","title":{"rendered":"Le Salon International du livre de Thi\u00e8s d\u00e9localis\u00e9 cette ann\u00e9e \u00e0 Saly avec Boubacar Boris Diop comme parrain"},"content":{"rendered":"<p><span style=\"color: #ff6600\"><strong>Africa-Press &#8211; Senegal. <\/strong><\/span>L&rsquo;e\u0301crivain se\u0301ne\u0301galais Boubacar Boris Diop, Grand-Prix du chef de l&rsquo;Etat pour les arts et les lettres, a e\u0301te\u0301 de\u0301signe\u0301 parrain de la 6-e\u0300me e\u0301dition du Salon international du livre de Thie\u0300s (SILT), pre\u0301vue du 16 au 19 mars, pour la premie\u0300re fois a\u0300 Saly-Portudal (ouest), station balne\u0301aire de la Petite-Co\u0302te se\u0301ne\u0301galaise.<\/p>\n<p>\u00ab\u00a0L\u2019auteur de &lsquo;Murambi ou le livre des ossements&rsquo;, tout comme de nombreux autres romans qui ont eu une audience mondiale, succe\u0300de a\u0300 la fois aux e\u0301crivains Ken Bugul, Andre\u0301e Marie Diagne ou Mbaye Gana Ke\u0301be\u0301 comme parrain de cette manifestation litte\u0301raire majeure au Se\u0301ne\u0301gal\u00a0\u00bb, note un communique\u0301 transmis a\u0300 l&rsquo;APS.<\/p>\n<p>Le sixie\u0300me Salon du livre de Thie\u0300s sera axe\u0301 sur le the\u0300me \u00ab\u00a0L&rsquo;Afrique face a\u0300 elle-me\u0302me, enjeux d\u2019e\u0301criture\u00a0\u00bb.<\/p>\n<p>\u00ab\u00a0L&rsquo;innovation majeure de cette e\u0301dition se trouve dans le fait que ledit e\u0301ve\u0300nement se tiendra dans la station balne\u0301aire de Saly\u00a0\u00bb, rele\u0300ve la me\u0302me source, qui justifie cette \u00ab\u00a0e\u0301volution majeure\u00a0\u00bb par le fait que la manifestation ne\u0301e en 2001, \u00ab\u00a0de\u0301borde comple\u0300tement de la ville de Thie\u0300s qui a servi de terrain d&rsquo;expe\u0301rimentation\u00a0\u00bb.<\/p>\n<p>A l&rsquo;initiative de Fama Editions, cette manifestation \u00ab\u00a0ne quitte pas comple\u0300tement la Cite\u0301 du rail\u00a0\u00bb, souligne le document, non sans e\u0301voquer le besoin du Salon de disposer d&rsquo;une \u00ab\u00a0plateforme beaucoup plus ouverte au monde pour asseoir de\u0301finitivement sa dimension internationale\u00a0\u00bb.<\/p>\n<p>Des e\u0301diteurs ivoiriens et marocains et parisiens, ainsi que des maisons d&rsquo;e\u0301dition comme Pre\u0301sence africaine sont attendus a\u0300 ce rendez-vous du livre.<\/p>\n<p>Des e\u0301crivains de dimension mondiale ont e\u0301te\u0301 invite\u0301s a\u0300 prendre part a\u0300 la rencontre litte\u0301raire. Il s&rsquo;agit notamment de Djayli Amadou Amal (Cameroun), Blaise Ndala (Congo- Canada) Sami Tchak (Togo-France), Hella Feki, (Tunisie) Yamen Manai (France-Tunisie).<\/p>\n<p>Ils devraient participer a\u0300 des panels et des interventions diverses aux co\u0302te\u0301s de leurs pairs non moins re\u0301pute\u0301s comme Ken Bugul, Boubacar Boris Diop, Khalil Diallo, etc.<\/p>\n<p>Une \u00ab\u00a0mobilisation exceptionnelle\u00a0\u00bb des e\u0301le\u0300ves, des e\u0301tudiants et des enseignants est pre\u0301vue lors de cette manifestation, en collaboration avec l&rsquo;inspection d&rsquo;acade\u0301mie de Thie\u0300s et l&rsquo;inspection de l&rsquo;e\u0301ducation et de la formation (IEF) de Mbour.<\/p>\n<p>Un programme d&rsquo;animation litte\u0301raire et de vulgarisation de la lecture a e\u0301te\u0301 concocte\u0301 autour du the\u0300me central. Il devra e\u0302tre exe\u0301cute\u0301 dans le village du salon et dans plusieurs e\u0301coles et lyce\u0301es, ainsi que dans les communes de Saly et de Mbour.<\/p>\n<p>Le budget pre\u0301visionnel du SILT 2023, en hausse, compare\u0301 a\u0300 celui de l&rsquo;anne\u0301e dernie\u0300re, est estime\u0301 a\u0300 plus de trente millions de FCFA.<\/p>\n<p><strong>Pour plus d&rsquo;informations et d&rsquo;analyses sur la <a href=\"https:\/\/www.africa-press.net\/senegal\">Senegal<\/a>, suivez <a href=\"https:\/\/www.africa-press.net\/\">Africa-Press<\/a><\/strong><\/p>\n","protected":false},"excerpt":{"rendered":"<p>Africa-Press &#8211; Senegal. L&rsquo;e\u0301crivain se\u0301ne\u0301galais Boubacar Boris Diop, Grand-Prix du chef de l&rsquo;Etat pour les arts et les lettres, a e\u0301te\u0301 de\u0301signe\u0301 parrain de la 6-e\u0300me e\u0301dition du Salon international du livre de Thie\u0300s (SILT), pre\u0301vue du 16 au 19 mars, pour la premie\u0300re fois a\u0300 Saly-Portudal (ouest), station balne\u0301aire de la Petite-Co\u0302te se\u0301ne\u0301galaise. \u00ab\u00a0L\u2019auteur [&hellip;]<\/p>\n","protected":false},"author":82,"featured_media":38011,"comment_status":"open","ping_status":"closed","sticky":false,"template":"","format":"standard","meta":{"footnotes":""},"categories":[5,10],"tags":[43,47,44],"class_list":["post-38012","post","type-post","status-publish","format-standard","has-post-thumbnail","hentry","category-culture-et-art","category-toutes-les-actualites","tag-africa-press-2","tag-africa-press-senegal","tag-senegal-2"],"yoast_head":"<!-- This site is optimized with the Yoast SEO Premium plugin v26.1 (Yoast SEO v27.0) - https:\/\/yoast.com\/product\/yoast-seo-premium-wordpress\/ -->\n<title>Le Salon International du livre de Thi\u00e8s d\u00e9localis\u00e9 cette ann\u00e9e \u00e0 Saly avec Boubacar Boris Diop comme parrain - Senegal<\/title>\n<meta name=\"robots\" content=\"index, follow, max-snippet:-1, max-image-preview:large, max-video-preview:-1\" \/>\n<link rel=\"canonical\" href=\"https:\/\/www.africa-press.net\/senegal\/politique\/le-salon-international-du-livre-de-thies-delocalise-cette-annee-a-saly-avec-boubacar-boris-diop-comme-parrain\" \/>\n<meta property=\"og:locale\" content=\"fr_FR\" \/>\n<meta property=\"og:type\" content=\"article\" \/>\n<meta property=\"og:title\" content=\"Le Salon International du livre de Thi\u00e8s d\u00e9localis\u00e9 cette ann\u00e9e \u00e0 Saly avec Boubacar Boris Diop comme parrain\" \/>\n<meta property=\"og:description\" content=\"Africa-Press &#8211; Senegal. L&rsquo;e\u0301crivain se\u0301ne\u0301galais Boubacar Boris Diop, Grand-Prix du chef de l&rsquo;Etat pour les arts et les lettres, a e\u0301te\u0301 de\u0301signe\u0301 parrain de la 6-e\u0300me e\u0301dition du Salon international du livre de Thie\u0300s (SILT), pre\u0301vue du 16 au 19 mars, pour la premie\u0300re fois a\u0300 Saly-Portudal (ouest), station balne\u0301aire de la Petite-Co\u0302te se\u0301ne\u0301galaise. \u00ab\u00a0L\u2019auteur [&hellip;]\" \/>\n<meta property=\"og:url\" content=\"https:\/\/www.africa-press.net\/senegal\/politique\/le-salon-international-du-livre-de-thies-delocalise-cette-annee-a-saly-avec-boubacar-boris-diop-comme-parrain\" \/>\n<meta property=\"og:site_name\" content=\"Senegal\" \/>\n<meta property=\"article:published_time\" content=\"2023-01-13T17:53:24+00:00\" \/>\n<meta name=\"author\" content=\"cfeditorfr\" \/>\n<meta name=\"twitter:card\" content=\"summary_large_image\" \/>\n<meta name=\"twitter:label1\" content=\"\u00c9crit par\" \/>\n\t<meta name=\"twitter:data1\" content=\"cfeditorfr\" \/>\n\t<meta name=\"twitter:label2\" content=\"Dur\u00e9e de lecture estim\u00e9e\" \/>\n\t<meta name=\"twitter:data2\" content=\"2 minutes\" \/>\n<script type=\"application\/ld+json\" class=\"yoast-schema-graph\">{\"@context\":\"https:\/\/schema.org\",\"@graph\":[{\"@type\":\"Article\",\"@id\":\"https:\/\/www.africa-press.net\/senegal\/politique\/le-salon-international-du-livre-de-thies-delocalise-cette-annee-a-saly-avec-boubacar-boris-diop-comme-parrain#article\",\"isPartOf\":{\"@id\":\"https:\/\/www.africa-press.net\/senegal\/politique\/le-salon-international-du-livre-de-thies-delocalise-cette-annee-a-saly-avec-boubacar-boris-diop-comme-parrain\"},\"author\":{\"name\":\"cfeditorfr\",\"@id\":\"https:\/\/www.africa-press.net\/senegal\/#\/schema\/person\/2b1cf3cd81a31e3cd26889ca66d677f1\"},\"headline\":\"Le Salon International du livre de Thi\u00e8s d\u00e9localis\u00e9 cette ann\u00e9e \u00e0 Saly avec Boubacar Boris Diop comme parrain\",\"datePublished\":\"2023-01-13T17:53:24+00:00\",\"mainEntityOfPage\":{\"@id\":\"https:\/\/www.africa-press.net\/senegal\/politique\/le-salon-international-du-livre-de-thies-delocalise-cette-annee-a-saly-avec-boubacar-boris-diop-comme-parrain\"},\"wordCount\":513,\"commentCount\":0,\"image\":{\"@id\":\"https:\/\/www.africa-press.net\/senegal\/politique\/le-salon-international-du-livre-de-thies-delocalise-cette-annee-a-saly-avec-boubacar-boris-diop-comme-parrain#primaryimage\"},\"thumbnailUrl\":\"https:\/\/static.africa-press.net\/senegal\/sites\/13\/2023\/01\/postQueueImg_1673619813.86.jpg\",\"keywords\":[\"Africa Press\",\"Africa Press-Senegal\",\"Senegal\"],\"articleSection\":[\"Culture et Art\",\"Toutes les actualit\u00e9s\"],\"inLanguage\":\"fr-FR\",\"potentialAction\":[{\"@type\":\"CommentAction\",\"name\":\"Comment\",\"target\":[\"https:\/\/www.africa-press.net\/senegal\/politique\/le-salon-international-du-livre-de-thies-delocalise-cette-annee-a-saly-avec-boubacar-boris-diop-comme-parrain#respond\"]}]},{\"@type\":\"WebPage\",\"@id\":\"https:\/\/www.africa-press.net\/senegal\/politique\/le-salon-international-du-livre-de-thies-delocalise-cette-annee-a-saly-avec-boubacar-boris-diop-comme-parrain\",\"url\":\"https:\/\/www.africa-press.net\/senegal\/politique\/le-salon-international-du-livre-de-thies-delocalise-cette-annee-a-saly-avec-boubacar-boris-diop-comme-parrain\",\"name\":\"Le Salon International du livre de Thi\u00e8s d\u00e9localis\u00e9 cette ann\u00e9e \u00e0 Saly avec Boubacar Boris Diop comme parrain - Senegal\",\"isPartOf\":{\"@id\":\"https:\/\/www.africa-press.net\/senegal\/#website\"},\"primaryImageOfPage\":{\"@id\":\"https:\/\/www.africa-press.net\/senegal\/politique\/le-salon-international-du-livre-de-thies-delocalise-cette-annee-a-saly-avec-boubacar-boris-diop-comme-parrain#primaryimage\"},\"image\":{\"@id\":\"https:\/\/www.africa-press.net\/senegal\/politique\/le-salon-international-du-livre-de-thies-delocalise-cette-annee-a-saly-avec-boubacar-boris-diop-comme-parrain#primaryimage\"},\"thumbnailUrl\":\"https:\/\/static.africa-press.net\/senegal\/sites\/13\/2023\/01\/postQueueImg_1673619813.86.jpg\",\"datePublished\":\"2023-01-13T17:53:24+00:00\",\"author\":{\"@id\":\"https:\/\/www.africa-press.net\/senegal\/#\/schema\/person\/2b1cf3cd81a31e3cd26889ca66d677f1\"},\"breadcrumb\":{\"@id\":\"https:\/\/www.africa-press.net\/senegal\/politique\/le-salon-international-du-livre-de-thies-delocalise-cette-annee-a-saly-avec-boubacar-boris-diop-comme-parrain#breadcrumb\"},\"inLanguage\":\"fr-FR\",\"potentialAction\":[{\"@type\":\"ReadAction\",\"target\":[\"https:\/\/www.africa-press.net\/senegal\/politique\/le-salon-international-du-livre-de-thies-delocalise-cette-annee-a-saly-avec-boubacar-boris-diop-comme-parrain\"]}]},{\"@type\":\"ImageObject\",\"inLanguage\":\"fr-FR\",\"@id\":\"https:\/\/www.africa-press.net\/senegal\/politique\/le-salon-international-du-livre-de-thies-delocalise-cette-annee-a-saly-avec-boubacar-boris-diop-comme-parrain#primaryimage\",\"url\":\"https:\/\/static.africa-press.net\/senegal\/sites\/13\/2023\/01\/postQueueImg_1673619813.86.jpg\",\"contentUrl\":\"https:\/\/static.africa-press.net\/senegal\/sites\/13\/2023\/01\/postQueueImg_1673619813.86.jpg\",\"width\":1620,\"height\":925,\"caption\":\"Le Salon International du livre de Thi\u00e8s d\u00e9localis\u00e9 cette ann\u00e9e \u00e0 Saly avec Boubacar Boris Diop comme parrain\"},{\"@type\":\"BreadcrumbList\",\"@id\":\"https:\/\/www.africa-press.net\/senegal\/politique\/le-salon-international-du-livre-de-thies-delocalise-cette-annee-a-saly-avec-boubacar-boris-diop-comme-parrain#breadcrumb\",\"itemListElement\":[{\"@type\":\"ListItem\",\"position\":1,\"name\":\"Accueil\",\"item\":\"https:\/\/www.africa-press.net\/senegal\/\"},{\"@type\":\"ListItem\",\"position\":2,\"name\":\"Le Salon International du livre de Thi\u00e8s d\u00e9localis\u00e9 cette ann\u00e9e \u00e0 Saly avec Boubacar Boris Diop comme parrain\"}]},{\"@type\":\"WebSite\",\"@id\":\"https:\/\/www.africa-press.net\/senegal\/#website\",\"url\":\"https:\/\/www.africa-press.net\/senegal\/\",\"name\":\"Africa Press | Senegal | Homepage\",\"description\":\"Just another Africa News Agency Sites site\",\"potentialAction\":[{\"@type\":\"SearchAction\",\"target\":{\"@type\":\"EntryPoint\",\"urlTemplate\":\"https:\/\/www.africa-press.net\/senegal\/?s={search_term_string}\"},\"query-input\":{\"@type\":\"PropertyValueSpecification\",\"valueRequired\":true,\"valueName\":\"search_term_string\"}}],\"inLanguage\":\"fr-FR\"},{\"@type\":\"Person\",\"@id\":\"https:\/\/www.africa-press.net\/senegal\/#\/schema\/person\/2b1cf3cd81a31e3cd26889ca66d677f1\",\"name\":\"cfeditorfr\",\"url\":\"https:\/\/www.africa-press.net\/senegal\/author\/cfeditorfr\"}]}<\/script>\n<!-- \/ Yoast SEO Premium plugin. -->","yoast_head_json":{"title":"Le Salon International du livre de Thi\u00e8s d\u00e9localis\u00e9 cette ann\u00e9e \u00e0 Saly avec Boubacar Boris Diop comme parrain - Senegal","robots":{"index":"index","follow":"follow","max-snippet":"max-snippet:-1","max-image-preview":"max-image-preview:large","max-video-preview":"max-video-preview:-1"},"canonical":"https:\/\/www.africa-press.net\/senegal\/politique\/le-salon-international-du-livre-de-thies-delocalise-cette-annee-a-saly-avec-boubacar-boris-diop-comme-parrain","og_locale":"fr_FR","og_type":"article","og_title":"Le Salon International du livre de Thi\u00e8s d\u00e9localis\u00e9 cette ann\u00e9e \u00e0 Saly avec Boubacar Boris Diop comme parrain","og_description":"Africa-Press &#8211; Senegal. L&rsquo;e\u0301crivain se\u0301ne\u0301galais Boubacar Boris Diop, Grand-Prix du chef de l&rsquo;Etat pour les arts et les lettres, a e\u0301te\u0301 de\u0301signe\u0301 parrain de la 6-e\u0300me e\u0301dition du Salon international du livre de Thie\u0300s (SILT), pre\u0301vue du 16 au 19 mars, pour la premie\u0300re fois a\u0300 Saly-Portudal (ouest), station balne\u0301aire de la Petite-Co\u0302te se\u0301ne\u0301galaise. \u00ab\u00a0L\u2019auteur [&hellip;]","og_url":"https:\/\/www.africa-press.net\/senegal\/politique\/le-salon-international-du-livre-de-thies-delocalise-cette-annee-a-saly-avec-boubacar-boris-diop-comme-parrain","og_site_name":"Senegal","article_published_time":"2023-01-13T17:53:24+00:00","author":"cfeditorfr","twitter_card":"summary_large_image","twitter_misc":{"\u00c9crit par":"cfeditorfr","Dur\u00e9e de lecture estim\u00e9e":"2 minutes"},"schema":{"@context":"https:\/\/schema.org","@graph":[{"@type":"Article","@id":"https:\/\/www.africa-press.net\/senegal\/politique\/le-salon-international-du-livre-de-thies-delocalise-cette-annee-a-saly-avec-boubacar-boris-diop-comme-parrain#article","isPartOf":{"@id":"https:\/\/www.africa-press.net\/senegal\/politique\/le-salon-international-du-livre-de-thies-delocalise-cette-annee-a-saly-avec-boubacar-boris-diop-comme-parrain"},"author":{"name":"cfeditorfr","@id":"https:\/\/www.africa-press.net\/senegal\/#\/schema\/person\/2b1cf3cd81a31e3cd26889ca66d677f1"},"headline":"Le Salon International du livre de Thi\u00e8s d\u00e9localis\u00e9 cette ann\u00e9e \u00e0 Saly avec Boubacar Boris Diop comme parrain","datePublished":"2023-01-13T17:53:24+00:00","mainEntityOfPage":{"@id":"https:\/\/www.africa-press.net\/senegal\/politique\/le-salon-international-du-livre-de-thies-delocalise-cette-annee-a-saly-avec-boubacar-boris-diop-comme-parrain"},"wordCount":513,"commentCount":0,"image":{"@id":"https:\/\/www.africa-press.net\/senegal\/politique\/le-salon-international-du-livre-de-thies-delocalise-cette-annee-a-saly-avec-boubacar-boris-diop-comme-parrain#primaryimage"},"thumbnailUrl":"https:\/\/static.africa-press.net\/senegal\/sites\/13\/2023\/01\/postQueueImg_1673619813.86.jpg","keywords":["Africa Press","Africa Press-Senegal","Senegal"],"articleSection":["Culture et Art","Toutes les actualit\u00e9s"],"inLanguage":"fr-FR","potentialAction":[{"@type":"CommentAction","name":"Comment","target":["https:\/\/www.africa-press.net\/senegal\/politique\/le-salon-international-du-livre-de-thies-delocalise-cette-annee-a-saly-avec-boubacar-boris-diop-comme-parrain#respond"]}]},{"@type":"WebPage","@id":"https:\/\/www.africa-press.net\/senegal\/politique\/le-salon-international-du-livre-de-thies-delocalise-cette-annee-a-saly-avec-boubacar-boris-diop-comme-parrain","url":"https:\/\/www.africa-press.net\/senegal\/politique\/le-salon-international-du-livre-de-thies-delocalise-cette-annee-a-saly-avec-boubacar-boris-diop-comme-parrain","name":"Le Salon International du livre de Thi\u00e8s d\u00e9localis\u00e9 cette ann\u00e9e \u00e0 Saly avec Boubacar Boris Diop comme parrain - Senegal","isPartOf":{"@id":"https:\/\/www.africa-press.net\/senegal\/#website"},"primaryImageOfPage":{"@id":"https:\/\/www.africa-press.net\/senegal\/politique\/le-salon-international-du-livre-de-thies-delocalise-cette-annee-a-saly-avec-boubacar-boris-diop-comme-parrain#primaryimage"},"image":{"@id":"https:\/\/www.africa-press.net\/senegal\/politique\/le-salon-international-du-livre-de-thies-delocalise-cette-annee-a-saly-avec-boubacar-boris-diop-comme-parrain#primaryimage"},"thumbnailUrl":"https:\/\/static.africa-press.net\/senegal\/sites\/13\/2023\/01\/postQueueImg_1673619813.86.jpg","datePublished":"2023-01-13T17:53:24+00:00","author":{"@id":"https:\/\/www.africa-press.net\/senegal\/#\/schema\/person\/2b1cf3cd81a31e3cd26889ca66d677f1"},"breadcrumb":{"@id":"https:\/\/www.africa-press.net\/senegal\/politique\/le-salon-international-du-livre-de-thies-delocalise-cette-annee-a-saly-avec-boubacar-boris-diop-comme-parrain#breadcrumb"},"inLanguage":"fr-FR","potentialAction":[{"@type":"ReadAction","target":["https:\/\/www.africa-press.net\/senegal\/politique\/le-salon-international-du-livre-de-thies-delocalise-cette-annee-a-saly-avec-boubacar-boris-diop-comme-parrain"]}]},{"@type":"ImageObject","inLanguage":"fr-FR","@id":"https:\/\/www.africa-press.net\/senegal\/politique\/le-salon-international-du-livre-de-thies-delocalise-cette-annee-a-saly-avec-boubacar-boris-diop-comme-parrain#primaryimage","url":"https:\/\/static.africa-press.net\/senegal\/sites\/13\/2023\/01\/postQueueImg_1673619813.86.jpg","contentUrl":"https:\/\/static.africa-press.net\/senegal\/sites\/13\/2023\/01\/postQueueImg_1673619813.86.jpg","width":1620,"height":925,"caption":"Le Salon International du livre de Thi\u00e8s d\u00e9localis\u00e9 cette ann\u00e9e \u00e0 Saly avec Boubacar Boris Diop comme parrain"},{"@type":"BreadcrumbList","@id":"https:\/\/www.africa-press.net\/senegal\/politique\/le-salon-international-du-livre-de-thies-delocalise-cette-annee-a-saly-avec-boubacar-boris-diop-comme-parrain#breadcrumb","itemListElement":[{"@type":"ListItem","position":1,"name":"Accueil","item":"https:\/\/www.africa-press.net\/senegal\/"},{"@type":"ListItem","position":2,"name":"Le Salon International du livre de Thi\u00e8s d\u00e9localis\u00e9 cette ann\u00e9e \u00e0 Saly avec Boubacar Boris Diop comme parrain"}]},{"@type":"WebSite","@id":"https:\/\/www.africa-press.net\/senegal\/#website","url":"https:\/\/www.africa-press.net\/senegal\/","name":"Africa Press | Senegal | Homepage","description":"Just another Africa News Agency Sites site","potentialAction":[{"@type":"SearchAction","target":{"@type":"EntryPoint","urlTemplate":"https:\/\/www.africa-press.net\/senegal\/?s={search_term_string}"},"query-input":{"@type":"PropertyValueSpecification","valueRequired":true,"valueName":"search_term_string"}}],"inLanguage":"fr-FR"},{"@type":"Person","@id":"https:\/\/www.africa-press.net\/senegal\/#\/schema\/person\/2b1cf3cd81a31e3cd26889ca66d677f1","name":"cfeditorfr","url":"https:\/\/www.africa-press.net\/senegal\/author\/cfeditorfr"}]}},"_links":{"self":[{"href":"https:\/\/www.africa-press.net\/senegal\/wp-json\/wp\/v2\/posts\/38012","targetHints":{"allow":["GET"]}}],"collection":[{"href":"https:\/\/www.africa-press.net\/senegal\/wp-json\/wp\/v2\/posts"}],"about":[{"href":"https:\/\/www.africa-press.net\/senegal\/wp-json\/wp\/v2\/types\/post"}],"author":[{"embeddable":true,"href":"https:\/\/www.africa-press.net\/senegal\/wp-json\/wp\/v2\/users\/82"}],"replies":[{"embeddable":true,"href":"https:\/\/www.africa-press.net\/senegal\/wp-json\/wp\/v2\/comments?post=38012"}],"version-history":[{"count":0,"href":"https:\/\/www.africa-press.net\/senegal\/wp-json\/wp\/v2\/posts\/38012\/revisions"}],"wp:featuredmedia":[{"embeddable":true,"href":"https:\/\/www.africa-press.net\/senegal\/wp-json\/wp\/v2\/media\/38011"}],"wp:attachment":[{"href":"https:\/\/www.africa-press.net\/senegal\/wp-json\/wp\/v2\/media?parent=38012"}],"wp:term":[{"taxonomy":"category","embeddable":true,"href":"https:\/\/www.africa-press.net\/senegal\/wp-json\/wp\/v2\/categories?post=38012"},{"taxonomy":"post_tag","embeddable":true,"href":"https:\/\/www.africa-press.net\/senegal\/wp-json\/wp\/v2\/tags?post=38012"}],"curies":[{"name":"wp","href":"https:\/\/api.w.org\/{rel}","templated":true}]}}