{"id":38245,"date":"2023-01-19T16:59:33","date_gmt":"2023-01-19T16:59:33","guid":{"rendered":"https:\/\/www.africa-press.net\/senegal\/politique\/centre-des-etudes-de-defense-et-de-securite-la-promotion-2022-2023-fait-sa-rentree"},"modified":"2023-01-19T16:59:33","modified_gmt":"2023-01-19T16:59:33","slug":"centre-des-etudes-de-defense-et-de-securite-la-promotion-2022-2023-fait-sa-rentree","status":"publish","type":"post","link":"https:\/\/www.africa-press.net\/senegal\/politique\/centre-des-etudes-de-defense-et-de-securite-la-promotion-2022-2023-fait-sa-rentree","title":{"rendered":"Centre des \u00e9tudes de d\u00e9fense et de s\u00e9curit\u00e9 : la promotion 2022-2023 fait sa rentr\u00e9e"},"content":{"rendered":"<p><span style=\"color: #ff6600\"><strong>Africa-Press &#8211; Senegal. <\/strong><\/span>Le ministre des Forces arme\u0301es, Sidiki Kaba, a pre\u0301side\u0301 jeudi, la rentre\u0301e acade\u0301mique des auditeurs de la promotion 2022-2023 sur les questions se\u0301curitaires dispense\u0301es par le Centre des hautes e\u0301tudes de de\u0301fense et de se\u0301curite\u0301 (CHEDS), a constate\u0301 une journaliste de l&rsquo;APS.<\/p>\n<p>\u2018\u2019Nous avons pre\u0301side\u0301 la rentre\u0301e acade\u0301mique qui doit consacrer, en ce qui concerne les auditeurs de la promotion 2022-2023, une formation qui leur permettra d&rsquo;avoir le diplo\u0302me que la promotion 2021-2022 a pu obtenir avec brio\u2019\u2019, a-t-il dit a\u0300 cette occasion, soulignant que ces formations permettront, durant 10 mois, aux be\u0301ne\u0301ficiaires d\u2019\u2019\u2019appre\u0301hender les grandes questions de se\u0301curite\u0301\u2019\u2019.<\/p>\n<p>\u2018\u2019L&rsquo;environnement se\u0301curitaire dans notre sous-re\u0301gion est volatile et il importe que nous ayons a\u0300 la fois des hommes et des femmes d&rsquo;horizon divers dans le cadre d&rsquo;une formation multidimensionnelle qui puisse apporter leur rapport et leur re\u0301flexion apre\u0300s une formation pointue aux questions qui sont aujourd&rsquo;hui de vrais enjeux dont les menaces qui sont a\u0300 la fois classiques et asyme\u0301triques\u2019\u2019, a-t-il indique\u0301<\/p>\n<p>Cette formation comporte \u2018\u2019un grand inte\u0301re\u0302t pour le pays\u2019\u2019 en ce sens que des cadres nationaux de diffe\u0301rents secteurs du pays vont pouvoir approfondir leur connaissance dans les domaines se\u0301curitaires.<\/p>\n<p>\u2018\u2019Le CHEDS est un cadre de capacitation non seulement qui permet a\u0300 la fois de mettre les civils et les militaires d&rsquo;une formation pointue dans le domaine de la se\u0301curite\u0301, un domaine qui est devenu dangereux, ge\u0301ostrate\u0301gique et tre\u0300s important\u2019\u2019, a indique\u0301 Me Sidiki Kaba.<\/p>\n<p>Le ministre des Forces arme\u0301es a admis que \u2018\u2019la situation se\u0301curitaire (dans le Sahel) est devenue l&rsquo;une des principales pre\u0301occupations des populations et des Etats\u2019\u2019. Selon lui, cette formation ouvre des \u2018\u2019perspectives\u2019\u2019 au service de la paix et de la se\u0301curite\u0301.<\/p>\n<p>\u2018\u2019Les re\u0301ponses que nous devons apporter vont au-dela\u0300 des actions militaires. C\u2019est la raison des programmes de masters\u2019\u2019 de\u0301roule\u0301s au niveau du Centre des hautes e\u0301tudes de de\u0301fense et de se\u0301curite\u0301, a-t-il explique\u0301.<\/p>\n<p>M. Kaba conside\u0300re que la sous-re\u0301gion est caracte\u0301rise\u0301e par \u2018\u2019sa fragilite\u0301\u2019\u2019 et les Etats ont aussi compris que \u2018\u2019la seule re\u0301ponse militaire\u2019\u2019 est insuffisante pour faire face aux nombreuses menaces.<\/p>\n<p>Le professeur Abdoullah Cisse\u0301, ancien recteur de l\u2019Universite\u0301 de Bambey, a anime\u0301 la confe\u0301rence inaugurale portant sur \u2018\u2019La lutte contre le terrorisme au Sahel : symbiose entre l\u2019Etat et les autres acteurs de la se\u0301curite\u0301\u2019\u2019.<\/p>\n<p>Quelque 45 re\u0301cipiendaires du Master en se\u0301curite\u0301 nationale (MSN) et du Master de\u0301fense se\u0301curite\u0301 et paix (MDSP) de la promotion 2021-2022, ont rec\u0327u leurs diplo\u0302mes.<\/p>\n<p>La doyenne de la faculte\u0301 des sciences juridiques et politiques de l\u2019Universite\u0301 Cheikh-Anta-Diop (UCAD) de Dakar, Aminata Cisse\u0301 Niang, le chef d\u2019e\u0301tat-major ge\u0301ne\u0301ral des arme\u0301es, Cheikh Wade, et plusieurs autorite\u0301s du CHEDS, ont pris part a\u0300 la ce\u0301re\u0301monie.<\/p>\n<p><strong>Pour plus d&rsquo;informations et d&rsquo;analyses sur la <a href=\"https:\/\/www.africa-press.net\/senegal\">Senegal<\/a>, suivez <a href=\"https:\/\/www.africa-press.net\/\">Africa-Press<\/a><\/strong><\/p>\n","protected":false},"excerpt":{"rendered":"<p>Africa-Press &#8211; Senegal. Le ministre des Forces arme\u0301es, Sidiki Kaba, a pre\u0301side\u0301 jeudi, la rentre\u0301e acade\u0301mique des auditeurs de la promotion 2022-2023 sur les questions se\u0301curitaires dispense\u0301es par le Centre des hautes e\u0301tudes de de\u0301fense et de se\u0301curite\u0301 (CHEDS), a constate\u0301 une journaliste de l&rsquo;APS. \u2018\u2019Nous avons pre\u0301side\u0301 la rentre\u0301e acade\u0301mique qui doit consacrer, en [&hellip;]<\/p>\n","protected":false},"author":82,"featured_media":38244,"comment_status":"open","ping_status":"closed","sticky":false,"template":"","format":"standard","meta":{"footnotes":""},"categories":[2,10],"tags":[43,47,44],"class_list":["post-38245","post","type-post","status-publish","format-standard","has-post-thumbnail","hentry","category-politique","category-toutes-les-actualites","tag-africa-press-2","tag-africa-press-senegal","tag-senegal-2"],"yoast_head":"<!-- This site is optimized with the Yoast SEO Premium plugin v26.1 (Yoast SEO v27.0) - https:\/\/yoast.com\/product\/yoast-seo-premium-wordpress\/ -->\n<title>Centre des \u00e9tudes de d\u00e9fense et de s\u00e9curit\u00e9 : la promotion 2022-2023 fait sa rentr\u00e9e - Senegal<\/title>\n<meta name=\"robots\" content=\"index, follow, max-snippet:-1, max-image-preview:large, max-video-preview:-1\" \/>\n<link rel=\"canonical\" href=\"https:\/\/www.africa-press.net\/senegal\/politique\/centre-des-etudes-de-defense-et-de-securite-la-promotion-2022-2023-fait-sa-rentree\" \/>\n<meta property=\"og:locale\" content=\"fr_FR\" \/>\n<meta property=\"og:type\" content=\"article\" \/>\n<meta property=\"og:title\" content=\"Centre des \u00e9tudes de d\u00e9fense et de s\u00e9curit\u00e9 : la promotion 2022-2023 fait sa rentr\u00e9e\" \/>\n<meta property=\"og:description\" content=\"Africa-Press &#8211; Senegal. Le ministre des Forces arme\u0301es, Sidiki Kaba, a pre\u0301side\u0301 jeudi, la rentre\u0301e acade\u0301mique des auditeurs de la promotion 2022-2023 sur les questions se\u0301curitaires dispense\u0301es par le Centre des hautes e\u0301tudes de de\u0301fense et de se\u0301curite\u0301 (CHEDS), a constate\u0301 une journaliste de l&rsquo;APS. \u2018\u2019Nous avons pre\u0301side\u0301 la rentre\u0301e acade\u0301mique qui doit consacrer, en [&hellip;]\" \/>\n<meta property=\"og:url\" content=\"https:\/\/www.africa-press.net\/senegal\/politique\/centre-des-etudes-de-defense-et-de-securite-la-promotion-2022-2023-fait-sa-rentree\" \/>\n<meta property=\"og:site_name\" content=\"Senegal\" \/>\n<meta property=\"article:published_time\" content=\"2023-01-19T16:59:33+00:00\" \/>\n<meta name=\"author\" content=\"cfeditorfr\" \/>\n<meta name=\"twitter:card\" content=\"summary_large_image\" \/>\n<meta name=\"twitter:label1\" content=\"\u00c9crit par\" \/>\n\t<meta name=\"twitter:data1\" content=\"cfeditorfr\" \/>\n\t<meta name=\"twitter:label2\" content=\"Dur\u00e9e de lecture estim\u00e9e\" \/>\n\t<meta name=\"twitter:data2\" content=\"3 minutes\" \/>\n<script type=\"application\/ld+json\" class=\"yoast-schema-graph\">{\"@context\":\"https:\/\/schema.org\",\"@graph\":[{\"@type\":\"Article\",\"@id\":\"https:\/\/www.africa-press.net\/senegal\/politique\/centre-des-etudes-de-defense-et-de-securite-la-promotion-2022-2023-fait-sa-rentree#article\",\"isPartOf\":{\"@id\":\"https:\/\/www.africa-press.net\/senegal\/politique\/centre-des-etudes-de-defense-et-de-securite-la-promotion-2022-2023-fait-sa-rentree\"},\"author\":{\"name\":\"cfeditorfr\",\"@id\":\"https:\/\/www.africa-press.net\/senegal\/#\/schema\/person\/2b1cf3cd81a31e3cd26889ca66d677f1\"},\"headline\":\"Centre des \u00e9tudes de d\u00e9fense et de s\u00e9curit\u00e9 : la promotion 2022-2023 fait sa rentr\u00e9e\",\"datePublished\":\"2023-01-19T16:59:33+00:00\",\"mainEntityOfPage\":{\"@id\":\"https:\/\/www.africa-press.net\/senegal\/politique\/centre-des-etudes-de-defense-et-de-securite-la-promotion-2022-2023-fait-sa-rentree\"},\"wordCount\":541,\"commentCount\":0,\"image\":{\"@id\":\"https:\/\/www.africa-press.net\/senegal\/politique\/centre-des-etudes-de-defense-et-de-securite-la-promotion-2022-2023-fait-sa-rentree#primaryimage\"},\"thumbnailUrl\":\"https:\/\/static.africa-press.net\/senegal\/sites\/13\/2023\/01\/postQueueImg_1674135187.12.jpg\",\"keywords\":[\"Africa Press\",\"Africa Press-Senegal\",\"Senegal\"],\"articleSection\":[\"Politique\",\"Toutes les actualit\u00e9s\"],\"inLanguage\":\"fr-FR\",\"potentialAction\":[{\"@type\":\"CommentAction\",\"name\":\"Comment\",\"target\":[\"https:\/\/www.africa-press.net\/senegal\/politique\/centre-des-etudes-de-defense-et-de-securite-la-promotion-2022-2023-fait-sa-rentree#respond\"]}]},{\"@type\":\"WebPage\",\"@id\":\"https:\/\/www.africa-press.net\/senegal\/politique\/centre-des-etudes-de-defense-et-de-securite-la-promotion-2022-2023-fait-sa-rentree\",\"url\":\"https:\/\/www.africa-press.net\/senegal\/politique\/centre-des-etudes-de-defense-et-de-securite-la-promotion-2022-2023-fait-sa-rentree\",\"name\":\"Centre des \u00e9tudes de d\u00e9fense et de s\u00e9curit\u00e9 : la promotion 2022-2023 fait sa rentr\u00e9e - Senegal\",\"isPartOf\":{\"@id\":\"https:\/\/www.africa-press.net\/senegal\/#website\"},\"primaryImageOfPage\":{\"@id\":\"https:\/\/www.africa-press.net\/senegal\/politique\/centre-des-etudes-de-defense-et-de-securite-la-promotion-2022-2023-fait-sa-rentree#primaryimage\"},\"image\":{\"@id\":\"https:\/\/www.africa-press.net\/senegal\/politique\/centre-des-etudes-de-defense-et-de-securite-la-promotion-2022-2023-fait-sa-rentree#primaryimage\"},\"thumbnailUrl\":\"https:\/\/static.africa-press.net\/senegal\/sites\/13\/2023\/01\/postQueueImg_1674135187.12.jpg\",\"datePublished\":\"2023-01-19T16:59:33+00:00\",\"author\":{\"@id\":\"https:\/\/www.africa-press.net\/senegal\/#\/schema\/person\/2b1cf3cd81a31e3cd26889ca66d677f1\"},\"breadcrumb\":{\"@id\":\"https:\/\/www.africa-press.net\/senegal\/politique\/centre-des-etudes-de-defense-et-de-securite-la-promotion-2022-2023-fait-sa-rentree#breadcrumb\"},\"inLanguage\":\"fr-FR\",\"potentialAction\":[{\"@type\":\"ReadAction\",\"target\":[\"https:\/\/www.africa-press.net\/senegal\/politique\/centre-des-etudes-de-defense-et-de-securite-la-promotion-2022-2023-fait-sa-rentree\"]}]},{\"@type\":\"ImageObject\",\"inLanguage\":\"fr-FR\",\"@id\":\"https:\/\/www.africa-press.net\/senegal\/politique\/centre-des-etudes-de-defense-et-de-securite-la-promotion-2022-2023-fait-sa-rentree#primaryimage\",\"url\":\"https:\/\/static.africa-press.net\/senegal\/sites\/13\/2023\/01\/postQueueImg_1674135187.12.jpg\",\"contentUrl\":\"https:\/\/static.africa-press.net\/senegal\/sites\/13\/2023\/01\/postQueueImg_1674135187.12.jpg\",\"width\":776,\"height\":442,\"caption\":\"Centre des \u00e9tudes de d\u00e9fense et de s\u00e9curit\u00e9 : la promotion 2022-2023 fait sa rentr\u00e9e\"},{\"@type\":\"BreadcrumbList\",\"@id\":\"https:\/\/www.africa-press.net\/senegal\/politique\/centre-des-etudes-de-defense-et-de-securite-la-promotion-2022-2023-fait-sa-rentree#breadcrumb\",\"itemListElement\":[{\"@type\":\"ListItem\",\"position\":1,\"name\":\"Accueil\",\"item\":\"https:\/\/www.africa-press.net\/senegal\/\"},{\"@type\":\"ListItem\",\"position\":2,\"name\":\"Centre des \u00e9tudes de d\u00e9fense et de s\u00e9curit\u00e9 : la promotion 2022-2023 fait sa rentr\u00e9e\"}]},{\"@type\":\"WebSite\",\"@id\":\"https:\/\/www.africa-press.net\/senegal\/#website\",\"url\":\"https:\/\/www.africa-press.net\/senegal\/\",\"name\":\"Africa Press | Senegal | Homepage\",\"description\":\"Just another Africa News Agency Sites site\",\"potentialAction\":[{\"@type\":\"SearchAction\",\"target\":{\"@type\":\"EntryPoint\",\"urlTemplate\":\"https:\/\/www.africa-press.net\/senegal\/?s={search_term_string}\"},\"query-input\":{\"@type\":\"PropertyValueSpecification\",\"valueRequired\":true,\"valueName\":\"search_term_string\"}}],\"inLanguage\":\"fr-FR\"},{\"@type\":\"Person\",\"@id\":\"https:\/\/www.africa-press.net\/senegal\/#\/schema\/person\/2b1cf3cd81a31e3cd26889ca66d677f1\",\"name\":\"cfeditorfr\",\"url\":\"https:\/\/www.africa-press.net\/senegal\/author\/cfeditorfr\"}]}<\/script>\n<!-- \/ Yoast SEO Premium plugin. -->","yoast_head_json":{"title":"Centre des \u00e9tudes de d\u00e9fense et de s\u00e9curit\u00e9 : la promotion 2022-2023 fait sa rentr\u00e9e - Senegal","robots":{"index":"index","follow":"follow","max-snippet":"max-snippet:-1","max-image-preview":"max-image-preview:large","max-video-preview":"max-video-preview:-1"},"canonical":"https:\/\/www.africa-press.net\/senegal\/politique\/centre-des-etudes-de-defense-et-de-securite-la-promotion-2022-2023-fait-sa-rentree","og_locale":"fr_FR","og_type":"article","og_title":"Centre des \u00e9tudes de d\u00e9fense et de s\u00e9curit\u00e9 : la promotion 2022-2023 fait sa rentr\u00e9e","og_description":"Africa-Press &#8211; Senegal. Le ministre des Forces arme\u0301es, Sidiki Kaba, a pre\u0301side\u0301 jeudi, la rentre\u0301e acade\u0301mique des auditeurs de la promotion 2022-2023 sur les questions se\u0301curitaires dispense\u0301es par le Centre des hautes e\u0301tudes de de\u0301fense et de se\u0301curite\u0301 (CHEDS), a constate\u0301 une journaliste de l&rsquo;APS. \u2018\u2019Nous avons pre\u0301side\u0301 la rentre\u0301e acade\u0301mique qui doit consacrer, en [&hellip;]","og_url":"https:\/\/www.africa-press.net\/senegal\/politique\/centre-des-etudes-de-defense-et-de-securite-la-promotion-2022-2023-fait-sa-rentree","og_site_name":"Senegal","article_published_time":"2023-01-19T16:59:33+00:00","author":"cfeditorfr","twitter_card":"summary_large_image","twitter_misc":{"\u00c9crit par":"cfeditorfr","Dur\u00e9e de lecture estim\u00e9e":"3 minutes"},"schema":{"@context":"https:\/\/schema.org","@graph":[{"@type":"Article","@id":"https:\/\/www.africa-press.net\/senegal\/politique\/centre-des-etudes-de-defense-et-de-securite-la-promotion-2022-2023-fait-sa-rentree#article","isPartOf":{"@id":"https:\/\/www.africa-press.net\/senegal\/politique\/centre-des-etudes-de-defense-et-de-securite-la-promotion-2022-2023-fait-sa-rentree"},"author":{"name":"cfeditorfr","@id":"https:\/\/www.africa-press.net\/senegal\/#\/schema\/person\/2b1cf3cd81a31e3cd26889ca66d677f1"},"headline":"Centre des \u00e9tudes de d\u00e9fense et de s\u00e9curit\u00e9 : la promotion 2022-2023 fait sa rentr\u00e9e","datePublished":"2023-01-19T16:59:33+00:00","mainEntityOfPage":{"@id":"https:\/\/www.africa-press.net\/senegal\/politique\/centre-des-etudes-de-defense-et-de-securite-la-promotion-2022-2023-fait-sa-rentree"},"wordCount":541,"commentCount":0,"image":{"@id":"https:\/\/www.africa-press.net\/senegal\/politique\/centre-des-etudes-de-defense-et-de-securite-la-promotion-2022-2023-fait-sa-rentree#primaryimage"},"thumbnailUrl":"https:\/\/static.africa-press.net\/senegal\/sites\/13\/2023\/01\/postQueueImg_1674135187.12.jpg","keywords":["Africa Press","Africa Press-Senegal","Senegal"],"articleSection":["Politique","Toutes les actualit\u00e9s"],"inLanguage":"fr-FR","potentialAction":[{"@type":"CommentAction","name":"Comment","target":["https:\/\/www.africa-press.net\/senegal\/politique\/centre-des-etudes-de-defense-et-de-securite-la-promotion-2022-2023-fait-sa-rentree#respond"]}]},{"@type":"WebPage","@id":"https:\/\/www.africa-press.net\/senegal\/politique\/centre-des-etudes-de-defense-et-de-securite-la-promotion-2022-2023-fait-sa-rentree","url":"https:\/\/www.africa-press.net\/senegal\/politique\/centre-des-etudes-de-defense-et-de-securite-la-promotion-2022-2023-fait-sa-rentree","name":"Centre des \u00e9tudes de d\u00e9fense et de s\u00e9curit\u00e9 : la promotion 2022-2023 fait sa rentr\u00e9e - Senegal","isPartOf":{"@id":"https:\/\/www.africa-press.net\/senegal\/#website"},"primaryImageOfPage":{"@id":"https:\/\/www.africa-press.net\/senegal\/politique\/centre-des-etudes-de-defense-et-de-securite-la-promotion-2022-2023-fait-sa-rentree#primaryimage"},"image":{"@id":"https:\/\/www.africa-press.net\/senegal\/politique\/centre-des-etudes-de-defense-et-de-securite-la-promotion-2022-2023-fait-sa-rentree#primaryimage"},"thumbnailUrl":"https:\/\/static.africa-press.net\/senegal\/sites\/13\/2023\/01\/postQueueImg_1674135187.12.jpg","datePublished":"2023-01-19T16:59:33+00:00","author":{"@id":"https:\/\/www.africa-press.net\/senegal\/#\/schema\/person\/2b1cf3cd81a31e3cd26889ca66d677f1"},"breadcrumb":{"@id":"https:\/\/www.africa-press.net\/senegal\/politique\/centre-des-etudes-de-defense-et-de-securite-la-promotion-2022-2023-fait-sa-rentree#breadcrumb"},"inLanguage":"fr-FR","potentialAction":[{"@type":"ReadAction","target":["https:\/\/www.africa-press.net\/senegal\/politique\/centre-des-etudes-de-defense-et-de-securite-la-promotion-2022-2023-fait-sa-rentree"]}]},{"@type":"ImageObject","inLanguage":"fr-FR","@id":"https:\/\/www.africa-press.net\/senegal\/politique\/centre-des-etudes-de-defense-et-de-securite-la-promotion-2022-2023-fait-sa-rentree#primaryimage","url":"https:\/\/static.africa-press.net\/senegal\/sites\/13\/2023\/01\/postQueueImg_1674135187.12.jpg","contentUrl":"https:\/\/static.africa-press.net\/senegal\/sites\/13\/2023\/01\/postQueueImg_1674135187.12.jpg","width":776,"height":442,"caption":"Centre des \u00e9tudes de d\u00e9fense et de s\u00e9curit\u00e9 : la promotion 2022-2023 fait sa rentr\u00e9e"},{"@type":"BreadcrumbList","@id":"https:\/\/www.africa-press.net\/senegal\/politique\/centre-des-etudes-de-defense-et-de-securite-la-promotion-2022-2023-fait-sa-rentree#breadcrumb","itemListElement":[{"@type":"ListItem","position":1,"name":"Accueil","item":"https:\/\/www.africa-press.net\/senegal\/"},{"@type":"ListItem","position":2,"name":"Centre des \u00e9tudes de d\u00e9fense et de s\u00e9curit\u00e9 : la promotion 2022-2023 fait sa rentr\u00e9e"}]},{"@type":"WebSite","@id":"https:\/\/www.africa-press.net\/senegal\/#website","url":"https:\/\/www.africa-press.net\/senegal\/","name":"Africa Press | Senegal | Homepage","description":"Just another Africa News Agency Sites site","potentialAction":[{"@type":"SearchAction","target":{"@type":"EntryPoint","urlTemplate":"https:\/\/www.africa-press.net\/senegal\/?s={search_term_string}"},"query-input":{"@type":"PropertyValueSpecification","valueRequired":true,"valueName":"search_term_string"}}],"inLanguage":"fr-FR"},{"@type":"Person","@id":"https:\/\/www.africa-press.net\/senegal\/#\/schema\/person\/2b1cf3cd81a31e3cd26889ca66d677f1","name":"cfeditorfr","url":"https:\/\/www.africa-press.net\/senegal\/author\/cfeditorfr"}]}},"_links":{"self":[{"href":"https:\/\/www.africa-press.net\/senegal\/wp-json\/wp\/v2\/posts\/38245","targetHints":{"allow":["GET"]}}],"collection":[{"href":"https:\/\/www.africa-press.net\/senegal\/wp-json\/wp\/v2\/posts"}],"about":[{"href":"https:\/\/www.africa-press.net\/senegal\/wp-json\/wp\/v2\/types\/post"}],"author":[{"embeddable":true,"href":"https:\/\/www.africa-press.net\/senegal\/wp-json\/wp\/v2\/users\/82"}],"replies":[{"embeddable":true,"href":"https:\/\/www.africa-press.net\/senegal\/wp-json\/wp\/v2\/comments?post=38245"}],"version-history":[{"count":0,"href":"https:\/\/www.africa-press.net\/senegal\/wp-json\/wp\/v2\/posts\/38245\/revisions"}],"wp:featuredmedia":[{"embeddable":true,"href":"https:\/\/www.africa-press.net\/senegal\/wp-json\/wp\/v2\/media\/38244"}],"wp:attachment":[{"href":"https:\/\/www.africa-press.net\/senegal\/wp-json\/wp\/v2\/media?parent=38245"}],"wp:term":[{"taxonomy":"category","embeddable":true,"href":"https:\/\/www.africa-press.net\/senegal\/wp-json\/wp\/v2\/categories?post=38245"},{"taxonomy":"post_tag","embeddable":true,"href":"https:\/\/www.africa-press.net\/senegal\/wp-json\/wp\/v2\/tags?post=38245"}],"curies":[{"name":"wp","href":"https:\/\/api.w.org\/{rel}","templated":true}]}}