{"id":38301,"date":"2023-01-20T11:24:51","date_gmt":"2023-01-20T11:24:51","guid":{"rendered":"https:\/\/www.africa-press.net\/senegal\/politique\/la-secretaire-americaine-au-tresor-va-prononcer-un-discours-majeur-sur-les-relations-economiques-entre-les-etats-unis-et-lafrique"},"modified":"2023-01-20T11:53:41","modified_gmt":"2023-01-20T11:53:41","slug":"la-secretaire-americaine-au-tresor-va-prononcer-un-discours-majeur-sur-les-relations-economiques-entre-les-etats-unis-et-lafrique","status":"publish","type":"post","link":"https:\/\/www.africa-press.net\/senegal\/politique\/la-secretaire-americaine-au-tresor-va-prononcer-un-discours-majeur-sur-les-relations-economiques-entre-les-etats-unis-et-lafrique","title":{"rendered":"La Secr\u00e9taire am\u00e9ricaine au Tr\u00e9sor va prononcer \u00a0\u00bbun discours majeur\u2019\u2019 sur les relations \u00e9conomiques entre les \u00c9tats-Unis et l\u2019Afrique"},"content":{"rendered":"<p><span style=\"color: #ff6600\"><strong>Africa-Press &#8211; Senegal. <\/strong><\/span>La Secre\u0301taire ame\u0301ricaine au Tre\u0301sor, Janet L. Yellen, en visite au Se\u0301ne\u0301gal, prononcera ce vendredi \u2018\u2019un discours majeur\u2019\u2019 sur les relations e\u0301conomiques entre les E\u0301tats-Unis et l\u2019Afrique lors d\u2019une visite a\u0300 la De\u0301le\u0301gation ge\u0301ne\u0301rale a\u0300 l\u2019entrepreneuriat rapide des femmes et des jeunes (DER\/FJ), a appris l\u2019APS.<\/p>\n<p>La DER\/FJ soutenue par le gouvernement ame\u0301ricain est une structure ayant comme missions \u2018\u2019la de\u0301finition et la mise en \u0153uvre de strate\u0301gies de promotion de l\u2019auto-emploi des jeunes et des femmes, la mobilisation des ressources et le financement de projets de cre\u0301ation d\u2019entreprise et d\u2019activite\u0301s ge\u0301ne\u0301ratrices de revenus, le renforcement des capacite\u0301s techniques et manage\u0301riales des be\u0301ne\u0301ficiaires ; l\u2019encadrement et le suivi-e\u0301valuation des projets et activite\u0301s finance\u0301s\u2019\u2019.<\/p>\n<p>Dans un communique\u0301, l\u2019ambassade ame\u0301ricaine a\u0300 Dakar souligne que \u2018\u2019le discours de la Secre\u0301taire Yellen mettra en exergue le travail de l\u2019administration Biden-Harris pour approfondir les partenariats avec les pays africains et renforcer les liens e\u0301conomiques entre les E\u0301tats-Unis et l\u2019Afrique en e\u0301largissant les flux commerciaux et d\u2019investissement\u2019\u2019.<\/p>\n<p>L\u2019officielle ame\u0301ricaine \u2018\u2019e\u0301voquera les modalite\u0301s du travail des E\u0301tats-Unis avec les dirigeants africains pour construire une e\u0301conomie plus re\u0301siliente sur le continent qui profite a\u0300 leurs citoyens, aux E\u0301tats-Unis et au monde entier\u2019\u2019.<\/p>\n<p>Au sie\u0300ge de la DER\/FJ, Yellen participera e\u0301galement a\u0300 une table ronde avec des femmes entrepreneures. La Secre\u0301taire Yellen participera e\u0301galement a\u0300 un de\u0301jeuner avec des chefs d\u2019entreprise de la Chambre de commerce ame\u0301ricaine au Se\u0301ne\u0301gal.<\/p>\n<p>Janet L. Yellen rencontre dans la journe\u0301e le pre\u0301sident Macky Sall, Mamadou Moustapha Ba, ministre des Finances et du Budget, Oulimata Sarr, ministre de l\u2019Economie, du Plan et de la Coope\u0301ration.<\/p>\n<p>Samedi, Yellen visitera l\u2019i\u0302le de Gore\u0301e, un site du patrimoine mondial de l\u2019UNESCO et prononcera \u2018\u2019un bref discours dans lequel elle soulignera les liens historiques entre les E\u0301tats-Unis et l\u2019Afrique\u2019\u2019.<\/p>\n<p>Plus tard dans la journe\u0301e, elle participera a\u0300 l\u2019inauguration d\u2019un projet d\u2019e\u0301lectrification rurale dirige\u0301 par une socie\u0301te\u0301 d\u2019inge\u0301nierie ame\u0301ricaine, Weldy Lamont, et prononcera une bre\u0300ve allocution soulignant les investissements ame\u0301ricains dans les infrastructures et le de\u0301veloppement e\u0301conomique en Afrique.<\/p>\n<p>Selon l\u2019ambassade ame\u0301ricaine, \u2018\u2019ce projet est soutenu par Prosper Africa et be\u0301ne\u0301ficie d\u2019un financement de 100 millions de dollars de la U. S. Export-Import Bank (EXIM) et devrait permettre l\u2019acce\u0300s a\u0300 l\u2019e\u0301lectricite\u0301 d\u2019environ 350 000 personnes, et faciliter la cre\u0301ation d\u2019environ 500 emplois dans 14 Etats ame\u0301ricains\u2019\u2019.<\/p>\n<p>La Secre\u0301taire au Tre\u0301sor, Janet L. Yellen, effectue une visite au Se\u0301ne\u0301gal, en Zambie et en Afrique du Sud du 17 au 28 janvier. Durant ce se\u0301jour sur le continent, elle \u2018\u2019soulignera le travail de l\u2019administration Biden-Harris pour approfondir les liens e\u0301conomiques entre les E\u0301tats-Unis et l\u2019Afrique, notamment au moyen du de\u0301veloppement des flux commerciaux et d\u2019investissement et de la promotion d\u2019une croissance e\u0301conomique durable et inclusive\u2019\u2019.<\/p>\n<p>L\u2019ambassade ame\u0301ricaine rappelle que \u2018\u2019cette visite fait suite au Sommet des dirigeants Etats-Unis-Afrique qui s\u2019est tenu le mois dernier a\u0300 Washington, et au cours de laquelle le pre\u0301sident Biden a annonce\u0301 plus de 15 milliards de dollars d\u2019engagements, d\u2019accords et de partenariats bilate\u0301raux en matie\u0300re de commerce et d\u2019investissement\u2019\u2019.<\/p>\n<p><strong>Pour plus d&rsquo;informations et d&rsquo;analyses sur la <a href=\"https:\/\/www.africa-press.net\/senegal\">Senegal<\/a>, suivez <a href=\"https:\/\/www.africa-press.net\/\">Africa-Press<\/a><\/strong><\/p>\n","protected":false},"excerpt":{"rendered":"<p>Africa-Press &#8211; Senegal. La Secre\u0301taire ame\u0301ricaine au Tre\u0301sor, Janet L. Yellen, en visite au Se\u0301ne\u0301gal, prononcera ce vendredi \u2018\u2019un discours majeur\u2019\u2019 sur les relations e\u0301conomiques entre les E\u0301tats-Unis et l\u2019Afrique lors d\u2019une visite a\u0300 la De\u0301le\u0301gation ge\u0301ne\u0301rale a\u0300 l\u2019entrepreneuriat rapide des femmes et des jeunes (DER\/FJ), a appris l\u2019APS. La DER\/FJ soutenue par le gouvernement [&hellip;]<\/p>\n","protected":false},"author":82,"featured_media":38300,"comment_status":"open","ping_status":"closed","sticky":false,"template":"","format":"standard","meta":{"footnotes":""},"categories":[2,49,20,10],"tags":[43,47,44],"class_list":["post-38301","post","type-post","status-publish","format-standard","has-post-thumbnail","hentry","category-politique","category-to-homepage","category-top-nouvelles","category-toutes-les-actualites","tag-africa-press-2","tag-africa-press-senegal","tag-senegal-2"],"yoast_head":"<!-- This site is optimized with the Yoast SEO Premium plugin v26.1 (Yoast SEO v27.0) - https:\/\/yoast.com\/product\/yoast-seo-premium-wordpress\/ -->\n<title>La Secr\u00e9taire am\u00e9ricaine au Tr\u00e9sor va prononcer &#039;&#039;un discours majeur\u2019\u2019 sur les relations \u00e9conomiques entre les \u00c9tats-Unis et l\u2019Afrique - Senegal<\/title>\n<meta name=\"description\" content=\"La Secre\u0301taire ame\u0301ricaine au Tre\u0301sor, Janet L. Yellen, en visite au Se\u0301ne\u0301gal, prononcera ce vendredi \u2018\u2019un discours maj ...\" \/>\n<meta name=\"robots\" content=\"index, follow, max-snippet:-1, max-image-preview:large, max-video-preview:-1\" \/>\n<link rel=\"canonical\" href=\"https:\/\/www.africa-press.net\/senegal\/politique\/la-secretaire-americaine-au-tresor-va-prononcer-un-discours-majeur-sur-les-relations-economiques-entre-les-etats-unis-et-lafrique\" \/>\n<meta property=\"og:locale\" content=\"fr_FR\" \/>\n<meta property=\"og:type\" content=\"article\" \/>\n<meta property=\"og:title\" content=\"La Secr\u00e9taire am\u00e9ricaine au Tr\u00e9sor va prononcer &#039;&#039;un discours majeur\u2019\u2019 sur les relations \u00e9conomiques entre les \u00c9tats-Unis et l\u2019Afrique\" \/>\n<meta property=\"og:description\" content=\"La Secre\u0301taire ame\u0301ricaine au Tre\u0301sor, Janet L. Yellen, en visite au Se\u0301ne\u0301gal, prononcera ce vendredi \u2018\u2019un discours maj ...\" \/>\n<meta property=\"og:url\" content=\"https:\/\/www.africa-press.net\/senegal\/politique\/la-secretaire-americaine-au-tresor-va-prononcer-un-discours-majeur-sur-les-relations-economiques-entre-les-etats-unis-et-lafrique\" \/>\n<meta property=\"og:site_name\" content=\"Senegal\" \/>\n<meta property=\"article:published_time\" content=\"2023-01-20T11:24:51+00:00\" \/>\n<meta property=\"article:modified_time\" content=\"2023-01-20T11:53:41+00:00\" \/>\n<meta property=\"og:image\" content=\"https:\/\/static.africa-press.net\/senegal\/sites\/13\/2023\/01\/postQueueImg_1674201310.55.jpg\" \/>\n\t<meta property=\"og:image:width\" content=\"1620\" \/>\n\t<meta property=\"og:image:height\" content=\"925\" \/>\n\t<meta property=\"og:image:type\" content=\"image\/jpeg\" \/>\n<meta name=\"author\" content=\"cfeditorfr\" \/>\n<meta name=\"twitter:card\" content=\"summary_large_image\" \/>\n<meta name=\"twitter:label1\" content=\"\u00c9crit par\" \/>\n\t<meta name=\"twitter:data1\" content=\"cfeditorfr\" \/>\n\t<meta name=\"twitter:label2\" content=\"Dur\u00e9e de lecture estim\u00e9e\" \/>\n\t<meta name=\"twitter:data2\" content=\"3 minutes\" \/>\n<script type=\"application\/ld+json\" class=\"yoast-schema-graph\">{\"@context\":\"https:\/\/schema.org\",\"@graph\":[{\"@type\":\"Article\",\"@id\":\"https:\/\/www.africa-press.net\/senegal\/politique\/la-secretaire-americaine-au-tresor-va-prononcer-un-discours-majeur-sur-les-relations-economiques-entre-les-etats-unis-et-lafrique#article\",\"isPartOf\":{\"@id\":\"https:\/\/www.africa-press.net\/senegal\/politique\/la-secretaire-americaine-au-tresor-va-prononcer-un-discours-majeur-sur-les-relations-economiques-entre-les-etats-unis-et-lafrique\"},\"author\":{\"name\":\"cfeditorfr\",\"@id\":\"https:\/\/www.africa-press.net\/senegal\/#\/schema\/person\/2b1cf3cd81a31e3cd26889ca66d677f1\"},\"headline\":\"La Secr\u00e9taire am\u00e9ricaine au Tr\u00e9sor va prononcer \u00a0\u00bbun discours majeur\u2019\u2019 sur les relations \u00e9conomiques entre les \u00c9tats-Unis et l\u2019Afrique\",\"datePublished\":\"2023-01-20T11:24:51+00:00\",\"dateModified\":\"2023-01-20T11:53:41+00:00\",\"mainEntityOfPage\":{\"@id\":\"https:\/\/www.africa-press.net\/senegal\/politique\/la-secretaire-americaine-au-tresor-va-prononcer-un-discours-majeur-sur-les-relations-economiques-entre-les-etats-unis-et-lafrique\"},\"wordCount\":642,\"commentCount\":0,\"image\":{\"@id\":\"https:\/\/www.africa-press.net\/senegal\/politique\/la-secretaire-americaine-au-tresor-va-prononcer-un-discours-majeur-sur-les-relations-economiques-entre-les-etats-unis-et-lafrique#primaryimage\"},\"thumbnailUrl\":\"https:\/\/static.africa-press.net\/senegal\/sites\/13\/2023\/01\/postQueueImg_1674201310.55.jpg\",\"keywords\":[\"Africa Press\",\"Africa Press-Senegal\",\"Senegal\"],\"articleSection\":[\"Politique\",\"to-homepage\",\"Top Nouvelles\",\"Toutes les actualit\u00e9s\"],\"inLanguage\":\"fr-FR\",\"potentialAction\":[{\"@type\":\"CommentAction\",\"name\":\"Comment\",\"target\":[\"https:\/\/www.africa-press.net\/senegal\/politique\/la-secretaire-americaine-au-tresor-va-prononcer-un-discours-majeur-sur-les-relations-economiques-entre-les-etats-unis-et-lafrique#respond\"]}]},{\"@type\":\"WebPage\",\"@id\":\"https:\/\/www.africa-press.net\/senegal\/politique\/la-secretaire-americaine-au-tresor-va-prononcer-un-discours-majeur-sur-les-relations-economiques-entre-les-etats-unis-et-lafrique\",\"url\":\"https:\/\/www.africa-press.net\/senegal\/politique\/la-secretaire-americaine-au-tresor-va-prononcer-un-discours-majeur-sur-les-relations-economiques-entre-les-etats-unis-et-lafrique\",\"name\":\"La Secr\u00e9taire am\u00e9ricaine au Tr\u00e9sor va prononcer ''un discours majeur\u2019\u2019 sur les relations \u00e9conomiques entre les \u00c9tats-Unis et l\u2019Afrique - Senegal\",\"isPartOf\":{\"@id\":\"https:\/\/www.africa-press.net\/senegal\/#website\"},\"primaryImageOfPage\":{\"@id\":\"https:\/\/www.africa-press.net\/senegal\/politique\/la-secretaire-americaine-au-tresor-va-prononcer-un-discours-majeur-sur-les-relations-economiques-entre-les-etats-unis-et-lafrique#primaryimage\"},\"image\":{\"@id\":\"https:\/\/www.africa-press.net\/senegal\/politique\/la-secretaire-americaine-au-tresor-va-prononcer-un-discours-majeur-sur-les-relations-economiques-entre-les-etats-unis-et-lafrique#primaryimage\"},\"thumbnailUrl\":\"https:\/\/static.africa-press.net\/senegal\/sites\/13\/2023\/01\/postQueueImg_1674201310.55.jpg\",\"datePublished\":\"2023-01-20T11:24:51+00:00\",\"dateModified\":\"2023-01-20T11:53:41+00:00\",\"author\":{\"@id\":\"https:\/\/www.africa-press.net\/senegal\/#\/schema\/person\/2b1cf3cd81a31e3cd26889ca66d677f1\"},\"description\":\"La Secre\u0301taire ame\u0301ricaine au Tre\u0301sor, Janet L. Yellen, en visite au Se\u0301ne\u0301gal, prononcera ce vendredi \u2018\u2019un discours maj ...\",\"breadcrumb\":{\"@id\":\"https:\/\/www.africa-press.net\/senegal\/politique\/la-secretaire-americaine-au-tresor-va-prononcer-un-discours-majeur-sur-les-relations-economiques-entre-les-etats-unis-et-lafrique#breadcrumb\"},\"inLanguage\":\"fr-FR\",\"potentialAction\":[{\"@type\":\"ReadAction\",\"target\":[\"https:\/\/www.africa-press.net\/senegal\/politique\/la-secretaire-americaine-au-tresor-va-prononcer-un-discours-majeur-sur-les-relations-economiques-entre-les-etats-unis-et-lafrique\"]}]},{\"@type\":\"ImageObject\",\"inLanguage\":\"fr-FR\",\"@id\":\"https:\/\/www.africa-press.net\/senegal\/politique\/la-secretaire-americaine-au-tresor-va-prononcer-un-discours-majeur-sur-les-relations-economiques-entre-les-etats-unis-et-lafrique#primaryimage\",\"url\":\"https:\/\/static.africa-press.net\/senegal\/sites\/13\/2023\/01\/postQueueImg_1674201310.55.jpg\",\"contentUrl\":\"https:\/\/static.africa-press.net\/senegal\/sites\/13\/2023\/01\/postQueueImg_1674201310.55.jpg\",\"width\":1620,\"height\":925,\"caption\":\"La Secr\u00e9taire am\u00e9ricaine au Tr\u00e9sor va prononcer ''un discours majeur\u2019\u2019 sur les relations \u00e9conomiques entre les \u00c9tats-Unis et l\u2019Afrique\"},{\"@type\":\"BreadcrumbList\",\"@id\":\"https:\/\/www.africa-press.net\/senegal\/politique\/la-secretaire-americaine-au-tresor-va-prononcer-un-discours-majeur-sur-les-relations-economiques-entre-les-etats-unis-et-lafrique#breadcrumb\",\"itemListElement\":[{\"@type\":\"ListItem\",\"position\":1,\"name\":\"Accueil\",\"item\":\"https:\/\/www.africa-press.net\/senegal\/\"},{\"@type\":\"ListItem\",\"position\":2,\"name\":\"La Secr\u00e9taire am\u00e9ricaine au Tr\u00e9sor va prononcer \u00a0\u00bbun discours majeur\u2019\u2019 sur les relations \u00e9conomiques entre les \u00c9tats-Unis et l\u2019Afrique\"}]},{\"@type\":\"WebSite\",\"@id\":\"https:\/\/www.africa-press.net\/senegal\/#website\",\"url\":\"https:\/\/www.africa-press.net\/senegal\/\",\"name\":\"Africa Press | Senegal | Homepage\",\"description\":\"Just another Africa News Agency Sites site\",\"potentialAction\":[{\"@type\":\"SearchAction\",\"target\":{\"@type\":\"EntryPoint\",\"urlTemplate\":\"https:\/\/www.africa-press.net\/senegal\/?s={search_term_string}\"},\"query-input\":{\"@type\":\"PropertyValueSpecification\",\"valueRequired\":true,\"valueName\":\"search_term_string\"}}],\"inLanguage\":\"fr-FR\"},{\"@type\":\"Person\",\"@id\":\"https:\/\/www.africa-press.net\/senegal\/#\/schema\/person\/2b1cf3cd81a31e3cd26889ca66d677f1\",\"name\":\"cfeditorfr\",\"url\":\"https:\/\/www.africa-press.net\/senegal\/author\/cfeditorfr\"}]}<\/script>\n<!-- \/ Yoast SEO Premium plugin. -->","yoast_head_json":{"title":"La Secr\u00e9taire am\u00e9ricaine au Tr\u00e9sor va prononcer ''un discours majeur\u2019\u2019 sur les relations \u00e9conomiques entre les \u00c9tats-Unis et l\u2019Afrique - Senegal","description":"La Secre\u0301taire ame\u0301ricaine au Tre\u0301sor, Janet L. Yellen, en visite au Se\u0301ne\u0301gal, prononcera ce vendredi \u2018\u2019un discours maj ...","robots":{"index":"index","follow":"follow","max-snippet":"max-snippet:-1","max-image-preview":"max-image-preview:large","max-video-preview":"max-video-preview:-1"},"canonical":"https:\/\/www.africa-press.net\/senegal\/politique\/la-secretaire-americaine-au-tresor-va-prononcer-un-discours-majeur-sur-les-relations-economiques-entre-les-etats-unis-et-lafrique","og_locale":"fr_FR","og_type":"article","og_title":"La Secr\u00e9taire am\u00e9ricaine au Tr\u00e9sor va prononcer ''un discours majeur\u2019\u2019 sur les relations \u00e9conomiques entre les \u00c9tats-Unis et l\u2019Afrique","og_description":"La Secre\u0301taire ame\u0301ricaine au Tre\u0301sor, Janet L. Yellen, en visite au Se\u0301ne\u0301gal, prononcera ce vendredi \u2018\u2019un discours maj ...","og_url":"https:\/\/www.africa-press.net\/senegal\/politique\/la-secretaire-americaine-au-tresor-va-prononcer-un-discours-majeur-sur-les-relations-economiques-entre-les-etats-unis-et-lafrique","og_site_name":"Senegal","article_published_time":"2023-01-20T11:24:51+00:00","article_modified_time":"2023-01-20T11:53:41+00:00","og_image":[{"width":1620,"height":925,"url":"https:\/\/static.africa-press.net\/senegal\/sites\/13\/2023\/01\/postQueueImg_1674201310.55.jpg","type":"image\/jpeg"}],"author":"cfeditorfr","twitter_card":"summary_large_image","twitter_misc":{"\u00c9crit par":"cfeditorfr","Dur\u00e9e de lecture estim\u00e9e":"3 minutes"},"schema":{"@context":"https:\/\/schema.org","@graph":[{"@type":"Article","@id":"https:\/\/www.africa-press.net\/senegal\/politique\/la-secretaire-americaine-au-tresor-va-prononcer-un-discours-majeur-sur-les-relations-economiques-entre-les-etats-unis-et-lafrique#article","isPartOf":{"@id":"https:\/\/www.africa-press.net\/senegal\/politique\/la-secretaire-americaine-au-tresor-va-prononcer-un-discours-majeur-sur-les-relations-economiques-entre-les-etats-unis-et-lafrique"},"author":{"name":"cfeditorfr","@id":"https:\/\/www.africa-press.net\/senegal\/#\/schema\/person\/2b1cf3cd81a31e3cd26889ca66d677f1"},"headline":"La Secr\u00e9taire am\u00e9ricaine au Tr\u00e9sor va prononcer \u00a0\u00bbun discours majeur\u2019\u2019 sur les relations \u00e9conomiques entre les \u00c9tats-Unis et l\u2019Afrique","datePublished":"2023-01-20T11:24:51+00:00","dateModified":"2023-01-20T11:53:41+00:00","mainEntityOfPage":{"@id":"https:\/\/www.africa-press.net\/senegal\/politique\/la-secretaire-americaine-au-tresor-va-prononcer-un-discours-majeur-sur-les-relations-economiques-entre-les-etats-unis-et-lafrique"},"wordCount":642,"commentCount":0,"image":{"@id":"https:\/\/www.africa-press.net\/senegal\/politique\/la-secretaire-americaine-au-tresor-va-prononcer-un-discours-majeur-sur-les-relations-economiques-entre-les-etats-unis-et-lafrique#primaryimage"},"thumbnailUrl":"https:\/\/static.africa-press.net\/senegal\/sites\/13\/2023\/01\/postQueueImg_1674201310.55.jpg","keywords":["Africa Press","Africa Press-Senegal","Senegal"],"articleSection":["Politique","to-homepage","Top Nouvelles","Toutes les actualit\u00e9s"],"inLanguage":"fr-FR","potentialAction":[{"@type":"CommentAction","name":"Comment","target":["https:\/\/www.africa-press.net\/senegal\/politique\/la-secretaire-americaine-au-tresor-va-prononcer-un-discours-majeur-sur-les-relations-economiques-entre-les-etats-unis-et-lafrique#respond"]}]},{"@type":"WebPage","@id":"https:\/\/www.africa-press.net\/senegal\/politique\/la-secretaire-americaine-au-tresor-va-prononcer-un-discours-majeur-sur-les-relations-economiques-entre-les-etats-unis-et-lafrique","url":"https:\/\/www.africa-press.net\/senegal\/politique\/la-secretaire-americaine-au-tresor-va-prononcer-un-discours-majeur-sur-les-relations-economiques-entre-les-etats-unis-et-lafrique","name":"La Secr\u00e9taire am\u00e9ricaine au Tr\u00e9sor va prononcer ''un discours majeur\u2019\u2019 sur les relations \u00e9conomiques entre les \u00c9tats-Unis et l\u2019Afrique - Senegal","isPartOf":{"@id":"https:\/\/www.africa-press.net\/senegal\/#website"},"primaryImageOfPage":{"@id":"https:\/\/www.africa-press.net\/senegal\/politique\/la-secretaire-americaine-au-tresor-va-prononcer-un-discours-majeur-sur-les-relations-economiques-entre-les-etats-unis-et-lafrique#primaryimage"},"image":{"@id":"https:\/\/www.africa-press.net\/senegal\/politique\/la-secretaire-americaine-au-tresor-va-prononcer-un-discours-majeur-sur-les-relations-economiques-entre-les-etats-unis-et-lafrique#primaryimage"},"thumbnailUrl":"https:\/\/static.africa-press.net\/senegal\/sites\/13\/2023\/01\/postQueueImg_1674201310.55.jpg","datePublished":"2023-01-20T11:24:51+00:00","dateModified":"2023-01-20T11:53:41+00:00","author":{"@id":"https:\/\/www.africa-press.net\/senegal\/#\/schema\/person\/2b1cf3cd81a31e3cd26889ca66d677f1"},"description":"La Secre\u0301taire ame\u0301ricaine au Tre\u0301sor, Janet L. Yellen, en visite au Se\u0301ne\u0301gal, prononcera ce vendredi \u2018\u2019un discours maj ...","breadcrumb":{"@id":"https:\/\/www.africa-press.net\/senegal\/politique\/la-secretaire-americaine-au-tresor-va-prononcer-un-discours-majeur-sur-les-relations-economiques-entre-les-etats-unis-et-lafrique#breadcrumb"},"inLanguage":"fr-FR","potentialAction":[{"@type":"ReadAction","target":["https:\/\/www.africa-press.net\/senegal\/politique\/la-secretaire-americaine-au-tresor-va-prononcer-un-discours-majeur-sur-les-relations-economiques-entre-les-etats-unis-et-lafrique"]}]},{"@type":"ImageObject","inLanguage":"fr-FR","@id":"https:\/\/www.africa-press.net\/senegal\/politique\/la-secretaire-americaine-au-tresor-va-prononcer-un-discours-majeur-sur-les-relations-economiques-entre-les-etats-unis-et-lafrique#primaryimage","url":"https:\/\/static.africa-press.net\/senegal\/sites\/13\/2023\/01\/postQueueImg_1674201310.55.jpg","contentUrl":"https:\/\/static.africa-press.net\/senegal\/sites\/13\/2023\/01\/postQueueImg_1674201310.55.jpg","width":1620,"height":925,"caption":"La Secr\u00e9taire am\u00e9ricaine au Tr\u00e9sor va prononcer ''un discours majeur\u2019\u2019 sur les relations \u00e9conomiques entre les \u00c9tats-Unis et l\u2019Afrique"},{"@type":"BreadcrumbList","@id":"https:\/\/www.africa-press.net\/senegal\/politique\/la-secretaire-americaine-au-tresor-va-prononcer-un-discours-majeur-sur-les-relations-economiques-entre-les-etats-unis-et-lafrique#breadcrumb","itemListElement":[{"@type":"ListItem","position":1,"name":"Accueil","item":"https:\/\/www.africa-press.net\/senegal\/"},{"@type":"ListItem","position":2,"name":"La Secr\u00e9taire am\u00e9ricaine au Tr\u00e9sor va prononcer \u00a0\u00bbun discours majeur\u2019\u2019 sur les relations \u00e9conomiques entre les \u00c9tats-Unis et l\u2019Afrique"}]},{"@type":"WebSite","@id":"https:\/\/www.africa-press.net\/senegal\/#website","url":"https:\/\/www.africa-press.net\/senegal\/","name":"Africa Press | Senegal | Homepage","description":"Just another Africa News Agency Sites site","potentialAction":[{"@type":"SearchAction","target":{"@type":"EntryPoint","urlTemplate":"https:\/\/www.africa-press.net\/senegal\/?s={search_term_string}"},"query-input":{"@type":"PropertyValueSpecification","valueRequired":true,"valueName":"search_term_string"}}],"inLanguage":"fr-FR"},{"@type":"Person","@id":"https:\/\/www.africa-press.net\/senegal\/#\/schema\/person\/2b1cf3cd81a31e3cd26889ca66d677f1","name":"cfeditorfr","url":"https:\/\/www.africa-press.net\/senegal\/author\/cfeditorfr"}]}},"_links":{"self":[{"href":"https:\/\/www.africa-press.net\/senegal\/wp-json\/wp\/v2\/posts\/38301","targetHints":{"allow":["GET"]}}],"collection":[{"href":"https:\/\/www.africa-press.net\/senegal\/wp-json\/wp\/v2\/posts"}],"about":[{"href":"https:\/\/www.africa-press.net\/senegal\/wp-json\/wp\/v2\/types\/post"}],"author":[{"embeddable":true,"href":"https:\/\/www.africa-press.net\/senegal\/wp-json\/wp\/v2\/users\/82"}],"replies":[{"embeddable":true,"href":"https:\/\/www.africa-press.net\/senegal\/wp-json\/wp\/v2\/comments?post=38301"}],"version-history":[{"count":0,"href":"https:\/\/www.africa-press.net\/senegal\/wp-json\/wp\/v2\/posts\/38301\/revisions"}],"wp:featuredmedia":[{"embeddable":true,"href":"https:\/\/www.africa-press.net\/senegal\/wp-json\/wp\/v2\/media\/38300"}],"wp:attachment":[{"href":"https:\/\/www.africa-press.net\/senegal\/wp-json\/wp\/v2\/media?parent=38301"}],"wp:term":[{"taxonomy":"category","embeddable":true,"href":"https:\/\/www.africa-press.net\/senegal\/wp-json\/wp\/v2\/categories?post=38301"},{"taxonomy":"post_tag","embeddable":true,"href":"https:\/\/www.africa-press.net\/senegal\/wp-json\/wp\/v2\/tags?post=38301"}],"curies":[{"name":"wp","href":"https:\/\/api.w.org\/{rel}","templated":true}]}}