{"id":38331,"date":"2023-01-20T18:22:31","date_gmt":"2023-01-20T18:22:31","guid":{"rendered":"https:\/\/www.africa-press.net\/senegal\/politique\/chan-le-senegal-doit-imperativement-gagner-devant-la-rdc-dimanche-moussa-ndiaye"},"modified":"2023-01-20T18:22:31","modified_gmt":"2023-01-20T18:22:31","slug":"chan-le-senegal-doit-imperativement-gagner-devant-la-rdc-dimanche-moussa-ndiaye","status":"publish","type":"post","link":"https:\/\/www.africa-press.net\/senegal\/sports\/chan-le-senegal-doit-imperativement-gagner-devant-la-rdc-dimanche-moussa-ndiaye","title":{"rendered":"CHAN: le S\u00e9n\u00e9gal doit \u00a0\u00bbimp\u00e9rativement\u00a0\u00bb gagner devant la RDC, dimanche (Moussa Ndiaye)"},"content":{"rendered":"<p><span style=\"color: #ff6600\"><strong>Africa-Press &#8211; Senegal. <\/strong><\/span>Le Se\u0301ne\u0301gal doit \u2018\u2019impe\u0301rativement\u2019\u2019 gagner contre la Re\u0301publique De\u0301mocratique du Congo (RDC), pre\u0301vu dimanche a\u0300 19 heures, dans leur confrontation lors de la troisie\u0300me et dernie\u0300re journe\u0301e de la poule B du Championnat d\u2019Afrique des Nations (CHAN) qui se joue en Alge\u0301rie, a indique\u0301, son milieu de terrain Moussa Ndiaye.<\/p>\n<p>\u2018\u2019C\u2019est un match a\u0300 trois points imme\u0301diats et il faut impe\u0301rativement, le gagner. Nous aurons en face de nous, un adversaire qui veut se qualifier, mais on va se concentrer sur notre travail\u2019\u2019 a de\u0301clare\u0301 le joueur, joint par te\u0301le\u0301phone.<\/p>\n<p>Le milieu de terrain des Lions locaux, jusque-la\u0300, seul buteur du Se\u0301ne\u0301gal dans ce CHAN lors de la victoire contre la Cote d\u2019Ivoire (1-0), compare ce match de dimanche a\u0300 une finale.<\/p>\n<p>\u2018\u2019Le mot d\u2019ordre, c\u2019est de venir jouer avec rigueur, se\u0301re\u0301nite\u0301, de\u0301termination et calme. Ce match est une finale aussi bien pour le Se\u0301ne\u0301gal que pour la RDC. Il nous faut plus de concentration pour s\u2019imposer devant cette e\u0301quipe\u2019\u2019 a-t-il insiste\u0301.<\/p>\n<p>Le Se\u0301ne\u0301gal est 2 e\u0300me de la poule B a\u0300 e\u0301galite\u0301 de point avec son adversaire la RDC.<\/p>\n<p>\u2018\u2019Une victoire face aux Le\u0301opards s\u2019impose. On veut aller le plus loin possible dans cette compe\u0301tition. Notre objectif, c\u2019est au minimum d\u2019aller en finale. Mais pour l\u2019atteindre, il faut d\u2019abord une victoire face a\u0300 cette e\u0301quipe de la RDC\u2019\u2019 a indique\u0301 le milieu de terrain.<\/p>\n<p>Dans ce CHAN, le Se\u0301ne\u0301gal a battu la Cote d\u2019Ivoire (1-0), avant de s\u2019incliner devant l\u2019Ouganda (0-1).<\/p>\n<p>Dans cette poule B, l\u2019Ouganda est en te\u0302te avec 4 points.<\/p>\n<p><strong>Pour plus d&rsquo;informations et d&rsquo;analyses sur la <a href=\"https:\/\/www.africa-press.net\/senegal\">Senegal<\/a>, suivez <a href=\"https:\/\/www.africa-press.net\/\">Africa-Press<\/a><\/strong><\/p>\n","protected":false},"excerpt":{"rendered":"<p>Africa-Press &#8211; Senegal. Le Se\u0301ne\u0301gal doit \u2018\u2019impe\u0301rativement\u2019\u2019 gagner contre la Re\u0301publique De\u0301mocratique du Congo (RDC), pre\u0301vu dimanche a\u0300 19 heures, dans leur confrontation lors de la troisie\u0300me et dernie\u0300re journe\u0301e de la poule B du Championnat d\u2019Afrique des Nations (CHAN) qui se joue en Alge\u0301rie, a indique\u0301, son milieu de terrain Moussa Ndiaye. \u2018\u2019C\u2019est un [&hellip;]<\/p>\n","protected":false},"author":82,"featured_media":38330,"comment_status":"open","ping_status":"closed","sticky":false,"template":"","format":"standard","meta":{"footnotes":""},"categories":[6,10],"tags":[43,47,44],"class_list":["post-38331","post","type-post","status-publish","format-standard","has-post-thumbnail","hentry","category-sports","category-toutes-les-actualites","tag-africa-press-2","tag-africa-press-senegal","tag-senegal-2"],"yoast_head":"<!-- This site is optimized with the Yoast SEO Premium plugin v26.1 (Yoast SEO v27.0) - https:\/\/yoast.com\/product\/yoast-seo-premium-wordpress\/ -->\n<title>CHAN: le S\u00e9n\u00e9gal doit &#039;&#039;imp\u00e9rativement&#039;&#039; gagner devant la RDC, dimanche (Moussa Ndiaye) - Senegal<\/title>\n<meta name=\"robots\" content=\"index, follow, max-snippet:-1, max-image-preview:large, max-video-preview:-1\" \/>\n<link rel=\"canonical\" href=\"https:\/\/www.africa-press.net\/senegal\/politique\/chan-le-senegal-doit-imperativement-gagner-devant-la-rdc-dimanche-moussa-ndiaye\" \/>\n<meta property=\"og:locale\" content=\"fr_FR\" \/>\n<meta property=\"og:type\" content=\"article\" \/>\n<meta property=\"og:title\" content=\"CHAN: le S\u00e9n\u00e9gal doit &#039;&#039;imp\u00e9rativement&#039;&#039; gagner devant la RDC, dimanche (Moussa Ndiaye)\" \/>\n<meta property=\"og:description\" content=\"Africa-Press &#8211; Senegal. Le Se\u0301ne\u0301gal doit \u2018\u2019impe\u0301rativement\u2019\u2019 gagner contre la Re\u0301publique De\u0301mocratique du Congo (RDC), pre\u0301vu dimanche a\u0300 19 heures, dans leur confrontation lors de la troisie\u0300me et dernie\u0300re journe\u0301e de la poule B du Championnat d\u2019Afrique des Nations (CHAN) qui se joue en Alge\u0301rie, a indique\u0301, son milieu de terrain Moussa Ndiaye. \u2018\u2019C\u2019est un [&hellip;]\" \/>\n<meta property=\"og:url\" content=\"https:\/\/www.africa-press.net\/senegal\/politique\/chan-le-senegal-doit-imperativement-gagner-devant-la-rdc-dimanche-moussa-ndiaye\" \/>\n<meta property=\"og:site_name\" content=\"Senegal\" \/>\n<meta property=\"article:published_time\" content=\"2023-01-20T18:22:31+00:00\" \/>\n<meta name=\"author\" content=\"cfeditorfr\" \/>\n<meta name=\"twitter:card\" content=\"summary_large_image\" \/>\n<meta name=\"twitter:label1\" content=\"\u00c9crit par\" \/>\n\t<meta name=\"twitter:data1\" content=\"cfeditorfr\" \/>\n\t<meta name=\"twitter:label2\" content=\"Dur\u00e9e de lecture estim\u00e9e\" \/>\n\t<meta name=\"twitter:data2\" content=\"2 minutes\" \/>\n<script type=\"application\/ld+json\" class=\"yoast-schema-graph\">{\"@context\":\"https:\/\/schema.org\",\"@graph\":[{\"@type\":\"Article\",\"@id\":\"https:\/\/www.africa-press.net\/senegal\/politique\/chan-le-senegal-doit-imperativement-gagner-devant-la-rdc-dimanche-moussa-ndiaye#article\",\"isPartOf\":{\"@id\":\"https:\/\/www.africa-press.net\/senegal\/politique\/chan-le-senegal-doit-imperativement-gagner-devant-la-rdc-dimanche-moussa-ndiaye\"},\"author\":{\"name\":\"cfeditorfr\",\"@id\":\"https:\/\/www.africa-press.net\/senegal\/#\/schema\/person\/2b1cf3cd81a31e3cd26889ca66d677f1\"},\"headline\":\"CHAN: le S\u00e9n\u00e9gal doit \u00a0\u00bbimp\u00e9rativement\u00a0\u00bb gagner devant la RDC, dimanche (Moussa Ndiaye)\",\"datePublished\":\"2023-01-20T18:22:31+00:00\",\"mainEntityOfPage\":{\"@id\":\"https:\/\/www.africa-press.net\/senegal\/politique\/chan-le-senegal-doit-imperativement-gagner-devant-la-rdc-dimanche-moussa-ndiaye\"},\"wordCount\":328,\"commentCount\":0,\"image\":{\"@id\":\"https:\/\/www.africa-press.net\/senegal\/politique\/chan-le-senegal-doit-imperativement-gagner-devant-la-rdc-dimanche-moussa-ndiaye#primaryimage\"},\"thumbnailUrl\":\"https:\/\/static.africa-press.net\/senegal\/sites\/13\/2023\/01\/postQueueImg_1674226364.96.jpg\",\"keywords\":[\"Africa Press\",\"Africa Press-Senegal\",\"Senegal\"],\"articleSection\":[\"Sports\",\"Toutes les actualit\u00e9s\"],\"inLanguage\":\"fr-FR\",\"potentialAction\":[{\"@type\":\"CommentAction\",\"name\":\"Comment\",\"target\":[\"https:\/\/www.africa-press.net\/senegal\/politique\/chan-le-senegal-doit-imperativement-gagner-devant-la-rdc-dimanche-moussa-ndiaye#respond\"]}]},{\"@type\":\"WebPage\",\"@id\":\"https:\/\/www.africa-press.net\/senegal\/politique\/chan-le-senegal-doit-imperativement-gagner-devant-la-rdc-dimanche-moussa-ndiaye\",\"url\":\"https:\/\/www.africa-press.net\/senegal\/politique\/chan-le-senegal-doit-imperativement-gagner-devant-la-rdc-dimanche-moussa-ndiaye\",\"name\":\"CHAN: le S\u00e9n\u00e9gal doit ''imp\u00e9rativement'' gagner devant la RDC, dimanche (Moussa Ndiaye) - Senegal\",\"isPartOf\":{\"@id\":\"https:\/\/www.africa-press.net\/senegal\/#website\"},\"primaryImageOfPage\":{\"@id\":\"https:\/\/www.africa-press.net\/senegal\/politique\/chan-le-senegal-doit-imperativement-gagner-devant-la-rdc-dimanche-moussa-ndiaye#primaryimage\"},\"image\":{\"@id\":\"https:\/\/www.africa-press.net\/senegal\/politique\/chan-le-senegal-doit-imperativement-gagner-devant-la-rdc-dimanche-moussa-ndiaye#primaryimage\"},\"thumbnailUrl\":\"https:\/\/static.africa-press.net\/senegal\/sites\/13\/2023\/01\/postQueueImg_1674226364.96.jpg\",\"datePublished\":\"2023-01-20T18:22:31+00:00\",\"author\":{\"@id\":\"https:\/\/www.africa-press.net\/senegal\/#\/schema\/person\/2b1cf3cd81a31e3cd26889ca66d677f1\"},\"breadcrumb\":{\"@id\":\"https:\/\/www.africa-press.net\/senegal\/politique\/chan-le-senegal-doit-imperativement-gagner-devant-la-rdc-dimanche-moussa-ndiaye#breadcrumb\"},\"inLanguage\":\"fr-FR\",\"potentialAction\":[{\"@type\":\"ReadAction\",\"target\":[\"https:\/\/www.africa-press.net\/senegal\/politique\/chan-le-senegal-doit-imperativement-gagner-devant-la-rdc-dimanche-moussa-ndiaye\"]}]},{\"@type\":\"ImageObject\",\"inLanguage\":\"fr-FR\",\"@id\":\"https:\/\/www.africa-press.net\/senegal\/politique\/chan-le-senegal-doit-imperativement-gagner-devant-la-rdc-dimanche-moussa-ndiaye#primaryimage\",\"url\":\"https:\/\/static.africa-press.net\/senegal\/sites\/13\/2023\/01\/postQueueImg_1674226364.96.jpg\",\"contentUrl\":\"https:\/\/static.africa-press.net\/senegal\/sites\/13\/2023\/01\/postQueueImg_1674226364.96.jpg\",\"width\":1620,\"height\":925,\"caption\":\"CHAN: le S\u00e9n\u00e9gal doit ''imp\u00e9rativement'' gagner devant la RDC, dimanche (Moussa Ndiaye)\"},{\"@type\":\"BreadcrumbList\",\"@id\":\"https:\/\/www.africa-press.net\/senegal\/politique\/chan-le-senegal-doit-imperativement-gagner-devant-la-rdc-dimanche-moussa-ndiaye#breadcrumb\",\"itemListElement\":[{\"@type\":\"ListItem\",\"position\":1,\"name\":\"Accueil\",\"item\":\"https:\/\/www.africa-press.net\/senegal\/\"},{\"@type\":\"ListItem\",\"position\":2,\"name\":\"CHAN: le S\u00e9n\u00e9gal doit \u00a0\u00bbimp\u00e9rativement\u00a0\u00bb gagner devant la RDC, dimanche (Moussa Ndiaye)\"}]},{\"@type\":\"WebSite\",\"@id\":\"https:\/\/www.africa-press.net\/senegal\/#website\",\"url\":\"https:\/\/www.africa-press.net\/senegal\/\",\"name\":\"Africa Press | Senegal | Homepage\",\"description\":\"Just another Africa News Agency Sites site\",\"potentialAction\":[{\"@type\":\"SearchAction\",\"target\":{\"@type\":\"EntryPoint\",\"urlTemplate\":\"https:\/\/www.africa-press.net\/senegal\/?s={search_term_string}\"},\"query-input\":{\"@type\":\"PropertyValueSpecification\",\"valueRequired\":true,\"valueName\":\"search_term_string\"}}],\"inLanguage\":\"fr-FR\"},{\"@type\":\"Person\",\"@id\":\"https:\/\/www.africa-press.net\/senegal\/#\/schema\/person\/2b1cf3cd81a31e3cd26889ca66d677f1\",\"name\":\"cfeditorfr\",\"url\":\"https:\/\/www.africa-press.net\/senegal\/author\/cfeditorfr\"}]}<\/script>\n<!-- \/ Yoast SEO Premium plugin. -->","yoast_head_json":{"title":"CHAN: le S\u00e9n\u00e9gal doit ''imp\u00e9rativement'' gagner devant la RDC, dimanche (Moussa Ndiaye) - Senegal","robots":{"index":"index","follow":"follow","max-snippet":"max-snippet:-1","max-image-preview":"max-image-preview:large","max-video-preview":"max-video-preview:-1"},"canonical":"https:\/\/www.africa-press.net\/senegal\/politique\/chan-le-senegal-doit-imperativement-gagner-devant-la-rdc-dimanche-moussa-ndiaye","og_locale":"fr_FR","og_type":"article","og_title":"CHAN: le S\u00e9n\u00e9gal doit ''imp\u00e9rativement'' gagner devant la RDC, dimanche (Moussa Ndiaye)","og_description":"Africa-Press &#8211; Senegal. Le Se\u0301ne\u0301gal doit \u2018\u2019impe\u0301rativement\u2019\u2019 gagner contre la Re\u0301publique De\u0301mocratique du Congo (RDC), pre\u0301vu dimanche a\u0300 19 heures, dans leur confrontation lors de la troisie\u0300me et dernie\u0300re journe\u0301e de la poule B du Championnat d\u2019Afrique des Nations (CHAN) qui se joue en Alge\u0301rie, a indique\u0301, son milieu de terrain Moussa Ndiaye. \u2018\u2019C\u2019est un [&hellip;]","og_url":"https:\/\/www.africa-press.net\/senegal\/politique\/chan-le-senegal-doit-imperativement-gagner-devant-la-rdc-dimanche-moussa-ndiaye","og_site_name":"Senegal","article_published_time":"2023-01-20T18:22:31+00:00","author":"cfeditorfr","twitter_card":"summary_large_image","twitter_misc":{"\u00c9crit par":"cfeditorfr","Dur\u00e9e de lecture estim\u00e9e":"2 minutes"},"schema":{"@context":"https:\/\/schema.org","@graph":[{"@type":"Article","@id":"https:\/\/www.africa-press.net\/senegal\/politique\/chan-le-senegal-doit-imperativement-gagner-devant-la-rdc-dimanche-moussa-ndiaye#article","isPartOf":{"@id":"https:\/\/www.africa-press.net\/senegal\/politique\/chan-le-senegal-doit-imperativement-gagner-devant-la-rdc-dimanche-moussa-ndiaye"},"author":{"name":"cfeditorfr","@id":"https:\/\/www.africa-press.net\/senegal\/#\/schema\/person\/2b1cf3cd81a31e3cd26889ca66d677f1"},"headline":"CHAN: le S\u00e9n\u00e9gal doit \u00a0\u00bbimp\u00e9rativement\u00a0\u00bb gagner devant la RDC, dimanche (Moussa Ndiaye)","datePublished":"2023-01-20T18:22:31+00:00","mainEntityOfPage":{"@id":"https:\/\/www.africa-press.net\/senegal\/politique\/chan-le-senegal-doit-imperativement-gagner-devant-la-rdc-dimanche-moussa-ndiaye"},"wordCount":328,"commentCount":0,"image":{"@id":"https:\/\/www.africa-press.net\/senegal\/politique\/chan-le-senegal-doit-imperativement-gagner-devant-la-rdc-dimanche-moussa-ndiaye#primaryimage"},"thumbnailUrl":"https:\/\/static.africa-press.net\/senegal\/sites\/13\/2023\/01\/postQueueImg_1674226364.96.jpg","keywords":["Africa Press","Africa Press-Senegal","Senegal"],"articleSection":["Sports","Toutes les actualit\u00e9s"],"inLanguage":"fr-FR","potentialAction":[{"@type":"CommentAction","name":"Comment","target":["https:\/\/www.africa-press.net\/senegal\/politique\/chan-le-senegal-doit-imperativement-gagner-devant-la-rdc-dimanche-moussa-ndiaye#respond"]}]},{"@type":"WebPage","@id":"https:\/\/www.africa-press.net\/senegal\/politique\/chan-le-senegal-doit-imperativement-gagner-devant-la-rdc-dimanche-moussa-ndiaye","url":"https:\/\/www.africa-press.net\/senegal\/politique\/chan-le-senegal-doit-imperativement-gagner-devant-la-rdc-dimanche-moussa-ndiaye","name":"CHAN: le S\u00e9n\u00e9gal doit ''imp\u00e9rativement'' gagner devant la RDC, dimanche (Moussa Ndiaye) - Senegal","isPartOf":{"@id":"https:\/\/www.africa-press.net\/senegal\/#website"},"primaryImageOfPage":{"@id":"https:\/\/www.africa-press.net\/senegal\/politique\/chan-le-senegal-doit-imperativement-gagner-devant-la-rdc-dimanche-moussa-ndiaye#primaryimage"},"image":{"@id":"https:\/\/www.africa-press.net\/senegal\/politique\/chan-le-senegal-doit-imperativement-gagner-devant-la-rdc-dimanche-moussa-ndiaye#primaryimage"},"thumbnailUrl":"https:\/\/static.africa-press.net\/senegal\/sites\/13\/2023\/01\/postQueueImg_1674226364.96.jpg","datePublished":"2023-01-20T18:22:31+00:00","author":{"@id":"https:\/\/www.africa-press.net\/senegal\/#\/schema\/person\/2b1cf3cd81a31e3cd26889ca66d677f1"},"breadcrumb":{"@id":"https:\/\/www.africa-press.net\/senegal\/politique\/chan-le-senegal-doit-imperativement-gagner-devant-la-rdc-dimanche-moussa-ndiaye#breadcrumb"},"inLanguage":"fr-FR","potentialAction":[{"@type":"ReadAction","target":["https:\/\/www.africa-press.net\/senegal\/politique\/chan-le-senegal-doit-imperativement-gagner-devant-la-rdc-dimanche-moussa-ndiaye"]}]},{"@type":"ImageObject","inLanguage":"fr-FR","@id":"https:\/\/www.africa-press.net\/senegal\/politique\/chan-le-senegal-doit-imperativement-gagner-devant-la-rdc-dimanche-moussa-ndiaye#primaryimage","url":"https:\/\/static.africa-press.net\/senegal\/sites\/13\/2023\/01\/postQueueImg_1674226364.96.jpg","contentUrl":"https:\/\/static.africa-press.net\/senegal\/sites\/13\/2023\/01\/postQueueImg_1674226364.96.jpg","width":1620,"height":925,"caption":"CHAN: le S\u00e9n\u00e9gal doit ''imp\u00e9rativement'' gagner devant la RDC, dimanche (Moussa Ndiaye)"},{"@type":"BreadcrumbList","@id":"https:\/\/www.africa-press.net\/senegal\/politique\/chan-le-senegal-doit-imperativement-gagner-devant-la-rdc-dimanche-moussa-ndiaye#breadcrumb","itemListElement":[{"@type":"ListItem","position":1,"name":"Accueil","item":"https:\/\/www.africa-press.net\/senegal\/"},{"@type":"ListItem","position":2,"name":"CHAN: le S\u00e9n\u00e9gal doit \u00a0\u00bbimp\u00e9rativement\u00a0\u00bb gagner devant la RDC, dimanche (Moussa Ndiaye)"}]},{"@type":"WebSite","@id":"https:\/\/www.africa-press.net\/senegal\/#website","url":"https:\/\/www.africa-press.net\/senegal\/","name":"Africa Press | Senegal | Homepage","description":"Just another Africa News Agency Sites site","potentialAction":[{"@type":"SearchAction","target":{"@type":"EntryPoint","urlTemplate":"https:\/\/www.africa-press.net\/senegal\/?s={search_term_string}"},"query-input":{"@type":"PropertyValueSpecification","valueRequired":true,"valueName":"search_term_string"}}],"inLanguage":"fr-FR"},{"@type":"Person","@id":"https:\/\/www.africa-press.net\/senegal\/#\/schema\/person\/2b1cf3cd81a31e3cd26889ca66d677f1","name":"cfeditorfr","url":"https:\/\/www.africa-press.net\/senegal\/author\/cfeditorfr"}]}},"_links":{"self":[{"href":"https:\/\/www.africa-press.net\/senegal\/wp-json\/wp\/v2\/posts\/38331","targetHints":{"allow":["GET"]}}],"collection":[{"href":"https:\/\/www.africa-press.net\/senegal\/wp-json\/wp\/v2\/posts"}],"about":[{"href":"https:\/\/www.africa-press.net\/senegal\/wp-json\/wp\/v2\/types\/post"}],"author":[{"embeddable":true,"href":"https:\/\/www.africa-press.net\/senegal\/wp-json\/wp\/v2\/users\/82"}],"replies":[{"embeddable":true,"href":"https:\/\/www.africa-press.net\/senegal\/wp-json\/wp\/v2\/comments?post=38331"}],"version-history":[{"count":0,"href":"https:\/\/www.africa-press.net\/senegal\/wp-json\/wp\/v2\/posts\/38331\/revisions"}],"wp:featuredmedia":[{"embeddable":true,"href":"https:\/\/www.africa-press.net\/senegal\/wp-json\/wp\/v2\/media\/38330"}],"wp:attachment":[{"href":"https:\/\/www.africa-press.net\/senegal\/wp-json\/wp\/v2\/media?parent=38331"}],"wp:term":[{"taxonomy":"category","embeddable":true,"href":"https:\/\/www.africa-press.net\/senegal\/wp-json\/wp\/v2\/categories?post=38331"},{"taxonomy":"post_tag","embeddable":true,"href":"https:\/\/www.africa-press.net\/senegal\/wp-json\/wp\/v2\/tags?post=38331"}],"curies":[{"name":"wp","href":"https:\/\/api.w.org\/{rel}","templated":true}]}}