{"id":38333,"date":"2023-01-20T18:23:46","date_gmt":"2023-01-20T18:23:46","guid":{"rendered":"https:\/\/www.africa-press.net\/senegal\/politique\/mercato-je-choisirai-un-club-qui-me-donne-du-temps-de-jeu-pathe-ciss"},"modified":"2023-01-20T18:23:46","modified_gmt":"2023-01-20T18:23:46","slug":"mercato-je-choisirai-un-club-qui-me-donne-du-temps-de-jeu-pathe-ciss","status":"publish","type":"post","link":"https:\/\/www.africa-press.net\/senegal\/sports\/mercato-je-choisirai-un-club-qui-me-donne-du-temps-de-jeu-pathe-ciss","title":{"rendered":"Mercato : \u00ab\u00a0Je choisirai un club qui me donne du temps de jeu\u00a0\u00bb (Path\u00e9 Ciss)"},"content":{"rendered":"<p><span style=\"color: #ff6600\"><strong>Africa-Press &#8211; Senegal. <\/strong><\/span>Le milieu de terrain de Rayo Vallecano (D1 Espagne), Pathe\u0301 Ciss, n\u2019e\u0301carte pas l\u2019ide\u0301e de changer de club durant le prochain mercato, si la perspective de gagner davantage de temps de jeu devait s\u2019offrir a\u0300 lui.<\/p>\n<p>\u2018\u2019Mon choix portera sur un club ou\u0300 je vais garder une marge de progression : avoir plus de temps de jeu et continuer mon apprentissage\u2019\u2019, a de\u0301clare\u0301 Ciss dans un entretien exclusif avec l\u2019APS.<\/p>\n<p>Le joueur est courtise\u0301 par plusieurs clubs depuis son retour de la coupe du monde Qatar 2022, dont l\u2019Olympique Lyonnais (e\u0301lite franc\u0327aise).<\/p>\n<p>Malgre\u0301 les nombreuses propositions qu\u2019il rec\u0327oit, le joueur pre\u0301cise que la possibilite\u0301 d\u2019ame\u0301liorer son temps de jeu sera un crite\u0300re de\u0301terminant dans le choix d\u2019un nouveau club.<\/p>\n<p>\u2018\u2019Avoir beaucoup plus de temps de jeu, jouer le plus de matchs possible pour maintenir le rythme. Et s\u2019il faut sortir pour avoir suffisamment de temps de jeu, je n\u2019he\u0301siterai pas a\u0300 le faire. Je suis partant\u2019\u2019, a-t-il indique\u0301.<\/p>\n<p>Il signale que \u2018\u2019plusieurs e\u0301quipes se sont signale\u0301es\u2019\u2019 depuis son retour de la Coupe du monde au Qatar.<\/p>\n<p>Ciss est l\u2019auteur d\u2019un bon de\u0301but de championnat sous les couleurs de Rayo Vallecano avec 756 minutes de jeu au total, soit 16 matchs joue\u0301s dont un en coupe du Roi.<\/p>\n<p>Avec un but marque\u0301, l\u2019international se\u0301ne\u0301galais, ancien socie\u0301taire de Diambars, se dit satisfait de l\u2019entame de sa deuxie\u0300me partie de saison sous les couleurs du club espagnol<\/p>\n<p>\u2018\u2019Actuellement, je peux dire que la deuxie\u0300me partie de saison se passe tre\u0300s bien compare\u0301 au de\u0301but de la saison pre\u0301ce\u0301dente (&#8230;). J\u2019ai gagne\u0301 plus de temps de jeu. Depuis mon retour de la coupe du monde, je m\u2019efforce tant bien que mal\u2019\u2019, souligne t-il.<\/p>\n<p><strong>Pour plus d&rsquo;informations et d&rsquo;analyses sur la <a href=\"https:\/\/www.africa-press.net\/senegal\">Senegal<\/a>, suivez <a href=\"https:\/\/www.africa-press.net\/\">Africa-Press<\/a><\/strong><\/p>\n","protected":false},"excerpt":{"rendered":"<p>Africa-Press &#8211; Senegal. Le milieu de terrain de Rayo Vallecano (D1 Espagne), Pathe\u0301 Ciss, n\u2019e\u0301carte pas l\u2019ide\u0301e de changer de club durant le prochain mercato, si la perspective de gagner davantage de temps de jeu devait s\u2019offrir a\u0300 lui. \u2018\u2019Mon choix portera sur un club ou\u0300 je vais garder une marge de progression : avoir [&hellip;]<\/p>\n","protected":false},"author":82,"featured_media":38332,"comment_status":"open","ping_status":"closed","sticky":false,"template":"","format":"standard","meta":{"footnotes":""},"categories":[6,10],"tags":[43,47,44],"class_list":["post-38333","post","type-post","status-publish","format-standard","has-post-thumbnail","hentry","category-sports","category-toutes-les-actualites","tag-africa-press-2","tag-africa-press-senegal","tag-senegal-2"],"yoast_head":"<!-- This site is optimized with the Yoast SEO Premium plugin v26.1 (Yoast SEO v27.0) - https:\/\/yoast.com\/product\/yoast-seo-premium-wordpress\/ -->\n<title>Mercato : &quot;Je choisirai un club qui me donne du temps de jeu&#039;&#039; (Path\u00e9 Ciss) - Senegal<\/title>\n<meta name=\"robots\" content=\"index, follow, max-snippet:-1, max-image-preview:large, max-video-preview:-1\" \/>\n<link rel=\"canonical\" href=\"https:\/\/www.africa-press.net\/senegal\/politique\/mercato-je-choisirai-un-club-qui-me-donne-du-temps-de-jeu-pathe-ciss\" \/>\n<meta property=\"og:locale\" content=\"fr_FR\" \/>\n<meta property=\"og:type\" content=\"article\" \/>\n<meta property=\"og:title\" content=\"Mercato : &quot;Je choisirai un club qui me donne du temps de jeu&#039;&#039; (Path\u00e9 Ciss)\" \/>\n<meta property=\"og:description\" content=\"Africa-Press &#8211; Senegal. Le milieu de terrain de Rayo Vallecano (D1 Espagne), Pathe\u0301 Ciss, n\u2019e\u0301carte pas l\u2019ide\u0301e de changer de club durant le prochain mercato, si la perspective de gagner davantage de temps de jeu devait s\u2019offrir a\u0300 lui. \u2018\u2019Mon choix portera sur un club ou\u0300 je vais garder une marge de progression : avoir [&hellip;]\" \/>\n<meta property=\"og:url\" content=\"https:\/\/www.africa-press.net\/senegal\/politique\/mercato-je-choisirai-un-club-qui-me-donne-du-temps-de-jeu-pathe-ciss\" \/>\n<meta property=\"og:site_name\" content=\"Senegal\" \/>\n<meta property=\"article:published_time\" content=\"2023-01-20T18:23:46+00:00\" \/>\n<meta name=\"author\" content=\"cfeditorfr\" \/>\n<meta name=\"twitter:card\" content=\"summary_large_image\" \/>\n<meta name=\"twitter:label1\" content=\"\u00c9crit par\" \/>\n\t<meta name=\"twitter:data1\" content=\"cfeditorfr\" \/>\n\t<meta name=\"twitter:label2\" content=\"Dur\u00e9e de lecture estim\u00e9e\" \/>\n\t<meta name=\"twitter:data2\" content=\"2 minutes\" \/>\n<script type=\"application\/ld+json\" class=\"yoast-schema-graph\">{\"@context\":\"https:\/\/schema.org\",\"@graph\":[{\"@type\":\"Article\",\"@id\":\"https:\/\/www.africa-press.net\/senegal\/politique\/mercato-je-choisirai-un-club-qui-me-donne-du-temps-de-jeu-pathe-ciss#article\",\"isPartOf\":{\"@id\":\"https:\/\/www.africa-press.net\/senegal\/politique\/mercato-je-choisirai-un-club-qui-me-donne-du-temps-de-jeu-pathe-ciss\"},\"author\":{\"name\":\"cfeditorfr\",\"@id\":\"https:\/\/www.africa-press.net\/senegal\/#\/schema\/person\/2b1cf3cd81a31e3cd26889ca66d677f1\"},\"headline\":\"Mercato : \u00ab\u00a0Je choisirai un club qui me donne du temps de jeu\u00a0\u00bb (Path\u00e9 Ciss)\",\"datePublished\":\"2023-01-20T18:23:46+00:00\",\"mainEntityOfPage\":{\"@id\":\"https:\/\/www.africa-press.net\/senegal\/politique\/mercato-je-choisirai-un-club-qui-me-donne-du-temps-de-jeu-pathe-ciss\"},\"wordCount\":343,\"commentCount\":0,\"image\":{\"@id\":\"https:\/\/www.africa-press.net\/senegal\/politique\/mercato-je-choisirai-un-club-qui-me-donne-du-temps-de-jeu-pathe-ciss#primaryimage\"},\"thumbnailUrl\":\"https:\/\/static.africa-press.net\/senegal\/sites\/13\/2023\/01\/postQueueImg_1674226448.05.jpg\",\"keywords\":[\"Africa Press\",\"Africa Press-Senegal\",\"Senegal\"],\"articleSection\":[\"Sports\",\"Toutes les actualit\u00e9s\"],\"inLanguage\":\"fr-FR\",\"potentialAction\":[{\"@type\":\"CommentAction\",\"name\":\"Comment\",\"target\":[\"https:\/\/www.africa-press.net\/senegal\/politique\/mercato-je-choisirai-un-club-qui-me-donne-du-temps-de-jeu-pathe-ciss#respond\"]}]},{\"@type\":\"WebPage\",\"@id\":\"https:\/\/www.africa-press.net\/senegal\/politique\/mercato-je-choisirai-un-club-qui-me-donne-du-temps-de-jeu-pathe-ciss\",\"url\":\"https:\/\/www.africa-press.net\/senegal\/politique\/mercato-je-choisirai-un-club-qui-me-donne-du-temps-de-jeu-pathe-ciss\",\"name\":\"Mercato : \\\"Je choisirai un club qui me donne du temps de jeu'' (Path\u00e9 Ciss) - Senegal\",\"isPartOf\":{\"@id\":\"https:\/\/www.africa-press.net\/senegal\/#website\"},\"primaryImageOfPage\":{\"@id\":\"https:\/\/www.africa-press.net\/senegal\/politique\/mercato-je-choisirai-un-club-qui-me-donne-du-temps-de-jeu-pathe-ciss#primaryimage\"},\"image\":{\"@id\":\"https:\/\/www.africa-press.net\/senegal\/politique\/mercato-je-choisirai-un-club-qui-me-donne-du-temps-de-jeu-pathe-ciss#primaryimage\"},\"thumbnailUrl\":\"https:\/\/static.africa-press.net\/senegal\/sites\/13\/2023\/01\/postQueueImg_1674226448.05.jpg\",\"datePublished\":\"2023-01-20T18:23:46+00:00\",\"author\":{\"@id\":\"https:\/\/www.africa-press.net\/senegal\/#\/schema\/person\/2b1cf3cd81a31e3cd26889ca66d677f1\"},\"breadcrumb\":{\"@id\":\"https:\/\/www.africa-press.net\/senegal\/politique\/mercato-je-choisirai-un-club-qui-me-donne-du-temps-de-jeu-pathe-ciss#breadcrumb\"},\"inLanguage\":\"fr-FR\",\"potentialAction\":[{\"@type\":\"ReadAction\",\"target\":[\"https:\/\/www.africa-press.net\/senegal\/politique\/mercato-je-choisirai-un-club-qui-me-donne-du-temps-de-jeu-pathe-ciss\"]}]},{\"@type\":\"ImageObject\",\"inLanguage\":\"fr-FR\",\"@id\":\"https:\/\/www.africa-press.net\/senegal\/politique\/mercato-je-choisirai-un-club-qui-me-donne-du-temps-de-jeu-pathe-ciss#primaryimage\",\"url\":\"https:\/\/static.africa-press.net\/senegal\/sites\/13\/2023\/01\/postQueueImg_1674226448.05.jpg\",\"contentUrl\":\"https:\/\/static.africa-press.net\/senegal\/sites\/13\/2023\/01\/postQueueImg_1674226448.05.jpg\",\"width\":1620,\"height\":925,\"caption\":\"Mercato : \\\"Je choisirai un club qui me donne du temps de jeu'' (Path\u00e9 Ciss)\"},{\"@type\":\"BreadcrumbList\",\"@id\":\"https:\/\/www.africa-press.net\/senegal\/politique\/mercato-je-choisirai-un-club-qui-me-donne-du-temps-de-jeu-pathe-ciss#breadcrumb\",\"itemListElement\":[{\"@type\":\"ListItem\",\"position\":1,\"name\":\"Accueil\",\"item\":\"https:\/\/www.africa-press.net\/senegal\/\"},{\"@type\":\"ListItem\",\"position\":2,\"name\":\"Mercato : \u00ab\u00a0Je choisirai un club qui me donne du temps de jeu\u00a0\u00bb (Path\u00e9 Ciss)\"}]},{\"@type\":\"WebSite\",\"@id\":\"https:\/\/www.africa-press.net\/senegal\/#website\",\"url\":\"https:\/\/www.africa-press.net\/senegal\/\",\"name\":\"Africa Press | Senegal | Homepage\",\"description\":\"Just another Africa News Agency Sites site\",\"potentialAction\":[{\"@type\":\"SearchAction\",\"target\":{\"@type\":\"EntryPoint\",\"urlTemplate\":\"https:\/\/www.africa-press.net\/senegal\/?s={search_term_string}\"},\"query-input\":{\"@type\":\"PropertyValueSpecification\",\"valueRequired\":true,\"valueName\":\"search_term_string\"}}],\"inLanguage\":\"fr-FR\"},{\"@type\":\"Person\",\"@id\":\"https:\/\/www.africa-press.net\/senegal\/#\/schema\/person\/2b1cf3cd81a31e3cd26889ca66d677f1\",\"name\":\"cfeditorfr\",\"url\":\"https:\/\/www.africa-press.net\/senegal\/author\/cfeditorfr\"}]}<\/script>\n<!-- \/ Yoast SEO Premium plugin. -->","yoast_head_json":{"title":"Mercato : \"Je choisirai un club qui me donne du temps de jeu'' (Path\u00e9 Ciss) - Senegal","robots":{"index":"index","follow":"follow","max-snippet":"max-snippet:-1","max-image-preview":"max-image-preview:large","max-video-preview":"max-video-preview:-1"},"canonical":"https:\/\/www.africa-press.net\/senegal\/politique\/mercato-je-choisirai-un-club-qui-me-donne-du-temps-de-jeu-pathe-ciss","og_locale":"fr_FR","og_type":"article","og_title":"Mercato : \"Je choisirai un club qui me donne du temps de jeu'' (Path\u00e9 Ciss)","og_description":"Africa-Press &#8211; Senegal. Le milieu de terrain de Rayo Vallecano (D1 Espagne), Pathe\u0301 Ciss, n\u2019e\u0301carte pas l\u2019ide\u0301e de changer de club durant le prochain mercato, si la perspective de gagner davantage de temps de jeu devait s\u2019offrir a\u0300 lui. \u2018\u2019Mon choix portera sur un club ou\u0300 je vais garder une marge de progression : avoir [&hellip;]","og_url":"https:\/\/www.africa-press.net\/senegal\/politique\/mercato-je-choisirai-un-club-qui-me-donne-du-temps-de-jeu-pathe-ciss","og_site_name":"Senegal","article_published_time":"2023-01-20T18:23:46+00:00","author":"cfeditorfr","twitter_card":"summary_large_image","twitter_misc":{"\u00c9crit par":"cfeditorfr","Dur\u00e9e de lecture estim\u00e9e":"2 minutes"},"schema":{"@context":"https:\/\/schema.org","@graph":[{"@type":"Article","@id":"https:\/\/www.africa-press.net\/senegal\/politique\/mercato-je-choisirai-un-club-qui-me-donne-du-temps-de-jeu-pathe-ciss#article","isPartOf":{"@id":"https:\/\/www.africa-press.net\/senegal\/politique\/mercato-je-choisirai-un-club-qui-me-donne-du-temps-de-jeu-pathe-ciss"},"author":{"name":"cfeditorfr","@id":"https:\/\/www.africa-press.net\/senegal\/#\/schema\/person\/2b1cf3cd81a31e3cd26889ca66d677f1"},"headline":"Mercato : \u00ab\u00a0Je choisirai un club qui me donne du temps de jeu\u00a0\u00bb (Path\u00e9 Ciss)","datePublished":"2023-01-20T18:23:46+00:00","mainEntityOfPage":{"@id":"https:\/\/www.africa-press.net\/senegal\/politique\/mercato-je-choisirai-un-club-qui-me-donne-du-temps-de-jeu-pathe-ciss"},"wordCount":343,"commentCount":0,"image":{"@id":"https:\/\/www.africa-press.net\/senegal\/politique\/mercato-je-choisirai-un-club-qui-me-donne-du-temps-de-jeu-pathe-ciss#primaryimage"},"thumbnailUrl":"https:\/\/static.africa-press.net\/senegal\/sites\/13\/2023\/01\/postQueueImg_1674226448.05.jpg","keywords":["Africa Press","Africa Press-Senegal","Senegal"],"articleSection":["Sports","Toutes les actualit\u00e9s"],"inLanguage":"fr-FR","potentialAction":[{"@type":"CommentAction","name":"Comment","target":["https:\/\/www.africa-press.net\/senegal\/politique\/mercato-je-choisirai-un-club-qui-me-donne-du-temps-de-jeu-pathe-ciss#respond"]}]},{"@type":"WebPage","@id":"https:\/\/www.africa-press.net\/senegal\/politique\/mercato-je-choisirai-un-club-qui-me-donne-du-temps-de-jeu-pathe-ciss","url":"https:\/\/www.africa-press.net\/senegal\/politique\/mercato-je-choisirai-un-club-qui-me-donne-du-temps-de-jeu-pathe-ciss","name":"Mercato : \"Je choisirai un club qui me donne du temps de jeu'' (Path\u00e9 Ciss) - Senegal","isPartOf":{"@id":"https:\/\/www.africa-press.net\/senegal\/#website"},"primaryImageOfPage":{"@id":"https:\/\/www.africa-press.net\/senegal\/politique\/mercato-je-choisirai-un-club-qui-me-donne-du-temps-de-jeu-pathe-ciss#primaryimage"},"image":{"@id":"https:\/\/www.africa-press.net\/senegal\/politique\/mercato-je-choisirai-un-club-qui-me-donne-du-temps-de-jeu-pathe-ciss#primaryimage"},"thumbnailUrl":"https:\/\/static.africa-press.net\/senegal\/sites\/13\/2023\/01\/postQueueImg_1674226448.05.jpg","datePublished":"2023-01-20T18:23:46+00:00","author":{"@id":"https:\/\/www.africa-press.net\/senegal\/#\/schema\/person\/2b1cf3cd81a31e3cd26889ca66d677f1"},"breadcrumb":{"@id":"https:\/\/www.africa-press.net\/senegal\/politique\/mercato-je-choisirai-un-club-qui-me-donne-du-temps-de-jeu-pathe-ciss#breadcrumb"},"inLanguage":"fr-FR","potentialAction":[{"@type":"ReadAction","target":["https:\/\/www.africa-press.net\/senegal\/politique\/mercato-je-choisirai-un-club-qui-me-donne-du-temps-de-jeu-pathe-ciss"]}]},{"@type":"ImageObject","inLanguage":"fr-FR","@id":"https:\/\/www.africa-press.net\/senegal\/politique\/mercato-je-choisirai-un-club-qui-me-donne-du-temps-de-jeu-pathe-ciss#primaryimage","url":"https:\/\/static.africa-press.net\/senegal\/sites\/13\/2023\/01\/postQueueImg_1674226448.05.jpg","contentUrl":"https:\/\/static.africa-press.net\/senegal\/sites\/13\/2023\/01\/postQueueImg_1674226448.05.jpg","width":1620,"height":925,"caption":"Mercato : \"Je choisirai un club qui me donne du temps de jeu'' (Path\u00e9 Ciss)"},{"@type":"BreadcrumbList","@id":"https:\/\/www.africa-press.net\/senegal\/politique\/mercato-je-choisirai-un-club-qui-me-donne-du-temps-de-jeu-pathe-ciss#breadcrumb","itemListElement":[{"@type":"ListItem","position":1,"name":"Accueil","item":"https:\/\/www.africa-press.net\/senegal\/"},{"@type":"ListItem","position":2,"name":"Mercato : \u00ab\u00a0Je choisirai un club qui me donne du temps de jeu\u00a0\u00bb (Path\u00e9 Ciss)"}]},{"@type":"WebSite","@id":"https:\/\/www.africa-press.net\/senegal\/#website","url":"https:\/\/www.africa-press.net\/senegal\/","name":"Africa Press | Senegal | Homepage","description":"Just another Africa News Agency Sites site","potentialAction":[{"@type":"SearchAction","target":{"@type":"EntryPoint","urlTemplate":"https:\/\/www.africa-press.net\/senegal\/?s={search_term_string}"},"query-input":{"@type":"PropertyValueSpecification","valueRequired":true,"valueName":"search_term_string"}}],"inLanguage":"fr-FR"},{"@type":"Person","@id":"https:\/\/www.africa-press.net\/senegal\/#\/schema\/person\/2b1cf3cd81a31e3cd26889ca66d677f1","name":"cfeditorfr","url":"https:\/\/www.africa-press.net\/senegal\/author\/cfeditorfr"}]}},"_links":{"self":[{"href":"https:\/\/www.africa-press.net\/senegal\/wp-json\/wp\/v2\/posts\/38333","targetHints":{"allow":["GET"]}}],"collection":[{"href":"https:\/\/www.africa-press.net\/senegal\/wp-json\/wp\/v2\/posts"}],"about":[{"href":"https:\/\/www.africa-press.net\/senegal\/wp-json\/wp\/v2\/types\/post"}],"author":[{"embeddable":true,"href":"https:\/\/www.africa-press.net\/senegal\/wp-json\/wp\/v2\/users\/82"}],"replies":[{"embeddable":true,"href":"https:\/\/www.africa-press.net\/senegal\/wp-json\/wp\/v2\/comments?post=38333"}],"version-history":[{"count":0,"href":"https:\/\/www.africa-press.net\/senegal\/wp-json\/wp\/v2\/posts\/38333\/revisions"}],"wp:featuredmedia":[{"embeddable":true,"href":"https:\/\/www.africa-press.net\/senegal\/wp-json\/wp\/v2\/media\/38332"}],"wp:attachment":[{"href":"https:\/\/www.africa-press.net\/senegal\/wp-json\/wp\/v2\/media?parent=38333"}],"wp:term":[{"taxonomy":"category","embeddable":true,"href":"https:\/\/www.africa-press.net\/senegal\/wp-json\/wp\/v2\/categories?post=38333"},{"taxonomy":"post_tag","embeddable":true,"href":"https:\/\/www.africa-press.net\/senegal\/wp-json\/wp\/v2\/tags?post=38333"}],"curies":[{"name":"wp","href":"https:\/\/api.w.org\/{rel}","templated":true}]}}