{"id":38339,"date":"2023-01-20T18:27:50","date_gmt":"2023-01-20T18:27:50","guid":{"rendered":"https:\/\/www.africa-press.net\/senegal\/politique\/la-galerie-19m-dakar-inauguree-par-le-president-sall"},"modified":"2023-01-20T18:27:50","modified_gmt":"2023-01-20T18:27:50","slug":"la-galerie-19m-dakar-inauguree-par-le-president-sall","status":"publish","type":"post","link":"https:\/\/www.africa-press.net\/senegal\/politique\/la-galerie-19m-dakar-inauguree-par-le-president-sall","title":{"rendered":"La galerie \u00ab\u00a019M Dakar\u00a0\u00bb inaugur\u00e9e par le pr\u00e9sident Sall"},"content":{"rendered":"<p><span style=\"color: #ff6600\"><strong>Africa-Press &#8211; Senegal. <\/strong><\/span>Le chef de l&rsquo;Etat, Macky Sall, a proce\u0301de\u0301, jeudi, a\u0300 l&rsquo;inauguration de la galerie \u00ab\u00a019M Dakar\u00a0\u00bb, un projet de la maison de haute couture franc\u0327aise Chanel dont il a salue\u0301 la pertinence, le jugeant \u00ab\u00a0en ade\u0301quation avec nos re\u0301alite\u0301s socioculturelles\u00a0\u00bb.<\/p>\n<p>Le pre\u0301sident Sall a fait part de son plaisir d&rsquo;inaugurer cette galerie de\u0301die\u0301e au tissage et a\u0300 la broderie.<\/p>\n<p>\u00ab\u00a0Vous ouvrez une autre se\u0301quence, certes moins spectaculaire et moins dynamique que le de\u0301file\u0301 me\u0301tier d&rsquo;art 2022\/2023 organise\u0301 a\u0300 Dakar le 6 de\u0301cembre dernier, mais tout aussi significative pour ce qu&rsquo;elle signifie et les perspectives qu&rsquo;elle ouvre derrie\u0300re le tissage et la broderie\u00a0\u00bb, a-t-il lance\u0301 a\u0300 l&rsquo;endroit des initiateurs de ce projet.<\/p>\n<p>La directrice ge\u0301ne\u0301rale de l&rsquo;UNESCO, l&rsquo;Organisation des Nations unies pour l&rsquo;e\u0301ducation, la science et la culture, Audrey Azoulay, e\u0301tait pre\u0301sente a\u0300 cette ce\u0301re\u0301monie d&rsquo;inauguration, de me\u0302me que l&rsquo;ambassadeur de France au Se\u0301ne\u0301gal, Philipe Lalliot.<\/p>\n<p>Il y avait aussi le ministre de la Culture et du Patrimoine historique, Aliou Sow, et le recteur de l&rsquo;Universite\u0301 Cheikh Anta Diop (UCAD) de Dakar, Amadou Aly Mbaye.<\/p>\n<p>Macky Sall a fe\u0301licite\u0301 la maison Chanel pour la re\u0301ussite de son de\u0301file\u0301 a\u0300 Dakar, disant avoir e\u0301te\u0301 convaincu, de\u0300s le de\u0301but, de la pertinence du projet de la galerie \u201c19M Dakar\u201d et de son \u00ab\u00a0ade\u0301quation a\u0300 nos re\u0301alite\u0301s socioculturelles\u00a0\u00bb.<\/p>\n<p>\u00ab\u00a0Derrie\u0300re la broderie et le tissage dont il est question ici, il y a en effet tout un symbole autour du tissage et de la broderie, car tisser et broder, c&rsquo;est assembler et rassembler, c&rsquo;est lier et relier pour former un tout harmonieux. C&rsquo;est ajouter un fil de plus au tissu relationnel franco-se\u0301ne\u0301galais au plan culturel, artisanal, artistique e\u0301conomique et social\u00a0\u00bb, a souligne\u0301 Macky Sall.<\/p>\n<p>A ses yeux, c&rsquo;est le sens que porte ce projet ou \u00ab\u00a0se me\u0302lent le savoir-faire du me\u0301tier, l&rsquo;esprit d&rsquo;ouverture de la culture et de l&rsquo;art, l&rsquo;utilite\u0301 e\u0301conomique et la convivialite\u0301 sociale\u00a0\u00bb.<\/p>\n<p>\u00ab\u00a0Une galerie comme celle qui nous re\u0301unit se veut un espace de rencontres, de regards croise\u0301s, d&rsquo;e\u0301changes et d&rsquo;e\u0301merveillement\u00a0\u00bb, a dit le chef de l&rsquo;Etat.<\/p>\n<p>Parlant de l&rsquo;exposition collective organise\u0301e a\u0300 l&rsquo;occasion de l&rsquo;ouverture de la galerie \u00ab\u00a019M Dakar\u00a0\u00bb, au muse\u0301e The\u0301odore Monod d&rsquo;art africain de l&rsquo;IFAN, fruit de collaborations entre des artistes du \u00ab\u00a019M Paris\u00a0\u00bb et leurs homologues artisans du Se\u0301ne\u0301gal, le pre\u0301sident de la Re\u0301publique estime qu&rsquo;il il y a la\u0300 \u00ab\u00a0tout ce qui met en lumie\u0300re les valeurs d&rsquo;humanisme ou d&rsquo;humanite\u0301 si malmene\u0301s de nos jours\u00a0\u00bb.<\/p>\n<p>\u00ab\u00a0J&rsquo;appre\u0301cie que vous ayez associe\u0301 des talents se\u0301ne\u0301galais a\u0300 votre projet. Je fe\u0301licite tous les artistes pour leur talent et leur re\u0301silience et leur dit qu&rsquo;ils trouveront en moi le protecteur des arts un partenaire pour les accompagner\u00a0\u00bb, a-t-il dit, devant un parterre d&rsquo;artistes parmi lesquels Cheikhna de la marque \u00ab\u00a0Siggil\u00a0\u00bb, le plasticien Henry Sagna, Viye\u0301 Diba, Kalidou Kasse\u0301.<\/p>\n<p>Le Se\u0301ne\u0301gal, \u00ab\u00a0en plus d&rsquo;e\u0302tre le pays de la Te\u0301ranga, est aussi une terre de culture, d&rsquo;art et de tourisme, trois domaines porteurs d&#8217;emploi et cre\u0301ateurs de richesses\u00a0\u00bb, a-t-il de\u0301clare\u0301.<\/p>\n<p>Il a salue\u0301 la participation des jeunes et des femmes a\u0300 ce projet et magnifie\u0301 le programme de financement de l&rsquo;agroforesterie et de soutien au de\u0301veloppement de la culture du coton biologique inte\u0301gre\u0301 dans le programme a\u0300 long terme de Chanel.<\/p>\n<p>\u00ab\u00a0Il me plait alors d&rsquo;appuyer fortement les partenariats durables que vous ambitionnez de de\u0301velopper sur le moyen et le long terme qui portent sur la formation professionnelle, la recherche, l&rsquo;innovation, l&rsquo;enseignement supe\u0301rieur et l&rsquo;entreprenariat en particulier dans le monde rural\u00a0\u00bb, a releve\u0301 le pre\u0301sident se\u0301ne\u0301galais.<\/p>\n<p>Il note que cette de\u0301marche consistant \u201ca\u0300 inte\u0301grer le Se\u0301ne\u0301gal des profondeurs a\u0300 long terme est en parfaite harmonie avec deux marqueurs des politiques publiques du Se\u0301ne\u0301gal\u00a0\u00bb, que sont l&rsquo;inclusion sociale et l&rsquo;e\u0301quite\u0301 territoriale.<\/p>\n<p>Le pre\u0301sident de la Re\u0301publique a re\u0301ite\u0301re\u0301 son soutien et ses encouragements a\u0300 l&rsquo;initiative de Bruno Pavlovsky, pre\u0301sident de la Fe\u0301de\u0301ration de la haute couture et de la mode de la maison Chanel.<\/p>\n<p>\u00ab\u00a0Votre initiative est la bienvenue et elle a tout mon soutien parce qu&rsquo;elle correspond a\u0300 l&rsquo;ide\u0301e que je me fais des relations franco-se\u0301ne\u0301galaises et de la vocation naturelle du Se\u0301ne\u0301gal de rester une terre de culture, un pays accueillant, tole\u0301rant, ancre\u0301 dans ses traditions et ouvert a\u0300 la modernite\u0301\u00a0\u00bb, a conclu le chef de l&rsquo;Etat.<\/p>\n<p><strong>Pour plus d&rsquo;informations et d&rsquo;analyses sur la <a href=\"https:\/\/www.africa-press.net\/senegal\">Senegal<\/a>, suivez <a href=\"https:\/\/www.africa-press.net\/\">Africa-Press<\/a><\/strong><\/p>\n","protected":false},"excerpt":{"rendered":"<p>Africa-Press &#8211; Senegal. Le chef de l&rsquo;Etat, Macky Sall, a proce\u0301de\u0301, jeudi, a\u0300 l&rsquo;inauguration de la galerie \u00ab\u00a019M Dakar\u00a0\u00bb, un projet de la maison de haute couture franc\u0327aise Chanel dont il a salue\u0301 la pertinence, le jugeant \u00ab\u00a0en ade\u0301quation avec nos re\u0301alite\u0301s socioculturelles\u00a0\u00bb. Le pre\u0301sident Sall a fait part de son plaisir d&rsquo;inaugurer cette galerie [&hellip;]<\/p>\n","protected":false},"author":82,"featured_media":38338,"comment_status":"open","ping_status":"closed","sticky":false,"template":"","format":"standard","meta":{"footnotes":""},"categories":[5,2,10],"tags":[43,47,44],"class_list":["post-38339","post","type-post","status-publish","format-standard","has-post-thumbnail","hentry","category-culture-et-art","category-politique","category-toutes-les-actualites","tag-africa-press-2","tag-africa-press-senegal","tag-senegal-2"],"yoast_head":"<!-- This site is optimized with the Yoast SEO Premium plugin v26.1 (Yoast SEO v27.0) - https:\/\/yoast.com\/product\/yoast-seo-premium-wordpress\/ -->\n<title>La galerie &quot;19M Dakar&quot; inaugur\u00e9e par le pr\u00e9sident Sall - Senegal<\/title>\n<meta name=\"robots\" content=\"index, follow, max-snippet:-1, max-image-preview:large, max-video-preview:-1\" \/>\n<link rel=\"canonical\" href=\"https:\/\/www.africa-press.net\/senegal\/politique\/la-galerie-19m-dakar-inauguree-par-le-president-sall\" \/>\n<meta property=\"og:locale\" content=\"fr_FR\" \/>\n<meta property=\"og:type\" content=\"article\" \/>\n<meta property=\"og:title\" content=\"La galerie &quot;19M Dakar&quot; inaugur\u00e9e par le pr\u00e9sident Sall\" \/>\n<meta property=\"og:description\" content=\"Africa-Press &#8211; Senegal. Le chef de l&rsquo;Etat, Macky Sall, a proce\u0301de\u0301, jeudi, a\u0300 l&rsquo;inauguration de la galerie \u00ab\u00a019M Dakar\u00a0\u00bb, un projet de la maison de haute couture franc\u0327aise Chanel dont il a salue\u0301 la pertinence, le jugeant \u00ab\u00a0en ade\u0301quation avec nos re\u0301alite\u0301s socioculturelles\u00a0\u00bb. Le pre\u0301sident Sall a fait part de son plaisir d&rsquo;inaugurer cette galerie [&hellip;]\" \/>\n<meta property=\"og:url\" content=\"https:\/\/www.africa-press.net\/senegal\/politique\/la-galerie-19m-dakar-inauguree-par-le-president-sall\" \/>\n<meta property=\"og:site_name\" content=\"Senegal\" \/>\n<meta property=\"article:published_time\" content=\"2023-01-20T18:27:50+00:00\" \/>\n<meta name=\"author\" content=\"cfeditorfr\" \/>\n<meta name=\"twitter:card\" content=\"summary_large_image\" \/>\n<meta name=\"twitter:label1\" content=\"\u00c9crit par\" \/>\n\t<meta name=\"twitter:data1\" content=\"cfeditorfr\" \/>\n\t<meta name=\"twitter:label2\" content=\"Dur\u00e9e de lecture estim\u00e9e\" \/>\n\t<meta name=\"twitter:data2\" content=\"4 minutes\" \/>\n<script type=\"application\/ld+json\" class=\"yoast-schema-graph\">{\"@context\":\"https:\/\/schema.org\",\"@graph\":[{\"@type\":\"Article\",\"@id\":\"https:\/\/www.africa-press.net\/senegal\/politique\/la-galerie-19m-dakar-inauguree-par-le-president-sall#article\",\"isPartOf\":{\"@id\":\"https:\/\/www.africa-press.net\/senegal\/politique\/la-galerie-19m-dakar-inauguree-par-le-president-sall\"},\"author\":{\"name\":\"cfeditorfr\",\"@id\":\"https:\/\/www.africa-press.net\/senegal\/#\/schema\/person\/2b1cf3cd81a31e3cd26889ca66d677f1\"},\"headline\":\"La galerie \u00ab\u00a019M Dakar\u00a0\u00bb inaugur\u00e9e par le pr\u00e9sident Sall\",\"datePublished\":\"2023-01-20T18:27:50+00:00\",\"mainEntityOfPage\":{\"@id\":\"https:\/\/www.africa-press.net\/senegal\/politique\/la-galerie-19m-dakar-inauguree-par-le-president-sall\"},\"wordCount\":859,\"commentCount\":0,\"image\":{\"@id\":\"https:\/\/www.africa-press.net\/senegal\/politique\/la-galerie-19m-dakar-inauguree-par-le-president-sall#primaryimage\"},\"thumbnailUrl\":\"https:\/\/static.africa-press.net\/senegal\/sites\/13\/2023\/01\/postQueueImg_1674226686.56.jpg\",\"keywords\":[\"Africa Press\",\"Africa Press-Senegal\",\"Senegal\"],\"articleSection\":[\"Culture et Art\",\"Politique\",\"Toutes les actualit\u00e9s\"],\"inLanguage\":\"fr-FR\",\"potentialAction\":[{\"@type\":\"CommentAction\",\"name\":\"Comment\",\"target\":[\"https:\/\/www.africa-press.net\/senegal\/politique\/la-galerie-19m-dakar-inauguree-par-le-president-sall#respond\"]}]},{\"@type\":\"WebPage\",\"@id\":\"https:\/\/www.africa-press.net\/senegal\/politique\/la-galerie-19m-dakar-inauguree-par-le-president-sall\",\"url\":\"https:\/\/www.africa-press.net\/senegal\/politique\/la-galerie-19m-dakar-inauguree-par-le-president-sall\",\"name\":\"La galerie \\\"19M Dakar\\\" inaugur\u00e9e par le pr\u00e9sident Sall - Senegal\",\"isPartOf\":{\"@id\":\"https:\/\/www.africa-press.net\/senegal\/#website\"},\"primaryImageOfPage\":{\"@id\":\"https:\/\/www.africa-press.net\/senegal\/politique\/la-galerie-19m-dakar-inauguree-par-le-president-sall#primaryimage\"},\"image\":{\"@id\":\"https:\/\/www.africa-press.net\/senegal\/politique\/la-galerie-19m-dakar-inauguree-par-le-president-sall#primaryimage\"},\"thumbnailUrl\":\"https:\/\/static.africa-press.net\/senegal\/sites\/13\/2023\/01\/postQueueImg_1674226686.56.jpg\",\"datePublished\":\"2023-01-20T18:27:50+00:00\",\"author\":{\"@id\":\"https:\/\/www.africa-press.net\/senegal\/#\/schema\/person\/2b1cf3cd81a31e3cd26889ca66d677f1\"},\"breadcrumb\":{\"@id\":\"https:\/\/www.africa-press.net\/senegal\/politique\/la-galerie-19m-dakar-inauguree-par-le-president-sall#breadcrumb\"},\"inLanguage\":\"fr-FR\",\"potentialAction\":[{\"@type\":\"ReadAction\",\"target\":[\"https:\/\/www.africa-press.net\/senegal\/politique\/la-galerie-19m-dakar-inauguree-par-le-president-sall\"]}]},{\"@type\":\"ImageObject\",\"inLanguage\":\"fr-FR\",\"@id\":\"https:\/\/www.africa-press.net\/senegal\/politique\/la-galerie-19m-dakar-inauguree-par-le-president-sall#primaryimage\",\"url\":\"https:\/\/static.africa-press.net\/senegal\/sites\/13\/2023\/01\/postQueueImg_1674226686.56.jpg\",\"contentUrl\":\"https:\/\/static.africa-press.net\/senegal\/sites\/13\/2023\/01\/postQueueImg_1674226686.56.jpg\",\"width\":1620,\"height\":925,\"caption\":\"La galerie \\\"19M Dakar\\\" inaugur\u00e9e par le pr\u00e9sident Sall\"},{\"@type\":\"BreadcrumbList\",\"@id\":\"https:\/\/www.africa-press.net\/senegal\/politique\/la-galerie-19m-dakar-inauguree-par-le-president-sall#breadcrumb\",\"itemListElement\":[{\"@type\":\"ListItem\",\"position\":1,\"name\":\"Accueil\",\"item\":\"https:\/\/www.africa-press.net\/senegal\/\"},{\"@type\":\"ListItem\",\"position\":2,\"name\":\"La galerie \u00ab\u00a019M Dakar\u00a0\u00bb inaugur\u00e9e par le pr\u00e9sident Sall\"}]},{\"@type\":\"WebSite\",\"@id\":\"https:\/\/www.africa-press.net\/senegal\/#website\",\"url\":\"https:\/\/www.africa-press.net\/senegal\/\",\"name\":\"Africa Press | Senegal | Homepage\",\"description\":\"Just another Africa News Agency Sites site\",\"potentialAction\":[{\"@type\":\"SearchAction\",\"target\":{\"@type\":\"EntryPoint\",\"urlTemplate\":\"https:\/\/www.africa-press.net\/senegal\/?s={search_term_string}\"},\"query-input\":{\"@type\":\"PropertyValueSpecification\",\"valueRequired\":true,\"valueName\":\"search_term_string\"}}],\"inLanguage\":\"fr-FR\"},{\"@type\":\"Person\",\"@id\":\"https:\/\/www.africa-press.net\/senegal\/#\/schema\/person\/2b1cf3cd81a31e3cd26889ca66d677f1\",\"name\":\"cfeditorfr\",\"url\":\"https:\/\/www.africa-press.net\/senegal\/author\/cfeditorfr\"}]}<\/script>\n<!-- \/ Yoast SEO Premium plugin. -->","yoast_head_json":{"title":"La galerie \"19M Dakar\" inaugur\u00e9e par le pr\u00e9sident Sall - Senegal","robots":{"index":"index","follow":"follow","max-snippet":"max-snippet:-1","max-image-preview":"max-image-preview:large","max-video-preview":"max-video-preview:-1"},"canonical":"https:\/\/www.africa-press.net\/senegal\/politique\/la-galerie-19m-dakar-inauguree-par-le-president-sall","og_locale":"fr_FR","og_type":"article","og_title":"La galerie \"19M Dakar\" inaugur\u00e9e par le pr\u00e9sident Sall","og_description":"Africa-Press &#8211; Senegal. Le chef de l&rsquo;Etat, Macky Sall, a proce\u0301de\u0301, jeudi, a\u0300 l&rsquo;inauguration de la galerie \u00ab\u00a019M Dakar\u00a0\u00bb, un projet de la maison de haute couture franc\u0327aise Chanel dont il a salue\u0301 la pertinence, le jugeant \u00ab\u00a0en ade\u0301quation avec nos re\u0301alite\u0301s socioculturelles\u00a0\u00bb. Le pre\u0301sident Sall a fait part de son plaisir d&rsquo;inaugurer cette galerie [&hellip;]","og_url":"https:\/\/www.africa-press.net\/senegal\/politique\/la-galerie-19m-dakar-inauguree-par-le-president-sall","og_site_name":"Senegal","article_published_time":"2023-01-20T18:27:50+00:00","author":"cfeditorfr","twitter_card":"summary_large_image","twitter_misc":{"\u00c9crit par":"cfeditorfr","Dur\u00e9e de lecture estim\u00e9e":"4 minutes"},"schema":{"@context":"https:\/\/schema.org","@graph":[{"@type":"Article","@id":"https:\/\/www.africa-press.net\/senegal\/politique\/la-galerie-19m-dakar-inauguree-par-le-president-sall#article","isPartOf":{"@id":"https:\/\/www.africa-press.net\/senegal\/politique\/la-galerie-19m-dakar-inauguree-par-le-president-sall"},"author":{"name":"cfeditorfr","@id":"https:\/\/www.africa-press.net\/senegal\/#\/schema\/person\/2b1cf3cd81a31e3cd26889ca66d677f1"},"headline":"La galerie \u00ab\u00a019M Dakar\u00a0\u00bb inaugur\u00e9e par le pr\u00e9sident Sall","datePublished":"2023-01-20T18:27:50+00:00","mainEntityOfPage":{"@id":"https:\/\/www.africa-press.net\/senegal\/politique\/la-galerie-19m-dakar-inauguree-par-le-president-sall"},"wordCount":859,"commentCount":0,"image":{"@id":"https:\/\/www.africa-press.net\/senegal\/politique\/la-galerie-19m-dakar-inauguree-par-le-president-sall#primaryimage"},"thumbnailUrl":"https:\/\/static.africa-press.net\/senegal\/sites\/13\/2023\/01\/postQueueImg_1674226686.56.jpg","keywords":["Africa Press","Africa Press-Senegal","Senegal"],"articleSection":["Culture et Art","Politique","Toutes les actualit\u00e9s"],"inLanguage":"fr-FR","potentialAction":[{"@type":"CommentAction","name":"Comment","target":["https:\/\/www.africa-press.net\/senegal\/politique\/la-galerie-19m-dakar-inauguree-par-le-president-sall#respond"]}]},{"@type":"WebPage","@id":"https:\/\/www.africa-press.net\/senegal\/politique\/la-galerie-19m-dakar-inauguree-par-le-president-sall","url":"https:\/\/www.africa-press.net\/senegal\/politique\/la-galerie-19m-dakar-inauguree-par-le-president-sall","name":"La galerie \"19M Dakar\" inaugur\u00e9e par le pr\u00e9sident Sall - Senegal","isPartOf":{"@id":"https:\/\/www.africa-press.net\/senegal\/#website"},"primaryImageOfPage":{"@id":"https:\/\/www.africa-press.net\/senegal\/politique\/la-galerie-19m-dakar-inauguree-par-le-president-sall#primaryimage"},"image":{"@id":"https:\/\/www.africa-press.net\/senegal\/politique\/la-galerie-19m-dakar-inauguree-par-le-president-sall#primaryimage"},"thumbnailUrl":"https:\/\/static.africa-press.net\/senegal\/sites\/13\/2023\/01\/postQueueImg_1674226686.56.jpg","datePublished":"2023-01-20T18:27:50+00:00","author":{"@id":"https:\/\/www.africa-press.net\/senegal\/#\/schema\/person\/2b1cf3cd81a31e3cd26889ca66d677f1"},"breadcrumb":{"@id":"https:\/\/www.africa-press.net\/senegal\/politique\/la-galerie-19m-dakar-inauguree-par-le-president-sall#breadcrumb"},"inLanguage":"fr-FR","potentialAction":[{"@type":"ReadAction","target":["https:\/\/www.africa-press.net\/senegal\/politique\/la-galerie-19m-dakar-inauguree-par-le-president-sall"]}]},{"@type":"ImageObject","inLanguage":"fr-FR","@id":"https:\/\/www.africa-press.net\/senegal\/politique\/la-galerie-19m-dakar-inauguree-par-le-president-sall#primaryimage","url":"https:\/\/static.africa-press.net\/senegal\/sites\/13\/2023\/01\/postQueueImg_1674226686.56.jpg","contentUrl":"https:\/\/static.africa-press.net\/senegal\/sites\/13\/2023\/01\/postQueueImg_1674226686.56.jpg","width":1620,"height":925,"caption":"La galerie \"19M Dakar\" inaugur\u00e9e par le pr\u00e9sident Sall"},{"@type":"BreadcrumbList","@id":"https:\/\/www.africa-press.net\/senegal\/politique\/la-galerie-19m-dakar-inauguree-par-le-president-sall#breadcrumb","itemListElement":[{"@type":"ListItem","position":1,"name":"Accueil","item":"https:\/\/www.africa-press.net\/senegal\/"},{"@type":"ListItem","position":2,"name":"La galerie \u00ab\u00a019M Dakar\u00a0\u00bb inaugur\u00e9e par le pr\u00e9sident Sall"}]},{"@type":"WebSite","@id":"https:\/\/www.africa-press.net\/senegal\/#website","url":"https:\/\/www.africa-press.net\/senegal\/","name":"Africa Press | Senegal | Homepage","description":"Just another Africa News Agency Sites site","potentialAction":[{"@type":"SearchAction","target":{"@type":"EntryPoint","urlTemplate":"https:\/\/www.africa-press.net\/senegal\/?s={search_term_string}"},"query-input":{"@type":"PropertyValueSpecification","valueRequired":true,"valueName":"search_term_string"}}],"inLanguage":"fr-FR"},{"@type":"Person","@id":"https:\/\/www.africa-press.net\/senegal\/#\/schema\/person\/2b1cf3cd81a31e3cd26889ca66d677f1","name":"cfeditorfr","url":"https:\/\/www.africa-press.net\/senegal\/author\/cfeditorfr"}]}},"_links":{"self":[{"href":"https:\/\/www.africa-press.net\/senegal\/wp-json\/wp\/v2\/posts\/38339","targetHints":{"allow":["GET"]}}],"collection":[{"href":"https:\/\/www.africa-press.net\/senegal\/wp-json\/wp\/v2\/posts"}],"about":[{"href":"https:\/\/www.africa-press.net\/senegal\/wp-json\/wp\/v2\/types\/post"}],"author":[{"embeddable":true,"href":"https:\/\/www.africa-press.net\/senegal\/wp-json\/wp\/v2\/users\/82"}],"replies":[{"embeddable":true,"href":"https:\/\/www.africa-press.net\/senegal\/wp-json\/wp\/v2\/comments?post=38339"}],"version-history":[{"count":0,"href":"https:\/\/www.africa-press.net\/senegal\/wp-json\/wp\/v2\/posts\/38339\/revisions"}],"wp:featuredmedia":[{"embeddable":true,"href":"https:\/\/www.africa-press.net\/senegal\/wp-json\/wp\/v2\/media\/38338"}],"wp:attachment":[{"href":"https:\/\/www.africa-press.net\/senegal\/wp-json\/wp\/v2\/media?parent=38339"}],"wp:term":[{"taxonomy":"category","embeddable":true,"href":"https:\/\/www.africa-press.net\/senegal\/wp-json\/wp\/v2\/categories?post=38339"},{"taxonomy":"post_tag","embeddable":true,"href":"https:\/\/www.africa-press.net\/senegal\/wp-json\/wp\/v2\/tags?post=38339"}],"curies":[{"name":"wp","href":"https:\/\/api.w.org\/{rel}","templated":true}]}}