{"id":38341,"date":"2023-01-20T18:28:51","date_gmt":"2023-01-20T18:28:51","guid":{"rendered":"https:\/\/www.africa-press.net\/senegal\/politique\/le-fesnac-un-outil-pour-la-consolidation-de-lunite-nationale-alioune-badiane"},"modified":"2023-01-20T18:28:51","modified_gmt":"2023-01-20T18:28:51","slug":"le-fesnac-un-outil-pour-la-consolidation-de-lunite-nationale-alioune-badiane","status":"publish","type":"post","link":"https:\/\/www.africa-press.net\/senegal\/culture-et-art\/le-fesnac-un-outil-pour-la-consolidation-de-lunite-nationale-alioune-badiane","title":{"rendered":"Le Fesnac: \u2018\u2019un outil pour la  consolidation de l\u2019unit\u00e9 nationale\u2019\u2019 (Alioune Badiane)"},"content":{"rendered":"<p><span style=\"color: #ff6600\"><strong>Africa-Press &#8211; Senegal. <\/strong><\/span>Le Festival national des arts et cultures (FESNAC) dont la onzie\u0300me e\u0301dition de\u0301marre, ce samedi ( 21-28 janvier) a\u0300 Kaffrine (centre) constitue un \u2018\u2019outil de convergence et de consolidation de l\u2019unite\u0301 nationale\u2019\u2019, a dit a\u0300 l\u2019APS, Alioune Badiane, ancien fonctionnaire au ministe\u0300re de la Culture (1979-2008).<\/p>\n<p>Alioune Badiane, inspecteur de l&rsquo;e\u0301ducation artistique au moment de la cre\u0301ation de cette manifestation culturelle , estime que l\u2019essence du Festival national des arts et cultures (Fesnac) est \u2018\u2019de montrer nos ressources a\u0300 partir de l\u2019inte\u0301rieur, de nous-me\u0302mes\u2019\u2019.<\/p>\n<p>L\u2019ancien directeur des arts rappelle que le Fesnac a e\u0301te\u0301 une \u2018\u2019recommandation forte\u2019\u2019, au sortir du colloque sur \u2018\u2019Les convergences culturelles au sein de la nation se\u0301ne\u0301galaise\u2019\u2019 organise\u0301, a\u0300 Kaolack, en 1994, a\u0300 l\u2019initiative du pre\u0301sident de la Re\u0301publique d\u2019alors, Abdou Diouf (1981-2000).<\/p>\n<p>Le Fesnac, qui met en exergue les arts sce\u0301niques, la danse, le the\u0301a\u0302tre et la musique, est un e\u0301ve\u0300nement tre\u0300s important pour notre pays\u2019\u2019, marte\u0300le l\u2019homme de culture.<\/p>\n<p>Alioune Badiane a notamment parle\u0301 d\u2019une reprise en main d\u2019une tradition ancre\u0301e dans la politique culturelle du Se\u0301ne\u0301gal.<\/p>\n<p>Il fallait cerner au sortir du festival mondial des arts ne\u0300gres de 1966, le mouvement double (enracinement et ouverture), a\u0300 travers l\u2019organisation du colloque sur +Les convergences culturelles au sein de la nation se\u0301ne\u0301galaise+, s\u2019est-il souvenu.<\/p>\n<p>Dans cette perspective, il a releve\u0301 la place de la jeunesse dans l\u2019esprit du Fesnac, laquelle jeunesse doit e\u0302tre au c\u0153ur du mouvement de convergence a\u0300 partir de l\u2019enracinement culturel\u2019\u2019, note-t-il.<\/p>\n<p>Le festival national des arts et cultures permet d\u2019occuper la jeunesse a\u0300 la cre\u0301ativite\u0301 individuelle qui de\u0301bouchera sur celle collective, a-t-il poursuivi.<\/p>\n<p>Alioune Badiane est d\u2019avis que le logo du Festival national des arts et cultures a bien pris en compte cette dimension de cre\u0301ativite\u0301 et de comple\u0301mentarite\u0301,<\/p>\n<p>\u2018\u2019Il fallait faire en sorte que les territoires revisitent leur passe\u0301, leur histoire, leur culture de manie\u0300re ge\u0301ne\u0301rale et permettre aux jeunes, pas force\u0301ment de se mettre en compe\u0301tition, mais de montrer leur comple\u0301mentarite\u0301, leur possibilite\u0301 de performance\u2019\u2019, souligne-t-il, en parlant du contenu du festival.<\/p>\n<p>\u2018\u2019Ce qu\u2019on remarque chez les uns, peut se retrouver chez les autres avec ce que chacun peut tirer de cette rencontre. C\u2019est cela le Fesnac. Il faut que la cohe\u0301sion nationale permette a\u0300 l\u2019image du pays de se de\u0301ployer au niveau de la sous-re\u0301gion et puis Africain et enfin mondial\u2019\u2019, a fait valoir M. Badiane.<\/p>\n<p>Le commissaire d&rsquo;expositions plaide e\u0301galement pour le maintien du Fesnac en biennale anne\u0301e impaire. Ce qui est, selon lui, en parfaite ade\u0301quation avec la biennale de l\u2019art africain contemporain de Dakar (Dak\u2019art) qui est organise\u0301e en anne\u0301e paire.<\/p>\n<p>\u2018\u2019Le Dak\u2019art, c\u2019est le Se\u0301ne\u0301gal qui invite le monde a\u0300 se confronter avec toutes ses richesses, ses artistes et la cre\u0301ativite\u0301 de ses artistes. Alors qu\u2019avec le Fesnac, il s\u2019agit de montrer nos ressources a\u0300 partir de nous-me\u0302mes\u2019\u2019, soutient-il.<\/p>\n<p>\u2018\u2019C\u2019est deux biennales qui se relaient. C\u2019est pourquoi tenter d\u2019annualiser l\u2019une serait une erreur et ce serait pas comprendre l\u2019essence du Fesnac\u2019\u2019, note Alioune Badiane.<\/p>\n<p>Le premier festival national des arts et cultures a e\u0301te\u0301 organise\u0301 pour la premie\u0300re fois a\u0300 Thie\u0300s en 1997. Il s\u2019en suivira les re\u0301gions de Dakar (1999), Ziguinchor (2001 et 2003), Tambacounda (2005), Saint-Louis (2007 et 2012), Louga (2017) et Kolda (2018).<\/p>\n<p>Le Fesnac met en exergue les cultures locales, les ve\u0301cus ethnoculturels des diffe\u0301rentes parties de la nation se\u0301ne\u0301galaise.<\/p>\n<p>Les cultures urbaines feront leur entre\u0301e dans la compe\u0301tition durant cette e\u0301dition pre\u0301vue a\u0300 Kaffrine.<\/p>\n<p><strong>Pour plus d&rsquo;informations et d&rsquo;analyses sur la <a href=\"https:\/\/www.africa-press.net\/senegal\">Senegal<\/a>, suivez <a href=\"https:\/\/www.africa-press.net\/\">Africa-Press<\/a><\/strong><\/p>\n","protected":false},"excerpt":{"rendered":"<p>Africa-Press &#8211; Senegal. Le Festival national des arts et cultures (FESNAC) dont la onzie\u0300me e\u0301dition de\u0301marre, ce samedi ( 21-28 janvier) a\u0300 Kaffrine (centre) constitue un \u2018\u2019outil de convergence et de consolidation de l\u2019unite\u0301 nationale\u2019\u2019, a dit a\u0300 l\u2019APS, Alioune Badiane, ancien fonctionnaire au ministe\u0300re de la Culture (1979-2008). Alioune Badiane, inspecteur de l&rsquo;e\u0301ducation artistique [&hellip;]<\/p>\n","protected":false},"author":82,"featured_media":38340,"comment_status":"open","ping_status":"closed","sticky":false,"template":"","format":"standard","meta":{"footnotes":""},"categories":[5,10],"tags":[43,47,44],"class_list":["post-38341","post","type-post","status-publish","format-standard","has-post-thumbnail","hentry","category-culture-et-art","category-toutes-les-actualites","tag-africa-press-2","tag-africa-press-senegal","tag-senegal-2"],"yoast_head":"<!-- This site is optimized with the Yoast SEO Premium plugin v26.1 (Yoast SEO v27.0) - https:\/\/yoast.com\/product\/yoast-seo-premium-wordpress\/ -->\n<title>Le Fesnac: \u2018\u2019un outil pour la consolidation de l\u2019unit\u00e9 nationale\u2019\u2019 (Alioune Badiane) - Senegal<\/title>\n<meta name=\"robots\" content=\"index, follow, max-snippet:-1, max-image-preview:large, max-video-preview:-1\" \/>\n<link rel=\"canonical\" href=\"https:\/\/www.africa-press.net\/senegal\/politique\/le-fesnac-un-outil-pour-la-consolidation-de-lunite-nationale-alioune-badiane\" \/>\n<meta property=\"og:locale\" content=\"fr_FR\" \/>\n<meta property=\"og:type\" content=\"article\" \/>\n<meta property=\"og:title\" content=\"Le Fesnac: \u2018\u2019un outil pour la consolidation de l\u2019unit\u00e9 nationale\u2019\u2019 (Alioune Badiane)\" \/>\n<meta property=\"og:description\" content=\"Africa-Press &#8211; Senegal. Le Festival national des arts et cultures (FESNAC) dont la onzie\u0300me e\u0301dition de\u0301marre, ce samedi ( 21-28 janvier) a\u0300 Kaffrine (centre) constitue un \u2018\u2019outil de convergence et de consolidation de l\u2019unite\u0301 nationale\u2019\u2019, a dit a\u0300 l\u2019APS, Alioune Badiane, ancien fonctionnaire au ministe\u0300re de la Culture (1979-2008). Alioune Badiane, inspecteur de l&rsquo;e\u0301ducation artistique [&hellip;]\" \/>\n<meta property=\"og:url\" content=\"https:\/\/www.africa-press.net\/senegal\/politique\/le-fesnac-un-outil-pour-la-consolidation-de-lunite-nationale-alioune-badiane\" \/>\n<meta property=\"og:site_name\" content=\"Senegal\" \/>\n<meta property=\"article:published_time\" content=\"2023-01-20T18:28:51+00:00\" \/>\n<meta name=\"author\" content=\"cfeditorfr\" \/>\n<meta name=\"twitter:card\" content=\"summary_large_image\" \/>\n<meta name=\"twitter:label1\" content=\"\u00c9crit par\" \/>\n\t<meta name=\"twitter:data1\" content=\"cfeditorfr\" \/>\n\t<meta name=\"twitter:label2\" content=\"Dur\u00e9e de lecture estim\u00e9e\" \/>\n\t<meta name=\"twitter:data2\" content=\"3 minutes\" \/>\n<script type=\"application\/ld+json\" class=\"yoast-schema-graph\">{\"@context\":\"https:\/\/schema.org\",\"@graph\":[{\"@type\":\"Article\",\"@id\":\"https:\/\/www.africa-press.net\/senegal\/politique\/le-fesnac-un-outil-pour-la-consolidation-de-lunite-nationale-alioune-badiane#article\",\"isPartOf\":{\"@id\":\"https:\/\/www.africa-press.net\/senegal\/politique\/le-fesnac-un-outil-pour-la-consolidation-de-lunite-nationale-alioune-badiane\"},\"author\":{\"name\":\"cfeditorfr\",\"@id\":\"https:\/\/www.africa-press.net\/senegal\/#\/schema\/person\/2b1cf3cd81a31e3cd26889ca66d677f1\"},\"headline\":\"Le Fesnac: \u2018\u2019un outil pour la consolidation de l\u2019unit\u00e9 nationale\u2019\u2019 (Alioune Badiane)\",\"datePublished\":\"2023-01-20T18:28:51+00:00\",\"mainEntityOfPage\":{\"@id\":\"https:\/\/www.africa-press.net\/senegal\/politique\/le-fesnac-un-outil-pour-la-consolidation-de-lunite-nationale-alioune-badiane\"},\"wordCount\":675,\"commentCount\":0,\"image\":{\"@id\":\"https:\/\/www.africa-press.net\/senegal\/politique\/le-fesnac-un-outil-pour-la-consolidation-de-lunite-nationale-alioune-badiane#primaryimage\"},\"thumbnailUrl\":\"https:\/\/static.africa-press.net\/senegal\/sites\/13\/2023\/01\/postQueueImg_1674227064.96.jpg\",\"keywords\":[\"Africa Press\",\"Africa Press-Senegal\",\"Senegal\"],\"articleSection\":[\"Culture et Art\",\"Toutes les actualit\u00e9s\"],\"inLanguage\":\"fr-FR\",\"potentialAction\":[{\"@type\":\"CommentAction\",\"name\":\"Comment\",\"target\":[\"https:\/\/www.africa-press.net\/senegal\/politique\/le-fesnac-un-outil-pour-la-consolidation-de-lunite-nationale-alioune-badiane#respond\"]}]},{\"@type\":\"WebPage\",\"@id\":\"https:\/\/www.africa-press.net\/senegal\/politique\/le-fesnac-un-outil-pour-la-consolidation-de-lunite-nationale-alioune-badiane\",\"url\":\"https:\/\/www.africa-press.net\/senegal\/politique\/le-fesnac-un-outil-pour-la-consolidation-de-lunite-nationale-alioune-badiane\",\"name\":\"Le Fesnac: \u2018\u2019un outil pour la consolidation de l\u2019unit\u00e9 nationale\u2019\u2019 (Alioune Badiane) - Senegal\",\"isPartOf\":{\"@id\":\"https:\/\/www.africa-press.net\/senegal\/#website\"},\"primaryImageOfPage\":{\"@id\":\"https:\/\/www.africa-press.net\/senegal\/politique\/le-fesnac-un-outil-pour-la-consolidation-de-lunite-nationale-alioune-badiane#primaryimage\"},\"image\":{\"@id\":\"https:\/\/www.africa-press.net\/senegal\/politique\/le-fesnac-un-outil-pour-la-consolidation-de-lunite-nationale-alioune-badiane#primaryimage\"},\"thumbnailUrl\":\"https:\/\/static.africa-press.net\/senegal\/sites\/13\/2023\/01\/postQueueImg_1674227064.96.jpg\",\"datePublished\":\"2023-01-20T18:28:51+00:00\",\"author\":{\"@id\":\"https:\/\/www.africa-press.net\/senegal\/#\/schema\/person\/2b1cf3cd81a31e3cd26889ca66d677f1\"},\"breadcrumb\":{\"@id\":\"https:\/\/www.africa-press.net\/senegal\/politique\/le-fesnac-un-outil-pour-la-consolidation-de-lunite-nationale-alioune-badiane#breadcrumb\"},\"inLanguage\":\"fr-FR\",\"potentialAction\":[{\"@type\":\"ReadAction\",\"target\":[\"https:\/\/www.africa-press.net\/senegal\/politique\/le-fesnac-un-outil-pour-la-consolidation-de-lunite-nationale-alioune-badiane\"]}]},{\"@type\":\"ImageObject\",\"inLanguage\":\"fr-FR\",\"@id\":\"https:\/\/www.africa-press.net\/senegal\/politique\/le-fesnac-un-outil-pour-la-consolidation-de-lunite-nationale-alioune-badiane#primaryimage\",\"url\":\"https:\/\/static.africa-press.net\/senegal\/sites\/13\/2023\/01\/postQueueImg_1674227064.96.jpg\",\"contentUrl\":\"https:\/\/static.africa-press.net\/senegal\/sites\/13\/2023\/01\/postQueueImg_1674227064.96.jpg\",\"width\":1280,\"height\":720,\"caption\":\"Le Fesnac: \u2018\u2019un outil pour la consolidation de l\u2019unit\u00e9 nationale\u2019\u2019 (Alioune Badiane)\"},{\"@type\":\"BreadcrumbList\",\"@id\":\"https:\/\/www.africa-press.net\/senegal\/politique\/le-fesnac-un-outil-pour-la-consolidation-de-lunite-nationale-alioune-badiane#breadcrumb\",\"itemListElement\":[{\"@type\":\"ListItem\",\"position\":1,\"name\":\"Accueil\",\"item\":\"https:\/\/www.africa-press.net\/senegal\/\"},{\"@type\":\"ListItem\",\"position\":2,\"name\":\"Le Fesnac: \u2018\u2019un outil pour la consolidation de l\u2019unit\u00e9 nationale\u2019\u2019 (Alioune Badiane)\"}]},{\"@type\":\"WebSite\",\"@id\":\"https:\/\/www.africa-press.net\/senegal\/#website\",\"url\":\"https:\/\/www.africa-press.net\/senegal\/\",\"name\":\"Africa Press | Senegal | Homepage\",\"description\":\"Just another Africa News Agency Sites site\",\"potentialAction\":[{\"@type\":\"SearchAction\",\"target\":{\"@type\":\"EntryPoint\",\"urlTemplate\":\"https:\/\/www.africa-press.net\/senegal\/?s={search_term_string}\"},\"query-input\":{\"@type\":\"PropertyValueSpecification\",\"valueRequired\":true,\"valueName\":\"search_term_string\"}}],\"inLanguage\":\"fr-FR\"},{\"@type\":\"Person\",\"@id\":\"https:\/\/www.africa-press.net\/senegal\/#\/schema\/person\/2b1cf3cd81a31e3cd26889ca66d677f1\",\"name\":\"cfeditorfr\",\"url\":\"https:\/\/www.africa-press.net\/senegal\/author\/cfeditorfr\"}]}<\/script>\n<!-- \/ Yoast SEO Premium plugin. -->","yoast_head_json":{"title":"Le Fesnac: \u2018\u2019un outil pour la consolidation de l\u2019unit\u00e9 nationale\u2019\u2019 (Alioune Badiane) - Senegal","robots":{"index":"index","follow":"follow","max-snippet":"max-snippet:-1","max-image-preview":"max-image-preview:large","max-video-preview":"max-video-preview:-1"},"canonical":"https:\/\/www.africa-press.net\/senegal\/politique\/le-fesnac-un-outil-pour-la-consolidation-de-lunite-nationale-alioune-badiane","og_locale":"fr_FR","og_type":"article","og_title":"Le Fesnac: \u2018\u2019un outil pour la consolidation de l\u2019unit\u00e9 nationale\u2019\u2019 (Alioune Badiane)","og_description":"Africa-Press &#8211; Senegal. Le Festival national des arts et cultures (FESNAC) dont la onzie\u0300me e\u0301dition de\u0301marre, ce samedi ( 21-28 janvier) a\u0300 Kaffrine (centre) constitue un \u2018\u2019outil de convergence et de consolidation de l\u2019unite\u0301 nationale\u2019\u2019, a dit a\u0300 l\u2019APS, Alioune Badiane, ancien fonctionnaire au ministe\u0300re de la Culture (1979-2008). Alioune Badiane, inspecteur de l&rsquo;e\u0301ducation artistique [&hellip;]","og_url":"https:\/\/www.africa-press.net\/senegal\/politique\/le-fesnac-un-outil-pour-la-consolidation-de-lunite-nationale-alioune-badiane","og_site_name":"Senegal","article_published_time":"2023-01-20T18:28:51+00:00","author":"cfeditorfr","twitter_card":"summary_large_image","twitter_misc":{"\u00c9crit par":"cfeditorfr","Dur\u00e9e de lecture estim\u00e9e":"3 minutes"},"schema":{"@context":"https:\/\/schema.org","@graph":[{"@type":"Article","@id":"https:\/\/www.africa-press.net\/senegal\/politique\/le-fesnac-un-outil-pour-la-consolidation-de-lunite-nationale-alioune-badiane#article","isPartOf":{"@id":"https:\/\/www.africa-press.net\/senegal\/politique\/le-fesnac-un-outil-pour-la-consolidation-de-lunite-nationale-alioune-badiane"},"author":{"name":"cfeditorfr","@id":"https:\/\/www.africa-press.net\/senegal\/#\/schema\/person\/2b1cf3cd81a31e3cd26889ca66d677f1"},"headline":"Le Fesnac: \u2018\u2019un outil pour la consolidation de l\u2019unit\u00e9 nationale\u2019\u2019 (Alioune Badiane)","datePublished":"2023-01-20T18:28:51+00:00","mainEntityOfPage":{"@id":"https:\/\/www.africa-press.net\/senegal\/politique\/le-fesnac-un-outil-pour-la-consolidation-de-lunite-nationale-alioune-badiane"},"wordCount":675,"commentCount":0,"image":{"@id":"https:\/\/www.africa-press.net\/senegal\/politique\/le-fesnac-un-outil-pour-la-consolidation-de-lunite-nationale-alioune-badiane#primaryimage"},"thumbnailUrl":"https:\/\/static.africa-press.net\/senegal\/sites\/13\/2023\/01\/postQueueImg_1674227064.96.jpg","keywords":["Africa Press","Africa Press-Senegal","Senegal"],"articleSection":["Culture et Art","Toutes les actualit\u00e9s"],"inLanguage":"fr-FR","potentialAction":[{"@type":"CommentAction","name":"Comment","target":["https:\/\/www.africa-press.net\/senegal\/politique\/le-fesnac-un-outil-pour-la-consolidation-de-lunite-nationale-alioune-badiane#respond"]}]},{"@type":"WebPage","@id":"https:\/\/www.africa-press.net\/senegal\/politique\/le-fesnac-un-outil-pour-la-consolidation-de-lunite-nationale-alioune-badiane","url":"https:\/\/www.africa-press.net\/senegal\/politique\/le-fesnac-un-outil-pour-la-consolidation-de-lunite-nationale-alioune-badiane","name":"Le Fesnac: \u2018\u2019un outil pour la consolidation de l\u2019unit\u00e9 nationale\u2019\u2019 (Alioune Badiane) - Senegal","isPartOf":{"@id":"https:\/\/www.africa-press.net\/senegal\/#website"},"primaryImageOfPage":{"@id":"https:\/\/www.africa-press.net\/senegal\/politique\/le-fesnac-un-outil-pour-la-consolidation-de-lunite-nationale-alioune-badiane#primaryimage"},"image":{"@id":"https:\/\/www.africa-press.net\/senegal\/politique\/le-fesnac-un-outil-pour-la-consolidation-de-lunite-nationale-alioune-badiane#primaryimage"},"thumbnailUrl":"https:\/\/static.africa-press.net\/senegal\/sites\/13\/2023\/01\/postQueueImg_1674227064.96.jpg","datePublished":"2023-01-20T18:28:51+00:00","author":{"@id":"https:\/\/www.africa-press.net\/senegal\/#\/schema\/person\/2b1cf3cd81a31e3cd26889ca66d677f1"},"breadcrumb":{"@id":"https:\/\/www.africa-press.net\/senegal\/politique\/le-fesnac-un-outil-pour-la-consolidation-de-lunite-nationale-alioune-badiane#breadcrumb"},"inLanguage":"fr-FR","potentialAction":[{"@type":"ReadAction","target":["https:\/\/www.africa-press.net\/senegal\/politique\/le-fesnac-un-outil-pour-la-consolidation-de-lunite-nationale-alioune-badiane"]}]},{"@type":"ImageObject","inLanguage":"fr-FR","@id":"https:\/\/www.africa-press.net\/senegal\/politique\/le-fesnac-un-outil-pour-la-consolidation-de-lunite-nationale-alioune-badiane#primaryimage","url":"https:\/\/static.africa-press.net\/senegal\/sites\/13\/2023\/01\/postQueueImg_1674227064.96.jpg","contentUrl":"https:\/\/static.africa-press.net\/senegal\/sites\/13\/2023\/01\/postQueueImg_1674227064.96.jpg","width":1280,"height":720,"caption":"Le Fesnac: \u2018\u2019un outil pour la consolidation de l\u2019unit\u00e9 nationale\u2019\u2019 (Alioune Badiane)"},{"@type":"BreadcrumbList","@id":"https:\/\/www.africa-press.net\/senegal\/politique\/le-fesnac-un-outil-pour-la-consolidation-de-lunite-nationale-alioune-badiane#breadcrumb","itemListElement":[{"@type":"ListItem","position":1,"name":"Accueil","item":"https:\/\/www.africa-press.net\/senegal\/"},{"@type":"ListItem","position":2,"name":"Le Fesnac: \u2018\u2019un outil pour la consolidation de l\u2019unit\u00e9 nationale\u2019\u2019 (Alioune Badiane)"}]},{"@type":"WebSite","@id":"https:\/\/www.africa-press.net\/senegal\/#website","url":"https:\/\/www.africa-press.net\/senegal\/","name":"Africa Press | Senegal | Homepage","description":"Just another Africa News Agency Sites site","potentialAction":[{"@type":"SearchAction","target":{"@type":"EntryPoint","urlTemplate":"https:\/\/www.africa-press.net\/senegal\/?s={search_term_string}"},"query-input":{"@type":"PropertyValueSpecification","valueRequired":true,"valueName":"search_term_string"}}],"inLanguage":"fr-FR"},{"@type":"Person","@id":"https:\/\/www.africa-press.net\/senegal\/#\/schema\/person\/2b1cf3cd81a31e3cd26889ca66d677f1","name":"cfeditorfr","url":"https:\/\/www.africa-press.net\/senegal\/author\/cfeditorfr"}]}},"_links":{"self":[{"href":"https:\/\/www.africa-press.net\/senegal\/wp-json\/wp\/v2\/posts\/38341","targetHints":{"allow":["GET"]}}],"collection":[{"href":"https:\/\/www.africa-press.net\/senegal\/wp-json\/wp\/v2\/posts"}],"about":[{"href":"https:\/\/www.africa-press.net\/senegal\/wp-json\/wp\/v2\/types\/post"}],"author":[{"embeddable":true,"href":"https:\/\/www.africa-press.net\/senegal\/wp-json\/wp\/v2\/users\/82"}],"replies":[{"embeddable":true,"href":"https:\/\/www.africa-press.net\/senegal\/wp-json\/wp\/v2\/comments?post=38341"}],"version-history":[{"count":0,"href":"https:\/\/www.africa-press.net\/senegal\/wp-json\/wp\/v2\/posts\/38341\/revisions"}],"wp:featuredmedia":[{"embeddable":true,"href":"https:\/\/www.africa-press.net\/senegal\/wp-json\/wp\/v2\/media\/38340"}],"wp:attachment":[{"href":"https:\/\/www.africa-press.net\/senegal\/wp-json\/wp\/v2\/media?parent=38341"}],"wp:term":[{"taxonomy":"category","embeddable":true,"href":"https:\/\/www.africa-press.net\/senegal\/wp-json\/wp\/v2\/categories?post=38341"},{"taxonomy":"post_tag","embeddable":true,"href":"https:\/\/www.africa-press.net\/senegal\/wp-json\/wp\/v2\/tags?post=38341"}],"curies":[{"name":"wp","href":"https:\/\/api.w.org\/{rel}","templated":true}]}}