{"id":38343,"date":"2023-01-20T18:35:12","date_gmt":"2023-01-20T18:35:12","guid":{"rendered":"https:\/\/www.africa-press.net\/senegal\/politique\/podor-bon-comportement-des-cultures-de-decrue-responsable"},"modified":"2023-01-20T18:35:12","modified_gmt":"2023-01-20T18:35:12","slug":"podor-bon-comportement-des-cultures-de-decrue-responsable","status":"publish","type":"post","link":"https:\/\/www.africa-press.net\/senegal\/toutes-les-actualites\/podor-bon-comportement-des-cultures-de-decrue-responsable","title":{"rendered":"Podor : bon comportement des cultures de d\u00e9crue (responsable)"},"content":{"rendered":"<p><span style=\"color: #ff6600\"><strong>Africa-Press &#8211; Senegal. <\/strong><\/span>Le comportement ve\u0301ge\u0301tatif des cultures de de\u0301crue est \u2018\u2019globalement satisfaisant\u2019\u2019, a\u0300 Podor (Nord), a assure\u0301, Me\u0301kha Babou, chef du service de\u0301partemental du de\u0301veloppement rural.<\/p>\n<p>\u2018\u2019Les cultures des premiers semis sont au stade e\u0301piaison par endroit\u2019\u2019, a-t-il indique\u0301 lors d\u2019un entretien avec l\u2019APS, assurant que dans ce de\u0301partement, les mises en valeur se poursuivent au niveau des surfaces inonde\u0301es et des berges du fleuve Se\u0301ne\u0301gal et ses affluents.<\/p>\n<p>Il a rappele\u0301 que dans cette partie nord du pays, le sorgho, le mai\u0308s sur les plaines, sont les principales spe\u0301culations cultive\u0301es, dans la valle\u0301e du fleuve Se\u0301ne\u0301gal en ge\u0301ne\u0301ral.<\/p>\n<p>Selon lui, sur les berges des cours d\u2019eau notamment le fleuve Se\u0301ne\u0301gal et ses affluents (le Doue\u0301, le Gayo et le Ngallenka), sont cultive\u0301es la patate douce, le nie\u0301be\u0301, la paste\u0300que, le melon, et la courge.<\/p>\n<p>Les mises en valeurs se poursuivent encore dans plusieurs localite\u0301s en fonction du retrait de la crue, a-t-il explique\u0301.<\/p>\n<p>\u2018\u2019Les premie\u0300res vagues de semis sont au stade d\u2019e\u0301piaison pour le sorgho et le mai\u0308s, alors que pour le nie\u0301be\u0301, la patate douce, la paste\u0300que, le melon et la courge sont au stade de floraison a\u0300 ramification\u00a0\u00bb, a-t-il pre\u0301cise\u0301.<\/p>\n<p>Me\u0301kha Babou a souligne\u0301 l\u2019importance de ces cultures dans la consommation des me\u0301nages de me\u0302me que les cultures irrigue\u0301es avec les spe\u0301culations comme le riz, le maraichage, etc.<\/p>\n<p>\u2018\u2019Cependant, seules 35 tonnes de semences certifie\u0301es sur les 60, pre\u0301vues et 4,2 tonnes de semences hybrides ont e\u0301te\u0301 mises en place, respectivement a\u0300 58, 33 % et 100 % \u2018\u2019, a-t-il souligne\u0301.<\/p>\n<p>Selon lui, les 4,2 tonnes de mai\u0308s hybride, destine\u0301es aux sinistre\u0301s du de\u0301partement ont e\u0301te\u0301 remises a\u0300 la de\u0301le\u0301gation de la Socie\u0301te\u0301 d&rsquo;ame\u0301nagement et d&rsquo;exploitation des terres du delta du Fleuve Se\u0301ne\u0301gal (SAED) de Podor.<\/p>\n<p><strong>Pour plus d&rsquo;informations et d&rsquo;analyses sur la <a href=\"https:\/\/www.africa-press.net\/senegal\">Senegal<\/a>, suivez <a href=\"https:\/\/www.africa-press.net\/\">Africa-Press<\/a><\/strong><\/p>\n","protected":false},"excerpt":{"rendered":"<p>Africa-Press &#8211; Senegal. Le comportement ve\u0301ge\u0301tatif des cultures de de\u0301crue est \u2018\u2019globalement satisfaisant\u2019\u2019, a\u0300 Podor (Nord), a assure\u0301, Me\u0301kha Babou, chef du service de\u0301partemental du de\u0301veloppement rural. \u2018\u2019Les cultures des premiers semis sont au stade e\u0301piaison par endroit\u2019\u2019, a-t-il indique\u0301 lors d\u2019un entretien avec l\u2019APS, assurant que dans ce de\u0301partement, les mises en valeur se [&hellip;]<\/p>\n","protected":false},"author":82,"featured_media":38342,"comment_status":"open","ping_status":"closed","sticky":false,"template":"","format":"standard","meta":{"footnotes":""},"categories":[21,10],"tags":[43,47,44],"class_list":["post-38343","post","type-post","status-publish","format-standard","has-post-thumbnail","hentry","category-communaute","category-toutes-les-actualites","tag-africa-press-2","tag-africa-press-senegal","tag-senegal-2"],"yoast_head":"<!-- This site is optimized with the Yoast SEO Premium plugin v26.1 (Yoast SEO v27.0) - https:\/\/yoast.com\/product\/yoast-seo-premium-wordpress\/ -->\n<title>Podor : bon comportement des cultures de d\u00e9crue (responsable) - Senegal<\/title>\n<meta name=\"robots\" content=\"index, follow, max-snippet:-1, max-image-preview:large, max-video-preview:-1\" \/>\n<link rel=\"canonical\" href=\"https:\/\/www.africa-press.net\/senegal\/politique\/podor-bon-comportement-des-cultures-de-decrue-responsable\" \/>\n<meta property=\"og:locale\" content=\"fr_FR\" \/>\n<meta property=\"og:type\" content=\"article\" \/>\n<meta property=\"og:title\" content=\"Podor : bon comportement des cultures de d\u00e9crue (responsable)\" \/>\n<meta property=\"og:description\" content=\"Africa-Press &#8211; Senegal. Le comportement ve\u0301ge\u0301tatif des cultures de de\u0301crue est \u2018\u2019globalement satisfaisant\u2019\u2019, a\u0300 Podor (Nord), a assure\u0301, Me\u0301kha Babou, chef du service de\u0301partemental du de\u0301veloppement rural. \u2018\u2019Les cultures des premiers semis sont au stade e\u0301piaison par endroit\u2019\u2019, a-t-il indique\u0301 lors d\u2019un entretien avec l\u2019APS, assurant que dans ce de\u0301partement, les mises en valeur se [&hellip;]\" \/>\n<meta property=\"og:url\" content=\"https:\/\/www.africa-press.net\/senegal\/politique\/podor-bon-comportement-des-cultures-de-decrue-responsable\" \/>\n<meta property=\"og:site_name\" content=\"Senegal\" \/>\n<meta property=\"article:published_time\" content=\"2023-01-20T18:35:12+00:00\" \/>\n<meta name=\"author\" content=\"cfeditorfr\" \/>\n<meta name=\"twitter:card\" content=\"summary_large_image\" \/>\n<meta name=\"twitter:label1\" content=\"\u00c9crit par\" \/>\n\t<meta name=\"twitter:data1\" content=\"cfeditorfr\" \/>\n\t<meta name=\"twitter:label2\" content=\"Dur\u00e9e de lecture estim\u00e9e\" \/>\n\t<meta name=\"twitter:data2\" content=\"2 minutes\" \/>\n<script type=\"application\/ld+json\" class=\"yoast-schema-graph\">{\"@context\":\"https:\/\/schema.org\",\"@graph\":[{\"@type\":\"Article\",\"@id\":\"https:\/\/www.africa-press.net\/senegal\/politique\/podor-bon-comportement-des-cultures-de-decrue-responsable#article\",\"isPartOf\":{\"@id\":\"https:\/\/www.africa-press.net\/senegal\/politique\/podor-bon-comportement-des-cultures-de-decrue-responsable\"},\"author\":{\"name\":\"cfeditorfr\",\"@id\":\"https:\/\/www.africa-press.net\/senegal\/#\/schema\/person\/2b1cf3cd81a31e3cd26889ca66d677f1\"},\"headline\":\"Podor : bon comportement des cultures de d\u00e9crue (responsable)\",\"datePublished\":\"2023-01-20T18:35:12+00:00\",\"mainEntityOfPage\":{\"@id\":\"https:\/\/www.africa-press.net\/senegal\/politique\/podor-bon-comportement-des-cultures-de-decrue-responsable\"},\"wordCount\":358,\"commentCount\":0,\"image\":{\"@id\":\"https:\/\/www.africa-press.net\/senegal\/politique\/podor-bon-comportement-des-cultures-de-decrue-responsable#primaryimage\"},\"thumbnailUrl\":\"https:\/\/static.africa-press.net\/senegal\/sites\/13\/2023\/01\/postQueueImg_1674227120.22.jpg\",\"keywords\":[\"Africa Press\",\"Africa Press-Senegal\",\"Senegal\"],\"articleSection\":[\"Communaut\u00e9\",\"Toutes les actualit\u00e9s\"],\"inLanguage\":\"fr-FR\",\"potentialAction\":[{\"@type\":\"CommentAction\",\"name\":\"Comment\",\"target\":[\"https:\/\/www.africa-press.net\/senegal\/politique\/podor-bon-comportement-des-cultures-de-decrue-responsable#respond\"]}]},{\"@type\":\"WebPage\",\"@id\":\"https:\/\/www.africa-press.net\/senegal\/politique\/podor-bon-comportement-des-cultures-de-decrue-responsable\",\"url\":\"https:\/\/www.africa-press.net\/senegal\/politique\/podor-bon-comportement-des-cultures-de-decrue-responsable\",\"name\":\"Podor : bon comportement des cultures de d\u00e9crue (responsable) - Senegal\",\"isPartOf\":{\"@id\":\"https:\/\/www.africa-press.net\/senegal\/#website\"},\"primaryImageOfPage\":{\"@id\":\"https:\/\/www.africa-press.net\/senegal\/politique\/podor-bon-comportement-des-cultures-de-decrue-responsable#primaryimage\"},\"image\":{\"@id\":\"https:\/\/www.africa-press.net\/senegal\/politique\/podor-bon-comportement-des-cultures-de-decrue-responsable#primaryimage\"},\"thumbnailUrl\":\"https:\/\/static.africa-press.net\/senegal\/sites\/13\/2023\/01\/postQueueImg_1674227120.22.jpg\",\"datePublished\":\"2023-01-20T18:35:12+00:00\",\"author\":{\"@id\":\"https:\/\/www.africa-press.net\/senegal\/#\/schema\/person\/2b1cf3cd81a31e3cd26889ca66d677f1\"},\"breadcrumb\":{\"@id\":\"https:\/\/www.africa-press.net\/senegal\/politique\/podor-bon-comportement-des-cultures-de-decrue-responsable#breadcrumb\"},\"inLanguage\":\"fr-FR\",\"potentialAction\":[{\"@type\":\"ReadAction\",\"target\":[\"https:\/\/www.africa-press.net\/senegal\/politique\/podor-bon-comportement-des-cultures-de-decrue-responsable\"]}]},{\"@type\":\"ImageObject\",\"inLanguage\":\"fr-FR\",\"@id\":\"https:\/\/www.africa-press.net\/senegal\/politique\/podor-bon-comportement-des-cultures-de-decrue-responsable#primaryimage\",\"url\":\"https:\/\/static.africa-press.net\/senegal\/sites\/13\/2023\/01\/postQueueImg_1674227120.22.jpg\",\"contentUrl\":\"https:\/\/static.africa-press.net\/senegal\/sites\/13\/2023\/01\/postQueueImg_1674227120.22.jpg\",\"width\":1620,\"height\":925,\"caption\":\"Podor : bon comportement des cultures de d\u00e9crue (responsable)\"},{\"@type\":\"BreadcrumbList\",\"@id\":\"https:\/\/www.africa-press.net\/senegal\/politique\/podor-bon-comportement-des-cultures-de-decrue-responsable#breadcrumb\",\"itemListElement\":[{\"@type\":\"ListItem\",\"position\":1,\"name\":\"Accueil\",\"item\":\"https:\/\/www.africa-press.net\/senegal\/\"},{\"@type\":\"ListItem\",\"position\":2,\"name\":\"Podor : bon comportement des cultures de d\u00e9crue (responsable)\"}]},{\"@type\":\"WebSite\",\"@id\":\"https:\/\/www.africa-press.net\/senegal\/#website\",\"url\":\"https:\/\/www.africa-press.net\/senegal\/\",\"name\":\"Africa Press | Senegal | Homepage\",\"description\":\"Just another Africa News Agency Sites site\",\"potentialAction\":[{\"@type\":\"SearchAction\",\"target\":{\"@type\":\"EntryPoint\",\"urlTemplate\":\"https:\/\/www.africa-press.net\/senegal\/?s={search_term_string}\"},\"query-input\":{\"@type\":\"PropertyValueSpecification\",\"valueRequired\":true,\"valueName\":\"search_term_string\"}}],\"inLanguage\":\"fr-FR\"},{\"@type\":\"Person\",\"@id\":\"https:\/\/www.africa-press.net\/senegal\/#\/schema\/person\/2b1cf3cd81a31e3cd26889ca66d677f1\",\"name\":\"cfeditorfr\",\"url\":\"https:\/\/www.africa-press.net\/senegal\/author\/cfeditorfr\"}]}<\/script>\n<!-- \/ Yoast SEO Premium plugin. -->","yoast_head_json":{"title":"Podor : bon comportement des cultures de d\u00e9crue (responsable) - Senegal","robots":{"index":"index","follow":"follow","max-snippet":"max-snippet:-1","max-image-preview":"max-image-preview:large","max-video-preview":"max-video-preview:-1"},"canonical":"https:\/\/www.africa-press.net\/senegal\/politique\/podor-bon-comportement-des-cultures-de-decrue-responsable","og_locale":"fr_FR","og_type":"article","og_title":"Podor : bon comportement des cultures de d\u00e9crue (responsable)","og_description":"Africa-Press &#8211; Senegal. Le comportement ve\u0301ge\u0301tatif des cultures de de\u0301crue est \u2018\u2019globalement satisfaisant\u2019\u2019, a\u0300 Podor (Nord), a assure\u0301, Me\u0301kha Babou, chef du service de\u0301partemental du de\u0301veloppement rural. \u2018\u2019Les cultures des premiers semis sont au stade e\u0301piaison par endroit\u2019\u2019, a-t-il indique\u0301 lors d\u2019un entretien avec l\u2019APS, assurant que dans ce de\u0301partement, les mises en valeur se [&hellip;]","og_url":"https:\/\/www.africa-press.net\/senegal\/politique\/podor-bon-comportement-des-cultures-de-decrue-responsable","og_site_name":"Senegal","article_published_time":"2023-01-20T18:35:12+00:00","author":"cfeditorfr","twitter_card":"summary_large_image","twitter_misc":{"\u00c9crit par":"cfeditorfr","Dur\u00e9e de lecture estim\u00e9e":"2 minutes"},"schema":{"@context":"https:\/\/schema.org","@graph":[{"@type":"Article","@id":"https:\/\/www.africa-press.net\/senegal\/politique\/podor-bon-comportement-des-cultures-de-decrue-responsable#article","isPartOf":{"@id":"https:\/\/www.africa-press.net\/senegal\/politique\/podor-bon-comportement-des-cultures-de-decrue-responsable"},"author":{"name":"cfeditorfr","@id":"https:\/\/www.africa-press.net\/senegal\/#\/schema\/person\/2b1cf3cd81a31e3cd26889ca66d677f1"},"headline":"Podor : bon comportement des cultures de d\u00e9crue (responsable)","datePublished":"2023-01-20T18:35:12+00:00","mainEntityOfPage":{"@id":"https:\/\/www.africa-press.net\/senegal\/politique\/podor-bon-comportement-des-cultures-de-decrue-responsable"},"wordCount":358,"commentCount":0,"image":{"@id":"https:\/\/www.africa-press.net\/senegal\/politique\/podor-bon-comportement-des-cultures-de-decrue-responsable#primaryimage"},"thumbnailUrl":"https:\/\/static.africa-press.net\/senegal\/sites\/13\/2023\/01\/postQueueImg_1674227120.22.jpg","keywords":["Africa Press","Africa Press-Senegal","Senegal"],"articleSection":["Communaut\u00e9","Toutes les actualit\u00e9s"],"inLanguage":"fr-FR","potentialAction":[{"@type":"CommentAction","name":"Comment","target":["https:\/\/www.africa-press.net\/senegal\/politique\/podor-bon-comportement-des-cultures-de-decrue-responsable#respond"]}]},{"@type":"WebPage","@id":"https:\/\/www.africa-press.net\/senegal\/politique\/podor-bon-comportement-des-cultures-de-decrue-responsable","url":"https:\/\/www.africa-press.net\/senegal\/politique\/podor-bon-comportement-des-cultures-de-decrue-responsable","name":"Podor : bon comportement des cultures de d\u00e9crue (responsable) - Senegal","isPartOf":{"@id":"https:\/\/www.africa-press.net\/senegal\/#website"},"primaryImageOfPage":{"@id":"https:\/\/www.africa-press.net\/senegal\/politique\/podor-bon-comportement-des-cultures-de-decrue-responsable#primaryimage"},"image":{"@id":"https:\/\/www.africa-press.net\/senegal\/politique\/podor-bon-comportement-des-cultures-de-decrue-responsable#primaryimage"},"thumbnailUrl":"https:\/\/static.africa-press.net\/senegal\/sites\/13\/2023\/01\/postQueueImg_1674227120.22.jpg","datePublished":"2023-01-20T18:35:12+00:00","author":{"@id":"https:\/\/www.africa-press.net\/senegal\/#\/schema\/person\/2b1cf3cd81a31e3cd26889ca66d677f1"},"breadcrumb":{"@id":"https:\/\/www.africa-press.net\/senegal\/politique\/podor-bon-comportement-des-cultures-de-decrue-responsable#breadcrumb"},"inLanguage":"fr-FR","potentialAction":[{"@type":"ReadAction","target":["https:\/\/www.africa-press.net\/senegal\/politique\/podor-bon-comportement-des-cultures-de-decrue-responsable"]}]},{"@type":"ImageObject","inLanguage":"fr-FR","@id":"https:\/\/www.africa-press.net\/senegal\/politique\/podor-bon-comportement-des-cultures-de-decrue-responsable#primaryimage","url":"https:\/\/static.africa-press.net\/senegal\/sites\/13\/2023\/01\/postQueueImg_1674227120.22.jpg","contentUrl":"https:\/\/static.africa-press.net\/senegal\/sites\/13\/2023\/01\/postQueueImg_1674227120.22.jpg","width":1620,"height":925,"caption":"Podor : bon comportement des cultures de d\u00e9crue (responsable)"},{"@type":"BreadcrumbList","@id":"https:\/\/www.africa-press.net\/senegal\/politique\/podor-bon-comportement-des-cultures-de-decrue-responsable#breadcrumb","itemListElement":[{"@type":"ListItem","position":1,"name":"Accueil","item":"https:\/\/www.africa-press.net\/senegal\/"},{"@type":"ListItem","position":2,"name":"Podor : bon comportement des cultures de d\u00e9crue (responsable)"}]},{"@type":"WebSite","@id":"https:\/\/www.africa-press.net\/senegal\/#website","url":"https:\/\/www.africa-press.net\/senegal\/","name":"Africa Press | Senegal | Homepage","description":"Just another Africa News Agency Sites site","potentialAction":[{"@type":"SearchAction","target":{"@type":"EntryPoint","urlTemplate":"https:\/\/www.africa-press.net\/senegal\/?s={search_term_string}"},"query-input":{"@type":"PropertyValueSpecification","valueRequired":true,"valueName":"search_term_string"}}],"inLanguage":"fr-FR"},{"@type":"Person","@id":"https:\/\/www.africa-press.net\/senegal\/#\/schema\/person\/2b1cf3cd81a31e3cd26889ca66d677f1","name":"cfeditorfr","url":"https:\/\/www.africa-press.net\/senegal\/author\/cfeditorfr"}]}},"_links":{"self":[{"href":"https:\/\/www.africa-press.net\/senegal\/wp-json\/wp\/v2\/posts\/38343","targetHints":{"allow":["GET"]}}],"collection":[{"href":"https:\/\/www.africa-press.net\/senegal\/wp-json\/wp\/v2\/posts"}],"about":[{"href":"https:\/\/www.africa-press.net\/senegal\/wp-json\/wp\/v2\/types\/post"}],"author":[{"embeddable":true,"href":"https:\/\/www.africa-press.net\/senegal\/wp-json\/wp\/v2\/users\/82"}],"replies":[{"embeddable":true,"href":"https:\/\/www.africa-press.net\/senegal\/wp-json\/wp\/v2\/comments?post=38343"}],"version-history":[{"count":0,"href":"https:\/\/www.africa-press.net\/senegal\/wp-json\/wp\/v2\/posts\/38343\/revisions"}],"wp:featuredmedia":[{"embeddable":true,"href":"https:\/\/www.africa-press.net\/senegal\/wp-json\/wp\/v2\/media\/38342"}],"wp:attachment":[{"href":"https:\/\/www.africa-press.net\/senegal\/wp-json\/wp\/v2\/media?parent=38343"}],"wp:term":[{"taxonomy":"category","embeddable":true,"href":"https:\/\/www.africa-press.net\/senegal\/wp-json\/wp\/v2\/categories?post=38343"},{"taxonomy":"post_tag","embeddable":true,"href":"https:\/\/www.africa-press.net\/senegal\/wp-json\/wp\/v2\/tags?post=38343"}],"curies":[{"name":"wp","href":"https:\/\/api.w.org\/{rel}","templated":true}]}}