{"id":38345,"date":"2023-01-20T18:35:43","date_gmt":"2023-01-20T18:35:43","guid":{"rendered":"https:\/\/www.africa-press.net\/senegal\/politique\/victorine-ndeye-salue-le-travail-de-lu-imcec-aupres-des-femmes"},"modified":"2023-01-20T18:35:43","modified_gmt":"2023-01-20T18:35:43","slug":"victorine-ndeye-salue-le-travail-de-lu-imcec-aupres-des-femmes","status":"publish","type":"post","link":"https:\/\/www.africa-press.net\/senegal\/economie\/victorine-ndeye-salue-le-travail-de-lu-imcec-aupres-des-femmes","title":{"rendered":"Victorine Ndeye salue le travail de l\u2019U-IMCEC aupr\u00e8s des femmes"},"content":{"rendered":"<p><span style=\"color: #ff6600\"><strong>Africa-Press &#8211; Senegal. <\/strong><\/span>La ministre de la microfinance, de l\u2019Economie sociale et solidaire, Victorine Anquediche Ndeye, a salue\u0301, vendredi, a\u0300 Dakar, le travail de l\u2019Union des institutions mutualistes communautaires d&rsquo;e\u0301pargne et de cre\u0301dit (U-IMCEC) aux co\u0302te\u0301s des femmes et des jeunes.<\/p>\n<p>\u2018\u2019U-IMCEC a su garder les principes mutualistes, ces principes nobles de la microfinance, en e\u0301tant a\u0300 co\u0302te\u0301 des acteurs (les femmes et les jeunes), dans l\u2019e\u0301conomie re\u0301elle avec des impacts\u2019\u2019, a-t-elle dit, lors de sa visite au sie\u0300ge de cette Institution de mutualiste.<\/p>\n<p>Victorine Anquediche Ndeye a dit avoir note\u0301 que \u2018\u2019la promotion de la microfinance va au-dela\u0300 des donne\u0301es de financement. D\u2019ou\u0300, l\u2019importance de mettre en place ce dispositif social a\u0300 travers l\u2019e\u0301conomie sociale et solidaire en accompagnant les acteurs\u00a0\u00bb.<\/p>\n<p>Ce dispositif, a-t-elle soutenu, permettra aux femmes d\u2019e\u0302tre renforce\u0301es de manie\u0300re a\u0300 ce qu\u2019elles soient des actrices capables de consommer les produits de la microfinance.<\/p>\n<p>\u2018\u2019Nous avons le me\u0302me but, le me\u0302me objectif. Ce qui nous reste ici, c\u2019est de pouvoir jouer notre partition dans l\u2019inclusion financie\u0300re. Et c\u2019est main dans la main qu\u2019on pourra le faire\u2019\u2019, a pre\u0301cise\u0301, Victorine Ndeye.<\/p>\n<p>Selon elle, \u2018\u2019a\u0300 travers ce qu\u2019ils disent pour l\u2019e\u0301conomie sociale et solidaire, ils ne font pas allusion a\u0300 l\u2019e\u0301conomie de la main tendue, main pluto\u0302t de la poigne\u0301e de main\u00a0\u00bb. \u2018\u2019C\u2019est ce que nous continuerons a\u0300 faire\u2019\u2019, a-t-elle insiste\u0301.<\/p>\n<p>\u2018\u2019Nous allons nous appuyer beaucoup sur vous a\u0300 travers tout le pays. Vous avez toujours accompagne\u0301 l\u2019Etat et je sais que vous allez le faire davantage. Nous sommes tranquilles sur ce point\u2019\u2019, a-t-elle note\u0301.<\/p>\n<p>La ministre s&rsquo;est aussi fe\u0301licite\u0301 du fait que \u2018\u2019l\u2019U-IMCEC ait compris l\u2019importance de rendre un service le plus possible de la population\u00a0\u00bb.<\/p>\n<p>\u2018\u2019L\u2019U-IMCEC, a pour ambition a\u0300 l\u2019horizon 2024, de devenir une institution financie\u0300rement autonome et socialement responsable, reconnue comme un acteur de re\u0301fe\u0301rence dans la finance agricole et rurale de\u0301livrant des services financiers et non financiers diversifie\u0301s, adapte\u0301s et innovants\u2019\u2019, a pour sa part, souligne\u0301, son directeur ge\u0301ne\u0301ral, Ousmane Thiongane.<\/p>\n<p>Dans sa mission, a-t-il poursuivi, l\u2019U-IMCEC compte ame\u0301liorer les revenus et le bien e\u0302tre des familles a\u0300 travers l\u2019acce\u0300s a\u0300 des services financiers adapte\u0301s permettant de de\u0301velopper des activite\u0301s ge\u0301ne\u0301ratrices de revenus.<\/p>\n<p>Cela, a-t-il ajoute\u0301, pour principalement les femmes et les jeunes micro-entrepreneurs vivant dans les zones rurales et pe\u0301riurbaines, avec une dynamique soutenue d\u2019autonomie financie\u0300re.<\/p>\n<p>\u2018\u2019Actuellement le total acquis de l\u2019U-IMCEC, est de 27 milliards de Fcfa avec plus de 15 milliards collecte\u0301s gra\u0302ce a\u0300 des strate\u0301gies de l\u2019e\u0301pargne mises en place et une production de 24 milliards etc\u2019\u2019, a-t-il indique\u0301.<\/p>\n<p><strong>Pour plus d&rsquo;informations et d&rsquo;analyses sur la <a href=\"https:\/\/www.africa-press.net\/senegal\">Senegal<\/a>, suivez <a href=\"https:\/\/www.africa-press.net\/\">Africa-Press<\/a><\/strong><\/p>\n","protected":false},"excerpt":{"rendered":"<p>Africa-Press &#8211; Senegal. La ministre de la microfinance, de l\u2019Economie sociale et solidaire, Victorine Anquediche Ndeye, a salue\u0301, vendredi, a\u0300 Dakar, le travail de l\u2019Union des institutions mutualistes communautaires d&rsquo;e\u0301pargne et de cre\u0301dit (U-IMCEC) aux co\u0302te\u0301s des femmes et des jeunes. \u2018\u2019U-IMCEC a su garder les principes mutualistes, ces principes nobles de la microfinance, en [&hellip;]<\/p>\n","protected":false},"author":82,"featured_media":38344,"comment_status":"open","ping_status":"closed","sticky":false,"template":"","format":"standard","meta":{"footnotes":""},"categories":[3,10],"tags":[43,47,44],"class_list":["post-38345","post","type-post","status-publish","format-standard","has-post-thumbnail","hentry","category-economie","category-toutes-les-actualites","tag-africa-press-2","tag-africa-press-senegal","tag-senegal-2"],"yoast_head":"<!-- This site is optimized with the Yoast SEO Premium plugin v26.1 (Yoast SEO v27.0) - https:\/\/yoast.com\/product\/yoast-seo-premium-wordpress\/ -->\n<title>Victorine Ndeye salue le travail de l\u2019U-IMCEC aupr\u00e8s des femmes - Senegal<\/title>\n<meta name=\"robots\" content=\"index, follow, max-snippet:-1, max-image-preview:large, max-video-preview:-1\" \/>\n<link rel=\"canonical\" href=\"https:\/\/www.africa-press.net\/senegal\/politique\/victorine-ndeye-salue-le-travail-de-lu-imcec-aupres-des-femmes\" \/>\n<meta property=\"og:locale\" content=\"fr_FR\" \/>\n<meta property=\"og:type\" content=\"article\" \/>\n<meta property=\"og:title\" content=\"Victorine Ndeye salue le travail de l\u2019U-IMCEC aupr\u00e8s des femmes\" \/>\n<meta property=\"og:description\" content=\"Africa-Press &#8211; Senegal. La ministre de la microfinance, de l\u2019Economie sociale et solidaire, Victorine Anquediche Ndeye, a salue\u0301, vendredi, a\u0300 Dakar, le travail de l\u2019Union des institutions mutualistes communautaires d&rsquo;e\u0301pargne et de cre\u0301dit (U-IMCEC) aux co\u0302te\u0301s des femmes et des jeunes. \u2018\u2019U-IMCEC a su garder les principes mutualistes, ces principes nobles de la microfinance, en [&hellip;]\" \/>\n<meta property=\"og:url\" content=\"https:\/\/www.africa-press.net\/senegal\/politique\/victorine-ndeye-salue-le-travail-de-lu-imcec-aupres-des-femmes\" \/>\n<meta property=\"og:site_name\" content=\"Senegal\" \/>\n<meta property=\"article:published_time\" content=\"2023-01-20T18:35:43+00:00\" \/>\n<meta name=\"author\" content=\"cfeditorfr\" \/>\n<meta name=\"twitter:card\" content=\"summary_large_image\" \/>\n<meta name=\"twitter:label1\" content=\"\u00c9crit par\" \/>\n\t<meta name=\"twitter:data1\" content=\"cfeditorfr\" \/>\n\t<meta name=\"twitter:label2\" content=\"Dur\u00e9e de lecture estim\u00e9e\" \/>\n\t<meta name=\"twitter:data2\" content=\"2 minutes\" \/>\n<script type=\"application\/ld+json\" class=\"yoast-schema-graph\">{\"@context\":\"https:\/\/schema.org\",\"@graph\":[{\"@type\":\"Article\",\"@id\":\"https:\/\/www.africa-press.net\/senegal\/politique\/victorine-ndeye-salue-le-travail-de-lu-imcec-aupres-des-femmes#article\",\"isPartOf\":{\"@id\":\"https:\/\/www.africa-press.net\/senegal\/politique\/victorine-ndeye-salue-le-travail-de-lu-imcec-aupres-des-femmes\"},\"author\":{\"name\":\"cfeditorfr\",\"@id\":\"https:\/\/www.africa-press.net\/senegal\/#\/schema\/person\/2b1cf3cd81a31e3cd26889ca66d677f1\"},\"headline\":\"Victorine Ndeye salue le travail de l\u2019U-IMCEC aupr\u00e8s des femmes\",\"datePublished\":\"2023-01-20T18:35:43+00:00\",\"mainEntityOfPage\":{\"@id\":\"https:\/\/www.africa-press.net\/senegal\/politique\/victorine-ndeye-salue-le-travail-de-lu-imcec-aupres-des-femmes\"},\"wordCount\":512,\"commentCount\":0,\"image\":{\"@id\":\"https:\/\/www.africa-press.net\/senegal\/politique\/victorine-ndeye-salue-le-travail-de-lu-imcec-aupres-des-femmes#primaryimage\"},\"thumbnailUrl\":\"https:\/\/static.africa-press.net\/senegal\/sites\/13\/2023\/01\/postQueueImg_1674227159.03.jpg\",\"keywords\":[\"Africa Press\",\"Africa Press-Senegal\",\"Senegal\"],\"articleSection\":[\"\u00c9conomie\",\"Toutes les actualit\u00e9s\"],\"inLanguage\":\"fr-FR\",\"potentialAction\":[{\"@type\":\"CommentAction\",\"name\":\"Comment\",\"target\":[\"https:\/\/www.africa-press.net\/senegal\/politique\/victorine-ndeye-salue-le-travail-de-lu-imcec-aupres-des-femmes#respond\"]}]},{\"@type\":\"WebPage\",\"@id\":\"https:\/\/www.africa-press.net\/senegal\/politique\/victorine-ndeye-salue-le-travail-de-lu-imcec-aupres-des-femmes\",\"url\":\"https:\/\/www.africa-press.net\/senegal\/politique\/victorine-ndeye-salue-le-travail-de-lu-imcec-aupres-des-femmes\",\"name\":\"Victorine Ndeye salue le travail de l\u2019U-IMCEC aupr\u00e8s des femmes - Senegal\",\"isPartOf\":{\"@id\":\"https:\/\/www.africa-press.net\/senegal\/#website\"},\"primaryImageOfPage\":{\"@id\":\"https:\/\/www.africa-press.net\/senegal\/politique\/victorine-ndeye-salue-le-travail-de-lu-imcec-aupres-des-femmes#primaryimage\"},\"image\":{\"@id\":\"https:\/\/www.africa-press.net\/senegal\/politique\/victorine-ndeye-salue-le-travail-de-lu-imcec-aupres-des-femmes#primaryimage\"},\"thumbnailUrl\":\"https:\/\/static.africa-press.net\/senegal\/sites\/13\/2023\/01\/postQueueImg_1674227159.03.jpg\",\"datePublished\":\"2023-01-20T18:35:43+00:00\",\"author\":{\"@id\":\"https:\/\/www.africa-press.net\/senegal\/#\/schema\/person\/2b1cf3cd81a31e3cd26889ca66d677f1\"},\"breadcrumb\":{\"@id\":\"https:\/\/www.africa-press.net\/senegal\/politique\/victorine-ndeye-salue-le-travail-de-lu-imcec-aupres-des-femmes#breadcrumb\"},\"inLanguage\":\"fr-FR\",\"potentialAction\":[{\"@type\":\"ReadAction\",\"target\":[\"https:\/\/www.africa-press.net\/senegal\/politique\/victorine-ndeye-salue-le-travail-de-lu-imcec-aupres-des-femmes\"]}]},{\"@type\":\"ImageObject\",\"inLanguage\":\"fr-FR\",\"@id\":\"https:\/\/www.africa-press.net\/senegal\/politique\/victorine-ndeye-salue-le-travail-de-lu-imcec-aupres-des-femmes#primaryimage\",\"url\":\"https:\/\/static.africa-press.net\/senegal\/sites\/13\/2023\/01\/postQueueImg_1674227159.03.jpg\",\"contentUrl\":\"https:\/\/static.africa-press.net\/senegal\/sites\/13\/2023\/01\/postQueueImg_1674227159.03.jpg\",\"width\":1620,\"height\":925,\"caption\":\"Victorine Ndeye salue le travail de l\u2019U-IMCEC aupr\u00e8s des femmes\"},{\"@type\":\"BreadcrumbList\",\"@id\":\"https:\/\/www.africa-press.net\/senegal\/politique\/victorine-ndeye-salue-le-travail-de-lu-imcec-aupres-des-femmes#breadcrumb\",\"itemListElement\":[{\"@type\":\"ListItem\",\"position\":1,\"name\":\"Accueil\",\"item\":\"https:\/\/www.africa-press.net\/senegal\/\"},{\"@type\":\"ListItem\",\"position\":2,\"name\":\"Victorine Ndeye salue le travail de l\u2019U-IMCEC aupr\u00e8s des femmes\"}]},{\"@type\":\"WebSite\",\"@id\":\"https:\/\/www.africa-press.net\/senegal\/#website\",\"url\":\"https:\/\/www.africa-press.net\/senegal\/\",\"name\":\"Africa Press | Senegal | Homepage\",\"description\":\"Just another Africa News Agency Sites site\",\"potentialAction\":[{\"@type\":\"SearchAction\",\"target\":{\"@type\":\"EntryPoint\",\"urlTemplate\":\"https:\/\/www.africa-press.net\/senegal\/?s={search_term_string}\"},\"query-input\":{\"@type\":\"PropertyValueSpecification\",\"valueRequired\":true,\"valueName\":\"search_term_string\"}}],\"inLanguage\":\"fr-FR\"},{\"@type\":\"Person\",\"@id\":\"https:\/\/www.africa-press.net\/senegal\/#\/schema\/person\/2b1cf3cd81a31e3cd26889ca66d677f1\",\"name\":\"cfeditorfr\",\"url\":\"https:\/\/www.africa-press.net\/senegal\/author\/cfeditorfr\"}]}<\/script>\n<!-- \/ Yoast SEO Premium plugin. -->","yoast_head_json":{"title":"Victorine Ndeye salue le travail de l\u2019U-IMCEC aupr\u00e8s des femmes - Senegal","robots":{"index":"index","follow":"follow","max-snippet":"max-snippet:-1","max-image-preview":"max-image-preview:large","max-video-preview":"max-video-preview:-1"},"canonical":"https:\/\/www.africa-press.net\/senegal\/politique\/victorine-ndeye-salue-le-travail-de-lu-imcec-aupres-des-femmes","og_locale":"fr_FR","og_type":"article","og_title":"Victorine Ndeye salue le travail de l\u2019U-IMCEC aupr\u00e8s des femmes","og_description":"Africa-Press &#8211; Senegal. La ministre de la microfinance, de l\u2019Economie sociale et solidaire, Victorine Anquediche Ndeye, a salue\u0301, vendredi, a\u0300 Dakar, le travail de l\u2019Union des institutions mutualistes communautaires d&rsquo;e\u0301pargne et de cre\u0301dit (U-IMCEC) aux co\u0302te\u0301s des femmes et des jeunes. \u2018\u2019U-IMCEC a su garder les principes mutualistes, ces principes nobles de la microfinance, en [&hellip;]","og_url":"https:\/\/www.africa-press.net\/senegal\/politique\/victorine-ndeye-salue-le-travail-de-lu-imcec-aupres-des-femmes","og_site_name":"Senegal","article_published_time":"2023-01-20T18:35:43+00:00","author":"cfeditorfr","twitter_card":"summary_large_image","twitter_misc":{"\u00c9crit par":"cfeditorfr","Dur\u00e9e de lecture estim\u00e9e":"2 minutes"},"schema":{"@context":"https:\/\/schema.org","@graph":[{"@type":"Article","@id":"https:\/\/www.africa-press.net\/senegal\/politique\/victorine-ndeye-salue-le-travail-de-lu-imcec-aupres-des-femmes#article","isPartOf":{"@id":"https:\/\/www.africa-press.net\/senegal\/politique\/victorine-ndeye-salue-le-travail-de-lu-imcec-aupres-des-femmes"},"author":{"name":"cfeditorfr","@id":"https:\/\/www.africa-press.net\/senegal\/#\/schema\/person\/2b1cf3cd81a31e3cd26889ca66d677f1"},"headline":"Victorine Ndeye salue le travail de l\u2019U-IMCEC aupr\u00e8s des femmes","datePublished":"2023-01-20T18:35:43+00:00","mainEntityOfPage":{"@id":"https:\/\/www.africa-press.net\/senegal\/politique\/victorine-ndeye-salue-le-travail-de-lu-imcec-aupres-des-femmes"},"wordCount":512,"commentCount":0,"image":{"@id":"https:\/\/www.africa-press.net\/senegal\/politique\/victorine-ndeye-salue-le-travail-de-lu-imcec-aupres-des-femmes#primaryimage"},"thumbnailUrl":"https:\/\/static.africa-press.net\/senegal\/sites\/13\/2023\/01\/postQueueImg_1674227159.03.jpg","keywords":["Africa Press","Africa Press-Senegal","Senegal"],"articleSection":["\u00c9conomie","Toutes les actualit\u00e9s"],"inLanguage":"fr-FR","potentialAction":[{"@type":"CommentAction","name":"Comment","target":["https:\/\/www.africa-press.net\/senegal\/politique\/victorine-ndeye-salue-le-travail-de-lu-imcec-aupres-des-femmes#respond"]}]},{"@type":"WebPage","@id":"https:\/\/www.africa-press.net\/senegal\/politique\/victorine-ndeye-salue-le-travail-de-lu-imcec-aupres-des-femmes","url":"https:\/\/www.africa-press.net\/senegal\/politique\/victorine-ndeye-salue-le-travail-de-lu-imcec-aupres-des-femmes","name":"Victorine Ndeye salue le travail de l\u2019U-IMCEC aupr\u00e8s des femmes - Senegal","isPartOf":{"@id":"https:\/\/www.africa-press.net\/senegal\/#website"},"primaryImageOfPage":{"@id":"https:\/\/www.africa-press.net\/senegal\/politique\/victorine-ndeye-salue-le-travail-de-lu-imcec-aupres-des-femmes#primaryimage"},"image":{"@id":"https:\/\/www.africa-press.net\/senegal\/politique\/victorine-ndeye-salue-le-travail-de-lu-imcec-aupres-des-femmes#primaryimage"},"thumbnailUrl":"https:\/\/static.africa-press.net\/senegal\/sites\/13\/2023\/01\/postQueueImg_1674227159.03.jpg","datePublished":"2023-01-20T18:35:43+00:00","author":{"@id":"https:\/\/www.africa-press.net\/senegal\/#\/schema\/person\/2b1cf3cd81a31e3cd26889ca66d677f1"},"breadcrumb":{"@id":"https:\/\/www.africa-press.net\/senegal\/politique\/victorine-ndeye-salue-le-travail-de-lu-imcec-aupres-des-femmes#breadcrumb"},"inLanguage":"fr-FR","potentialAction":[{"@type":"ReadAction","target":["https:\/\/www.africa-press.net\/senegal\/politique\/victorine-ndeye-salue-le-travail-de-lu-imcec-aupres-des-femmes"]}]},{"@type":"ImageObject","inLanguage":"fr-FR","@id":"https:\/\/www.africa-press.net\/senegal\/politique\/victorine-ndeye-salue-le-travail-de-lu-imcec-aupres-des-femmes#primaryimage","url":"https:\/\/static.africa-press.net\/senegal\/sites\/13\/2023\/01\/postQueueImg_1674227159.03.jpg","contentUrl":"https:\/\/static.africa-press.net\/senegal\/sites\/13\/2023\/01\/postQueueImg_1674227159.03.jpg","width":1620,"height":925,"caption":"Victorine Ndeye salue le travail de l\u2019U-IMCEC aupr\u00e8s des femmes"},{"@type":"BreadcrumbList","@id":"https:\/\/www.africa-press.net\/senegal\/politique\/victorine-ndeye-salue-le-travail-de-lu-imcec-aupres-des-femmes#breadcrumb","itemListElement":[{"@type":"ListItem","position":1,"name":"Accueil","item":"https:\/\/www.africa-press.net\/senegal\/"},{"@type":"ListItem","position":2,"name":"Victorine Ndeye salue le travail de l\u2019U-IMCEC aupr\u00e8s des femmes"}]},{"@type":"WebSite","@id":"https:\/\/www.africa-press.net\/senegal\/#website","url":"https:\/\/www.africa-press.net\/senegal\/","name":"Africa Press | Senegal | Homepage","description":"Just another Africa News Agency Sites site","potentialAction":[{"@type":"SearchAction","target":{"@type":"EntryPoint","urlTemplate":"https:\/\/www.africa-press.net\/senegal\/?s={search_term_string}"},"query-input":{"@type":"PropertyValueSpecification","valueRequired":true,"valueName":"search_term_string"}}],"inLanguage":"fr-FR"},{"@type":"Person","@id":"https:\/\/www.africa-press.net\/senegal\/#\/schema\/person\/2b1cf3cd81a31e3cd26889ca66d677f1","name":"cfeditorfr","url":"https:\/\/www.africa-press.net\/senegal\/author\/cfeditorfr"}]}},"_links":{"self":[{"href":"https:\/\/www.africa-press.net\/senegal\/wp-json\/wp\/v2\/posts\/38345","targetHints":{"allow":["GET"]}}],"collection":[{"href":"https:\/\/www.africa-press.net\/senegal\/wp-json\/wp\/v2\/posts"}],"about":[{"href":"https:\/\/www.africa-press.net\/senegal\/wp-json\/wp\/v2\/types\/post"}],"author":[{"embeddable":true,"href":"https:\/\/www.africa-press.net\/senegal\/wp-json\/wp\/v2\/users\/82"}],"replies":[{"embeddable":true,"href":"https:\/\/www.africa-press.net\/senegal\/wp-json\/wp\/v2\/comments?post=38345"}],"version-history":[{"count":0,"href":"https:\/\/www.africa-press.net\/senegal\/wp-json\/wp\/v2\/posts\/38345\/revisions"}],"wp:featuredmedia":[{"embeddable":true,"href":"https:\/\/www.africa-press.net\/senegal\/wp-json\/wp\/v2\/media\/38344"}],"wp:attachment":[{"href":"https:\/\/www.africa-press.net\/senegal\/wp-json\/wp\/v2\/media?parent=38345"}],"wp:term":[{"taxonomy":"category","embeddable":true,"href":"https:\/\/www.africa-press.net\/senegal\/wp-json\/wp\/v2\/categories?post=38345"},{"taxonomy":"post_tag","embeddable":true,"href":"https:\/\/www.africa-press.net\/senegal\/wp-json\/wp\/v2\/tags?post=38345"}],"curies":[{"name":"wp","href":"https:\/\/api.w.org\/{rel}","templated":true}]}}