{"id":38347,"date":"2023-01-20T19:30:30","date_gmt":"2023-01-20T19:30:30","guid":{"rendered":"https:\/\/www.africa-press.net\/senegal\/politique\/rencontre-entre-marine-le-pen-et-macky-sall-mimi-toure-nose-pas-y-croire"},"modified":"2023-01-20T19:30:30","modified_gmt":"2023-01-20T19:30:30","slug":"rencontre-entre-marine-le-pen-et-macky-sall-mimi-toure-nose-pas-y-croire","status":"publish","type":"post","link":"https:\/\/www.africa-press.net\/senegal\/politique\/rencontre-entre-marine-le-pen-et-macky-sall-mimi-toure-nose-pas-y-croire","title":{"rendered":"Rencontre entre Marine Le Pen et Macky Sall : Mimi Tour\u00e9 \u00a0\u00bbn\u2019ose pas y croire\u00a0\u00bb"},"content":{"rendered":"<p><span style=\"color: #ff6600\"><strong>Africa-Press &#8211; Senegal. <\/strong><\/span>La suppose\u0301e rencontre entre le pre\u0301sident Macky Sall et Marine Le Pen va certainement de\u0301plaire a\u0300 ceux qui s\u2019e\u0301taient de\u0301ja\u0300 insurge\u0301s contre la venue de la de\u0301pute\u0301e franc\u0327aise de l&rsquo;extre\u0302me droite au Se\u0301ne\u0301gal. Parmi eux, figurait l\u2019ancienne Premie\u0300re ministre Aminata Toure\u0301.<\/p>\n<p>Dans un tweet datant du 18 janvier de\u0301ja\u0300, Aminata Toure\u0301 estimait que \u00ab\u00a0la politicienne la plus raciste de France depuis des de\u0301cennies, Marine Le Pen, n\u2019aurait jamais du\u0302 e\u0302tre autorise\u0301e a\u0300 fouler le sol se\u0301ne\u0301galais\u00a0\u00bb.<\/p>\n<p>C\u2019est naturellement donc que l\u2019ancienne PM, apre\u0300s l\u2019annonce d\u2019une rencontre entre le chef de l\u2019E\u0301tat et la cheffe du Rassemblement national (RN), re\u0301agit ainsi : \u00ab\u00a0Je n\u2019ose pas croire que cette information est vraie. Si c\u2019est le cas, nos compatriotes se\u0301ne\u0301galais et africains vivant en France, qui subissent depuis des de\u0301cennies les attaques racistes et xe\u0301nophobes du Front national appre\u0301cieront.\u00a0\u00bb<\/p>\n<p><strong>Pour plus d&rsquo;informations et d&rsquo;analyses sur la <a href=\"https:\/\/www.africa-press.net\/senegal\">Senegal<\/a>, suivez <a href=\"https:\/\/www.africa-press.net\/\">Africa-Press<\/a><\/strong><\/p>\n","protected":false},"excerpt":{"rendered":"<p>Africa-Press &#8211; Senegal. La suppose\u0301e rencontre entre le pre\u0301sident Macky Sall et Marine Le Pen va certainement de\u0301plaire a\u0300 ceux qui s\u2019e\u0301taient de\u0301ja\u0300 insurge\u0301s contre la venue de la de\u0301pute\u0301e franc\u0327aise de l&rsquo;extre\u0302me droite au Se\u0301ne\u0301gal. Parmi eux, figurait l\u2019ancienne Premie\u0300re ministre Aminata Toure\u0301. Dans un tweet datant du 18 janvier de\u0301ja\u0300, Aminata Toure\u0301 estimait [&hellip;]<\/p>\n","protected":false},"author":82,"featured_media":38346,"comment_status":"open","ping_status":"closed","sticky":false,"template":"","format":"standard","meta":{"footnotes":""},"categories":[2,10],"tags":[43,47,44],"class_list":["post-38347","post","type-post","status-publish","format-standard","has-post-thumbnail","hentry","category-politique","category-toutes-les-actualites","tag-africa-press-2","tag-africa-press-senegal","tag-senegal-2"],"yoast_head":"<!-- This site is optimized with the Yoast SEO Premium plugin v26.1 (Yoast SEO v27.0) - https:\/\/yoast.com\/product\/yoast-seo-premium-wordpress\/ -->\n<title>Rencontre entre Marine Le Pen et Macky Sall : Mimi Tour\u00e9 &#039;&#039;n\u2019ose pas y croire&#039;&#039; - Senegal<\/title>\n<meta name=\"robots\" content=\"index, follow, max-snippet:-1, max-image-preview:large, max-video-preview:-1\" \/>\n<link rel=\"canonical\" href=\"https:\/\/www.africa-press.net\/senegal\/politique\/rencontre-entre-marine-le-pen-et-macky-sall-mimi-toure-nose-pas-y-croire\" \/>\n<meta property=\"og:locale\" content=\"fr_FR\" \/>\n<meta property=\"og:type\" content=\"article\" \/>\n<meta property=\"og:title\" content=\"Rencontre entre Marine Le Pen et Macky Sall : Mimi Tour\u00e9 &#039;&#039;n\u2019ose pas y croire&#039;&#039;\" \/>\n<meta property=\"og:description\" content=\"Africa-Press &#8211; Senegal. La suppose\u0301e rencontre entre le pre\u0301sident Macky Sall et Marine Le Pen va certainement de\u0301plaire a\u0300 ceux qui s\u2019e\u0301taient de\u0301ja\u0300 insurge\u0301s contre la venue de la de\u0301pute\u0301e franc\u0327aise de l&rsquo;extre\u0302me droite au Se\u0301ne\u0301gal. Parmi eux, figurait l\u2019ancienne Premie\u0300re ministre Aminata Toure\u0301. Dans un tweet datant du 18 janvier de\u0301ja\u0300, Aminata Toure\u0301 estimait [&hellip;]\" \/>\n<meta property=\"og:url\" content=\"https:\/\/www.africa-press.net\/senegal\/politique\/rencontre-entre-marine-le-pen-et-macky-sall-mimi-toure-nose-pas-y-croire\" \/>\n<meta property=\"og:site_name\" content=\"Senegal\" \/>\n<meta property=\"article:published_time\" content=\"2023-01-20T19:30:30+00:00\" \/>\n<meta name=\"author\" content=\"cfeditorfr\" \/>\n<meta name=\"twitter:card\" content=\"summary_large_image\" \/>\n<meta name=\"twitter:label1\" content=\"\u00c9crit par\" \/>\n\t<meta name=\"twitter:data1\" content=\"cfeditorfr\" \/>\n\t<meta name=\"twitter:label2\" content=\"Dur\u00e9e de lecture estim\u00e9e\" \/>\n\t<meta name=\"twitter:data2\" content=\"1 minute\" \/>\n<script type=\"application\/ld+json\" class=\"yoast-schema-graph\">{\"@context\":\"https:\/\/schema.org\",\"@graph\":[{\"@type\":\"Article\",\"@id\":\"https:\/\/www.africa-press.net\/senegal\/politique\/rencontre-entre-marine-le-pen-et-macky-sall-mimi-toure-nose-pas-y-croire#article\",\"isPartOf\":{\"@id\":\"https:\/\/www.africa-press.net\/senegal\/politique\/rencontre-entre-marine-le-pen-et-macky-sall-mimi-toure-nose-pas-y-croire\"},\"author\":{\"name\":\"cfeditorfr\",\"@id\":\"https:\/\/www.africa-press.net\/senegal\/#\/schema\/person\/2b1cf3cd81a31e3cd26889ca66d677f1\"},\"headline\":\"Rencontre entre Marine Le Pen et Macky Sall : Mimi Tour\u00e9 \u00a0\u00bbn\u2019ose pas y croire\u00a0\u00bb\",\"datePublished\":\"2023-01-20T19:30:30+00:00\",\"mainEntityOfPage\":{\"@id\":\"https:\/\/www.africa-press.net\/senegal\/politique\/rencontre-entre-marine-le-pen-et-macky-sall-mimi-toure-nose-pas-y-croire\"},\"wordCount\":202,\"commentCount\":0,\"image\":{\"@id\":\"https:\/\/www.africa-press.net\/senegal\/politique\/rencontre-entre-marine-le-pen-et-macky-sall-mimi-toure-nose-pas-y-croire#primaryimage\"},\"thumbnailUrl\":\"https:\/\/static.africa-press.net\/senegal\/sites\/13\/2023\/01\/postQueueImg_1674230497.01.jpg\",\"keywords\":[\"Africa Press\",\"Africa Press-Senegal\",\"Senegal\"],\"articleSection\":[\"Politique\",\"Toutes les actualit\u00e9s\"],\"inLanguage\":\"fr-FR\",\"potentialAction\":[{\"@type\":\"CommentAction\",\"name\":\"Comment\",\"target\":[\"https:\/\/www.africa-press.net\/senegal\/politique\/rencontre-entre-marine-le-pen-et-macky-sall-mimi-toure-nose-pas-y-croire#respond\"]}]},{\"@type\":\"WebPage\",\"@id\":\"https:\/\/www.africa-press.net\/senegal\/politique\/rencontre-entre-marine-le-pen-et-macky-sall-mimi-toure-nose-pas-y-croire\",\"url\":\"https:\/\/www.africa-press.net\/senegal\/politique\/rencontre-entre-marine-le-pen-et-macky-sall-mimi-toure-nose-pas-y-croire\",\"name\":\"Rencontre entre Marine Le Pen et Macky Sall : Mimi Tour\u00e9 ''n\u2019ose pas y croire'' - Senegal\",\"isPartOf\":{\"@id\":\"https:\/\/www.africa-press.net\/senegal\/#website\"},\"primaryImageOfPage\":{\"@id\":\"https:\/\/www.africa-press.net\/senegal\/politique\/rencontre-entre-marine-le-pen-et-macky-sall-mimi-toure-nose-pas-y-croire#primaryimage\"},\"image\":{\"@id\":\"https:\/\/www.africa-press.net\/senegal\/politique\/rencontre-entre-marine-le-pen-et-macky-sall-mimi-toure-nose-pas-y-croire#primaryimage\"},\"thumbnailUrl\":\"https:\/\/static.africa-press.net\/senegal\/sites\/13\/2023\/01\/postQueueImg_1674230497.01.jpg\",\"datePublished\":\"2023-01-20T19:30:30+00:00\",\"author\":{\"@id\":\"https:\/\/www.africa-press.net\/senegal\/#\/schema\/person\/2b1cf3cd81a31e3cd26889ca66d677f1\"},\"breadcrumb\":{\"@id\":\"https:\/\/www.africa-press.net\/senegal\/politique\/rencontre-entre-marine-le-pen-et-macky-sall-mimi-toure-nose-pas-y-croire#breadcrumb\"},\"inLanguage\":\"fr-FR\",\"potentialAction\":[{\"@type\":\"ReadAction\",\"target\":[\"https:\/\/www.africa-press.net\/senegal\/politique\/rencontre-entre-marine-le-pen-et-macky-sall-mimi-toure-nose-pas-y-croire\"]}]},{\"@type\":\"ImageObject\",\"inLanguage\":\"fr-FR\",\"@id\":\"https:\/\/www.africa-press.net\/senegal\/politique\/rencontre-entre-marine-le-pen-et-macky-sall-mimi-toure-nose-pas-y-croire#primaryimage\",\"url\":\"https:\/\/static.africa-press.net\/senegal\/sites\/13\/2023\/01\/postQueueImg_1674230497.01.jpg\",\"contentUrl\":\"https:\/\/static.africa-press.net\/senegal\/sites\/13\/2023\/01\/postQueueImg_1674230497.01.jpg\",\"width\":612,\"height\":298,\"caption\":\"Rencontre entre Marine Le Pen et Macky Sall : Mimi Tour\u00e9 ''n\u2019ose pas y croire''\"},{\"@type\":\"BreadcrumbList\",\"@id\":\"https:\/\/www.africa-press.net\/senegal\/politique\/rencontre-entre-marine-le-pen-et-macky-sall-mimi-toure-nose-pas-y-croire#breadcrumb\",\"itemListElement\":[{\"@type\":\"ListItem\",\"position\":1,\"name\":\"Accueil\",\"item\":\"https:\/\/www.africa-press.net\/senegal\/\"},{\"@type\":\"ListItem\",\"position\":2,\"name\":\"Rencontre entre Marine Le Pen et Macky Sall : Mimi Tour\u00e9 \u00a0\u00bbn\u2019ose pas y croire\u00a0\u00bb\"}]},{\"@type\":\"WebSite\",\"@id\":\"https:\/\/www.africa-press.net\/senegal\/#website\",\"url\":\"https:\/\/www.africa-press.net\/senegal\/\",\"name\":\"Africa Press | Senegal | Homepage\",\"description\":\"Just another Africa News Agency Sites site\",\"potentialAction\":[{\"@type\":\"SearchAction\",\"target\":{\"@type\":\"EntryPoint\",\"urlTemplate\":\"https:\/\/www.africa-press.net\/senegal\/?s={search_term_string}\"},\"query-input\":{\"@type\":\"PropertyValueSpecification\",\"valueRequired\":true,\"valueName\":\"search_term_string\"}}],\"inLanguage\":\"fr-FR\"},{\"@type\":\"Person\",\"@id\":\"https:\/\/www.africa-press.net\/senegal\/#\/schema\/person\/2b1cf3cd81a31e3cd26889ca66d677f1\",\"name\":\"cfeditorfr\",\"url\":\"https:\/\/www.africa-press.net\/senegal\/author\/cfeditorfr\"}]}<\/script>\n<!-- \/ Yoast SEO Premium plugin. -->","yoast_head_json":{"title":"Rencontre entre Marine Le Pen et Macky Sall : Mimi Tour\u00e9 ''n\u2019ose pas y croire'' - Senegal","robots":{"index":"index","follow":"follow","max-snippet":"max-snippet:-1","max-image-preview":"max-image-preview:large","max-video-preview":"max-video-preview:-1"},"canonical":"https:\/\/www.africa-press.net\/senegal\/politique\/rencontre-entre-marine-le-pen-et-macky-sall-mimi-toure-nose-pas-y-croire","og_locale":"fr_FR","og_type":"article","og_title":"Rencontre entre Marine Le Pen et Macky Sall : Mimi Tour\u00e9 ''n\u2019ose pas y croire''","og_description":"Africa-Press &#8211; Senegal. La suppose\u0301e rencontre entre le pre\u0301sident Macky Sall et Marine Le Pen va certainement de\u0301plaire a\u0300 ceux qui s\u2019e\u0301taient de\u0301ja\u0300 insurge\u0301s contre la venue de la de\u0301pute\u0301e franc\u0327aise de l&rsquo;extre\u0302me droite au Se\u0301ne\u0301gal. Parmi eux, figurait l\u2019ancienne Premie\u0300re ministre Aminata Toure\u0301. Dans un tweet datant du 18 janvier de\u0301ja\u0300, Aminata Toure\u0301 estimait [&hellip;]","og_url":"https:\/\/www.africa-press.net\/senegal\/politique\/rencontre-entre-marine-le-pen-et-macky-sall-mimi-toure-nose-pas-y-croire","og_site_name":"Senegal","article_published_time":"2023-01-20T19:30:30+00:00","author":"cfeditorfr","twitter_card":"summary_large_image","twitter_misc":{"\u00c9crit par":"cfeditorfr","Dur\u00e9e de lecture estim\u00e9e":"1 minute"},"schema":{"@context":"https:\/\/schema.org","@graph":[{"@type":"Article","@id":"https:\/\/www.africa-press.net\/senegal\/politique\/rencontre-entre-marine-le-pen-et-macky-sall-mimi-toure-nose-pas-y-croire#article","isPartOf":{"@id":"https:\/\/www.africa-press.net\/senegal\/politique\/rencontre-entre-marine-le-pen-et-macky-sall-mimi-toure-nose-pas-y-croire"},"author":{"name":"cfeditorfr","@id":"https:\/\/www.africa-press.net\/senegal\/#\/schema\/person\/2b1cf3cd81a31e3cd26889ca66d677f1"},"headline":"Rencontre entre Marine Le Pen et Macky Sall : Mimi Tour\u00e9 \u00a0\u00bbn\u2019ose pas y croire\u00a0\u00bb","datePublished":"2023-01-20T19:30:30+00:00","mainEntityOfPage":{"@id":"https:\/\/www.africa-press.net\/senegal\/politique\/rencontre-entre-marine-le-pen-et-macky-sall-mimi-toure-nose-pas-y-croire"},"wordCount":202,"commentCount":0,"image":{"@id":"https:\/\/www.africa-press.net\/senegal\/politique\/rencontre-entre-marine-le-pen-et-macky-sall-mimi-toure-nose-pas-y-croire#primaryimage"},"thumbnailUrl":"https:\/\/static.africa-press.net\/senegal\/sites\/13\/2023\/01\/postQueueImg_1674230497.01.jpg","keywords":["Africa Press","Africa Press-Senegal","Senegal"],"articleSection":["Politique","Toutes les actualit\u00e9s"],"inLanguage":"fr-FR","potentialAction":[{"@type":"CommentAction","name":"Comment","target":["https:\/\/www.africa-press.net\/senegal\/politique\/rencontre-entre-marine-le-pen-et-macky-sall-mimi-toure-nose-pas-y-croire#respond"]}]},{"@type":"WebPage","@id":"https:\/\/www.africa-press.net\/senegal\/politique\/rencontre-entre-marine-le-pen-et-macky-sall-mimi-toure-nose-pas-y-croire","url":"https:\/\/www.africa-press.net\/senegal\/politique\/rencontre-entre-marine-le-pen-et-macky-sall-mimi-toure-nose-pas-y-croire","name":"Rencontre entre Marine Le Pen et Macky Sall : Mimi Tour\u00e9 ''n\u2019ose pas y croire'' - Senegal","isPartOf":{"@id":"https:\/\/www.africa-press.net\/senegal\/#website"},"primaryImageOfPage":{"@id":"https:\/\/www.africa-press.net\/senegal\/politique\/rencontre-entre-marine-le-pen-et-macky-sall-mimi-toure-nose-pas-y-croire#primaryimage"},"image":{"@id":"https:\/\/www.africa-press.net\/senegal\/politique\/rencontre-entre-marine-le-pen-et-macky-sall-mimi-toure-nose-pas-y-croire#primaryimage"},"thumbnailUrl":"https:\/\/static.africa-press.net\/senegal\/sites\/13\/2023\/01\/postQueueImg_1674230497.01.jpg","datePublished":"2023-01-20T19:30:30+00:00","author":{"@id":"https:\/\/www.africa-press.net\/senegal\/#\/schema\/person\/2b1cf3cd81a31e3cd26889ca66d677f1"},"breadcrumb":{"@id":"https:\/\/www.africa-press.net\/senegal\/politique\/rencontre-entre-marine-le-pen-et-macky-sall-mimi-toure-nose-pas-y-croire#breadcrumb"},"inLanguage":"fr-FR","potentialAction":[{"@type":"ReadAction","target":["https:\/\/www.africa-press.net\/senegal\/politique\/rencontre-entre-marine-le-pen-et-macky-sall-mimi-toure-nose-pas-y-croire"]}]},{"@type":"ImageObject","inLanguage":"fr-FR","@id":"https:\/\/www.africa-press.net\/senegal\/politique\/rencontre-entre-marine-le-pen-et-macky-sall-mimi-toure-nose-pas-y-croire#primaryimage","url":"https:\/\/static.africa-press.net\/senegal\/sites\/13\/2023\/01\/postQueueImg_1674230497.01.jpg","contentUrl":"https:\/\/static.africa-press.net\/senegal\/sites\/13\/2023\/01\/postQueueImg_1674230497.01.jpg","width":612,"height":298,"caption":"Rencontre entre Marine Le Pen et Macky Sall : Mimi Tour\u00e9 ''n\u2019ose pas y croire''"},{"@type":"BreadcrumbList","@id":"https:\/\/www.africa-press.net\/senegal\/politique\/rencontre-entre-marine-le-pen-et-macky-sall-mimi-toure-nose-pas-y-croire#breadcrumb","itemListElement":[{"@type":"ListItem","position":1,"name":"Accueil","item":"https:\/\/www.africa-press.net\/senegal\/"},{"@type":"ListItem","position":2,"name":"Rencontre entre Marine Le Pen et Macky Sall : Mimi Tour\u00e9 \u00a0\u00bbn\u2019ose pas y croire\u00a0\u00bb"}]},{"@type":"WebSite","@id":"https:\/\/www.africa-press.net\/senegal\/#website","url":"https:\/\/www.africa-press.net\/senegal\/","name":"Africa Press | Senegal | Homepage","description":"Just another Africa News Agency Sites site","potentialAction":[{"@type":"SearchAction","target":{"@type":"EntryPoint","urlTemplate":"https:\/\/www.africa-press.net\/senegal\/?s={search_term_string}"},"query-input":{"@type":"PropertyValueSpecification","valueRequired":true,"valueName":"search_term_string"}}],"inLanguage":"fr-FR"},{"@type":"Person","@id":"https:\/\/www.africa-press.net\/senegal\/#\/schema\/person\/2b1cf3cd81a31e3cd26889ca66d677f1","name":"cfeditorfr","url":"https:\/\/www.africa-press.net\/senegal\/author\/cfeditorfr"}]}},"_links":{"self":[{"href":"https:\/\/www.africa-press.net\/senegal\/wp-json\/wp\/v2\/posts\/38347","targetHints":{"allow":["GET"]}}],"collection":[{"href":"https:\/\/www.africa-press.net\/senegal\/wp-json\/wp\/v2\/posts"}],"about":[{"href":"https:\/\/www.africa-press.net\/senegal\/wp-json\/wp\/v2\/types\/post"}],"author":[{"embeddable":true,"href":"https:\/\/www.africa-press.net\/senegal\/wp-json\/wp\/v2\/users\/82"}],"replies":[{"embeddable":true,"href":"https:\/\/www.africa-press.net\/senegal\/wp-json\/wp\/v2\/comments?post=38347"}],"version-history":[{"count":0,"href":"https:\/\/www.africa-press.net\/senegal\/wp-json\/wp\/v2\/posts\/38347\/revisions"}],"wp:featuredmedia":[{"embeddable":true,"href":"https:\/\/www.africa-press.net\/senegal\/wp-json\/wp\/v2\/media\/38346"}],"wp:attachment":[{"href":"https:\/\/www.africa-press.net\/senegal\/wp-json\/wp\/v2\/media?parent=38347"}],"wp:term":[{"taxonomy":"category","embeddable":true,"href":"https:\/\/www.africa-press.net\/senegal\/wp-json\/wp\/v2\/categories?post=38347"},{"taxonomy":"post_tag","embeddable":true,"href":"https:\/\/www.africa-press.net\/senegal\/wp-json\/wp\/v2\/tags?post=38347"}],"curies":[{"name":"wp","href":"https:\/\/api.w.org\/{rel}","templated":true}]}}