{"id":38354,"date":"2023-01-20T19:31:37","date_gmt":"2023-01-20T19:31:37","guid":{"rendered":"https:\/\/www.africa-press.net\/senegal\/politique\/les-etoiles-filantes-de-la-politique-ils-sont-venus-ils-se-sont-presentes-ils-ont-disparu"},"modified":"2023-01-20T19:31:37","modified_gmt":"2023-01-20T19:31:37","slug":"les-etoiles-filantes-de-la-politique-ils-sont-venus-ils-se-sont-presentes-ils-ont-disparu","status":"publish","type":"post","link":"https:\/\/www.africa-press.net\/senegal\/politique\/les-etoiles-filantes-de-la-politique-ils-sont-venus-ils-se-sont-presentes-ils-ont-disparu","title":{"rendered":"Les \u00e9toiles filantes de la politique : Ils sont venus, ils se sont pr\u00e9sent\u00e9s, ils ont disparu !"},"content":{"rendered":"<p><b>Par: Moustapha Toumbou et Thiebeu Ndiaye<\/b><\/p>\n<p><span style=\"color: #ff6600\"><strong>Africa-Press &#8211; Senegal. <\/strong><\/span>Depuis son accession a\u0300 l\u2019inde\u0301pendance en 1960, le Se\u0301ne\u0301gal a vu plusieurs figures de\u0301filer dans son champ politique sur des tempos diffe\u0301rents. D\u2019un co\u0302te\u0301, on a les marathoniens qui se caracte\u0301risent par une longe\u0301vite\u0301 a\u0300 l\u2019image d\u2019un Me Abdoulaye Wade, feu Ousmane Tanor Dieng, Moustapha Niasse&#8230; De l\u2019autre co\u0302te\u0301, on a les sprinters dont la course a\u0300 la notorie\u0301te\u0301 politique s\u2019est arre\u0302te\u0301e dans les starting-blocks. Seneweb vous propose son top 5 des figures qui ont marque\u0301 l\u2019espace politique brie\u0300vement.<\/p>\n<p><b>Ke\u0301ba Keinde, monsieur \u00ab Saf \u00bb qui voulait devenir pre\u0301sident<\/b><br \/>\n<img loading=\"lazy\" decoding=\"async\" width=\"600\" height=\"400\" class=\"alignnone wp-image-38348 size-full\" src=\"https:\/\/static.africa-press.net\/senegal\/sites\/13\/2023\/01\/postMediaimg_6_1.jpg\" srcset=\"https:\/\/static.africa-press.net\/senegal\/sites\/13\/2023\/01\/postMediaimg_6_1.jpg 600w, https:\/\/static.africa-press.net\/senegal\/sites\/13\/2023\/01\/postMediaimg_6_1-300x200.jpg 300w\" sizes=\"auto, (max-width: 600px) 100vw, 600px\" \/><\/p>\n<p>La logique aurait voulu qu\u2019il suive les pas de son pe\u0300re (qui fut le premier diplo\u0302me\u0301 se\u0301ne\u0301galais dans le domaine) dans l\u2019inge\u0301nierie mais il avait flaire\u0301 le bon filon dans la finance. E\u0301le\u0300ve brillant, Ke\u0301ba Keinde obtient son baccalaure\u0301at a\u0300 l\u2019a\u0302ge de 16 ans. A l\u2019instar de ses fre\u0300res et s\u0153ur, il entreprend des e\u0301tudes dans l\u2019inge\u0301nierie avant d\u2019effectuer un virage vers la finance.<\/p>\n<p>\u00ab Il est l\u2019un des meilleurs, si ce n\u2019est le meilleur banquier d\u2019affaires que l\u2019Afrique a produit \u00bb, ces mots sont de l\u2019homme d\u2019affaires ivoirien Kone\u0301 Dossongui a\u0300 propos de Keba Keinde. Parce que oui, sur le continent la notorie\u0301te\u0301 du banquier se\u0301ne\u0301galais n\u2019est plus a\u0300 de\u0301montrer et ses conseils tre\u0300s prise\u0301s. Il a loue\u0301 ses services a\u0300 de nombreux businessmen dont le Nige\u0301rian Aliko Dangote\u0301. Il est aussi le fondateur de la banque Millenium Finance Corporation base\u0301e a\u0300 Dubai\u0308.<\/p>\n<p>Moins connu au Se\u0301ne\u0301gal en tant que ge\u0301nie de la finance, Ke\u0301ba Keinde est populaire en arborant d\u2019autres casquettes. D\u2019abord, il est l\u2019un des membres fondateurs du groupe de musique \u00ab Saf \u00bb cre\u0301e\u0301 dans les anne\u0301es 90. Les me\u0301lomanes de Pop se\u0301ne\u0301galaise se souviendront su\u0302rement des titres a\u0300 succe\u0300s tels que \u00ab Salamalecoum \u00bb ou \u00ab Gorgui \u00bb.<\/p>\n<p>Ke\u0301ba Keinde passe de la musique, la banque a\u0300 la politique en fondant le mouvement Se\u0301ne\u0301gal 2.0 dans le but de se pre\u0301senter a\u0300 la pre\u0301sidentielle de 2012. Mais l\u2019homme ne fera pas partie des candidats officiels. A l\u2019instar de son \u00ab ex confre\u0300re \u00bb Youssou Ndour et Abdourahmane Sarr, sa candidature sera rejete\u0301e par le conseil constitutionnel a\u0300 l\u2019e\u0301tape du parrainage et marquera la fin de son aventure politique.<\/p>\n<p>Enfin, le dernier point -et peu reluisant- qui a mis en avant Ke\u0301ba Keinde, est l\u2019affaire de la cession de la troisie\u0300me licence de te\u0301le\u0301phonie mobile se\u0301ne\u0301galaise au groupe soudanais Sudatel. Lui (Keba) et Thierno Ousmane Sy (fils de l\u2019ancien ministre de la justice sous Wade, Cheikh Tidiane Sy) avaient e\u0301te\u0301 accuse\u0301s d\u2019avoir be\u0301ne\u0301ficie\u0301 de \u00ab commissions occultes \u00bb de plus de 14 milliards de francs CFA. Les deux hommes ont e\u0301te\u0301 blanchis en 2016 par la chambre d\u2019accusation de Dakar.<\/p>\n<p><b>Djibril Ngom ou le candidat de la rupture<\/b><br \/>\n<img loading=\"lazy\" decoding=\"async\" width=\"1200\" height=\"1807\" class=\"alignnone wp-image-38349 size-full\" src=\"https:\/\/static.africa-press.net\/senegal\/sites\/13\/2023\/01\/postMediaimg_6_2.jpg\" srcset=\"https:\/\/static.africa-press.net\/senegal\/sites\/13\/2023\/01\/postMediaimg_6_2.jpg 1200w, https:\/\/static.africa-press.net\/senegal\/sites\/13\/2023\/01\/postMediaimg_6_2-199x300.jpg 199w, https:\/\/static.africa-press.net\/senegal\/sites\/13\/2023\/01\/postMediaimg_6_2-680x1024.jpg 680w, https:\/\/static.africa-press.net\/senegal\/sites\/13\/2023\/01\/postMediaimg_6_2-768x1156.jpg 768w, https:\/\/static.africa-press.net\/senegal\/sites\/13\/2023\/01\/postMediaimg_6_2-1020x1536.jpg 1020w\" sizes=\"auto, (max-width: 1200px) 100vw, 1200px\" \/><\/p>\n<p>L\u2019Etat du Se\u0301ne\u0301gal n\u2019a pas de secret pour lui. A l\u2019a\u0302ge de 30 ans, Djibril Ngom est nomme\u0301 en 1982 par l\u2019ex-pre\u0301sident de la Re\u0301publique, Abdou Diouf, conseiller en organisation au bureau organisations et me\u0301thodes (BOM). Par la suite, le jeune e\u0301conomiste enchai\u0302ne les fonctions dans le gouvernement Diouf dont la plus importante e\u0301tait celle de ministre du budget en 1990. En 1997, D. Ngom devient le directeur ge\u0301ne\u0301ral du port autonome de Dakar apre\u0300s des passages a\u0300 la BID, BAD et l\u2019UMOA.<\/p>\n<p>Mais lors de son passage aux industries chimiques du Se\u0301ne\u0301gal (2000) en tant que directeur ge\u0301ne\u0301ral, il se met a\u0300 dos Abdoulaye Wade suite a\u0300 son refus de signer des contrats juteux avec l\u2019un des amis de Karim Wade. Il sera, par la suite, limoge\u0301 par le conseil d\u2019administration a\u0300 la suite d\u2019un audit qui re\u0301ve\u0300lera un lourd passif de 30 a\u0300 90 milliards de francs CFA entre 2002 et 2003.<\/p>\n<p>Djibril Ngom de\u0301cide alors d\u2019entamer une carrie\u0300re dans la consultance internationale. Son aventure le me\u0300nera dans plusieurs pays d\u2019Afrique notamment au Congo, ou\u0300 il a e\u0301labore\u0301 la politique nationale de l\u2019emploi.<\/p>\n<p>En 2012, il de\u0301cide de se lancer dans la politique en se pre\u0301sentant a\u0300 la pre\u0301sidentielle en tant que leader du Grand Mouvement (GM). Au premier tour, l\u2019e\u0301conomiste obtient 10207 voix soit 0,38% et de\u0301cide alors de soutenir le candidat de l\u2019opposition le mieux place\u0301 a\u0300 savoir Macky Sall.<\/p>\n<p>\u00ab J\u2019ai senti un profond de\u0301sir de changement (&#8230;) Macky Sall a mon soutien et mes prie\u0300res, il a les encouragements du peuple se\u0301ne\u0301galais. Il faut que ce pays change. La roue de l\u2019histoire est en train de tourner vers le progre\u0300s \u00bb, se justifiait-il. Un soutien que l\u2019actuel pre\u0301sident de la Re\u0301publique avait bien accueilli en de\u0301clarant que Djibril Ngom avait \u00ab l\u2019expe\u0301rience et le savoir-faire \u00bb pour continuer a\u0300 \u00ab aider le Se\u0301ne\u0301gal \u00bb.<\/p>\n<p>Mais depuis l\u2019ave\u0300nement du pre\u0301sident Macky Sall jusqu\u2019a\u0300 nos jours, Djibril a comple\u0300tement disparu des radars de la vie sociopolitique du pays. Sa dernie\u0300re apparition remonte en juillet 2022 lors du forum des acteurs portuaires et du secteur prive\u0301 dans le panel 5 sur le the\u0300me : \u00ab Quelle gouvernance (cadre institutionnel et re\u0301glementaire) pour mettre en \u0153uvre la Strate\u0301gie nationale portuaire ? \u00bb.<\/p>\n<p><b>Alioune \u00ab Petit \u00bb Mbaye, le promoteur de lutte s\u2019est trompe\u0301 d\u2019are\u0300ne<\/b><br \/>\n<img loading=\"lazy\" decoding=\"async\" width=\"550\" height=\"527\" class=\"alignnone wp-image-38350 size-full\" src=\"https:\/\/static.africa-press.net\/senegal\/sites\/13\/2023\/01\/postMediaimg_6_3.jpg\" srcset=\"https:\/\/static.africa-press.net\/senegal\/sites\/13\/2023\/01\/postMediaimg_6_3.jpg 550w, https:\/\/static.africa-press.net\/senegal\/sites\/13\/2023\/01\/postMediaimg_6_3-300x287.jpg 300w\" sizes=\"auto, (max-width: 550px) 100vw, 550px\" \/><\/p>\n<p>Comparaison n\u2019est pas raison ! Cette maxime, Alioune Petit Mbaye a mis du temps pour en de\u0301crypter la quintessence. Sinon le grand manitou de la lutte se\u0301ne\u0301galaise des anne\u0301es 1990-2000 ne se serait jamais aventure\u0301 a\u0300 quitter son \u2018\u2019are\u0300ne\u2019\u2019 (la lutte) qu\u2019il avait fini de dompter, pour un autre (la politique) ou\u0300 son passage a e\u0301te\u0301 plus bref qu\u2019un e\u0301clair.<\/p>\n<p>Me\u0302me si les deux \u2018\u2019rings\u2019\u2019 (la lutte et la politique) partagent certaines similitudes que sont l\u2019hostilite\u0301 (il faut savoir encaisser et donner des coups), le prestige et le pouvoir, leurs codes sont totalement diffe\u0301rents. C\u0327a, le patron d\u2019Action 2000, inspire\u0301 par ses doyens Bassirou Diagne Mare\u0300me Diop et El Hadji Ahmed Die\u0300ne (deux anciens promoteurs de lutte devenus respectivement Grand Serigne de Dakar (et maire de la Me\u0301dina), e\u0301tait a\u0300 mille lieues de s\u2019en douter lorsqu\u2019il se lanc\u0327ait, en 2007, dans le tre\u0300s releve\u0301 \u2018\u2019Claf (championnat de lutte avec frappe) politique\u2019\u2019 pour le contro\u0302le du palais.<\/p>\n<p>Galvanise\u0301 par les bains de foule lors de la campagne, le candidat de la coalition \u00ab Action, e\u0301mergence, solidarite\u0301 \u00bb qui se voyait de\u0301ja\u0300 sur le parvis de l\u2019avenue Room, matraquait copieusement la gestion du pre\u0301sident Abdoulaye Wade.<\/p>\n<p>\u00ab Le Se\u0301ne\u0301gal est un pays malade. L\u2019ho\u0302pital de l\u2019Alternance n\u2019a fait qu\u2019empirer les maux de notre pays. Le me\u0301decin Abdoulaye Wade a montre\u0301 toute son incompe\u0301tence a\u0300 re\u0301gler les proble\u0300mes des Se\u0301ne\u0301galais. Il est clair que 65 % des me\u0301nages sont pauvres et 58 % sont tre\u0300s pauvres. Alors, il est temps de penser a\u0300 une alternative ge\u0301ne\u0301rationnelle et passer aux changements de mentalite\u0301s \u00bb, de\u0301clarait celui qui promettait un boulot a\u0300 tous les cho\u0302meurs du Se\u0301ne\u0301gal a\u0300 travers son fameux \u00ab One man, one job \u00bb. La suite fu\u0302t une douche froide.<\/p>\n<p>\u2018\u2019Petit\u2019\u2019 qui re\u0302vait de\u0301cidemment trop grand, a fini par laisser des plumes dans cette folle aventure. En plus de voir, impuissant, sa carrie\u0300re de promoteur de lutte achopper, le comptable qui a fait ses de\u0301buts dans une agence de voyage, quitte le champ politique et la vie publique sur la pointe des pieds. Ceci, apre\u0300s des de\u0301me\u0302le\u0301s avec la justice pour des faits d\u2019escroquerie portant sur 170 millions de francs CFA l\u2019opposant a\u0300 trois de ses partenaires (sponsors) : la Sonatel, Cnca et Cbao.<\/p>\n<p>Sous le coup d\u2019un mandat d\u2019arre\u0302t international, l\u2019ancien candidat a\u0300 la pre\u0301sidentielle de 2007, exile\u0301 en France depuis 2009, n\u2019a plus remis les pieds au Se\u0301ne\u0301gal.<\/p>\n<p><b>Marie\u0300me Wane Ly, pas \u00ab pre\u0302te \u00bb du tout pour le challenge pre\u0301sidentielle<\/b><br \/>\n<img loading=\"lazy\" decoding=\"async\" width=\"592\" height=\"618\" class=\"alignnone wp-image-38351 size-full\" src=\"https:\/\/static.africa-press.net\/senegal\/sites\/13\/2023\/01\/postMediaimg_6_4.jpg\" srcset=\"https:\/\/static.africa-press.net\/senegal\/sites\/13\/2023\/01\/postMediaimg_6_4.jpg 592w, https:\/\/static.africa-press.net\/senegal\/sites\/13\/2023\/01\/postMediaimg_6_4-287x300.jpg 287w\" sizes=\"auto, (max-width: 592px) 100vw, 592px\" \/><\/p>\n<p>L\u2019histoire de la femme se\u0301ne\u0301galaise dans le champ politique est aussi \u2018\u2019vieille\u2019\u2019 que la Re\u0301publique. Dans les annales, Marie\u0300me Wane Ly a sans doute e\u0301crit l\u2019une des plus belles pages. Et pour cause ! Tricarde dans un milieu politique ultra misogyne ou\u0300 jadis les femmes e\u0301taient a\u0300 l\u2019arrie\u0300re-garde, elle est entre\u0301e par effraction pour bouleverser les codes.<\/p>\n<p>Premie\u0300re femme leader politique au Se\u0301ne\u0301gal, la pre\u0301sidente du parti pour la renaissance africaine (Parena, \u00ab je suis pre\u0302te \u00bb en wolof), officiellement reconnu le 5 janvier 2000, cre\u0300ve ce plafond de verre sous lequel certains machos maintenaient la gente fe\u0301minine.<\/p>\n<p>De\u0301bordante d\u2019e\u0301nergie et de de\u0301termination dans son combat pour la reconnaissance du leadership fe\u0301minin dans l\u2019espace politique se\u0301ne\u0301galais, le professeur d\u2019histoire n\u2019avait pas pour autant confiance en ses chances. C\u2019est ainsi que, candidate de\u0301clare\u0301e a\u0300 la pre\u0301sidentielle de 2000, elle jette l\u2019e\u0301ponge au dernier virage.<\/p>\n<p>\u00abC\u2019est par souci de bien repre\u0301senter les femmes et de lutter contre l\u2019injustice que j&rsquo;ai de\u0301cide\u0301 de de\u0301poser ma candidature. Mais, j\u2019ai retire\u0301 ma candidature parce que je n\u2019avais pas confiance a\u0300 la since\u0301rite\u0301 du scrutin. De plus, je ne voulais pas avoir un score ridicule qui pourrait de\u0301courager les femmes \u00bb, justifiait-elle.<\/p>\n<p>L\u2019ancienne Maoi\u0308ste-Le\u0301niniste qui a chemine\u0301 avec Cheikh Anta Diop et le RND avant de virer dans le libe\u0301ralisme (elle a rejoint la Cap 21 en 2004), s\u2019est enfin de\u0301cide\u0301e a\u0300 briguer le suffrage des se\u0301ne\u0301galais lors des e\u0301lections le\u0301gislatives de 2001. Les re\u0301sultats confirment ses craintes. La liste \u00ab Takku siggil jigeen ak xaleyi \u00bb, compose\u0301e de 66% de femmes et 36% de jeunes n\u2019a engrange\u0301 que 3.351 voix, soit 0,18 %. Donc, ze\u0301ro sie\u0300ge.<\/p>\n<p>Me\u0302me si elle n\u2019a jamais re\u0301ussi a\u0300 se pre\u0301senter a\u0300 une pre\u0301sidentielle dans sa carrie\u0300re politique marque\u0301e par l\u2019inconstante, la native de Cascas, ex vice-pre\u0301sidente du Se\u0301nat, peut se vanter du me\u0301rite d\u2019avoir balise\u0301 le chemin a\u0300 Amsatou Sow Sidibe\u0301 et Diouma Dieng Diakhate\u0301, les deux premie\u0300res femmes qui ont brigue\u0301 le suffrage des se\u0301ne\u0301galais en 2012.<\/p>\n<p><b>Mor Dieng, l\u2019os ne s\u2019est jamais ramolli<\/b><br \/>\n<img loading=\"lazy\" decoding=\"async\" width=\"426\" height=\"495\" class=\"alignnone wp-image-38352 size-full\" src=\"https:\/\/static.africa-press.net\/senegal\/sites\/13\/2023\/01\/postMediaimg_6_5.jpg\" srcset=\"https:\/\/static.africa-press.net\/senegal\/sites\/13\/2023\/01\/postMediaimg_6_5.jpg 426w, https:\/\/static.africa-press.net\/senegal\/sites\/13\/2023\/01\/postMediaimg_6_5-258x300.jpg 258w\" sizes=\"auto, (max-width: 426px) 100vw, 426px\" \/><\/p>\n<p>Les revirements ont jalonne\u0301 tout le cycle de vie de Mor Dieng. Sa carrie\u0300re professionnelle et son cursus politique ont e\u0301pouse\u0301 les contours sinueux des montagnes russes avec leurs sommets vertigineux et leurs descentes flippantes. Expert-comptable chevronne\u0301, syndicaliste reconnu, homme politique sous-co\u0302te\u0301&#8230;, Mor Dieng a plusieurs casquettes a\u0300 son actif.<\/p>\n<p>La politique est loin d\u2019e\u0302tre son terrain de pre\u0301dilection. Le secre\u0301taire ge\u0301ne\u0301ral du parti de l\u2019espoir Yaakaar (cre\u0301e\u0301 en octobre 2007), s\u2019est d\u2019abord fait connai\u0302tre a\u0300 travers le Syndicat des cadres de la Socie\u0301te\u0301 nationale des te\u0301le\u0301communications du Se\u0301ne\u0301gal (SONATEL) dont il est l\u2019un des membres fondateurs. Porte\u0301 a\u0300 la te\u0302te de cette association en 1994, l\u2019ex chef comptable de l\u2019ope\u0301rateur de te\u0301le\u0301phonie qui se targue d\u2019avoir participe\u0301 a\u0300 remettre les comptes de l\u2019entreprise au vert avant sa privatisation, ne durera pas au poste.<\/p>\n<p>\u00ab Gra\u0302ce a\u0300 notre action syndicale nous avions permis a\u0300 l\u2019e\u0301poque a\u0300 1800 agents de l\u2019entreprise d\u2019e\u0302tre pre\u0301sents dans l\u2019actionnariat de la SONATEL, mais aussi le redressement des comptes financiers de l\u2019entreprise en 1991 \u00bb, s\u2019enorgueillit-il dans un entretien avec Aps.<\/p>\n<p>Motivant sa de\u0301cision de quitter la Sonatel (il a fait un de\u0301part volontaire en 1998) pour lancer son propre cabinet, Dieng souligne qu\u2019il s\u2019agissait, pour lui, d\u2019e\u0301viter de tomber dans le pie\u0300ge du \u00ab syndicalisme professionnel \u00bb qui l\u2019e\u0301loignerait de sa passion pour la comptabilite\u0301.<\/p>\n<p>Sa carrie\u0300re politique plus e\u0301phe\u0301me\u0300re qu\u2019une e\u0301tincelle, a connu les me\u0302mes soubresauts. L\u2019ancien membre de l\u2019Afp, coordonnateur national de l\u2019Alliance nationale des cadres pour le progre\u0300s (ANCP) jusqu\u2019en 2006, a quitte\u0301 Moustapha Niasse pour prendre son destin politique en main apre\u0300s un \u00ab cumul de frustrations \u00bb. Il lance sa propre formation politique Yakaar en octobre 2007.<\/p>\n<p>Celui qui voulait redonner espoir aux se\u0301ne\u0301galais a fini par en perdre lui-me\u0302me au lendemain de la pre\u0301sidentielle de 2012. Apre\u0300s un coup d\u2019essai infructueux, l\u2019expert-comptable de 64 ans a tourne\u0301 le dos a\u0300 la vie politique et est retourne\u0301 a\u0300 ses anciennes amours. Il occupe depuis juin 2022 le poste de pre\u0301sident de l\u2019Ordre national des experts comptables et comptables agre\u0301e\u0301s (Onecca). Comme quoi, la politique n\u2019est pas faite pour tout le monde.<\/p>\n<p><strong>Pour plus d&rsquo;informations et d&rsquo;analyses sur la <a href=\"https:\/\/www.africa-press.net\/senegal\">Senegal<\/a>, suivez <a href=\"https:\/\/www.africa-press.net\/\">Africa-Press<\/a><\/strong><\/p>\n","protected":false},"excerpt":{"rendered":"<p>Par: Moustapha Toumbou et Thiebeu Ndiaye Africa-Press &#8211; Senegal. Depuis son accession a\u0300 l\u2019inde\u0301pendance en 1960, le Se\u0301ne\u0301gal a vu plusieurs figures de\u0301filer dans son champ politique sur des tempos diffe\u0301rents. D\u2019un co\u0302te\u0301, on a les marathoniens qui se caracte\u0301risent par une longe\u0301vite\u0301 a\u0300 l\u2019image d\u2019un Me Abdoulaye Wade, feu Ousmane Tanor Dieng, Moustapha Niasse&#8230; [&hellip;]<\/p>\n","protected":false},"author":82,"featured_media":38353,"comment_status":"open","ping_status":"closed","sticky":false,"template":"","format":"standard","meta":{"footnotes":""},"categories":[7,2,10],"tags":[43,47,44],"class_list":["post-38354","post","type-post","status-publish","format-standard","has-post-thumbnail","hentry","category-dossiers","category-politique","category-toutes-les-actualites","tag-africa-press-2","tag-africa-press-senegal","tag-senegal-2"],"yoast_head":"<!-- This site is optimized with the Yoast SEO Premium plugin v26.1 (Yoast SEO v27.0) - https:\/\/yoast.com\/product\/yoast-seo-premium-wordpress\/ -->\n<title>Les \u00e9toiles filantes de la politique : Ils sont venus, ils se sont pr\u00e9sent\u00e9s, ils ont disparu ! - Senegal<\/title>\n<meta name=\"robots\" content=\"index, follow, max-snippet:-1, max-image-preview:large, max-video-preview:-1\" \/>\n<link rel=\"canonical\" href=\"https:\/\/www.africa-press.net\/senegal\/politique\/les-etoiles-filantes-de-la-politique-ils-sont-venus-ils-se-sont-presentes-ils-ont-disparu\" \/>\n<meta property=\"og:locale\" content=\"fr_FR\" \/>\n<meta property=\"og:type\" content=\"article\" \/>\n<meta property=\"og:title\" content=\"Les \u00e9toiles filantes de la politique : Ils sont venus, ils se sont pr\u00e9sent\u00e9s, ils ont disparu !\" \/>\n<meta property=\"og:description\" content=\"Par: Moustapha Toumbou et Thiebeu Ndiaye Africa-Press &#8211; Senegal. Depuis son accession a\u0300 l\u2019inde\u0301pendance en 1960, le Se\u0301ne\u0301gal a vu plusieurs figures de\u0301filer dans son champ politique sur des tempos diffe\u0301rents. D\u2019un co\u0302te\u0301, on a les marathoniens qui se caracte\u0301risent par une longe\u0301vite\u0301 a\u0300 l\u2019image d\u2019un Me Abdoulaye Wade, feu Ousmane Tanor Dieng, Moustapha Niasse&#8230; [&hellip;]\" \/>\n<meta property=\"og:url\" content=\"https:\/\/www.africa-press.net\/senegal\/politique\/les-etoiles-filantes-de-la-politique-ils-sont-venus-ils-se-sont-presentes-ils-ont-disparu\" \/>\n<meta property=\"og:site_name\" content=\"Senegal\" \/>\n<meta property=\"article:published_time\" content=\"2023-01-20T19:31:37+00:00\" \/>\n<meta property=\"og:image\" content=\"https:\/\/static.africa-press.net\/senegal\/sites\/13\/2023\/01\/postMediaimg_6_1.jpg\" \/>\n<meta name=\"author\" content=\"cfeditorfr\" \/>\n<meta name=\"twitter:card\" content=\"summary_large_image\" \/>\n<meta name=\"twitter:label1\" content=\"\u00c9crit par\" \/>\n\t<meta name=\"twitter:data1\" content=\"cfeditorfr\" \/>\n\t<meta name=\"twitter:label2\" content=\"Dur\u00e9e de lecture estim\u00e9e\" \/>\n\t<meta name=\"twitter:data2\" content=\"11 minutes\" \/>\n<script type=\"application\/ld+json\" class=\"yoast-schema-graph\">{\"@context\":\"https:\/\/schema.org\",\"@graph\":[{\"@type\":\"Article\",\"@id\":\"https:\/\/www.africa-press.net\/senegal\/politique\/les-etoiles-filantes-de-la-politique-ils-sont-venus-ils-se-sont-presentes-ils-ont-disparu#article\",\"isPartOf\":{\"@id\":\"https:\/\/www.africa-press.net\/senegal\/politique\/les-etoiles-filantes-de-la-politique-ils-sont-venus-ils-se-sont-presentes-ils-ont-disparu\"},\"author\":{\"name\":\"cfeditorfr\",\"@id\":\"https:\/\/www.africa-press.net\/senegal\/#\/schema\/person\/2b1cf3cd81a31e3cd26889ca66d677f1\"},\"headline\":\"Les \u00e9toiles filantes de la politique : Ils sont venus, ils se sont pr\u00e9sent\u00e9s, ils ont disparu !\",\"datePublished\":\"2023-01-20T19:31:37+00:00\",\"mainEntityOfPage\":{\"@id\":\"https:\/\/www.africa-press.net\/senegal\/politique\/les-etoiles-filantes-de-la-politique-ils-sont-venus-ils-se-sont-presentes-ils-ont-disparu\"},\"wordCount\":2256,\"commentCount\":0,\"image\":{\"@id\":\"https:\/\/www.africa-press.net\/senegal\/politique\/les-etoiles-filantes-de-la-politique-ils-sont-venus-ils-se-sont-presentes-ils-ont-disparu#primaryimage\"},\"thumbnailUrl\":\"https:\/\/static.africa-press.net\/senegal\/sites\/13\/2023\/01\/postQueueImg_1674231100.67.jpg\",\"keywords\":[\"Africa Press\",\"Africa Press-Senegal\",\"Senegal\"],\"articleSection\":[\"Dossiers\",\"Politique\",\"Toutes les actualit\u00e9s\"],\"inLanguage\":\"fr-FR\",\"potentialAction\":[{\"@type\":\"CommentAction\",\"name\":\"Comment\",\"target\":[\"https:\/\/www.africa-press.net\/senegal\/politique\/les-etoiles-filantes-de-la-politique-ils-sont-venus-ils-se-sont-presentes-ils-ont-disparu#respond\"]}]},{\"@type\":\"WebPage\",\"@id\":\"https:\/\/www.africa-press.net\/senegal\/politique\/les-etoiles-filantes-de-la-politique-ils-sont-venus-ils-se-sont-presentes-ils-ont-disparu\",\"url\":\"https:\/\/www.africa-press.net\/senegal\/politique\/les-etoiles-filantes-de-la-politique-ils-sont-venus-ils-se-sont-presentes-ils-ont-disparu\",\"name\":\"Les \u00e9toiles filantes de la politique : Ils sont venus, ils se sont pr\u00e9sent\u00e9s, ils ont disparu ! - Senegal\",\"isPartOf\":{\"@id\":\"https:\/\/www.africa-press.net\/senegal\/#website\"},\"primaryImageOfPage\":{\"@id\":\"https:\/\/www.africa-press.net\/senegal\/politique\/les-etoiles-filantes-de-la-politique-ils-sont-venus-ils-se-sont-presentes-ils-ont-disparu#primaryimage\"},\"image\":{\"@id\":\"https:\/\/www.africa-press.net\/senegal\/politique\/les-etoiles-filantes-de-la-politique-ils-sont-venus-ils-se-sont-presentes-ils-ont-disparu#primaryimage\"},\"thumbnailUrl\":\"https:\/\/static.africa-press.net\/senegal\/sites\/13\/2023\/01\/postQueueImg_1674231100.67.jpg\",\"datePublished\":\"2023-01-20T19:31:37+00:00\",\"author\":{\"@id\":\"https:\/\/www.africa-press.net\/senegal\/#\/schema\/person\/2b1cf3cd81a31e3cd26889ca66d677f1\"},\"breadcrumb\":{\"@id\":\"https:\/\/www.africa-press.net\/senegal\/politique\/les-etoiles-filantes-de-la-politique-ils-sont-venus-ils-se-sont-presentes-ils-ont-disparu#breadcrumb\"},\"inLanguage\":\"fr-FR\",\"potentialAction\":[{\"@type\":\"ReadAction\",\"target\":[\"https:\/\/www.africa-press.net\/senegal\/politique\/les-etoiles-filantes-de-la-politique-ils-sont-venus-ils-se-sont-presentes-ils-ont-disparu\"]}]},{\"@type\":\"ImageObject\",\"inLanguage\":\"fr-FR\",\"@id\":\"https:\/\/www.africa-press.net\/senegal\/politique\/les-etoiles-filantes-de-la-politique-ils-sont-venus-ils-se-sont-presentes-ils-ont-disparu#primaryimage\",\"url\":\"https:\/\/static.africa-press.net\/senegal\/sites\/13\/2023\/01\/postQueueImg_1674231100.67.jpg\",\"contentUrl\":\"https:\/\/static.africa-press.net\/senegal\/sites\/13\/2023\/01\/postQueueImg_1674231100.67.jpg\",\"width\":612,\"height\":298,\"caption\":\"Les \u00e9toiles filantes de la politique : Ils sont venus, ils se sont pr\u00e9sent\u00e9s, ils ont disparu !\"},{\"@type\":\"BreadcrumbList\",\"@id\":\"https:\/\/www.africa-press.net\/senegal\/politique\/les-etoiles-filantes-de-la-politique-ils-sont-venus-ils-se-sont-presentes-ils-ont-disparu#breadcrumb\",\"itemListElement\":[{\"@type\":\"ListItem\",\"position\":1,\"name\":\"Accueil\",\"item\":\"https:\/\/www.africa-press.net\/senegal\/\"},{\"@type\":\"ListItem\",\"position\":2,\"name\":\"Les \u00e9toiles filantes de la politique : Ils sont venus, ils se sont pr\u00e9sent\u00e9s, ils ont disparu !\"}]},{\"@type\":\"WebSite\",\"@id\":\"https:\/\/www.africa-press.net\/senegal\/#website\",\"url\":\"https:\/\/www.africa-press.net\/senegal\/\",\"name\":\"Africa Press | Senegal | Homepage\",\"description\":\"Just another Africa News Agency Sites site\",\"potentialAction\":[{\"@type\":\"SearchAction\",\"target\":{\"@type\":\"EntryPoint\",\"urlTemplate\":\"https:\/\/www.africa-press.net\/senegal\/?s={search_term_string}\"},\"query-input\":{\"@type\":\"PropertyValueSpecification\",\"valueRequired\":true,\"valueName\":\"search_term_string\"}}],\"inLanguage\":\"fr-FR\"},{\"@type\":\"Person\",\"@id\":\"https:\/\/www.africa-press.net\/senegal\/#\/schema\/person\/2b1cf3cd81a31e3cd26889ca66d677f1\",\"name\":\"cfeditorfr\",\"url\":\"https:\/\/www.africa-press.net\/senegal\/author\/cfeditorfr\"}]}<\/script>\n<!-- \/ Yoast SEO Premium plugin. -->","yoast_head_json":{"title":"Les \u00e9toiles filantes de la politique : Ils sont venus, ils se sont pr\u00e9sent\u00e9s, ils ont disparu ! - Senegal","robots":{"index":"index","follow":"follow","max-snippet":"max-snippet:-1","max-image-preview":"max-image-preview:large","max-video-preview":"max-video-preview:-1"},"canonical":"https:\/\/www.africa-press.net\/senegal\/politique\/les-etoiles-filantes-de-la-politique-ils-sont-venus-ils-se-sont-presentes-ils-ont-disparu","og_locale":"fr_FR","og_type":"article","og_title":"Les \u00e9toiles filantes de la politique : Ils sont venus, ils se sont pr\u00e9sent\u00e9s, ils ont disparu !","og_description":"Par: Moustapha Toumbou et Thiebeu Ndiaye Africa-Press &#8211; Senegal. Depuis son accession a\u0300 l\u2019inde\u0301pendance en 1960, le Se\u0301ne\u0301gal a vu plusieurs figures de\u0301filer dans son champ politique sur des tempos diffe\u0301rents. D\u2019un co\u0302te\u0301, on a les marathoniens qui se caracte\u0301risent par une longe\u0301vite\u0301 a\u0300 l\u2019image d\u2019un Me Abdoulaye Wade, feu Ousmane Tanor Dieng, Moustapha Niasse&#8230; [&hellip;]","og_url":"https:\/\/www.africa-press.net\/senegal\/politique\/les-etoiles-filantes-de-la-politique-ils-sont-venus-ils-se-sont-presentes-ils-ont-disparu","og_site_name":"Senegal","article_published_time":"2023-01-20T19:31:37+00:00","og_image":[{"url":"https:\/\/static.africa-press.net\/senegal\/sites\/13\/2023\/01\/postMediaimg_6_1.jpg","type":"","width":"","height":""}],"author":"cfeditorfr","twitter_card":"summary_large_image","twitter_misc":{"\u00c9crit par":"cfeditorfr","Dur\u00e9e de lecture estim\u00e9e":"11 minutes"},"schema":{"@context":"https:\/\/schema.org","@graph":[{"@type":"Article","@id":"https:\/\/www.africa-press.net\/senegal\/politique\/les-etoiles-filantes-de-la-politique-ils-sont-venus-ils-se-sont-presentes-ils-ont-disparu#article","isPartOf":{"@id":"https:\/\/www.africa-press.net\/senegal\/politique\/les-etoiles-filantes-de-la-politique-ils-sont-venus-ils-se-sont-presentes-ils-ont-disparu"},"author":{"name":"cfeditorfr","@id":"https:\/\/www.africa-press.net\/senegal\/#\/schema\/person\/2b1cf3cd81a31e3cd26889ca66d677f1"},"headline":"Les \u00e9toiles filantes de la politique : Ils sont venus, ils se sont pr\u00e9sent\u00e9s, ils ont disparu !","datePublished":"2023-01-20T19:31:37+00:00","mainEntityOfPage":{"@id":"https:\/\/www.africa-press.net\/senegal\/politique\/les-etoiles-filantes-de-la-politique-ils-sont-venus-ils-se-sont-presentes-ils-ont-disparu"},"wordCount":2256,"commentCount":0,"image":{"@id":"https:\/\/www.africa-press.net\/senegal\/politique\/les-etoiles-filantes-de-la-politique-ils-sont-venus-ils-se-sont-presentes-ils-ont-disparu#primaryimage"},"thumbnailUrl":"https:\/\/static.africa-press.net\/senegal\/sites\/13\/2023\/01\/postQueueImg_1674231100.67.jpg","keywords":["Africa Press","Africa Press-Senegal","Senegal"],"articleSection":["Dossiers","Politique","Toutes les actualit\u00e9s"],"inLanguage":"fr-FR","potentialAction":[{"@type":"CommentAction","name":"Comment","target":["https:\/\/www.africa-press.net\/senegal\/politique\/les-etoiles-filantes-de-la-politique-ils-sont-venus-ils-se-sont-presentes-ils-ont-disparu#respond"]}]},{"@type":"WebPage","@id":"https:\/\/www.africa-press.net\/senegal\/politique\/les-etoiles-filantes-de-la-politique-ils-sont-venus-ils-se-sont-presentes-ils-ont-disparu","url":"https:\/\/www.africa-press.net\/senegal\/politique\/les-etoiles-filantes-de-la-politique-ils-sont-venus-ils-se-sont-presentes-ils-ont-disparu","name":"Les \u00e9toiles filantes de la politique : Ils sont venus, ils se sont pr\u00e9sent\u00e9s, ils ont disparu ! - Senegal","isPartOf":{"@id":"https:\/\/www.africa-press.net\/senegal\/#website"},"primaryImageOfPage":{"@id":"https:\/\/www.africa-press.net\/senegal\/politique\/les-etoiles-filantes-de-la-politique-ils-sont-venus-ils-se-sont-presentes-ils-ont-disparu#primaryimage"},"image":{"@id":"https:\/\/www.africa-press.net\/senegal\/politique\/les-etoiles-filantes-de-la-politique-ils-sont-venus-ils-se-sont-presentes-ils-ont-disparu#primaryimage"},"thumbnailUrl":"https:\/\/static.africa-press.net\/senegal\/sites\/13\/2023\/01\/postQueueImg_1674231100.67.jpg","datePublished":"2023-01-20T19:31:37+00:00","author":{"@id":"https:\/\/www.africa-press.net\/senegal\/#\/schema\/person\/2b1cf3cd81a31e3cd26889ca66d677f1"},"breadcrumb":{"@id":"https:\/\/www.africa-press.net\/senegal\/politique\/les-etoiles-filantes-de-la-politique-ils-sont-venus-ils-se-sont-presentes-ils-ont-disparu#breadcrumb"},"inLanguage":"fr-FR","potentialAction":[{"@type":"ReadAction","target":["https:\/\/www.africa-press.net\/senegal\/politique\/les-etoiles-filantes-de-la-politique-ils-sont-venus-ils-se-sont-presentes-ils-ont-disparu"]}]},{"@type":"ImageObject","inLanguage":"fr-FR","@id":"https:\/\/www.africa-press.net\/senegal\/politique\/les-etoiles-filantes-de-la-politique-ils-sont-venus-ils-se-sont-presentes-ils-ont-disparu#primaryimage","url":"https:\/\/static.africa-press.net\/senegal\/sites\/13\/2023\/01\/postQueueImg_1674231100.67.jpg","contentUrl":"https:\/\/static.africa-press.net\/senegal\/sites\/13\/2023\/01\/postQueueImg_1674231100.67.jpg","width":612,"height":298,"caption":"Les \u00e9toiles filantes de la politique : Ils sont venus, ils se sont pr\u00e9sent\u00e9s, ils ont disparu !"},{"@type":"BreadcrumbList","@id":"https:\/\/www.africa-press.net\/senegal\/politique\/les-etoiles-filantes-de-la-politique-ils-sont-venus-ils-se-sont-presentes-ils-ont-disparu#breadcrumb","itemListElement":[{"@type":"ListItem","position":1,"name":"Accueil","item":"https:\/\/www.africa-press.net\/senegal\/"},{"@type":"ListItem","position":2,"name":"Les \u00e9toiles filantes de la politique : Ils sont venus, ils se sont pr\u00e9sent\u00e9s, ils ont disparu !"}]},{"@type":"WebSite","@id":"https:\/\/www.africa-press.net\/senegal\/#website","url":"https:\/\/www.africa-press.net\/senegal\/","name":"Africa Press | Senegal | Homepage","description":"Just another Africa News Agency Sites site","potentialAction":[{"@type":"SearchAction","target":{"@type":"EntryPoint","urlTemplate":"https:\/\/www.africa-press.net\/senegal\/?s={search_term_string}"},"query-input":{"@type":"PropertyValueSpecification","valueRequired":true,"valueName":"search_term_string"}}],"inLanguage":"fr-FR"},{"@type":"Person","@id":"https:\/\/www.africa-press.net\/senegal\/#\/schema\/person\/2b1cf3cd81a31e3cd26889ca66d677f1","name":"cfeditorfr","url":"https:\/\/www.africa-press.net\/senegal\/author\/cfeditorfr"}]}},"_links":{"self":[{"href":"https:\/\/www.africa-press.net\/senegal\/wp-json\/wp\/v2\/posts\/38354","targetHints":{"allow":["GET"]}}],"collection":[{"href":"https:\/\/www.africa-press.net\/senegal\/wp-json\/wp\/v2\/posts"}],"about":[{"href":"https:\/\/www.africa-press.net\/senegal\/wp-json\/wp\/v2\/types\/post"}],"author":[{"embeddable":true,"href":"https:\/\/www.africa-press.net\/senegal\/wp-json\/wp\/v2\/users\/82"}],"replies":[{"embeddable":true,"href":"https:\/\/www.africa-press.net\/senegal\/wp-json\/wp\/v2\/comments?post=38354"}],"version-history":[{"count":0,"href":"https:\/\/www.africa-press.net\/senegal\/wp-json\/wp\/v2\/posts\/38354\/revisions"}],"wp:featuredmedia":[{"embeddable":true,"href":"https:\/\/www.africa-press.net\/senegal\/wp-json\/wp\/v2\/media\/38353"}],"wp:attachment":[{"href":"https:\/\/www.africa-press.net\/senegal\/wp-json\/wp\/v2\/media?parent=38354"}],"wp:term":[{"taxonomy":"category","embeddable":true,"href":"https:\/\/www.africa-press.net\/senegal\/wp-json\/wp\/v2\/categories?post=38354"},{"taxonomy":"post_tag","embeddable":true,"href":"https:\/\/www.africa-press.net\/senegal\/wp-json\/wp\/v2\/tags?post=38354"}],"curies":[{"name":"wp","href":"https:\/\/api.w.org\/{rel}","templated":true}]}}