{"id":38356,"date":"2023-01-20T19:41:40","date_gmt":"2023-01-20T19:41:40","guid":{"rendered":"https:\/\/www.africa-press.net\/senegal\/politique\/ousmane-sonko-charge-le-doyen-des-juges-et-appelle-a-la-resistance"},"modified":"2023-01-20T19:41:40","modified_gmt":"2023-01-20T19:41:40","slug":"ousmane-sonko-charge-le-doyen-des-juges-et-appelle-a-la-resistance","status":"publish","type":"post","link":"https:\/\/www.africa-press.net\/senegal\/politique\/ousmane-sonko-charge-le-doyen-des-juges-et-appelle-a-la-resistance","title":{"rendered":"Ousmane Sonko charge le doyen des juges et \u00ab appelle \u00e0 la r\u00e9sistance \u00bb"},"content":{"rendered":"<p><span style=\"color: #ff6600\"><strong>Africa-Press &#8211; Senegal. <\/strong><\/span>La re\u0301action muscle\u0301e de l\u2019opposant Ousmane Sonko apre\u0300s le renvoi en proce\u0300s de l\u2019affaire Sweet Beaute\u0301, du nom du salon de massage dakarois ou\u0300 il a e\u0301te\u0301 accuse\u0301 de viols et menaces de mort par une ex-employe\u0301e, fait les choux gras des quotidiens se\u0301ne\u0301galais rec\u0327us vendredi a\u0300 APA.<\/p>\n<p>Renvoye\u0301 devant la chambre criminelle dans l\u2019affaire de viols et menaces de mort l\u2019opposant a\u0300 la plaignante Adji Sarr, l\u2019opposant Ousmane \u00ab Sonko appelle a\u0300 la re\u0301sistance et menace \u00bb, note L\u2019AS. Face a\u0300 la presse hier, le leader de Pastef estime qu\u2019il \u00ab ne voit pas le juge qui le condamnera a\u0300 cinq ans \u00bb de prison dans ce dossier qu\u2019il qualifie de \u00ab politique \u00bb.<\/p>\n<p>\u00ab Je conside\u0300re de\u0301sormais le doyen des juges Oumar Maham Diallo comme un adversaire politique qui a exe\u0301cute\u0301 une commande \u00bb, souligne dans EnQue\u0302te le maire de Ziguinchor (sud), arrive\u0301 troisie\u0300me a\u0300 la dernie\u0300re e\u0301lection pre\u0301sidentielle avec plus de 15% des voix.<\/p>\n<p>Ce journal, qui constate que \u00ab Sonko se braque \u00bb, ajoute que l\u2019opposant \u00ab fait un appel a\u0300 la re\u0301sistance et annonce un me\u0301ga-meeting ce dimanche a\u0300 Keur Massar \u00bb, dans la banlieue dakaroise. \u00ab Je vais re\u0301sister jusqu\u2019a\u0300 la fin de ma vie \u00bb, a-t-il de\u0301clare\u0301 dans Le Quotidien avant de qualifier le Doyen des juges d\u2019instruction, Oumar Maham Diallo, de \u00ab danger pour le pays \u00bb.<\/p>\n<p>Pre\u0301sente\u0301e comme l\u2019e\u0301pouse du ministre de l\u2019Inte\u0301rieur Antoine Fe\u0301lix Diome et faisant partie du \u00ab complot \u00bb, selon Ousmane Sonko, l\u2019avocate Dior Diagne a re\u0301plique\u0301 dans Le Quotidien que les \u00ab accusations mensonge\u0300res (de M. Sonko) ne resteront pas impunies \u00bb. \u00ab Je n\u2019e\u0301prouve que de la pitie\u0301 pour un pe\u0300re de famille et e\u0301poux comme Sonko \u00bb, poursuit-elle dans L\u2019AS.<\/p>\n<p>Le Soleil fait un focus sur la \u00ab pense\u0301e toujours vive \u00bb d\u2019Amilcar Cabral, figure emble\u0301matique de la lutte pour l\u2019inde\u0301pendance en Guine\u0301e-Bissau et au Cap-Vert. \u00ab Cinquante anne\u0301es apre\u0300s son assassinat \u00bb, rappelle le quotidien national indiquant que \u00ab des universitaires pre\u0301conisent la re\u0301actualisation de sa pense\u0301e \u00bb a\u0300 travers un colloque international ouvert a\u0300 l\u2019Universite\u0301 Assane Seck de Ziguinchor (sud).<\/p>\n<p>\u00ab Re\u0301volutionnaire panafricaniste, Amilcar Cabral, assassine\u0301 le 20 janvier 1973, soit deux ans avant l\u2019inde\u0301pendance de la Guine\u0301e-Bissau et du Cap-Vert, e\u0301tait le he\u0301ros de la libe\u0301ration des peuples de ces deux pays +fre\u0300res+. Son combat de longue haleine a abouti a\u0300 ce re\u0301sultat positif. Amilcar Cabral n\u2019avait pas qu\u2019une vision politique. De son vivant, il a eu a\u0300 axer ses travaux et re\u0301flexions sur l\u2019e\u0301conomie, l\u2019agriculture, la culture etc. En un mot sur le devenir de l\u2019Afrique et le meilleur e\u0302tre de ses populations \u00bb, souligne le quotidien national.<\/p>\n<p>Dans un large dossier, Be\u0301s Bi tente de comprendre \u00ab l\u2019attraction \u00bb autour du Concours de recrutement d\u2019e\u0301le\u0300ves-mai\u0302tres (Crem) au Se\u0301ne\u0301gal, un \u00ab Crem (au) bon gou\u0302t \u00bb. Le journal observe que \u00ab pre\u0300s de 60.000 candidats se sont inscrits pour un besoin de 1500 enseignants \u00bb alors que le dernier de\u0301lai est fixe\u0301 \u00ab aujourd\u2019hui a\u0300 17 heures \u00bb. Les raisons d\u2019un tel rush sont la \u00ab revalorisation salariale des enseignants \u00bb mais aussi le \u00ab cho\u0302mage \u00bb des jeunes diplo\u0302me\u0301s. Toutefois, avec un tel nombre de candidats, e\u0301value le journal, \u00ab l\u2019Etat empoche pre\u0300s de 600 millions de FCFA \u00bb.<\/p>\n<p><strong>Pour plus d&rsquo;informations et d&rsquo;analyses sur la <a href=\"https:\/\/www.africa-press.net\/senegal\">Senegal<\/a>, suivez <a href=\"https:\/\/www.africa-press.net\/\">Africa-Press<\/a><\/strong><\/p>\n","protected":false},"excerpt":{"rendered":"<p>Africa-Press &#8211; Senegal. La re\u0301action muscle\u0301e de l\u2019opposant Ousmane Sonko apre\u0300s le renvoi en proce\u0300s de l\u2019affaire Sweet Beaute\u0301, du nom du salon de massage dakarois ou\u0300 il a e\u0301te\u0301 accuse\u0301 de viols et menaces de mort par une ex-employe\u0301e, fait les choux gras des quotidiens se\u0301ne\u0301galais rec\u0327us vendredi a\u0300 APA. Renvoye\u0301 devant la chambre [&hellip;]<\/p>\n","protected":false},"author":82,"featured_media":38355,"comment_status":"open","ping_status":"closed","sticky":false,"template":"","format":"standard","meta":{"footnotes":""},"categories":[2,10],"tags":[43,47,44],"class_list":["post-38356","post","type-post","status-publish","format-standard","has-post-thumbnail","hentry","category-politique","category-toutes-les-actualites","tag-africa-press-2","tag-africa-press-senegal","tag-senegal-2"],"yoast_head":"<!-- This site is optimized with the Yoast SEO Premium plugin v26.1 (Yoast SEO v27.0) - https:\/\/yoast.com\/product\/yoast-seo-premium-wordpress\/ -->\n<title>Ousmane Sonko charge le doyen des juges et \u00ab appelle \u00e0 la r\u00e9sistance \u00bb - Senegal<\/title>\n<meta name=\"robots\" content=\"index, follow, max-snippet:-1, max-image-preview:large, max-video-preview:-1\" \/>\n<link rel=\"canonical\" href=\"https:\/\/www.africa-press.net\/senegal\/politique\/ousmane-sonko-charge-le-doyen-des-juges-et-appelle-a-la-resistance\" \/>\n<meta property=\"og:locale\" content=\"fr_FR\" \/>\n<meta property=\"og:type\" content=\"article\" \/>\n<meta property=\"og:title\" content=\"Ousmane Sonko charge le doyen des juges et \u00ab appelle \u00e0 la r\u00e9sistance \u00bb\" \/>\n<meta property=\"og:description\" content=\"Africa-Press &#8211; Senegal. La re\u0301action muscle\u0301e de l\u2019opposant Ousmane Sonko apre\u0300s le renvoi en proce\u0300s de l\u2019affaire Sweet Beaute\u0301, du nom du salon de massage dakarois ou\u0300 il a e\u0301te\u0301 accuse\u0301 de viols et menaces de mort par une ex-employe\u0301e, fait les choux gras des quotidiens se\u0301ne\u0301galais rec\u0327us vendredi a\u0300 APA. Renvoye\u0301 devant la chambre [&hellip;]\" \/>\n<meta property=\"og:url\" content=\"https:\/\/www.africa-press.net\/senegal\/politique\/ousmane-sonko-charge-le-doyen-des-juges-et-appelle-a-la-resistance\" \/>\n<meta property=\"og:site_name\" content=\"Senegal\" \/>\n<meta property=\"article:published_time\" content=\"2023-01-20T19:41:40+00:00\" \/>\n<meta name=\"author\" content=\"cfeditorfr\" \/>\n<meta name=\"twitter:card\" content=\"summary_large_image\" \/>\n<meta name=\"twitter:label1\" content=\"\u00c9crit par\" \/>\n\t<meta name=\"twitter:data1\" content=\"cfeditorfr\" \/>\n\t<meta name=\"twitter:label2\" content=\"Dur\u00e9e de lecture estim\u00e9e\" \/>\n\t<meta name=\"twitter:data2\" content=\"3 minutes\" \/>\n<script type=\"application\/ld+json\" class=\"yoast-schema-graph\">{\"@context\":\"https:\/\/schema.org\",\"@graph\":[{\"@type\":\"Article\",\"@id\":\"https:\/\/www.africa-press.net\/senegal\/politique\/ousmane-sonko-charge-le-doyen-des-juges-et-appelle-a-la-resistance#article\",\"isPartOf\":{\"@id\":\"https:\/\/www.africa-press.net\/senegal\/politique\/ousmane-sonko-charge-le-doyen-des-juges-et-appelle-a-la-resistance\"},\"author\":{\"name\":\"cfeditorfr\",\"@id\":\"https:\/\/www.africa-press.net\/senegal\/#\/schema\/person\/2b1cf3cd81a31e3cd26889ca66d677f1\"},\"headline\":\"Ousmane Sonko charge le doyen des juges et \u00ab appelle \u00e0 la r\u00e9sistance \u00bb\",\"datePublished\":\"2023-01-20T19:41:40+00:00\",\"mainEntityOfPage\":{\"@id\":\"https:\/\/www.africa-press.net\/senegal\/politique\/ousmane-sonko-charge-le-doyen-des-juges-et-appelle-a-la-resistance\"},\"wordCount\":612,\"commentCount\":0,\"image\":{\"@id\":\"https:\/\/www.africa-press.net\/senegal\/politique\/ousmane-sonko-charge-le-doyen-des-juges-et-appelle-a-la-resistance#primaryimage\"},\"thumbnailUrl\":\"https:\/\/static.africa-press.net\/senegal\/sites\/13\/2023\/01\/postQueueImg_1674231329.34.jpg\",\"keywords\":[\"Africa Press\",\"Africa Press-Senegal\",\"Senegal\"],\"articleSection\":[\"Politique\",\"Toutes les actualit\u00e9s\"],\"inLanguage\":\"fr-FR\",\"potentialAction\":[{\"@type\":\"CommentAction\",\"name\":\"Comment\",\"target\":[\"https:\/\/www.africa-press.net\/senegal\/politique\/ousmane-sonko-charge-le-doyen-des-juges-et-appelle-a-la-resistance#respond\"]}]},{\"@type\":\"WebPage\",\"@id\":\"https:\/\/www.africa-press.net\/senegal\/politique\/ousmane-sonko-charge-le-doyen-des-juges-et-appelle-a-la-resistance\",\"url\":\"https:\/\/www.africa-press.net\/senegal\/politique\/ousmane-sonko-charge-le-doyen-des-juges-et-appelle-a-la-resistance\",\"name\":\"Ousmane Sonko charge le doyen des juges et \u00ab appelle \u00e0 la r\u00e9sistance \u00bb - Senegal\",\"isPartOf\":{\"@id\":\"https:\/\/www.africa-press.net\/senegal\/#website\"},\"primaryImageOfPage\":{\"@id\":\"https:\/\/www.africa-press.net\/senegal\/politique\/ousmane-sonko-charge-le-doyen-des-juges-et-appelle-a-la-resistance#primaryimage\"},\"image\":{\"@id\":\"https:\/\/www.africa-press.net\/senegal\/politique\/ousmane-sonko-charge-le-doyen-des-juges-et-appelle-a-la-resistance#primaryimage\"},\"thumbnailUrl\":\"https:\/\/static.africa-press.net\/senegal\/sites\/13\/2023\/01\/postQueueImg_1674231329.34.jpg\",\"datePublished\":\"2023-01-20T19:41:40+00:00\",\"author\":{\"@id\":\"https:\/\/www.africa-press.net\/senegal\/#\/schema\/person\/2b1cf3cd81a31e3cd26889ca66d677f1\"},\"breadcrumb\":{\"@id\":\"https:\/\/www.africa-press.net\/senegal\/politique\/ousmane-sonko-charge-le-doyen-des-juges-et-appelle-a-la-resistance#breadcrumb\"},\"inLanguage\":\"fr-FR\",\"potentialAction\":[{\"@type\":\"ReadAction\",\"target\":[\"https:\/\/www.africa-press.net\/senegal\/politique\/ousmane-sonko-charge-le-doyen-des-juges-et-appelle-a-la-resistance\"]}]},{\"@type\":\"ImageObject\",\"inLanguage\":\"fr-FR\",\"@id\":\"https:\/\/www.africa-press.net\/senegal\/politique\/ousmane-sonko-charge-le-doyen-des-juges-et-appelle-a-la-resistance#primaryimage\",\"url\":\"https:\/\/static.africa-press.net\/senegal\/sites\/13\/2023\/01\/postQueueImg_1674231329.34.jpg\",\"contentUrl\":\"https:\/\/static.africa-press.net\/senegal\/sites\/13\/2023\/01\/postQueueImg_1674231329.34.jpg\",\"width\":660,\"height\":287,\"caption\":\"Ousmane Sonko charge le doyen des juges et \u00ab appelle \u00e0 la r\u00e9sistance \u00bb\"},{\"@type\":\"BreadcrumbList\",\"@id\":\"https:\/\/www.africa-press.net\/senegal\/politique\/ousmane-sonko-charge-le-doyen-des-juges-et-appelle-a-la-resistance#breadcrumb\",\"itemListElement\":[{\"@type\":\"ListItem\",\"position\":1,\"name\":\"Accueil\",\"item\":\"https:\/\/www.africa-press.net\/senegal\/\"},{\"@type\":\"ListItem\",\"position\":2,\"name\":\"Ousmane Sonko charge le doyen des juges et \u00ab appelle \u00e0 la r\u00e9sistance \u00bb\"}]},{\"@type\":\"WebSite\",\"@id\":\"https:\/\/www.africa-press.net\/senegal\/#website\",\"url\":\"https:\/\/www.africa-press.net\/senegal\/\",\"name\":\"Africa Press | Senegal | Homepage\",\"description\":\"Just another Africa News Agency Sites site\",\"potentialAction\":[{\"@type\":\"SearchAction\",\"target\":{\"@type\":\"EntryPoint\",\"urlTemplate\":\"https:\/\/www.africa-press.net\/senegal\/?s={search_term_string}\"},\"query-input\":{\"@type\":\"PropertyValueSpecification\",\"valueRequired\":true,\"valueName\":\"search_term_string\"}}],\"inLanguage\":\"fr-FR\"},{\"@type\":\"Person\",\"@id\":\"https:\/\/www.africa-press.net\/senegal\/#\/schema\/person\/2b1cf3cd81a31e3cd26889ca66d677f1\",\"name\":\"cfeditorfr\",\"url\":\"https:\/\/www.africa-press.net\/senegal\/author\/cfeditorfr\"}]}<\/script>\n<!-- \/ Yoast SEO Premium plugin. -->","yoast_head_json":{"title":"Ousmane Sonko charge le doyen des juges et \u00ab appelle \u00e0 la r\u00e9sistance \u00bb - Senegal","robots":{"index":"index","follow":"follow","max-snippet":"max-snippet:-1","max-image-preview":"max-image-preview:large","max-video-preview":"max-video-preview:-1"},"canonical":"https:\/\/www.africa-press.net\/senegal\/politique\/ousmane-sonko-charge-le-doyen-des-juges-et-appelle-a-la-resistance","og_locale":"fr_FR","og_type":"article","og_title":"Ousmane Sonko charge le doyen des juges et \u00ab appelle \u00e0 la r\u00e9sistance \u00bb","og_description":"Africa-Press &#8211; Senegal. La re\u0301action muscle\u0301e de l\u2019opposant Ousmane Sonko apre\u0300s le renvoi en proce\u0300s de l\u2019affaire Sweet Beaute\u0301, du nom du salon de massage dakarois ou\u0300 il a e\u0301te\u0301 accuse\u0301 de viols et menaces de mort par une ex-employe\u0301e, fait les choux gras des quotidiens se\u0301ne\u0301galais rec\u0327us vendredi a\u0300 APA. Renvoye\u0301 devant la chambre [&hellip;]","og_url":"https:\/\/www.africa-press.net\/senegal\/politique\/ousmane-sonko-charge-le-doyen-des-juges-et-appelle-a-la-resistance","og_site_name":"Senegal","article_published_time":"2023-01-20T19:41:40+00:00","author":"cfeditorfr","twitter_card":"summary_large_image","twitter_misc":{"\u00c9crit par":"cfeditorfr","Dur\u00e9e de lecture estim\u00e9e":"3 minutes"},"schema":{"@context":"https:\/\/schema.org","@graph":[{"@type":"Article","@id":"https:\/\/www.africa-press.net\/senegal\/politique\/ousmane-sonko-charge-le-doyen-des-juges-et-appelle-a-la-resistance#article","isPartOf":{"@id":"https:\/\/www.africa-press.net\/senegal\/politique\/ousmane-sonko-charge-le-doyen-des-juges-et-appelle-a-la-resistance"},"author":{"name":"cfeditorfr","@id":"https:\/\/www.africa-press.net\/senegal\/#\/schema\/person\/2b1cf3cd81a31e3cd26889ca66d677f1"},"headline":"Ousmane Sonko charge le doyen des juges et \u00ab appelle \u00e0 la r\u00e9sistance \u00bb","datePublished":"2023-01-20T19:41:40+00:00","mainEntityOfPage":{"@id":"https:\/\/www.africa-press.net\/senegal\/politique\/ousmane-sonko-charge-le-doyen-des-juges-et-appelle-a-la-resistance"},"wordCount":612,"commentCount":0,"image":{"@id":"https:\/\/www.africa-press.net\/senegal\/politique\/ousmane-sonko-charge-le-doyen-des-juges-et-appelle-a-la-resistance#primaryimage"},"thumbnailUrl":"https:\/\/static.africa-press.net\/senegal\/sites\/13\/2023\/01\/postQueueImg_1674231329.34.jpg","keywords":["Africa Press","Africa Press-Senegal","Senegal"],"articleSection":["Politique","Toutes les actualit\u00e9s"],"inLanguage":"fr-FR","potentialAction":[{"@type":"CommentAction","name":"Comment","target":["https:\/\/www.africa-press.net\/senegal\/politique\/ousmane-sonko-charge-le-doyen-des-juges-et-appelle-a-la-resistance#respond"]}]},{"@type":"WebPage","@id":"https:\/\/www.africa-press.net\/senegal\/politique\/ousmane-sonko-charge-le-doyen-des-juges-et-appelle-a-la-resistance","url":"https:\/\/www.africa-press.net\/senegal\/politique\/ousmane-sonko-charge-le-doyen-des-juges-et-appelle-a-la-resistance","name":"Ousmane Sonko charge le doyen des juges et \u00ab appelle \u00e0 la r\u00e9sistance \u00bb - Senegal","isPartOf":{"@id":"https:\/\/www.africa-press.net\/senegal\/#website"},"primaryImageOfPage":{"@id":"https:\/\/www.africa-press.net\/senegal\/politique\/ousmane-sonko-charge-le-doyen-des-juges-et-appelle-a-la-resistance#primaryimage"},"image":{"@id":"https:\/\/www.africa-press.net\/senegal\/politique\/ousmane-sonko-charge-le-doyen-des-juges-et-appelle-a-la-resistance#primaryimage"},"thumbnailUrl":"https:\/\/static.africa-press.net\/senegal\/sites\/13\/2023\/01\/postQueueImg_1674231329.34.jpg","datePublished":"2023-01-20T19:41:40+00:00","author":{"@id":"https:\/\/www.africa-press.net\/senegal\/#\/schema\/person\/2b1cf3cd81a31e3cd26889ca66d677f1"},"breadcrumb":{"@id":"https:\/\/www.africa-press.net\/senegal\/politique\/ousmane-sonko-charge-le-doyen-des-juges-et-appelle-a-la-resistance#breadcrumb"},"inLanguage":"fr-FR","potentialAction":[{"@type":"ReadAction","target":["https:\/\/www.africa-press.net\/senegal\/politique\/ousmane-sonko-charge-le-doyen-des-juges-et-appelle-a-la-resistance"]}]},{"@type":"ImageObject","inLanguage":"fr-FR","@id":"https:\/\/www.africa-press.net\/senegal\/politique\/ousmane-sonko-charge-le-doyen-des-juges-et-appelle-a-la-resistance#primaryimage","url":"https:\/\/static.africa-press.net\/senegal\/sites\/13\/2023\/01\/postQueueImg_1674231329.34.jpg","contentUrl":"https:\/\/static.africa-press.net\/senegal\/sites\/13\/2023\/01\/postQueueImg_1674231329.34.jpg","width":660,"height":287,"caption":"Ousmane Sonko charge le doyen des juges et \u00ab appelle \u00e0 la r\u00e9sistance \u00bb"},{"@type":"BreadcrumbList","@id":"https:\/\/www.africa-press.net\/senegal\/politique\/ousmane-sonko-charge-le-doyen-des-juges-et-appelle-a-la-resistance#breadcrumb","itemListElement":[{"@type":"ListItem","position":1,"name":"Accueil","item":"https:\/\/www.africa-press.net\/senegal\/"},{"@type":"ListItem","position":2,"name":"Ousmane Sonko charge le doyen des juges et \u00ab appelle \u00e0 la r\u00e9sistance \u00bb"}]},{"@type":"WebSite","@id":"https:\/\/www.africa-press.net\/senegal\/#website","url":"https:\/\/www.africa-press.net\/senegal\/","name":"Africa Press | Senegal | Homepage","description":"Just another Africa News Agency Sites site","potentialAction":[{"@type":"SearchAction","target":{"@type":"EntryPoint","urlTemplate":"https:\/\/www.africa-press.net\/senegal\/?s={search_term_string}"},"query-input":{"@type":"PropertyValueSpecification","valueRequired":true,"valueName":"search_term_string"}}],"inLanguage":"fr-FR"},{"@type":"Person","@id":"https:\/\/www.africa-press.net\/senegal\/#\/schema\/person\/2b1cf3cd81a31e3cd26889ca66d677f1","name":"cfeditorfr","url":"https:\/\/www.africa-press.net\/senegal\/author\/cfeditorfr"}]}},"_links":{"self":[{"href":"https:\/\/www.africa-press.net\/senegal\/wp-json\/wp\/v2\/posts\/38356","targetHints":{"allow":["GET"]}}],"collection":[{"href":"https:\/\/www.africa-press.net\/senegal\/wp-json\/wp\/v2\/posts"}],"about":[{"href":"https:\/\/www.africa-press.net\/senegal\/wp-json\/wp\/v2\/types\/post"}],"author":[{"embeddable":true,"href":"https:\/\/www.africa-press.net\/senegal\/wp-json\/wp\/v2\/users\/82"}],"replies":[{"embeddable":true,"href":"https:\/\/www.africa-press.net\/senegal\/wp-json\/wp\/v2\/comments?post=38356"}],"version-history":[{"count":0,"href":"https:\/\/www.africa-press.net\/senegal\/wp-json\/wp\/v2\/posts\/38356\/revisions"}],"wp:featuredmedia":[{"embeddable":true,"href":"https:\/\/www.africa-press.net\/senegal\/wp-json\/wp\/v2\/media\/38355"}],"wp:attachment":[{"href":"https:\/\/www.africa-press.net\/senegal\/wp-json\/wp\/v2\/media?parent=38356"}],"wp:term":[{"taxonomy":"category","embeddable":true,"href":"https:\/\/www.africa-press.net\/senegal\/wp-json\/wp\/v2\/categories?post=38356"},{"taxonomy":"post_tag","embeddable":true,"href":"https:\/\/www.africa-press.net\/senegal\/wp-json\/wp\/v2\/tags?post=38356"}],"curies":[{"name":"wp","href":"https:\/\/api.w.org\/{rel}","templated":true}]}}