{"id":38367,"date":"2023-01-21T10:27:32","date_gmt":"2023-01-21T10:27:32","guid":{"rendered":"https:\/\/www.africa-press.net\/senegal\/politique\/aliou-sow-salue-la-pertinence-des-distinctions-remises-aux-auteurs-cheikh-hamidou-kane-et-aminata-sow-fall"},"modified":"2023-01-21T10:27:32","modified_gmt":"2023-01-21T10:27:32","slug":"aliou-sow-salue-la-pertinence-des-distinctions-remises-aux-auteurs-cheikh-hamidou-kane-et-aminata-sow-fall","status":"publish","type":"post","link":"https:\/\/www.africa-press.net\/senegal\/culture-et-art\/aliou-sow-salue-la-pertinence-des-distinctions-remises-aux-auteurs-cheikh-hamidou-kane-et-aminata-sow-fall","title":{"rendered":"Aliou Sow salue \u2018\u2019la pertinence\u2019\u2019 des distinctions remises aux auteurs Cheikh Hamidou Kane et Aminata Sow Fall"},"content":{"rendered":"<p><span style=\"color: #ff6600\"><strong>Africa-Press &#8211; Senegal. <\/strong><\/span>Le ministre de la Culture et du Patrimoine historique Aliou Sow a salue\u0301, vendredi, \u2018\u2019la pertinence\u2019\u2019 du choix du pre\u0301sident de la re\u0301publique de de\u0301cerner, hors compe\u0301titions, le Grand prix du chef de l\u2019Etat pour les lettres, aux e\u0301crivains Cheikh Hamidou Kane et Aminata Sow Fall pour l\u2019ensemble de leurs \u0153uvres, a appris l\u2019APS de son service communication.<\/p>\n<p>Le Pre\u0301sident de la Re\u0301publique a annonce\u0301, mercredi, en Conseil des ministres, sa de\u0301cision de de\u0301cerner, a\u0300 titre exceptionnel et pour l\u2019ensemble de leurs \u0153uvres, le Grand prix du chef de l\u2019Etat pour les Lettres, aux e\u0301crivains Cheikh Hamidou Kane et Aminata Sow Fall.<\/p>\n<p>\u2018\u2019A n&rsquo;en point douter, ces distinctions sont d&rsquo;une remarquable pertinence puisqu&rsquo;elles ce\u0301le\u0300brent deux auteurs parmi les plus puissants que compte notre pays\u2019\u2019, s\u2019est fe\u0301licite\u0301 le ministre de la Culture et du patrimoine historique dans une note dont l\u2019APS a obtenu copie.<\/p>\n<p>Aliou Sow est d\u2019avis que Cheikh Hamidou Kane, \u2018\u2019e\u0301crivain reconnu et (&#8230;) homme d\u2019Etat impre\u0301gne\u0301 des valeurs nationales, constitue une figure majeure de notre trajectoire intellectuelle contemporaine\u2019\u2019.<\/p>\n<p>Il estime par ailleurs qu\u2019Aminata Sow Fall reste une des figures culturelles e\u0301minentes du Se\u0301ne\u0301gal et de l\u2019Afrique.<\/p>\n<p>\u2018\u2019Son e\u0301criture aura contribue\u0301 a\u0300 re\u0301ve\u0301ler la culture et l\u2019a\u0302me de notre pays, participant ainsi au rayonnement de la culture se\u0301ne\u0301galaise a\u0300 travers le monde et les ge\u0301ne\u0301rations. Aminata Sow Fall incarne par ailleurs la femme se\u0301ne\u0301galaise impre\u0301gne\u0301e d\u2019une e\u0301ducation traditionnelle mais ouverte sur les valeurs positives du monde\u2019\u2019, a poursuivi Aliou Sow.<\/p>\n<p>Il annonce que son de\u0301partement entend poursuivre son investissement dans une perspective de promouvoir les hommes et femmes de culture afin que soit reconnue \u2018\u2019leur fonction de cre\u0301ateurs de beaute\u0301, de gardiens des valeurs et des imaginaires au service de la cohe\u0301sion nationale\u2019\u2019.<\/p>\n<p><strong>Pour plus d&rsquo;informations et d&rsquo;analyses sur la <a href=\"https:\/\/www.africa-press.net\/senegal\">Senegal<\/a>, suivez <a href=\"https:\/\/www.africa-press.net\/\">Africa-Press<\/a><\/strong><\/p>\n","protected":false},"excerpt":{"rendered":"<p>Africa-Press &#8211; Senegal. Le ministre de la Culture et du Patrimoine historique Aliou Sow a salue\u0301, vendredi, \u2018\u2019la pertinence\u2019\u2019 du choix du pre\u0301sident de la re\u0301publique de de\u0301cerner, hors compe\u0301titions, le Grand prix du chef de l\u2019Etat pour les lettres, aux e\u0301crivains Cheikh Hamidou Kane et Aminata Sow Fall pour l\u2019ensemble de leurs \u0153uvres, a [&hellip;]<\/p>\n","protected":false},"author":82,"featured_media":38366,"comment_status":"open","ping_status":"closed","sticky":false,"template":"","format":"standard","meta":{"footnotes":""},"categories":[5,10],"tags":[43,47,44],"class_list":["post-38367","post","type-post","status-publish","format-standard","has-post-thumbnail","hentry","category-culture-et-art","category-toutes-les-actualites","tag-africa-press-2","tag-africa-press-senegal","tag-senegal-2"],"yoast_head":"<!-- This site is optimized with the Yoast SEO Premium plugin v26.1 (Yoast SEO v27.0) - https:\/\/yoast.com\/product\/yoast-seo-premium-wordpress\/ -->\n<title>Aliou Sow salue \u2018\u2019la pertinence\u2019\u2019 des distinctions remises aux auteurs Cheikh Hamidou Kane et Aminata Sow Fall - Senegal<\/title>\n<meta name=\"robots\" content=\"index, follow, max-snippet:-1, max-image-preview:large, max-video-preview:-1\" \/>\n<link rel=\"canonical\" href=\"https:\/\/www.africa-press.net\/senegal\/politique\/aliou-sow-salue-la-pertinence-des-distinctions-remises-aux-auteurs-cheikh-hamidou-kane-et-aminata-sow-fall\" \/>\n<meta property=\"og:locale\" content=\"fr_FR\" \/>\n<meta property=\"og:type\" content=\"article\" \/>\n<meta property=\"og:title\" content=\"Aliou Sow salue \u2018\u2019la pertinence\u2019\u2019 des distinctions remises aux auteurs Cheikh Hamidou Kane et Aminata Sow Fall\" \/>\n<meta property=\"og:description\" content=\"Africa-Press &#8211; Senegal. Le ministre de la Culture et du Patrimoine historique Aliou Sow a salue\u0301, vendredi, \u2018\u2019la pertinence\u2019\u2019 du choix du pre\u0301sident de la re\u0301publique de de\u0301cerner, hors compe\u0301titions, le Grand prix du chef de l\u2019Etat pour les lettres, aux e\u0301crivains Cheikh Hamidou Kane et Aminata Sow Fall pour l\u2019ensemble de leurs \u0153uvres, a [&hellip;]\" \/>\n<meta property=\"og:url\" content=\"https:\/\/www.africa-press.net\/senegal\/politique\/aliou-sow-salue-la-pertinence-des-distinctions-remises-aux-auteurs-cheikh-hamidou-kane-et-aminata-sow-fall\" \/>\n<meta property=\"og:site_name\" content=\"Senegal\" \/>\n<meta property=\"article:published_time\" content=\"2023-01-21T10:27:32+00:00\" \/>\n<meta name=\"author\" content=\"cfeditorfr\" \/>\n<meta name=\"twitter:card\" content=\"summary_large_image\" \/>\n<meta name=\"twitter:label1\" content=\"\u00c9crit par\" \/>\n\t<meta name=\"twitter:data1\" content=\"cfeditorfr\" \/>\n\t<meta name=\"twitter:label2\" content=\"Dur\u00e9e de lecture estim\u00e9e\" \/>\n\t<meta name=\"twitter:data2\" content=\"2 minutes\" \/>\n<script type=\"application\/ld+json\" class=\"yoast-schema-graph\">{\"@context\":\"https:\/\/schema.org\",\"@graph\":[{\"@type\":\"Article\",\"@id\":\"https:\/\/www.africa-press.net\/senegal\/politique\/aliou-sow-salue-la-pertinence-des-distinctions-remises-aux-auteurs-cheikh-hamidou-kane-et-aminata-sow-fall#article\",\"isPartOf\":{\"@id\":\"https:\/\/www.africa-press.net\/senegal\/politique\/aliou-sow-salue-la-pertinence-des-distinctions-remises-aux-auteurs-cheikh-hamidou-kane-et-aminata-sow-fall\"},\"author\":{\"name\":\"cfeditorfr\",\"@id\":\"https:\/\/www.africa-press.net\/senegal\/#\/schema\/person\/2b1cf3cd81a31e3cd26889ca66d677f1\"},\"headline\":\"Aliou Sow salue \u2018\u2019la pertinence\u2019\u2019 des distinctions remises aux auteurs Cheikh Hamidou Kane et Aminata Sow Fall\",\"datePublished\":\"2023-01-21T10:27:32+00:00\",\"mainEntityOfPage\":{\"@id\":\"https:\/\/www.africa-press.net\/senegal\/politique\/aliou-sow-salue-la-pertinence-des-distinctions-remises-aux-auteurs-cheikh-hamidou-kane-et-aminata-sow-fall\"},\"wordCount\":365,\"commentCount\":0,\"image\":{\"@id\":\"https:\/\/www.africa-press.net\/senegal\/politique\/aliou-sow-salue-la-pertinence-des-distinctions-remises-aux-auteurs-cheikh-hamidou-kane-et-aminata-sow-fall#primaryimage\"},\"thumbnailUrl\":\"https:\/\/static.africa-press.net\/senegal\/sites\/13\/2023\/01\/postQueueImg_1674284313.11.jpg\",\"keywords\":[\"Africa Press\",\"Africa Press-Senegal\",\"Senegal\"],\"articleSection\":[\"Culture et Art\",\"Toutes les actualit\u00e9s\"],\"inLanguage\":\"fr-FR\",\"potentialAction\":[{\"@type\":\"CommentAction\",\"name\":\"Comment\",\"target\":[\"https:\/\/www.africa-press.net\/senegal\/politique\/aliou-sow-salue-la-pertinence-des-distinctions-remises-aux-auteurs-cheikh-hamidou-kane-et-aminata-sow-fall#respond\"]}]},{\"@type\":\"WebPage\",\"@id\":\"https:\/\/www.africa-press.net\/senegal\/politique\/aliou-sow-salue-la-pertinence-des-distinctions-remises-aux-auteurs-cheikh-hamidou-kane-et-aminata-sow-fall\",\"url\":\"https:\/\/www.africa-press.net\/senegal\/politique\/aliou-sow-salue-la-pertinence-des-distinctions-remises-aux-auteurs-cheikh-hamidou-kane-et-aminata-sow-fall\",\"name\":\"Aliou Sow salue \u2018\u2019la pertinence\u2019\u2019 des distinctions remises aux auteurs Cheikh Hamidou Kane et Aminata Sow Fall - Senegal\",\"isPartOf\":{\"@id\":\"https:\/\/www.africa-press.net\/senegal\/#website\"},\"primaryImageOfPage\":{\"@id\":\"https:\/\/www.africa-press.net\/senegal\/politique\/aliou-sow-salue-la-pertinence-des-distinctions-remises-aux-auteurs-cheikh-hamidou-kane-et-aminata-sow-fall#primaryimage\"},\"image\":{\"@id\":\"https:\/\/www.africa-press.net\/senegal\/politique\/aliou-sow-salue-la-pertinence-des-distinctions-remises-aux-auteurs-cheikh-hamidou-kane-et-aminata-sow-fall#primaryimage\"},\"thumbnailUrl\":\"https:\/\/static.africa-press.net\/senegal\/sites\/13\/2023\/01\/postQueueImg_1674284313.11.jpg\",\"datePublished\":\"2023-01-21T10:27:32+00:00\",\"author\":{\"@id\":\"https:\/\/www.africa-press.net\/senegal\/#\/schema\/person\/2b1cf3cd81a31e3cd26889ca66d677f1\"},\"breadcrumb\":{\"@id\":\"https:\/\/www.africa-press.net\/senegal\/politique\/aliou-sow-salue-la-pertinence-des-distinctions-remises-aux-auteurs-cheikh-hamidou-kane-et-aminata-sow-fall#breadcrumb\"},\"inLanguage\":\"fr-FR\",\"potentialAction\":[{\"@type\":\"ReadAction\",\"target\":[\"https:\/\/www.africa-press.net\/senegal\/politique\/aliou-sow-salue-la-pertinence-des-distinctions-remises-aux-auteurs-cheikh-hamidou-kane-et-aminata-sow-fall\"]}]},{\"@type\":\"ImageObject\",\"inLanguage\":\"fr-FR\",\"@id\":\"https:\/\/www.africa-press.net\/senegal\/politique\/aliou-sow-salue-la-pertinence-des-distinctions-remises-aux-auteurs-cheikh-hamidou-kane-et-aminata-sow-fall#primaryimage\",\"url\":\"https:\/\/static.africa-press.net\/senegal\/sites\/13\/2023\/01\/postQueueImg_1674284313.11.jpg\",\"contentUrl\":\"https:\/\/static.africa-press.net\/senegal\/sites\/13\/2023\/01\/postQueueImg_1674284313.11.jpg\",\"width\":1620,\"height\":925,\"caption\":\"Aliou Sow salue \u2018\u2019la pertinence\u2019\u2019 des distinctions remises aux auteurs Cheikh Hamidou Kane et Aminata Sow Fall\"},{\"@type\":\"BreadcrumbList\",\"@id\":\"https:\/\/www.africa-press.net\/senegal\/politique\/aliou-sow-salue-la-pertinence-des-distinctions-remises-aux-auteurs-cheikh-hamidou-kane-et-aminata-sow-fall#breadcrumb\",\"itemListElement\":[{\"@type\":\"ListItem\",\"position\":1,\"name\":\"Accueil\",\"item\":\"https:\/\/www.africa-press.net\/senegal\/\"},{\"@type\":\"ListItem\",\"position\":2,\"name\":\"Aliou Sow salue \u2018\u2019la pertinence\u2019\u2019 des distinctions remises aux auteurs Cheikh Hamidou Kane et Aminata Sow Fall\"}]},{\"@type\":\"WebSite\",\"@id\":\"https:\/\/www.africa-press.net\/senegal\/#website\",\"url\":\"https:\/\/www.africa-press.net\/senegal\/\",\"name\":\"Africa Press | Senegal | Homepage\",\"description\":\"Just another Africa News Agency Sites site\",\"potentialAction\":[{\"@type\":\"SearchAction\",\"target\":{\"@type\":\"EntryPoint\",\"urlTemplate\":\"https:\/\/www.africa-press.net\/senegal\/?s={search_term_string}\"},\"query-input\":{\"@type\":\"PropertyValueSpecification\",\"valueRequired\":true,\"valueName\":\"search_term_string\"}}],\"inLanguage\":\"fr-FR\"},{\"@type\":\"Person\",\"@id\":\"https:\/\/www.africa-press.net\/senegal\/#\/schema\/person\/2b1cf3cd81a31e3cd26889ca66d677f1\",\"name\":\"cfeditorfr\",\"url\":\"https:\/\/www.africa-press.net\/senegal\/author\/cfeditorfr\"}]}<\/script>\n<!-- \/ Yoast SEO Premium plugin. -->","yoast_head_json":{"title":"Aliou Sow salue \u2018\u2019la pertinence\u2019\u2019 des distinctions remises aux auteurs Cheikh Hamidou Kane et Aminata Sow Fall - Senegal","robots":{"index":"index","follow":"follow","max-snippet":"max-snippet:-1","max-image-preview":"max-image-preview:large","max-video-preview":"max-video-preview:-1"},"canonical":"https:\/\/www.africa-press.net\/senegal\/politique\/aliou-sow-salue-la-pertinence-des-distinctions-remises-aux-auteurs-cheikh-hamidou-kane-et-aminata-sow-fall","og_locale":"fr_FR","og_type":"article","og_title":"Aliou Sow salue \u2018\u2019la pertinence\u2019\u2019 des distinctions remises aux auteurs Cheikh Hamidou Kane et Aminata Sow Fall","og_description":"Africa-Press &#8211; Senegal. Le ministre de la Culture et du Patrimoine historique Aliou Sow a salue\u0301, vendredi, \u2018\u2019la pertinence\u2019\u2019 du choix du pre\u0301sident de la re\u0301publique de de\u0301cerner, hors compe\u0301titions, le Grand prix du chef de l\u2019Etat pour les lettres, aux e\u0301crivains Cheikh Hamidou Kane et Aminata Sow Fall pour l\u2019ensemble de leurs \u0153uvres, a [&hellip;]","og_url":"https:\/\/www.africa-press.net\/senegal\/politique\/aliou-sow-salue-la-pertinence-des-distinctions-remises-aux-auteurs-cheikh-hamidou-kane-et-aminata-sow-fall","og_site_name":"Senegal","article_published_time":"2023-01-21T10:27:32+00:00","author":"cfeditorfr","twitter_card":"summary_large_image","twitter_misc":{"\u00c9crit par":"cfeditorfr","Dur\u00e9e de lecture estim\u00e9e":"2 minutes"},"schema":{"@context":"https:\/\/schema.org","@graph":[{"@type":"Article","@id":"https:\/\/www.africa-press.net\/senegal\/politique\/aliou-sow-salue-la-pertinence-des-distinctions-remises-aux-auteurs-cheikh-hamidou-kane-et-aminata-sow-fall#article","isPartOf":{"@id":"https:\/\/www.africa-press.net\/senegal\/politique\/aliou-sow-salue-la-pertinence-des-distinctions-remises-aux-auteurs-cheikh-hamidou-kane-et-aminata-sow-fall"},"author":{"name":"cfeditorfr","@id":"https:\/\/www.africa-press.net\/senegal\/#\/schema\/person\/2b1cf3cd81a31e3cd26889ca66d677f1"},"headline":"Aliou Sow salue \u2018\u2019la pertinence\u2019\u2019 des distinctions remises aux auteurs Cheikh Hamidou Kane et Aminata Sow Fall","datePublished":"2023-01-21T10:27:32+00:00","mainEntityOfPage":{"@id":"https:\/\/www.africa-press.net\/senegal\/politique\/aliou-sow-salue-la-pertinence-des-distinctions-remises-aux-auteurs-cheikh-hamidou-kane-et-aminata-sow-fall"},"wordCount":365,"commentCount":0,"image":{"@id":"https:\/\/www.africa-press.net\/senegal\/politique\/aliou-sow-salue-la-pertinence-des-distinctions-remises-aux-auteurs-cheikh-hamidou-kane-et-aminata-sow-fall#primaryimage"},"thumbnailUrl":"https:\/\/static.africa-press.net\/senegal\/sites\/13\/2023\/01\/postQueueImg_1674284313.11.jpg","keywords":["Africa Press","Africa Press-Senegal","Senegal"],"articleSection":["Culture et Art","Toutes les actualit\u00e9s"],"inLanguage":"fr-FR","potentialAction":[{"@type":"CommentAction","name":"Comment","target":["https:\/\/www.africa-press.net\/senegal\/politique\/aliou-sow-salue-la-pertinence-des-distinctions-remises-aux-auteurs-cheikh-hamidou-kane-et-aminata-sow-fall#respond"]}]},{"@type":"WebPage","@id":"https:\/\/www.africa-press.net\/senegal\/politique\/aliou-sow-salue-la-pertinence-des-distinctions-remises-aux-auteurs-cheikh-hamidou-kane-et-aminata-sow-fall","url":"https:\/\/www.africa-press.net\/senegal\/politique\/aliou-sow-salue-la-pertinence-des-distinctions-remises-aux-auteurs-cheikh-hamidou-kane-et-aminata-sow-fall","name":"Aliou Sow salue \u2018\u2019la pertinence\u2019\u2019 des distinctions remises aux auteurs Cheikh Hamidou Kane et Aminata Sow Fall - Senegal","isPartOf":{"@id":"https:\/\/www.africa-press.net\/senegal\/#website"},"primaryImageOfPage":{"@id":"https:\/\/www.africa-press.net\/senegal\/politique\/aliou-sow-salue-la-pertinence-des-distinctions-remises-aux-auteurs-cheikh-hamidou-kane-et-aminata-sow-fall#primaryimage"},"image":{"@id":"https:\/\/www.africa-press.net\/senegal\/politique\/aliou-sow-salue-la-pertinence-des-distinctions-remises-aux-auteurs-cheikh-hamidou-kane-et-aminata-sow-fall#primaryimage"},"thumbnailUrl":"https:\/\/static.africa-press.net\/senegal\/sites\/13\/2023\/01\/postQueueImg_1674284313.11.jpg","datePublished":"2023-01-21T10:27:32+00:00","author":{"@id":"https:\/\/www.africa-press.net\/senegal\/#\/schema\/person\/2b1cf3cd81a31e3cd26889ca66d677f1"},"breadcrumb":{"@id":"https:\/\/www.africa-press.net\/senegal\/politique\/aliou-sow-salue-la-pertinence-des-distinctions-remises-aux-auteurs-cheikh-hamidou-kane-et-aminata-sow-fall#breadcrumb"},"inLanguage":"fr-FR","potentialAction":[{"@type":"ReadAction","target":["https:\/\/www.africa-press.net\/senegal\/politique\/aliou-sow-salue-la-pertinence-des-distinctions-remises-aux-auteurs-cheikh-hamidou-kane-et-aminata-sow-fall"]}]},{"@type":"ImageObject","inLanguage":"fr-FR","@id":"https:\/\/www.africa-press.net\/senegal\/politique\/aliou-sow-salue-la-pertinence-des-distinctions-remises-aux-auteurs-cheikh-hamidou-kane-et-aminata-sow-fall#primaryimage","url":"https:\/\/static.africa-press.net\/senegal\/sites\/13\/2023\/01\/postQueueImg_1674284313.11.jpg","contentUrl":"https:\/\/static.africa-press.net\/senegal\/sites\/13\/2023\/01\/postQueueImg_1674284313.11.jpg","width":1620,"height":925,"caption":"Aliou Sow salue \u2018\u2019la pertinence\u2019\u2019 des distinctions remises aux auteurs Cheikh Hamidou Kane et Aminata Sow Fall"},{"@type":"BreadcrumbList","@id":"https:\/\/www.africa-press.net\/senegal\/politique\/aliou-sow-salue-la-pertinence-des-distinctions-remises-aux-auteurs-cheikh-hamidou-kane-et-aminata-sow-fall#breadcrumb","itemListElement":[{"@type":"ListItem","position":1,"name":"Accueil","item":"https:\/\/www.africa-press.net\/senegal\/"},{"@type":"ListItem","position":2,"name":"Aliou Sow salue \u2018\u2019la pertinence\u2019\u2019 des distinctions remises aux auteurs Cheikh Hamidou Kane et Aminata Sow Fall"}]},{"@type":"WebSite","@id":"https:\/\/www.africa-press.net\/senegal\/#website","url":"https:\/\/www.africa-press.net\/senegal\/","name":"Africa Press | Senegal | Homepage","description":"Just another Africa News Agency Sites site","potentialAction":[{"@type":"SearchAction","target":{"@type":"EntryPoint","urlTemplate":"https:\/\/www.africa-press.net\/senegal\/?s={search_term_string}"},"query-input":{"@type":"PropertyValueSpecification","valueRequired":true,"valueName":"search_term_string"}}],"inLanguage":"fr-FR"},{"@type":"Person","@id":"https:\/\/www.africa-press.net\/senegal\/#\/schema\/person\/2b1cf3cd81a31e3cd26889ca66d677f1","name":"cfeditorfr","url":"https:\/\/www.africa-press.net\/senegal\/author\/cfeditorfr"}]}},"_links":{"self":[{"href":"https:\/\/www.africa-press.net\/senegal\/wp-json\/wp\/v2\/posts\/38367","targetHints":{"allow":["GET"]}}],"collection":[{"href":"https:\/\/www.africa-press.net\/senegal\/wp-json\/wp\/v2\/posts"}],"about":[{"href":"https:\/\/www.africa-press.net\/senegal\/wp-json\/wp\/v2\/types\/post"}],"author":[{"embeddable":true,"href":"https:\/\/www.africa-press.net\/senegal\/wp-json\/wp\/v2\/users\/82"}],"replies":[{"embeddable":true,"href":"https:\/\/www.africa-press.net\/senegal\/wp-json\/wp\/v2\/comments?post=38367"}],"version-history":[{"count":0,"href":"https:\/\/www.africa-press.net\/senegal\/wp-json\/wp\/v2\/posts\/38367\/revisions"}],"wp:featuredmedia":[{"embeddable":true,"href":"https:\/\/www.africa-press.net\/senegal\/wp-json\/wp\/v2\/media\/38366"}],"wp:attachment":[{"href":"https:\/\/www.africa-press.net\/senegal\/wp-json\/wp\/v2\/media?parent=38367"}],"wp:term":[{"taxonomy":"category","embeddable":true,"href":"https:\/\/www.africa-press.net\/senegal\/wp-json\/wp\/v2\/categories?post=38367"},{"taxonomy":"post_tag","embeddable":true,"href":"https:\/\/www.africa-press.net\/senegal\/wp-json\/wp\/v2\/tags?post=38367"}],"curies":[{"name":"wp","href":"https:\/\/api.w.org\/{rel}","templated":true}]}}