{"id":38379,"date":"2023-01-21T10:34:48","date_gmt":"2023-01-21T10:34:48","guid":{"rendered":"https:\/\/www.africa-press.net\/senegal\/politique\/senegal-numerique-va-sensibiliser-les-demembrements-de-letat-sur-ses-missions"},"modified":"2023-01-21T11:44:43","modified_gmt":"2023-01-21T11:44:43","slug":"senegal-numerique-va-sensibiliser-les-demembrements-de-letat-sur-ses-missions","status":"publish","type":"post","link":"https:\/\/www.africa-press.net\/senegal\/toutes-les-actualites\/senegal-numerique-va-sensibiliser-les-demembrements-de-letat-sur-ses-missions","title":{"rendered":"S\u00e9n\u00e9gal Num\u00e9rique va sensibiliser les d\u00e9membrements de l\u2019Etat sur ses missions"},"content":{"rendered":"<p><span style=\"color: #ff6600\"><strong>Africa-Press &#8211; Senegal. <\/strong><\/span>La socie\u0301te\u0301 Se\u0301ne\u0301gal Nume\u0301rique, charge\u0301e de mettre en \u0153uvre la politique informatique de l\u2019Etat, va s\u2019atteler a\u0300 la sensibilisation des services du secteur public sur ses missions, a-t-on appris de son directeur ge\u0301ne\u0301ral, Cheikh Bakhoum.<\/p>\n<p>M. Bakhoum a annonce\u0301 cette campagne de sensibilisation a\u0300 la re\u0301daction de l\u2019APS, dont il e\u0301tait l\u2019invite\u0301, vendredi.<\/p>\n<p>Il s\u2019agira, pour Se\u0301ne\u0301gal Nume\u0301rique, de rappeler aux services et de\u0301membrements de l\u2019Etat qu\u2019elle est notamment charge\u0301e de l\u2019harmonisation des initiatives publiques en matie\u0300re de digitalisation, selon son directeur ge\u0301ne\u0301ral.<\/p>\n<p>\u2018\u2019Aujourd\u2019hui, c\u2019est tre\u0300s clair : les entite\u0301s de l\u2019administration se\u0301ne\u0301galaise, dont les ministe\u0300res, ont l\u2019obligation de travailler avec Se\u0301ne\u0301gal Nume\u0301rique SA, concernant toutes les questions lie\u0301es aux infrastructures et aux services nume\u0301riques. C\u2019est une sensibilisation que nous allons mener de\u0300s maintenant\u2019\u2019, a-t-il dit.<\/p>\n<p>M. Bakhoum a rappele\u0301 les missions et attributions que l\u2019Etat confe\u0300re a\u0300 Se\u0301ne\u0301gal Nume\u0301rique en cre\u0301ant ladite socie\u0301te\u0301 nationale en remplacement de l\u2019Agence de l\u2019informatique de l\u2019Etat (ADIE) depuis 2021.<\/p>\n<p>\u2018\u2019Pendant plusieurs anne\u0301es, les entite\u0301s de l\u2019Etat ont travaille\u0301 seules ou avec des partenaires techniques, dans le domaine des services digitaux. Nous de\u0301pensions e\u0301norme\u0301ment, sans efficacite\u0301. Il est important d\u2019harmoniser toutes les initiatives de l\u2019Etat en matie\u0300re de digitalisation\u2019\u2019, a-t-il explique\u0301.<\/p>\n<p>Les autorite\u0301s se\u0301ne\u0301galaises ont cre\u0301e\u0301 Se\u0301ne\u0301gal Nume\u0301rique dans le but de \u2018\u2019rationaliser les de\u0301penses en matie\u0300re digitale et [de] rendre interope\u0301rables les syste\u0300mes d\u2019information\u2019\u2019 de l\u2019Etat, a rappele\u0301 Cheikh Bakhoum.<\/p>\n<p>\u2018\u2019Par exemple, si le ministe\u0300re de la Sante\u0301 travaille avec une plateforme digitale pour ge\u0301rer ses patients, il peut ne pas e\u0302tre connecte\u0301 au fichier des Se\u0301ne\u0301galais que ge\u0300re le ministe\u0300re de l\u2019Inte\u0301rieur. Vous voyez donc qu\u2019il peut exister des difficulte\u0301s dans les e\u0301changes de donne\u0301es entre ces deux ministe\u0300res\u2019\u2019, a-t-il signale\u0301.<\/p>\n<p>\u2018\u2019Ce sont des difficulte\u0301s souvent note\u0301es dans les projets exe\u0301cute\u0301s par les structures de l\u2019Etat. C\u2019est pour cette raison que l\u2019Etat a dit que de\u0301sormais, chaque fois qu\u2019une structure doit de\u0301rouler un projet informatique ou digital, elle doit en confier la mai\u0302trise d\u2019ouvrage a\u0300 Se\u0301ne\u0301gal Nume\u0301rique\u2019\u2019, a ajoute\u0301 M. Bakhoum en expliquant a\u0300 l\u2019APS les missions de ladite socie\u0301te\u0301 nationale.<\/p>\n<p>Il affirme que \u2018\u2019la loi oblige les structures de l\u2019Etat a\u0300 travailler (&#8230;) avec Se\u0301ne\u0301gal Nume\u0301rique\u2019\u2019.<\/p>\n<p>De nouvelles compe\u0301tences se sont ajoute\u0301es a\u0300 celles de l\u2019ex-ADIE, lors de sa mutation en socie\u0301te\u0301 nationale charge\u0301e de mettre en \u0153uvre la politique informatique de l\u2019Etat, a dit Cheikh Bakhoum.<\/p>\n<p><strong>Pour plus d&rsquo;informations et d&rsquo;analyses sur la <a href=\"https:\/\/www.africa-press.net\/senegal\">Senegal<\/a>, suivez <a href=\"https:\/\/www.africa-press.net\/\">Africa-Press<\/a><\/strong><\/p>\n","protected":false},"excerpt":{"rendered":"<p>Africa-Press &#8211; Senegal. La socie\u0301te\u0301 Se\u0301ne\u0301gal Nume\u0301rique, charge\u0301e de mettre en \u0153uvre la politique informatique de l\u2019Etat, va s\u2019atteler a\u0300 la sensibilisation des services du secteur public sur ses missions, a-t-on appris de son directeur ge\u0301ne\u0301ral, Cheikh Bakhoum. M. Bakhoum a annonce\u0301 cette campagne de sensibilisation a\u0300 la re\u0301daction de l\u2019APS, dont il e\u0301tait l\u2019invite\u0301, [&hellip;]<\/p>\n","protected":false},"author":82,"featured_media":38377,"comment_status":"open","ping_status":"closed","sticky":false,"template":"","format":"standard","meta":{"footnotes":""},"categories":[21,10],"tags":[43,47,44],"class_list":["post-38379","post","type-post","status-publish","format-standard","has-post-thumbnail","hentry","category-communaute","category-toutes-les-actualites","tag-africa-press-2","tag-africa-press-senegal","tag-senegal-2"],"yoast_head":"<!-- This site is optimized with the Yoast SEO Premium plugin v26.1 (Yoast SEO v27.0) - https:\/\/yoast.com\/product\/yoast-seo-premium-wordpress\/ -->\n<title>S\u00e9n\u00e9gal Num\u00e9rique va sensibiliser les d\u00e9membrements de l\u2019Etat sur ses missions - Senegal<\/title>\n<meta name=\"description\" content=\"La socie\u0301te\u0301 Se\u0301ne\u0301gal Nume\u0301rique, charge\u0301e de mettre en \u0153uvre la politique informatique de l\u2019Etat, va s\u2019atteler a\u0300 la s ...\" \/>\n<meta name=\"robots\" content=\"index, follow, max-snippet:-1, max-image-preview:large, max-video-preview:-1\" \/>\n<link rel=\"canonical\" href=\"https:\/\/www.africa-press.net\/senegal\/toutes-les-actualites\/senegal-numerique-va-sensibiliser-les-demembrements-de-letat-sur-ses-missions\" \/>\n<meta property=\"og:locale\" content=\"fr_FR\" \/>\n<meta property=\"og:type\" content=\"article\" \/>\n<meta property=\"og:title\" content=\"S\u00e9n\u00e9gal Num\u00e9rique va sensibiliser les d\u00e9membrements de l\u2019Etat sur ses missions\" \/>\n<meta property=\"og:description\" content=\"La socie\u0301te\u0301 Se\u0301ne\u0301gal Nume\u0301rique, charge\u0301e de mettre en \u0153uvre la politique informatique de l\u2019Etat, va s\u2019atteler a\u0300 la s ...\" \/>\n<meta property=\"og:url\" content=\"https:\/\/www.africa-press.net\/senegal\/toutes-les-actualites\/senegal-numerique-va-sensibiliser-les-demembrements-de-letat-sur-ses-missions\" \/>\n<meta property=\"og:site_name\" content=\"Senegal\" \/>\n<meta property=\"article:published_time\" content=\"2023-01-21T10:34:48+00:00\" \/>\n<meta property=\"article:modified_time\" content=\"2023-01-21T11:44:43+00:00\" \/>\n<meta property=\"og:image\" content=\"https:\/\/static.africa-press.net\/senegal\/sites\/13\/2023\/01\/postQueueImg_1674286124.00.jpg\" \/>\n\t<meta property=\"og:image:width\" content=\"1620\" \/>\n\t<meta property=\"og:image:height\" content=\"925\" \/>\n\t<meta property=\"og:image:type\" content=\"image\/jpeg\" \/>\n<meta name=\"author\" content=\"cfeditorfr\" \/>\n<meta name=\"twitter:card\" content=\"summary_large_image\" \/>\n<meta name=\"twitter:label1\" content=\"\u00c9crit par\" \/>\n\t<meta name=\"twitter:data1\" content=\"cfeditorfr\" \/>\n\t<meta name=\"twitter:label2\" content=\"Dur\u00e9e de lecture estim\u00e9e\" \/>\n\t<meta name=\"twitter:data2\" content=\"3 minutes\" \/>\n<script type=\"application\/ld+json\" class=\"yoast-schema-graph\">{\"@context\":\"https:\/\/schema.org\",\"@graph\":[{\"@type\":\"Article\",\"@id\":\"https:\/\/www.africa-press.net\/senegal\/toutes-les-actualites\/senegal-numerique-va-sensibiliser-les-demembrements-de-letat-sur-ses-missions#article\",\"isPartOf\":{\"@id\":\"https:\/\/www.africa-press.net\/senegal\/toutes-les-actualites\/senegal-numerique-va-sensibiliser-les-demembrements-de-letat-sur-ses-missions\"},\"author\":{\"name\":\"cfeditorfr\",\"@id\":\"https:\/\/www.africa-press.net\/senegal\/#\/schema\/person\/2b1cf3cd81a31e3cd26889ca66d677f1\"},\"headline\":\"S\u00e9n\u00e9gal Num\u00e9rique va sensibiliser les d\u00e9membrements de l\u2019Etat sur ses missions\",\"datePublished\":\"2023-01-21T10:34:48+00:00\",\"dateModified\":\"2023-01-21T11:44:43+00:00\",\"mainEntityOfPage\":{\"@id\":\"https:\/\/www.africa-press.net\/senegal\/toutes-les-actualites\/senegal-numerique-va-sensibiliser-les-demembrements-de-letat-sur-ses-missions\"},\"wordCount\":528,\"commentCount\":0,\"image\":{\"@id\":\"https:\/\/www.africa-press.net\/senegal\/toutes-les-actualites\/senegal-numerique-va-sensibiliser-les-demembrements-de-letat-sur-ses-missions#primaryimage\"},\"thumbnailUrl\":\"https:\/\/static.africa-press.net\/senegal\/sites\/13\/2023\/01\/postQueueImg_1674286124.00.jpg\",\"keywords\":[\"Africa Press\",\"Africa Press-Senegal\",\"Senegal\"],\"articleSection\":[\"Communaut\u00e9\",\"Toutes les actualit\u00e9s\"],\"inLanguage\":\"fr-FR\",\"potentialAction\":[{\"@type\":\"CommentAction\",\"name\":\"Comment\",\"target\":[\"https:\/\/www.africa-press.net\/senegal\/toutes-les-actualites\/senegal-numerique-va-sensibiliser-les-demembrements-de-letat-sur-ses-missions#respond\"]}]},{\"@type\":\"WebPage\",\"@id\":\"https:\/\/www.africa-press.net\/senegal\/toutes-les-actualites\/senegal-numerique-va-sensibiliser-les-demembrements-de-letat-sur-ses-missions\",\"url\":\"https:\/\/www.africa-press.net\/senegal\/toutes-les-actualites\/senegal-numerique-va-sensibiliser-les-demembrements-de-letat-sur-ses-missions\",\"name\":\"S\u00e9n\u00e9gal Num\u00e9rique va sensibiliser les d\u00e9membrements de l\u2019Etat sur ses missions - Senegal\",\"isPartOf\":{\"@id\":\"https:\/\/www.africa-press.net\/senegal\/#website\"},\"primaryImageOfPage\":{\"@id\":\"https:\/\/www.africa-press.net\/senegal\/toutes-les-actualites\/senegal-numerique-va-sensibiliser-les-demembrements-de-letat-sur-ses-missions#primaryimage\"},\"image\":{\"@id\":\"https:\/\/www.africa-press.net\/senegal\/toutes-les-actualites\/senegal-numerique-va-sensibiliser-les-demembrements-de-letat-sur-ses-missions#primaryimage\"},\"thumbnailUrl\":\"https:\/\/static.africa-press.net\/senegal\/sites\/13\/2023\/01\/postQueueImg_1674286124.00.jpg\",\"datePublished\":\"2023-01-21T10:34:48+00:00\",\"dateModified\":\"2023-01-21T11:44:43+00:00\",\"author\":{\"@id\":\"https:\/\/www.africa-press.net\/senegal\/#\/schema\/person\/2b1cf3cd81a31e3cd26889ca66d677f1\"},\"description\":\"La socie\u0301te\u0301 Se\u0301ne\u0301gal Nume\u0301rique, charge\u0301e de mettre en \u0153uvre la politique informatique de l\u2019Etat, va s\u2019atteler a\u0300 la s ...\",\"breadcrumb\":{\"@id\":\"https:\/\/www.africa-press.net\/senegal\/toutes-les-actualites\/senegal-numerique-va-sensibiliser-les-demembrements-de-letat-sur-ses-missions#breadcrumb\"},\"inLanguage\":\"fr-FR\",\"potentialAction\":[{\"@type\":\"ReadAction\",\"target\":[\"https:\/\/www.africa-press.net\/senegal\/toutes-les-actualites\/senegal-numerique-va-sensibiliser-les-demembrements-de-letat-sur-ses-missions\"]}]},{\"@type\":\"ImageObject\",\"inLanguage\":\"fr-FR\",\"@id\":\"https:\/\/www.africa-press.net\/senegal\/toutes-les-actualites\/senegal-numerique-va-sensibiliser-les-demembrements-de-letat-sur-ses-missions#primaryimage\",\"url\":\"https:\/\/static.africa-press.net\/senegal\/sites\/13\/2023\/01\/postQueueImg_1674286124.00.jpg\",\"contentUrl\":\"https:\/\/static.africa-press.net\/senegal\/sites\/13\/2023\/01\/postQueueImg_1674286124.00.jpg\",\"width\":1620,\"height\":925,\"caption\":\"S\u00e9n\u00e9gal Num\u00e9rique va sensibiliser les d\u00e9membrements de l\u2019Etat sur ses missions\"},{\"@type\":\"BreadcrumbList\",\"@id\":\"https:\/\/www.africa-press.net\/senegal\/toutes-les-actualites\/senegal-numerique-va-sensibiliser-les-demembrements-de-letat-sur-ses-missions#breadcrumb\",\"itemListElement\":[{\"@type\":\"ListItem\",\"position\":1,\"name\":\"Accueil\",\"item\":\"https:\/\/www.africa-press.net\/senegal\/\"},{\"@type\":\"ListItem\",\"position\":2,\"name\":\"S\u00e9n\u00e9gal Num\u00e9rique va sensibiliser les d\u00e9membrements de l\u2019Etat sur ses missions\"}]},{\"@type\":\"WebSite\",\"@id\":\"https:\/\/www.africa-press.net\/senegal\/#website\",\"url\":\"https:\/\/www.africa-press.net\/senegal\/\",\"name\":\"Africa Press | Senegal | Homepage\",\"description\":\"Just another Africa News Agency Sites site\",\"potentialAction\":[{\"@type\":\"SearchAction\",\"target\":{\"@type\":\"EntryPoint\",\"urlTemplate\":\"https:\/\/www.africa-press.net\/senegal\/?s={search_term_string}\"},\"query-input\":{\"@type\":\"PropertyValueSpecification\",\"valueRequired\":true,\"valueName\":\"search_term_string\"}}],\"inLanguage\":\"fr-FR\"},{\"@type\":\"Person\",\"@id\":\"https:\/\/www.africa-press.net\/senegal\/#\/schema\/person\/2b1cf3cd81a31e3cd26889ca66d677f1\",\"name\":\"cfeditorfr\",\"url\":\"https:\/\/www.africa-press.net\/senegal\/author\/cfeditorfr\"}]}<\/script>\n<!-- \/ Yoast SEO Premium plugin. -->","yoast_head_json":{"title":"S\u00e9n\u00e9gal Num\u00e9rique va sensibiliser les d\u00e9membrements de l\u2019Etat sur ses missions - Senegal","description":"La socie\u0301te\u0301 Se\u0301ne\u0301gal Nume\u0301rique, charge\u0301e de mettre en \u0153uvre la politique informatique de l\u2019Etat, va s\u2019atteler a\u0300 la s ...","robots":{"index":"index","follow":"follow","max-snippet":"max-snippet:-1","max-image-preview":"max-image-preview:large","max-video-preview":"max-video-preview:-1"},"canonical":"https:\/\/www.africa-press.net\/senegal\/toutes-les-actualites\/senegal-numerique-va-sensibiliser-les-demembrements-de-letat-sur-ses-missions","og_locale":"fr_FR","og_type":"article","og_title":"S\u00e9n\u00e9gal Num\u00e9rique va sensibiliser les d\u00e9membrements de l\u2019Etat sur ses missions","og_description":"La socie\u0301te\u0301 Se\u0301ne\u0301gal Nume\u0301rique, charge\u0301e de mettre en \u0153uvre la politique informatique de l\u2019Etat, va s\u2019atteler a\u0300 la s ...","og_url":"https:\/\/www.africa-press.net\/senegal\/toutes-les-actualites\/senegal-numerique-va-sensibiliser-les-demembrements-de-letat-sur-ses-missions","og_site_name":"Senegal","article_published_time":"2023-01-21T10:34:48+00:00","article_modified_time":"2023-01-21T11:44:43+00:00","og_image":[{"width":1620,"height":925,"url":"https:\/\/static.africa-press.net\/senegal\/sites\/13\/2023\/01\/postQueueImg_1674286124.00.jpg","type":"image\/jpeg"}],"author":"cfeditorfr","twitter_card":"summary_large_image","twitter_misc":{"\u00c9crit par":"cfeditorfr","Dur\u00e9e de lecture estim\u00e9e":"3 minutes"},"schema":{"@context":"https:\/\/schema.org","@graph":[{"@type":"Article","@id":"https:\/\/www.africa-press.net\/senegal\/toutes-les-actualites\/senegal-numerique-va-sensibiliser-les-demembrements-de-letat-sur-ses-missions#article","isPartOf":{"@id":"https:\/\/www.africa-press.net\/senegal\/toutes-les-actualites\/senegal-numerique-va-sensibiliser-les-demembrements-de-letat-sur-ses-missions"},"author":{"name":"cfeditorfr","@id":"https:\/\/www.africa-press.net\/senegal\/#\/schema\/person\/2b1cf3cd81a31e3cd26889ca66d677f1"},"headline":"S\u00e9n\u00e9gal Num\u00e9rique va sensibiliser les d\u00e9membrements de l\u2019Etat sur ses missions","datePublished":"2023-01-21T10:34:48+00:00","dateModified":"2023-01-21T11:44:43+00:00","mainEntityOfPage":{"@id":"https:\/\/www.africa-press.net\/senegal\/toutes-les-actualites\/senegal-numerique-va-sensibiliser-les-demembrements-de-letat-sur-ses-missions"},"wordCount":528,"commentCount":0,"image":{"@id":"https:\/\/www.africa-press.net\/senegal\/toutes-les-actualites\/senegal-numerique-va-sensibiliser-les-demembrements-de-letat-sur-ses-missions#primaryimage"},"thumbnailUrl":"https:\/\/static.africa-press.net\/senegal\/sites\/13\/2023\/01\/postQueueImg_1674286124.00.jpg","keywords":["Africa Press","Africa Press-Senegal","Senegal"],"articleSection":["Communaut\u00e9","Toutes les actualit\u00e9s"],"inLanguage":"fr-FR","potentialAction":[{"@type":"CommentAction","name":"Comment","target":["https:\/\/www.africa-press.net\/senegal\/toutes-les-actualites\/senegal-numerique-va-sensibiliser-les-demembrements-de-letat-sur-ses-missions#respond"]}]},{"@type":"WebPage","@id":"https:\/\/www.africa-press.net\/senegal\/toutes-les-actualites\/senegal-numerique-va-sensibiliser-les-demembrements-de-letat-sur-ses-missions","url":"https:\/\/www.africa-press.net\/senegal\/toutes-les-actualites\/senegal-numerique-va-sensibiliser-les-demembrements-de-letat-sur-ses-missions","name":"S\u00e9n\u00e9gal Num\u00e9rique va sensibiliser les d\u00e9membrements de l\u2019Etat sur ses missions - Senegal","isPartOf":{"@id":"https:\/\/www.africa-press.net\/senegal\/#website"},"primaryImageOfPage":{"@id":"https:\/\/www.africa-press.net\/senegal\/toutes-les-actualites\/senegal-numerique-va-sensibiliser-les-demembrements-de-letat-sur-ses-missions#primaryimage"},"image":{"@id":"https:\/\/www.africa-press.net\/senegal\/toutes-les-actualites\/senegal-numerique-va-sensibiliser-les-demembrements-de-letat-sur-ses-missions#primaryimage"},"thumbnailUrl":"https:\/\/static.africa-press.net\/senegal\/sites\/13\/2023\/01\/postQueueImg_1674286124.00.jpg","datePublished":"2023-01-21T10:34:48+00:00","dateModified":"2023-01-21T11:44:43+00:00","author":{"@id":"https:\/\/www.africa-press.net\/senegal\/#\/schema\/person\/2b1cf3cd81a31e3cd26889ca66d677f1"},"description":"La socie\u0301te\u0301 Se\u0301ne\u0301gal Nume\u0301rique, charge\u0301e de mettre en \u0153uvre la politique informatique de l\u2019Etat, va s\u2019atteler a\u0300 la s ...","breadcrumb":{"@id":"https:\/\/www.africa-press.net\/senegal\/toutes-les-actualites\/senegal-numerique-va-sensibiliser-les-demembrements-de-letat-sur-ses-missions#breadcrumb"},"inLanguage":"fr-FR","potentialAction":[{"@type":"ReadAction","target":["https:\/\/www.africa-press.net\/senegal\/toutes-les-actualites\/senegal-numerique-va-sensibiliser-les-demembrements-de-letat-sur-ses-missions"]}]},{"@type":"ImageObject","inLanguage":"fr-FR","@id":"https:\/\/www.africa-press.net\/senegal\/toutes-les-actualites\/senegal-numerique-va-sensibiliser-les-demembrements-de-letat-sur-ses-missions#primaryimage","url":"https:\/\/static.africa-press.net\/senegal\/sites\/13\/2023\/01\/postQueueImg_1674286124.00.jpg","contentUrl":"https:\/\/static.africa-press.net\/senegal\/sites\/13\/2023\/01\/postQueueImg_1674286124.00.jpg","width":1620,"height":925,"caption":"S\u00e9n\u00e9gal Num\u00e9rique va sensibiliser les d\u00e9membrements de l\u2019Etat sur ses missions"},{"@type":"BreadcrumbList","@id":"https:\/\/www.africa-press.net\/senegal\/toutes-les-actualites\/senegal-numerique-va-sensibiliser-les-demembrements-de-letat-sur-ses-missions#breadcrumb","itemListElement":[{"@type":"ListItem","position":1,"name":"Accueil","item":"https:\/\/www.africa-press.net\/senegal\/"},{"@type":"ListItem","position":2,"name":"S\u00e9n\u00e9gal Num\u00e9rique va sensibiliser les d\u00e9membrements de l\u2019Etat sur ses missions"}]},{"@type":"WebSite","@id":"https:\/\/www.africa-press.net\/senegal\/#website","url":"https:\/\/www.africa-press.net\/senegal\/","name":"Africa Press | Senegal | Homepage","description":"Just another Africa News Agency Sites site","potentialAction":[{"@type":"SearchAction","target":{"@type":"EntryPoint","urlTemplate":"https:\/\/www.africa-press.net\/senegal\/?s={search_term_string}"},"query-input":{"@type":"PropertyValueSpecification","valueRequired":true,"valueName":"search_term_string"}}],"inLanguage":"fr-FR"},{"@type":"Person","@id":"https:\/\/www.africa-press.net\/senegal\/#\/schema\/person\/2b1cf3cd81a31e3cd26889ca66d677f1","name":"cfeditorfr","url":"https:\/\/www.africa-press.net\/senegal\/author\/cfeditorfr"}]}},"_links":{"self":[{"href":"https:\/\/www.africa-press.net\/senegal\/wp-json\/wp\/v2\/posts\/38379","targetHints":{"allow":["GET"]}}],"collection":[{"href":"https:\/\/www.africa-press.net\/senegal\/wp-json\/wp\/v2\/posts"}],"about":[{"href":"https:\/\/www.africa-press.net\/senegal\/wp-json\/wp\/v2\/types\/post"}],"author":[{"embeddable":true,"href":"https:\/\/www.africa-press.net\/senegal\/wp-json\/wp\/v2\/users\/82"}],"replies":[{"embeddable":true,"href":"https:\/\/www.africa-press.net\/senegal\/wp-json\/wp\/v2\/comments?post=38379"}],"version-history":[{"count":0,"href":"https:\/\/www.africa-press.net\/senegal\/wp-json\/wp\/v2\/posts\/38379\/revisions"}],"wp:featuredmedia":[{"embeddable":true,"href":"https:\/\/www.africa-press.net\/senegal\/wp-json\/wp\/v2\/media\/38377"}],"wp:attachment":[{"href":"https:\/\/www.africa-press.net\/senegal\/wp-json\/wp\/v2\/media?parent=38379"}],"wp:term":[{"taxonomy":"category","embeddable":true,"href":"https:\/\/www.africa-press.net\/senegal\/wp-json\/wp\/v2\/categories?post=38379"},{"taxonomy":"post_tag","embeddable":true,"href":"https:\/\/www.africa-press.net\/senegal\/wp-json\/wp\/v2\/tags?post=38379"}],"curies":[{"name":"wp","href":"https:\/\/api.w.org\/{rel}","templated":true}]}}